{"id":34614,"date":"2025-11-30T00:27:15","date_gmt":"2025-11-30T03:27:15","guid":{"rendered":"http:\/\/revistavitrineibiuna.com.br\/?p=34614"},"modified":"2025-11-30T09:05:29","modified_gmt":"2025-11-30T12:05:29","slug":"ibiuna-semeadoras-do-agro-defendem-protagonismo-da-mulher-no-campo","status":"publish","type":"post","link":"https:\/\/revistavitrineibiuna.com.br\/?p=34614","title":{"rendered":"IBI\u00daNA \u2013 SEMEADORAS DO AGRO DEFENDEM PROTAGONISMO DA MULHER NO CAMPO"},"content":{"rendered":"\n<p class=\"has-drop-cap\"><strong>Na \u00faltima semana realizou-se um encontro de mulheres produtoras e trabalhadoras na agricultura no munic\u00edpio de Ibi\u00fana, promovido pela Faesp, Senar, Sebrae e Sindicato Rural de Ibi\u00fana, no sal\u00e3o da Casa Maria de Nazar\u00e9, no centro da cidade.<\/strong><\/p>\n\n\n\n<p><strong>Coube \u00e0 Dra. Juliana Farah, presidente da Comiss\u00e3o Semeadoras do Agro, da Federa\u00e7\u00e3o da Agricultura e Pecu\u00e1ria do Estado de S\u00e3o Paulo, esclarecer os esfor\u00e7os que v\u00eam sendo feitos em defesa do protagonismo feminino no empreendedorismo no agro.<\/strong><\/p>\n\n\n\n<p><strong>PROTAGONISMO<\/strong><\/p>\n\n\n\n<p><strong>Sua palestra abordou o tema \u201cProtagonismo Feminino \u2013 Do empreendedorismo ao acesso ao cr\u00e9dito no campo\u201d. Ela explicou que o objetivo da Comiss\u00e3o \u201c\u00e9 trazer a mulher do campo para a visibilidade dos sindicatos rurais, que os sindicatos rurais [ela \u00e9 presidente do Sindicato Rural de Mineiros do Tiet\u00ea, no\u00a0 interior paulista] s\u00e3o o lugar tamb\u00e9m da mulher, n\u00e3o s\u00f3 dos homens\u201d.<\/strong><\/p>\n\n\n\n<p><strong>Segundo Farah, \u201ca mulher sempre esteve no campo, muitas vezes gerindo a propriedade, a lavoura, mas na invisibilidade\u201d, isto porque \u201cningu\u00e9m d\u00e1 voz para \u00e0s mulheres, n\u00e3o ouvem as mulheres\u201d e, por isso, \u201celas t\u00eam dificuldades, por exemplo, de ter acesso a linhas de cr\u00e9dito, simplesmente por serem mulheres\u201d.<\/strong><\/p>\n\n\n\n<p><strong>\u201cN\u00f3s n\u00e3o queremos mostrar que a mulher est\u00e1 no lugar do homem, mas estar ao lado, podendo contar com as ferramentas, tudo que a gente tem de tecnologia e inova\u00e7\u00e3o e que ela pode, sim, mudar seu dia a dia no campo.\u201d<\/strong><\/p>\n\n\n\n<figure class=\"wp-block-image size-large\"><img loading=\"lazy\" width=\"1024\" height=\"581\" src=\"http:\/\/revistavitrineibiuna.com.br\/wp-content\/uploads\/2025\/11\/protagonismo-feminino-5-1024x581.png\" alt=\"\" class=\"wp-image-34618\" srcset=\"https:\/\/revistavitrineibiuna.com.br\/wp-content\/uploads\/2025\/11\/protagonismo-feminino-5-1024x581.png 1024w, https:\/\/revistavitrineibiuna.com.br\/wp-content\/uploads\/2025\/11\/protagonismo-feminino-5-300x170.png 300w, https:\/\/revistavitrineibiuna.com.br\/wp-content\/uploads\/2025\/11\/protagonismo-feminino-5-768x436.png 768w, https:\/\/revistavitrineibiuna.com.br\/wp-content\/uploads\/2025\/11\/protagonismo-feminino-5-1536x872.png 1536w, https:\/\/revistavitrineibiuna.com.br\/wp-content\/uploads\/2025\/11\/protagonismo-feminino-5.png 1540w\" sizes=\"(max-width: 1024px) 100vw, 1024px\" \/><\/figure>\n\n\n\n<p><strong>\u201cNosso trabalho come\u00e7ou pequeninho e o que mais me emociona, nesses quatro anos, \u00e9 ver que \u201cmuitas mulheres, que come\u00e7aram a acreditar nelas, que come\u00e7aram a transformar suas vidas, muitas vezes n\u00e3o viam a luz no fim do t\u00fanel. Hoje elas v\u00eam participando dos cursos dos sindicatos rurais, elas v\u00eam se capacitando e abrindo seus pr\u00f3prios neg\u00f3cios\u201d.<\/strong><\/p>\n\n\n\n<p><strong>\u201cE isso \u00e9 muito bonito \u2013 assinalou Farah \u2013 porque s\u00e3o vidas e a nossa miss\u00e3o \u00e9 fazer elas serem protagonistas da pr\u00f3pria vida.\u201d<\/strong><\/p>\n\n\n\n<figure class=\"wp-block-image size-large\"><img loading=\"lazy\" width=\"1024\" height=\"668\" src=\"http:\/\/revistavitrineibiuna.com.br\/wp-content\/uploads\/2025\/11\/protagonismo-feminino-2-1024x668.png\" alt=\"\" class=\"wp-image-34619\" srcset=\"https:\/\/revistavitrineibiuna.com.br\/wp-content\/uploads\/2025\/11\/protagonismo-feminino-2-1024x668.png 1024w, https:\/\/revistavitrineibiuna.com.br\/wp-content\/uploads\/2025\/11\/protagonismo-feminino-2-300x196.png 300w, https:\/\/revistavitrineibiuna.com.br\/wp-content\/uploads\/2025\/11\/protagonismo-feminino-2-768x501.png 768w, https:\/\/revistavitrineibiuna.com.br\/wp-content\/uploads\/2025\/11\/protagonismo-feminino-2-1536x1002.png 1536w, https:\/\/revistavitrineibiuna.com.br\/wp-content\/uploads\/2025\/11\/protagonismo-feminino-2.png 1563w\" sizes=\"(max-width: 1024px) 100vw, 1024px\" \/><figcaption>Sandra, Olga, Katia, Cintia, Sandra Lima, In\u00eas<\/figcaption><\/figure>\n\n\n\n<p><strong>SA\u00daDE NO CAMPO<\/strong><\/p>\n\n\n\n<p><strong>Nesse contexto a mulher n\u00e3o \u00e9 vista apenas como empreendedora capaz de gerir o pr\u00f3prio neg\u00f3cio, mas a preocupa\u00e7\u00e3o dos sindicatos rurais \u00e9 tamb\u00e9m com sua sa\u00fade.<\/strong><\/p>\n\n\n\n<p><strong>H\u00e1 dois anos foi lan\u00e7ado um projeto pelo Senar promovendo a sa\u00fade da mulher no campo, chamado \u201cSemear \u00e9 cuidar\u201d, que garante a realiza\u00e7\u00e3o anual de mamografia em cl\u00ednicas particulares, realiza\u00e7\u00e3o de exames complementares, em parceria com a ONG \u201cOrienta a vida\u201d.<\/strong><\/p>\n\n\n\n<p><strong>Mais de 7.000 mulheres foram atendidas em 2025. Este ano, anunciou, foi inclu\u00eddo o exame de colo de \u00fatero e neste m\u00eas haver\u00e1 inclus\u00e3o do servi\u00e7o de preven\u00e7\u00e3o de c\u00e2ncer de pele.<\/strong><\/p>\n\n\n\n<p><strong>A palestrante, em entrevista a TVUNA e vitrine online, indicou o endere\u00e7o @semeadorasdoagro para todas interessadas em obter mais informa\u00e7\u00f5es e orienta\u00e7\u00f5es.<\/strong><\/p>\n\n\n\n<figure class=\"wp-block-image size-large\"><img loading=\"lazy\" width=\"720\" height=\"498\" src=\"http:\/\/revistavitrineibiuna.com.br\/wp-content\/uploads\/2025\/11\/protgonismo-feminino-3.png\" alt=\"\" class=\"wp-image-34622\" srcset=\"https:\/\/revistavitrineibiuna.com.br\/wp-content\/uploads\/2025\/11\/protgonismo-feminino-3.png 720w, https:\/\/revistavitrineibiuna.com.br\/wp-content\/uploads\/2025\/11\/protgonismo-feminino-3-300x208.png 300w, https:\/\/revistavitrineibiuna.com.br\/wp-content\/uploads\/2025\/11\/protgonismo-feminino-3-392x272.png 392w, https:\/\/revistavitrineibiuna.com.br\/wp-content\/uploads\/2025\/11\/protgonismo-feminino-3-130x90.png 130w\" sizes=\"(max-width: 720px) 100vw, 720px\" \/><\/figure>\n\n\n\n<figure class=\"wp-block-image size-large\"><img loading=\"lazy\" width=\"638\" height=\"473\" src=\"http:\/\/revistavitrineibiuna.com.br\/wp-content\/uploads\/2025\/11\/protagonismo-feminino-3.png\" alt=\"\" class=\"wp-image-34623\" srcset=\"https:\/\/revistavitrineibiuna.com.br\/wp-content\/uploads\/2025\/11\/protagonismo-feminino-3.png 638w, https:\/\/revistavitrineibiuna.com.br\/wp-content\/uploads\/2025\/11\/protagonismo-feminino-3-300x222.png 300w\" sizes=\"(max-width: 638px) 100vw, 638px\" \/><\/figure>\n\n\n\n<p><strong>PARTICIPANTES<\/strong><\/p>\n\n\n\n<p><strong>Al\u00e9m de dezenas de mulheres convidadas para o evento, tamb\u00e9m participaram o presidente do Sindicato Rural de Ibi\u00fana, Maur\u00edcio Tachibana; o coordenador dos cursos do Senar, Ant\u00f4nio Cust\u00f3dio, e Alexandre Martins, gerente do Sebrae Sorocaba.<\/strong><\/p>\n\n\n\n<p><strong>A Dra. Maria L\u00facia Ferreira, integrante da Comiss\u00e3o Semeadoras do Agro, falou sobre as a\u00e7\u00f5es da Faesp em prol da mulheres do campo. \u201cAmar e se cuidar \u2013 Preven\u00e7\u00e3o ao C\u00e2ncer de Mama\u201d foi o tema do Momento Sa\u00fade. Houve tamb\u00e9m o Momento Sebrae a cargo da analista de neg\u00f3cios da institui\u00e7\u00e3o, Karen Alves Ajala.<\/strong><\/p>\n\n\n\n<p><strong>CONHE\u00c7A AS SIGLAS<\/strong><\/p>\n\n\n\n<p><strong>Faesp \u2013 Federa\u00e7\u00e3o da Agricultura e Pecu\u00e1ria&nbsp; do Estao de S\u00e3o Paulo<\/strong><\/p>\n\n\n\n<p><strong>Senar \u2013 Servi\u00e7o Nacional de Aprendizagem Rural<\/strong><\/p>\n\n\n\n<p><strong>Sebrae \u2013 Servi\u00e7o Brasileiro de Apoio a Micro e Pequenas Empresas<\/strong><\/p>\n\n\n\n<p><strong>EVENTO<\/strong><\/p>\n\n\n\n<p><strong>Esse evento foi realizado no dia 25.11<\/strong><\/p>\n","protected":false},"excerpt":{"rendered":"<p>Na \u00faltima semana realizou-se um encontro de mulheres produtoras e trabalhadoras na agricultura no munic\u00edpio de Ibi\u00fana, promovido pela Faesp,<\/p>\n","protected":false},"author":1,"featured_media":34615,"comment_status":"open","ping_status":"open","sticky":false,"template":"","format":"standard","meta":[],"categories":[3],"tags":[],"yoast_head":"<!-- This site is optimized with the Yoast SEO plugin v15.8 - https:\/\/yoast.com\/wordpress\/plugins\/seo\/ -->\n<title>IBI\u00daNA \u2013 SEMEADORAS DO AGRO DEFENDEM PROTAGONISMO DA MULHER NO CAMPO - Revista Vitrine Online<\/title>\n<meta name=\"robots\" content=\"index, follow, max-snippet:-1, max-image-preview:large, max-video-preview:-1\" \/>\n<link rel=\"canonical\" href=\"http:\/\/revistavitrineibiuna.com.br\/?p=34614\" \/>\n<meta property=\"og:locale\" content=\"pt_BR\" \/>\n<meta property=\"og:type\" content=\"article\" \/>\n<meta property=\"og:title\" content=\"IBI\u00daNA \u2013 SEMEADORAS DO AGRO DEFENDEM PROTAGONISMO DA MULHER NO CAMPO - Revista Vitrine Online\" \/>\n<meta property=\"og:description\" content=\"Na \u00faltima semana realizou-se um encontro de mulheres produtoras e trabalhadoras na agricultura no munic\u00edpio de Ibi\u00fana, promovido pela Faesp,\" \/>\n<meta property=\"og:url\" content=\"http:\/\/revistavitrineibiuna.com.br\/?p=34614\" \/>\n<meta property=\"og:site_name\" content=\"Revista Vitrine Online\" \/>\n<meta property=\"article:published_time\" content=\"2025-11-30T03:27:15+00:00\" \/>\n<meta property=\"article:modified_time\" content=\"2025-11-30T12:05:29+00:00\" \/>\n<meta property=\"og:image\" content=\"https:\/\/revistavitrineibiuna.com.br\/wp-content\/uploads\/2025\/11\/Protagonismo-feminino-1.png\" \/>\n\t<meta property=\"og:image:width\" content=\"823\" \/>\n\t<meta property=\"og:image:height\" content=\"502\" \/>\n<meta name=\"twitter:card\" content=\"summary\" \/>\n<meta name=\"twitter:label1\" content=\"Est. reading time\">\n\t<meta name=\"twitter:data1\" content=\"4 minutos\">\n<script type=\"application\/ld+json\" class=\"yoast-schema-graph\">{\"@context\":\"https:\/\/schema.org\",\"@graph\":[{\"@type\":\"WebSite\",\"@id\":\"https:\/\/revistavitrineibiuna.com.br\/#website\",\"url\":\"https:\/\/revistavitrineibiuna.com.br\/\",\"name\":\"Revista Vitrine Ibi\\u00fana\",\"description\":\"A Revista de Ibi\\u00fana e Regi\\u00e3o\",\"publisher\":{\"@id\":\"https:\/\/revistavitrineibiuna.com.br\/#\/schema\/person\/e51ef49d6d88170ea21ceabff3f73deb\"},\"potentialAction\":[{\"@type\":\"SearchAction\",\"target\":\"https:\/\/revistavitrineibiuna.com.br\/?s={search_term_string}\",\"query-input\":\"required name=search_term_string\"}],\"inLanguage\":\"pt-BR\"},{\"@type\":\"ImageObject\",\"@id\":\"http:\/\/revistavitrineibiuna.com.br\/?p=34614#primaryimage\",\"inLanguage\":\"pt-BR\",\"url\":\"https:\/\/revistavitrineibiuna.com.br\/wp-content\/uploads\/2025\/11\/Protagonismo-feminino-1.png\",\"width\":823,\"height\":502},{\"@type\":\"WebPage\",\"@id\":\"http:\/\/revistavitrineibiuna.com.br\/?p=34614#webpage\",\"url\":\"http:\/\/revistavitrineibiuna.com.br\/?p=34614\",\"name\":\"IBI\\u00daNA \\u2013 SEMEADORAS DO AGRO DEFENDEM PROTAGONISMO DA MULHER NO CAMPO - Revista Vitrine Online\",\"isPartOf\":{\"@id\":\"https:\/\/revistavitrineibiuna.com.br\/#website\"},\"primaryImageOfPage\":{\"@id\":\"http:\/\/revistavitrineibiuna.com.br\/?p=34614#primaryimage\"},\"datePublished\":\"2025-11-30T03:27:15+00:00\",\"dateModified\":\"2025-11-30T12:05:29+00:00\",\"breadcrumb\":{\"@id\":\"http:\/\/revistavitrineibiuna.com.br\/?p=34614#breadcrumb\"},\"inLanguage\":\"pt-BR\",\"potentialAction\":[{\"@type\":\"ReadAction\",\"target\":[\"http:\/\/revistavitrineibiuna.com.br\/?p=34614\"]}]},{\"@type\":\"BreadcrumbList\",\"@id\":\"http:\/\/revistavitrineibiuna.com.br\/?p=34614#breadcrumb\",\"itemListElement\":[{\"@type\":\"ListItem\",\"position\":1,\"item\":{\"@type\":\"WebPage\",\"@id\":\"https:\/\/revistavitrineibiuna.com.br\/\",\"url\":\"https:\/\/revistavitrineibiuna.com.br\/\",\"name\":\"In\\u00edcio\"}},{\"@type\":\"ListItem\",\"position\":2,\"item\":{\"@type\":\"WebPage\",\"@id\":\"http:\/\/revistavitrineibiuna.com.br\/?p=34614\",\"url\":\"http:\/\/revistavitrineibiuna.com.br\/?p=34614\",\"name\":\"IBI\\u00daNA \\u2013 SEMEADORAS DO AGRO DEFENDEM PROTAGONISMO DA MULHER NO CAMPO\"}}]},{\"@type\":\"Article\",\"@id\":\"http:\/\/revistavitrineibiuna.com.br\/?p=34614#article\",\"isPartOf\":{\"@id\":\"http:\/\/revistavitrineibiuna.com.br\/?p=34614#webpage\"},\"author\":{\"@id\":\"https:\/\/revistavitrineibiuna.com.br\/#\/schema\/person\/e51ef49d6d88170ea21ceabff3f73deb\"},\"headline\":\"IBI\\u00daNA \\u2013 SEMEADORAS DO AGRO DEFENDEM PROTAGONISMO DA MULHER NO CAMPO\",\"datePublished\":\"2025-11-30T03:27:15+00:00\",\"dateModified\":\"2025-11-30T12:05:29+00:00\",\"mainEntityOfPage\":{\"@id\":\"http:\/\/revistavitrineibiuna.com.br\/?p=34614#webpage\"},\"commentCount\":0,\"publisher\":{\"@id\":\"https:\/\/revistavitrineibiuna.com.br\/#\/schema\/person\/e51ef49d6d88170ea21ceabff3f73deb\"},\"image\":{\"@id\":\"http:\/\/revistavitrineibiuna.com.br\/?p=34614#primaryimage\"},\"articleSection\":\"Not\\u00edcias\",\"inLanguage\":\"pt-BR\",\"potentialAction\":[{\"@type\":\"CommentAction\",\"name\":\"Comment\",\"target\":[\"http:\/\/revistavitrineibiuna.com.br\/?p=34614#respond\"]}]},{\"@type\":[\"Person\",\"Organization\"],\"@id\":\"https:\/\/revistavitrineibiuna.com.br\/#\/schema\/person\/e51ef49d6d88170ea21ceabff3f73deb\",\"name\":\"Carlos Rossini\",\"image\":{\"@type\":\"ImageObject\",\"@id\":\"https:\/\/revistavitrineibiuna.com.br\/#personlogo\",\"inLanguage\":\"pt-BR\",\"url\":\"https:\/\/secure.gravatar.com\/avatar\/4f2d0f99fac1f85c7d643f21f5c8d900?s=96&d=mm&r=g\",\"caption\":\"Carlos Rossini\"},\"logo\":{\"@id\":\"https:\/\/revistavitrineibiuna.com.br\/#personlogo\"},\"description\":\"Carlos Rossini \\u00e9 jornalista, soci\\u00f3logo, escritor e professor universit\\u00e1rio, tendo sido professor de jornalismo por vinte anos. Trabalhou em ve\\u00edculos de comunica\\u00e7\\u00e3o nas fun\\u00e7\\u00f5es de rep\\u00f3rter, redator, editor, articulista e colaborador, como Folha de S. Paulo, O Estado de S. Paulo, Di\\u00e1rio Popular, entre outros. Ao transferir a revista vitrine, vers\\u00e3o imprensa, de S\\u00e3o Paulo para Ibi\\u00fana h\\u00e1 alguns anos, iniciou uma nova experi\\u00eancia profissional, dedicando-se ao jornalismo regional, depois de cumprir uma trajet\\u00f3ria bem-sucedida na grande imprensa brasileira. Seu primeiro livro A Coragem de Comunicar foi lan\\u00e7ado na Bienal do Livro em S\\u00e3o Paulo no ano 2000, pela editora Madras.\"}]}<\/script>\n<!-- \/ Yoast SEO plugin. -->","_links":{"self":[{"href":"https:\/\/revistavitrineibiuna.com.br\/index.php?rest_route=\/wp\/v2\/posts\/34614"}],"collection":[{"href":"https:\/\/revistavitrineibiuna.com.br\/index.php?rest_route=\/wp\/v2\/posts"}],"about":[{"href":"https:\/\/revistavitrineibiuna.com.br\/index.php?rest_route=\/wp\/v2\/types\/post"}],"author":[{"embeddable":true,"href":"https:\/\/revistavitrineibiuna.com.br\/index.php?rest_route=\/wp\/v2\/users\/1"}],"replies":[{"embeddable":true,"href":"https:\/\/revistavitrineibiuna.com.br\/index.php?rest_route=%2Fwp%2Fv2%2Fcomments&post=34614"}],"version-history":[{"count":11,"href":"https:\/\/revistavitrineibiuna.com.br\/index.php?rest_route=\/wp\/v2\/posts\/34614\/revisions"}],"predecessor-version":[{"id":34634,"href":"https:\/\/revistavitrineibiuna.com.br\/index.php?rest_route=\/wp\/v2\/posts\/34614\/revisions\/34634"}],"wp:featuredmedia":[{"embeddable":true,"href":"https:\/\/revistavitrineibiuna.com.br\/index.php?rest_route=\/wp\/v2\/media\/34615"}],"wp:attachment":[{"href":"https:\/\/revistavitrineibiuna.com.br\/index.php?rest_route=%2Fwp%2Fv2%2Fmedia&parent=34614"}],"wp:term":[{"taxonomy":"category","embeddable":true,"href":"https:\/\/revistavitrineibiuna.com.br\/index.php?rest_route=%2Fwp%2Fv2%2Fcategories&post=34614"},{"taxonomy":"post_tag","embeddable":true,"href":"https:\/\/revistavitrineibiuna.com.br\/index.php?rest_route=%2Fwp%2Fv2%2Ftags&post=34614"}],"curies":[{"name":"wp","href":"https:\/\/api.w.org\/{rel}","templated":true}]}}