{"id":34635,"date":"2025-12-02T19:54:46","date_gmt":"2025-12-02T22:54:46","guid":{"rendered":"http:\/\/revistavitrineibiuna.com.br\/?p=34635"},"modified":"2025-12-02T22:14:04","modified_gmt":"2025-12-03T01:14:04","slug":"ibiuna-a-pratica-do-jornalismo-pluralista-na-tvuna-e-vitrine-online","status":"publish","type":"post","link":"https:\/\/revistavitrineibiuna.com.br\/?p=34635","title":{"rendered":"IBI\u00daNA \u2013 A PR\u00c1TICA DO JORNALISMO PLURALISTA NA TVUNA E VITRINE ONLINE"},"content":{"rendered":"\n<p class=\"has-drop-cap\"><strong>A pr\u00e1tica do jornalismo pluralista, seguida pela TVUNA e vitrine online, distante e isenta das famigeradas fake news e sensacionalismos, d\u00e1 mais trabalho, exige mais cuidado, mas, no entanto, enriquece o perfil dos telespectadores e leitores.<\/strong><\/p>\n\n\n\n<p><strong>Por isso mesmo h\u00e1 sempre uma intera\u00e7\u00e3o qualificada com o p\u00fablico e \u00e9 gratificante contabilizar 160 ou 200 mil visualiza\u00e7\u00f5es mensais, dependendo dos conte\u00fados das not\u00edcias.<\/strong><\/p>\n\n\n\n<p><strong>Houve um caso viral em que as visualiza\u00e7\u00f5es ultrapassaram 2,5 milh\u00f5es, mas isso foi um reflexo imponder\u00e1vel.<\/strong><\/p>\n\n\n\n<p><strong>Agora vamos ao tema deste artigo especial. &nbsp;&nbsp;<\/strong><\/p>\n\n\n\n<p><strong>A COBERTURA feita pela TVUNA e vitrine online da audi\u00eancia p\u00fablica do novo projeto de lei contra a importuna\u00e7\u00e3o do sossego debatido na C\u00e2mara Municipal no dia 26 de novembro foi um marco no exerc\u00edcio do jornalismo pluralista em Ibi\u00fana.<\/strong><\/p>\n\n\n\n<p><strong>Se vitrine online, que completa 13 anos de exist\u00eancia no munic\u00edpio, reportou para a opini\u00e3o p\u00fablica o evento que atraiu ao plen\u00e1rio pelo menos uma centena de pessoas, a TVUNA expos a diversidade de pontos de vista sobre o fen\u00f4meno que vem gerando s\u00e9rios transtornos \u00e0 popula\u00e7\u00e3o. &nbsp;<\/strong><\/p>\n\n\n\n<p><strong>PERTURBA\u00c7\u00c3O SONORA<\/strong><\/p>\n\n\n\n<p><strong>A exposi\u00e7\u00e3o das autoridades e dos cidad\u00e3os revelou um cen\u00e1rio de unanimidade: \u00e9 preciso p\u00f4r um basta nos abusos sonoros que atormentam a paz e o sossego no vasto territ\u00f3rio municipal, com dezenas de bairros.<\/strong><\/p>\n\n\n\n<p><strong>O propositor do projeto, vereador Lucas Pires, teceu um argumento consider\u00e1vel. Segundo ele, a legisla\u00e7\u00e3o em vigor precisa ser substitu\u00edda por outra mais eficaz na conten\u00e7\u00e3o dos ru\u00eddos excessivos que se ouvem principalmente nos fins de semana e desafiam as autoridades que atuam na seguran\u00e7a p\u00fablica em Ibi\u00fana.<\/strong><\/p>\n\n\n\n<p><strong>REPERCUSS\u00c3O<\/strong><\/p>\n\n\n\n<p><strong>Ao expor as manifesta\u00e7\u00f5es dos participantes, a TVUNA permitiu not\u00e1vel repercuss\u00e3o entre dezenas de milhares de pessoas que puderam tomar conhecimento do conte\u00fado da audi\u00eancia. Igualmente, puderam se manifestar por meio de coment\u00e1rios, com rar\u00edssima exce\u00e7\u00e3o, tachando o tema como motivo de real preocupa\u00e7\u00e3o.<\/strong><\/p>\n\n\n\n<p><strong>Houve alguns que confessaram temor de amea\u00e7as e intimida\u00e7\u00f5es dos infratores e outros que passaram a sofrer dist\u00farbios ps\u00edquicos decorrentes do barulho ensurdecedor durante a noite toda. Disseram que at\u00e9 pets sofrem com isso.<\/strong><\/p>\n\n\n\n<p><strong>Houve, ainda, quem defendesse a realiza\u00e7\u00e3o de reuni\u00f5es barulhentas, como liberdade das pessoas se reunirem e se divertirem, o que levantou a quest\u00e3o dos limites jur\u00eddicos na consagrada frase: \u201cO seu direito termina onde come\u00e7a o do outro\u201d.<\/strong><\/p>\n\n\n\n<p><strong>CONSCI\u00caNCIA COLETIVA<\/strong><\/p>\n\n\n\n<p><strong>Ainda que o tamanho e a complexidade do problema sejam maiores do que a real possibilidade de sua conten\u00e7\u00e3o efetiva, no m\u00ednimo a audi\u00eancia promoveu uma consci\u00eancia coletiva e abriu as portas para a cria\u00e7\u00e3o de uma lei que consiga superar os&nbsp; limites que impedem atualmente uma a\u00e7\u00e3o que produza resultados consider\u00e1veis em prol do sossego, do sono e da paz da popula\u00e7\u00e3o.<\/strong><\/p>\n\n\n\n<p><strong>Em suma, a TVUNA e vitrine online partem do princ\u00edpio de que a boa pr\u00e1tica de um jornalismo respons\u00e1vel, livre de not\u00edcias falsas, deve-se reconhecer, \u00e9 a melhor forma de servir aos seus telespectadores e leitores e de promover a boa conviv\u00eancia social. (C.R.) &nbsp;&nbsp;<\/strong><\/p>\n","protected":false},"excerpt":{"rendered":"<p>A pr\u00e1tica do jornalismo pluralista, seguida pela TVUNA e vitrine online, distante e isenta das famigeradas fake news e sensacionalismos,<\/p>\n","protected":false},"author":1,"featured_media":34636,"comment_status":"open","ping_status":"open","sticky":false,"template":"","format":"standard","meta":[],"categories":[3],"tags":[],"yoast_head":"<!-- This site is optimized with the Yoast SEO plugin v15.8 - https:\/\/yoast.com\/wordpress\/plugins\/seo\/ -->\n<title>IBI\u00daNA \u2013 A PR\u00c1TICA DO JORNALISMO PLURALISTA NA TVUNA E VITRINE ONLINE - Revista Vitrine Online<\/title>\n<meta name=\"robots\" content=\"index, follow, max-snippet:-1, max-image-preview:large, max-video-preview:-1\" \/>\n<link rel=\"canonical\" href=\"http:\/\/revistavitrineibiuna.com.br\/?p=34635\" \/>\n<meta property=\"og:locale\" content=\"pt_BR\" \/>\n<meta property=\"og:type\" content=\"article\" \/>\n<meta property=\"og:title\" content=\"IBI\u00daNA \u2013 A PR\u00c1TICA DO JORNALISMO PLURALISTA NA TVUNA E VITRINE ONLINE - Revista Vitrine Online\" \/>\n<meta property=\"og:description\" content=\"A pr\u00e1tica do jornalismo pluralista, seguida pela TVUNA e vitrine online, distante e isenta das famigeradas fake news e sensacionalismos,\" \/>\n<meta property=\"og:url\" content=\"http:\/\/revistavitrineibiuna.com.br\/?p=34635\" \/>\n<meta property=\"og:site_name\" content=\"Revista Vitrine Online\" \/>\n<meta property=\"article:published_time\" content=\"2025-12-02T22:54:46+00:00\" \/>\n<meta property=\"article:modified_time\" content=\"2025-12-03T01:14:04+00:00\" \/>\n<meta property=\"og:image\" content=\"https:\/\/revistavitrineibiuna.com.br\/wp-content\/uploads\/2025\/12\/4c6e1dc6-f63b-4966-8963-8614c1008212.jpg\" \/>\n\t<meta property=\"og:image:width\" content=\"800\" \/>\n\t<meta property=\"og:image:height\" content=\"445\" \/>\n<meta name=\"twitter:card\" content=\"summary\" \/>\n<meta name=\"twitter:label1\" content=\"Est. reading time\">\n\t<meta name=\"twitter:data1\" content=\"3 minutos\">\n<script type=\"application\/ld+json\" class=\"yoast-schema-graph\">{\"@context\":\"https:\/\/schema.org\",\"@graph\":[{\"@type\":\"WebSite\",\"@id\":\"https:\/\/revistavitrineibiuna.com.br\/#website\",\"url\":\"https:\/\/revistavitrineibiuna.com.br\/\",\"name\":\"Revista Vitrine Ibi\\u00fana\",\"description\":\"A Revista de Ibi\\u00fana e Regi\\u00e3o\",\"publisher\":{\"@id\":\"https:\/\/revistavitrineibiuna.com.br\/#\/schema\/person\/e51ef49d6d88170ea21ceabff3f73deb\"},\"potentialAction\":[{\"@type\":\"SearchAction\",\"target\":\"https:\/\/revistavitrineibiuna.com.br\/?s={search_term_string}\",\"query-input\":\"required name=search_term_string\"}],\"inLanguage\":\"pt-BR\"},{\"@type\":\"ImageObject\",\"@id\":\"http:\/\/revistavitrineibiuna.com.br\/?p=34635#primaryimage\",\"inLanguage\":\"pt-BR\",\"url\":\"https:\/\/revistavitrineibiuna.com.br\/wp-content\/uploads\/2025\/12\/4c6e1dc6-f63b-4966-8963-8614c1008212.jpg\",\"width\":800,\"height\":445},{\"@type\":\"WebPage\",\"@id\":\"http:\/\/revistavitrineibiuna.com.br\/?p=34635#webpage\",\"url\":\"http:\/\/revistavitrineibiuna.com.br\/?p=34635\",\"name\":\"IBI\\u00daNA \\u2013 A PR\\u00c1TICA DO JORNALISMO PLURALISTA NA TVUNA E VITRINE ONLINE - Revista Vitrine Online\",\"isPartOf\":{\"@id\":\"https:\/\/revistavitrineibiuna.com.br\/#website\"},\"primaryImageOfPage\":{\"@id\":\"http:\/\/revistavitrineibiuna.com.br\/?p=34635#primaryimage\"},\"datePublished\":\"2025-12-02T22:54:46+00:00\",\"dateModified\":\"2025-12-03T01:14:04+00:00\",\"breadcrumb\":{\"@id\":\"http:\/\/revistavitrineibiuna.com.br\/?p=34635#breadcrumb\"},\"inLanguage\":\"pt-BR\",\"potentialAction\":[{\"@type\":\"ReadAction\",\"target\":[\"http:\/\/revistavitrineibiuna.com.br\/?p=34635\"]}]},{\"@type\":\"BreadcrumbList\",\"@id\":\"http:\/\/revistavitrineibiuna.com.br\/?p=34635#breadcrumb\",\"itemListElement\":[{\"@type\":\"ListItem\",\"position\":1,\"item\":{\"@type\":\"WebPage\",\"@id\":\"https:\/\/revistavitrineibiuna.com.br\/\",\"url\":\"https:\/\/revistavitrineibiuna.com.br\/\",\"name\":\"In\\u00edcio\"}},{\"@type\":\"ListItem\",\"position\":2,\"item\":{\"@type\":\"WebPage\",\"@id\":\"http:\/\/revistavitrineibiuna.com.br\/?p=34635\",\"url\":\"http:\/\/revistavitrineibiuna.com.br\/?p=34635\",\"name\":\"IBI\\u00daNA \\u2013 A PR\\u00c1TICA DO JORNALISMO PLURALISTA NA TVUNA E VITRINE ONLINE\"}}]},{\"@type\":\"Article\",\"@id\":\"http:\/\/revistavitrineibiuna.com.br\/?p=34635#article\",\"isPartOf\":{\"@id\":\"http:\/\/revistavitrineibiuna.com.br\/?p=34635#webpage\"},\"author\":{\"@id\":\"https:\/\/revistavitrineibiuna.com.br\/#\/schema\/person\/e51ef49d6d88170ea21ceabff3f73deb\"},\"headline\":\"IBI\\u00daNA \\u2013 A PR\\u00c1TICA DO JORNALISMO PLURALISTA NA TVUNA E VITRINE ONLINE\",\"datePublished\":\"2025-12-02T22:54:46+00:00\",\"dateModified\":\"2025-12-03T01:14:04+00:00\",\"mainEntityOfPage\":{\"@id\":\"http:\/\/revistavitrineibiuna.com.br\/?p=34635#webpage\"},\"commentCount\":0,\"publisher\":{\"@id\":\"https:\/\/revistavitrineibiuna.com.br\/#\/schema\/person\/e51ef49d6d88170ea21ceabff3f73deb\"},\"image\":{\"@id\":\"http:\/\/revistavitrineibiuna.com.br\/?p=34635#primaryimage\"},\"articleSection\":\"Not\\u00edcias\",\"inLanguage\":\"pt-BR\",\"potentialAction\":[{\"@type\":\"CommentAction\",\"name\":\"Comment\",\"target\":[\"http:\/\/revistavitrineibiuna.com.br\/?p=34635#respond\"]}]},{\"@type\":[\"Person\",\"Organization\"],\"@id\":\"https:\/\/revistavitrineibiuna.com.br\/#\/schema\/person\/e51ef49d6d88170ea21ceabff3f73deb\",\"name\":\"Carlos Rossini\",\"image\":{\"@type\":\"ImageObject\",\"@id\":\"https:\/\/revistavitrineibiuna.com.br\/#personlogo\",\"inLanguage\":\"pt-BR\",\"url\":\"https:\/\/secure.gravatar.com\/avatar\/4f2d0f99fac1f85c7d643f21f5c8d900?s=96&d=mm&r=g\",\"caption\":\"Carlos Rossini\"},\"logo\":{\"@id\":\"https:\/\/revistavitrineibiuna.com.br\/#personlogo\"},\"description\":\"Carlos Rossini \\u00e9 jornalista, soci\\u00f3logo, escritor e professor universit\\u00e1rio, tendo sido professor de jornalismo por vinte anos. Trabalhou em ve\\u00edculos de comunica\\u00e7\\u00e3o nas fun\\u00e7\\u00f5es de rep\\u00f3rter, redator, editor, articulista e colaborador, como Folha de S. Paulo, O Estado de S. Paulo, Di\\u00e1rio Popular, entre outros. Ao transferir a revista vitrine, vers\\u00e3o imprensa, de S\\u00e3o Paulo para Ibi\\u00fana h\\u00e1 alguns anos, iniciou uma nova experi\\u00eancia profissional, dedicando-se ao jornalismo regional, depois de cumprir uma trajet\\u00f3ria bem-sucedida na grande imprensa brasileira. Seu primeiro livro A Coragem de Comunicar foi lan\\u00e7ado na Bienal do Livro em S\\u00e3o Paulo no ano 2000, pela editora Madras.\"}]}<\/script>\n<!-- \/ Yoast SEO plugin. -->","_links":{"self":[{"href":"https:\/\/revistavitrineibiuna.com.br\/index.php?rest_route=\/wp\/v2\/posts\/34635"}],"collection":[{"href":"https:\/\/revistavitrineibiuna.com.br\/index.php?rest_route=\/wp\/v2\/posts"}],"about":[{"href":"https:\/\/revistavitrineibiuna.com.br\/index.php?rest_route=\/wp\/v2\/types\/post"}],"author":[{"embeddable":true,"href":"https:\/\/revistavitrineibiuna.com.br\/index.php?rest_route=\/wp\/v2\/users\/1"}],"replies":[{"embeddable":true,"href":"https:\/\/revistavitrineibiuna.com.br\/index.php?rest_route=%2Fwp%2Fv2%2Fcomments&post=34635"}],"version-history":[{"count":2,"href":"https:\/\/revistavitrineibiuna.com.br\/index.php?rest_route=\/wp\/v2\/posts\/34635\/revisions"}],"predecessor-version":[{"id":34638,"href":"https:\/\/revistavitrineibiuna.com.br\/index.php?rest_route=\/wp\/v2\/posts\/34635\/revisions\/34638"}],"wp:featuredmedia":[{"embeddable":true,"href":"https:\/\/revistavitrineibiuna.com.br\/index.php?rest_route=\/wp\/v2\/media\/34636"}],"wp:attachment":[{"href":"https:\/\/revistavitrineibiuna.com.br\/index.php?rest_route=%2Fwp%2Fv2%2Fmedia&parent=34635"}],"wp:term":[{"taxonomy":"category","embeddable":true,"href":"https:\/\/revistavitrineibiuna.com.br\/index.php?rest_route=%2Fwp%2Fv2%2Fcategories&post=34635"},{"taxonomy":"post_tag","embeddable":true,"href":"https:\/\/revistavitrineibiuna.com.br\/index.php?rest_route=%2Fwp%2Fv2%2Ftags&post=34635"}],"curies":[{"name":"wp","href":"https:\/\/api.w.org\/{rel}","templated":true}]}}