{"id":34641,"date":"2025-12-07T10:10:23","date_gmt":"2025-12-07T13:10:23","guid":{"rendered":"http:\/\/revistavitrineibiuna.com.br\/?p=34641"},"modified":"2025-12-07T10:20:12","modified_gmt":"2025-12-07T13:20:12","slug":"doce-natal-2025-oficina-do-rock-arrecada-doacoes-para-criancas-ibiuneses","status":"publish","type":"post","link":"https:\/\/revistavitrineibiuna.com.br\/?p=34641","title":{"rendered":"DOCE NATAL 2025 \u2013 OFICINA DO ROCK ARRECADA DOA\u00c7\u00d5ES PARA CRIAN\u00c7AS IBIUNENSES"},"content":{"rendered":"\n<p class=\"has-drop-cap\"><strong>A Oficina do Rock Motoclube de Ibi\u00fana est\u00e1 arrecadando doces, balas, pirulitos e salgadinhos, que ser\u00e3o entregues para as crian\u00e7as que residem no interior do munic\u00edpio, incluindo bairros distantes do centro da cidade.<\/strong><\/p>\n\n\n\n<p><strong>Os integrantes do Motoclube realizam a\u00e7\u00f5es benemerentes todos os anos e, neste Natal, decidiram pela campanha \u201cDoce Natal 2025\u201d, e fazem pedido para receberem doa\u00e7\u00f5es \u00e0 popula\u00e7\u00e3<\/strong>o<strong>, sobretudo aos empres\u00e1rios.<\/strong><\/p>\n\n\n\n<p><strong>\u201cAjude a deixar o Natal das crian\u00e7as mais doce!\u201d<\/strong><\/p>\n\n\n\n<p><strong>COMO CONTRIBUIR<\/strong><\/p>\n\n\n\n<ol type=\"1\"><li><strong>Voc\u00ea pode fazer doa\u00e7\u00e3o pelo pix: <a href=\"mailto:oficinadorock@terra.com.br\">oficinadorock@terra.com.br<\/a>. Os recursos ser\u00e3o utilizados para compra doces;<\/strong><\/li><li><strong>Voc\u00ea pode doar doces diretamente ao Motoclube que estar\u00e1 recebendo doa\u00e7\u00f5es na Feira da Capelinha do pr\u00f3ximo s\u00e1bado, dia 13, a partir das 12h.<\/strong><\/li><\/ol>\n\n\n\n<p><strong>Veja algumas fotos da campanha do ano passado e imagine a alegria das crian\u00e7as ao receberem presentes trazidos por papais no\u00e9is que aparecem montados em motocicletas. E o que n\u00e3o falta \u00e9 emo\u00e7\u00e3o e demonstra\u00e7\u00e3o de carinho.<\/strong><\/p>\n\n\n\n<p><strong>A revista vitrine online apoia essa iniciativa e sa\u00fada todos os membros da Oficina do Rock Motoclube, que tamb\u00e9m fazem campanha para a Casa Santa Rita, que acolhe e cuida de vinte idosos em Ibi\u00fana. &nbsp;<\/strong><\/p>\n\n\n\n<figure class=\"wp-block-image size-large\"><img loading=\"lazy\" width=\"720\" height=\"491\" src=\"https:\/\/revistavitrineibiuna.com.br\/wp-content\/uploads\/2025\/12\/Doce-Natal-2025-3.png\" alt=\"\" class=\"wp-image-34644\" srcset=\"https:\/\/revistavitrineibiuna.com.br\/wp-content\/uploads\/2025\/12\/Doce-Natal-2025-3.png 720w, https:\/\/revistavitrineibiuna.com.br\/wp-content\/uploads\/2025\/12\/Doce-Natal-2025-3-300x205.png 300w, https:\/\/revistavitrineibiuna.com.br\/wp-content\/uploads\/2025\/12\/Doce-Natal-2025-3-130x90.png 130w\" sizes=\"(max-width: 720px) 100vw, 720px\" \/><figcaption>D\u00e1 para imaginar a alegria das crian\u00e7as ao receberem presentes, n\u00e9?<\/figcaption><\/figure>\n\n\n\n<figure class=\"wp-block-image size-large\"><img loading=\"lazy\" width=\"687\" height=\"432\" src=\"https:\/\/revistavitrineibiuna.com.br\/wp-content\/uploads\/2025\/12\/Doce-Natal-2025-4.png\" alt=\"\" class=\"wp-image-34648\" srcset=\"https:\/\/revistavitrineibiuna.com.br\/wp-content\/uploads\/2025\/12\/Doce-Natal-2025-4.png 687w, https:\/\/revistavitrineibiuna.com.br\/wp-content\/uploads\/2025\/12\/Doce-Natal-2025-4-300x189.png 300w\" sizes=\"(max-width: 687px) 100vw, 687px\" \/><figcaption>Olha s\u00f3! O Papai Noel na muitas das estradinhas do munic\u00edpio de Ibi\u00fana que levam a bairros bem distantes da cidade<\/figcaption><\/figure>\n\n\n\n<figure class=\"wp-block-image size-large\"><img loading=\"lazy\" width=\"714\" height=\"706\" src=\"https:\/\/revistavitrineibiuna.com.br\/wp-content\/uploads\/2025\/12\/Doce-Natal-2025-1.png\" alt=\"\" class=\"wp-image-34650\" srcset=\"https:\/\/revistavitrineibiuna.com.br\/wp-content\/uploads\/2025\/12\/Doce-Natal-2025-1.png 714w, https:\/\/revistavitrineibiuna.com.br\/wp-content\/uploads\/2025\/12\/Doce-Natal-2025-1-300x297.png 300w, https:\/\/revistavitrineibiuna.com.br\/wp-content\/uploads\/2025\/12\/Doce-Natal-2025-1-65x65.png 65w\" sizes=\"(max-width: 714px) 100vw, 714px\" \/><\/figure>\n","protected":false},"excerpt":{"rendered":"<p>A Oficina do Rock Motoclube de Ibi\u00fana est\u00e1 arrecadando doces, balas, pirulitos e salgadinhos, que ser\u00e3o entregues para as crian\u00e7as<\/p>\n","protected":false},"author":1,"featured_media":34642,"comment_status":"open","ping_status":"open","sticky":false,"template":"","format":"standard","meta":[],"categories":[3],"tags":[],"yoast_head":"<!-- This site is optimized with the Yoast SEO plugin v15.8 - https:\/\/yoast.com\/wordpress\/plugins\/seo\/ -->\n<title>DOCE NATAL 2025 \u2013 OFICINA DO ROCK ARRECADA DOA\u00c7\u00d5ES PARA CRIAN\u00c7AS IBIUNENSES - Revista Vitrine Online<\/title>\n<meta name=\"robots\" content=\"index, follow, max-snippet:-1, max-image-preview:large, max-video-preview:-1\" \/>\n<link rel=\"canonical\" href=\"http:\/\/revistavitrineibiuna.com.br\/?p=34641\" \/>\n<meta property=\"og:locale\" content=\"pt_BR\" \/>\n<meta property=\"og:type\" content=\"article\" \/>\n<meta property=\"og:title\" content=\"DOCE NATAL 2025 \u2013 OFICINA DO ROCK ARRECADA DOA\u00c7\u00d5ES PARA CRIAN\u00c7AS IBIUNENSES - Revista Vitrine Online\" \/>\n<meta property=\"og:description\" content=\"A Oficina do Rock Motoclube de Ibi\u00fana est\u00e1 arrecadando doces, balas, pirulitos e salgadinhos, que ser\u00e3o entregues para as crian\u00e7as\" \/>\n<meta property=\"og:url\" content=\"http:\/\/revistavitrineibiuna.com.br\/?p=34641\" \/>\n<meta property=\"og:site_name\" content=\"Revista Vitrine Online\" \/>\n<meta property=\"article:published_time\" content=\"2025-12-07T13:10:23+00:00\" \/>\n<meta property=\"article:modified_time\" content=\"2025-12-07T13:20:12+00:00\" \/>\n<meta property=\"og:image\" content=\"https:\/\/revistavitrineibiuna.com.br\/wp-content\/uploads\/2025\/12\/Doce-Natal-2025-foto-de-capa.png\" \/>\n\t<meta property=\"og:image:width\" content=\"717\" \/>\n\t<meta property=\"og:image:height\" content=\"481\" \/>\n<meta name=\"twitter:card\" content=\"summary\" \/>\n<meta name=\"twitter:label1\" content=\"Est. reading time\">\n\t<meta name=\"twitter:data1\" content=\"2 minutos\">\n<script type=\"application\/ld+json\" class=\"yoast-schema-graph\">{\"@context\":\"https:\/\/schema.org\",\"@graph\":[{\"@type\":\"WebSite\",\"@id\":\"https:\/\/revistavitrineibiuna.com.br\/#website\",\"url\":\"https:\/\/revistavitrineibiuna.com.br\/\",\"name\":\"Revista Vitrine Ibi\\u00fana\",\"description\":\"A Revista de Ibi\\u00fana e Regi\\u00e3o\",\"publisher\":{\"@id\":\"https:\/\/revistavitrineibiuna.com.br\/#\/schema\/person\/e51ef49d6d88170ea21ceabff3f73deb\"},\"potentialAction\":[{\"@type\":\"SearchAction\",\"target\":\"https:\/\/revistavitrineibiuna.com.br\/?s={search_term_string}\",\"query-input\":\"required name=search_term_string\"}],\"inLanguage\":\"pt-BR\"},{\"@type\":\"ImageObject\",\"@id\":\"http:\/\/revistavitrineibiuna.com.br\/?p=34641#primaryimage\",\"inLanguage\":\"pt-BR\",\"url\":\"https:\/\/revistavitrineibiuna.com.br\/wp-content\/uploads\/2025\/12\/Doce-Natal-2025-foto-de-capa.png\",\"width\":717,\"height\":481},{\"@type\":\"WebPage\",\"@id\":\"http:\/\/revistavitrineibiuna.com.br\/?p=34641#webpage\",\"url\":\"http:\/\/revistavitrineibiuna.com.br\/?p=34641\",\"name\":\"DOCE NATAL 2025 \\u2013 OFICINA DO ROCK ARRECADA DOA\\u00c7\\u00d5ES PARA CRIAN\\u00c7AS IBIUNENSES - Revista Vitrine Online\",\"isPartOf\":{\"@id\":\"https:\/\/revistavitrineibiuna.com.br\/#website\"},\"primaryImageOfPage\":{\"@id\":\"http:\/\/revistavitrineibiuna.com.br\/?p=34641#primaryimage\"},\"datePublished\":\"2025-12-07T13:10:23+00:00\",\"dateModified\":\"2025-12-07T13:20:12+00:00\",\"breadcrumb\":{\"@id\":\"http:\/\/revistavitrineibiuna.com.br\/?p=34641#breadcrumb\"},\"inLanguage\":\"pt-BR\",\"potentialAction\":[{\"@type\":\"ReadAction\",\"target\":[\"http:\/\/revistavitrineibiuna.com.br\/?p=34641\"]}]},{\"@type\":\"BreadcrumbList\",\"@id\":\"http:\/\/revistavitrineibiuna.com.br\/?p=34641#breadcrumb\",\"itemListElement\":[{\"@type\":\"ListItem\",\"position\":1,\"item\":{\"@type\":\"WebPage\",\"@id\":\"https:\/\/revistavitrineibiuna.com.br\/\",\"url\":\"https:\/\/revistavitrineibiuna.com.br\/\",\"name\":\"In\\u00edcio\"}},{\"@type\":\"ListItem\",\"position\":2,\"item\":{\"@type\":\"WebPage\",\"@id\":\"http:\/\/revistavitrineibiuna.com.br\/?p=34641\",\"url\":\"http:\/\/revistavitrineibiuna.com.br\/?p=34641\",\"name\":\"DOCE NATAL 2025 \\u2013 OFICINA DO ROCK ARRECADA DOA\\u00c7\\u00d5ES PARA CRIAN\\u00c7AS IBIUNENSES\"}}]},{\"@type\":\"Article\",\"@id\":\"http:\/\/revistavitrineibiuna.com.br\/?p=34641#article\",\"isPartOf\":{\"@id\":\"http:\/\/revistavitrineibiuna.com.br\/?p=34641#webpage\"},\"author\":{\"@id\":\"https:\/\/revistavitrineibiuna.com.br\/#\/schema\/person\/e51ef49d6d88170ea21ceabff3f73deb\"},\"headline\":\"DOCE NATAL 2025 \\u2013 OFICINA DO ROCK ARRECADA DOA\\u00c7\\u00d5ES PARA CRIAN\\u00c7AS IBIUNENSES\",\"datePublished\":\"2025-12-07T13:10:23+00:00\",\"dateModified\":\"2025-12-07T13:20:12+00:00\",\"mainEntityOfPage\":{\"@id\":\"http:\/\/revistavitrineibiuna.com.br\/?p=34641#webpage\"},\"commentCount\":0,\"publisher\":{\"@id\":\"https:\/\/revistavitrineibiuna.com.br\/#\/schema\/person\/e51ef49d6d88170ea21ceabff3f73deb\"},\"image\":{\"@id\":\"http:\/\/revistavitrineibiuna.com.br\/?p=34641#primaryimage\"},\"articleSection\":\"Not\\u00edcias\",\"inLanguage\":\"pt-BR\",\"potentialAction\":[{\"@type\":\"CommentAction\",\"name\":\"Comment\",\"target\":[\"http:\/\/revistavitrineibiuna.com.br\/?p=34641#respond\"]}]},{\"@type\":[\"Person\",\"Organization\"],\"@id\":\"https:\/\/revistavitrineibiuna.com.br\/#\/schema\/person\/e51ef49d6d88170ea21ceabff3f73deb\",\"name\":\"Carlos Rossini\",\"image\":{\"@type\":\"ImageObject\",\"@id\":\"https:\/\/revistavitrineibiuna.com.br\/#personlogo\",\"inLanguage\":\"pt-BR\",\"url\":\"https:\/\/secure.gravatar.com\/avatar\/4f2d0f99fac1f85c7d643f21f5c8d900?s=96&d=mm&r=g\",\"caption\":\"Carlos Rossini\"},\"logo\":{\"@id\":\"https:\/\/revistavitrineibiuna.com.br\/#personlogo\"},\"description\":\"Carlos Rossini \\u00e9 jornalista, soci\\u00f3logo, escritor e professor universit\\u00e1rio, tendo sido professor de jornalismo por vinte anos. Trabalhou em ve\\u00edculos de comunica\\u00e7\\u00e3o nas fun\\u00e7\\u00f5es de rep\\u00f3rter, redator, editor, articulista e colaborador, como Folha de S. Paulo, O Estado de S. Paulo, Di\\u00e1rio Popular, entre outros. Ao transferir a revista vitrine, vers\\u00e3o imprensa, de S\\u00e3o Paulo para Ibi\\u00fana h\\u00e1 alguns anos, iniciou uma nova experi\\u00eancia profissional, dedicando-se ao jornalismo regional, depois de cumprir uma trajet\\u00f3ria bem-sucedida na grande imprensa brasileira. Seu primeiro livro A Coragem de Comunicar foi lan\\u00e7ado na Bienal do Livro em S\\u00e3o Paulo no ano 2000, pela editora Madras.\"}]}<\/script>\n<!-- \/ Yoast SEO plugin. -->","_links":{"self":[{"href":"https:\/\/revistavitrineibiuna.com.br\/index.php?rest_route=\/wp\/v2\/posts\/34641"}],"collection":[{"href":"https:\/\/revistavitrineibiuna.com.br\/index.php?rest_route=\/wp\/v2\/posts"}],"about":[{"href":"https:\/\/revistavitrineibiuna.com.br\/index.php?rest_route=\/wp\/v2\/types\/post"}],"author":[{"embeddable":true,"href":"https:\/\/revistavitrineibiuna.com.br\/index.php?rest_route=\/wp\/v2\/users\/1"}],"replies":[{"embeddable":true,"href":"https:\/\/revistavitrineibiuna.com.br\/index.php?rest_route=%2Fwp%2Fv2%2Fcomments&post=34641"}],"version-history":[{"count":10,"href":"https:\/\/revistavitrineibiuna.com.br\/index.php?rest_route=\/wp\/v2\/posts\/34641\/revisions"}],"predecessor-version":[{"id":34658,"href":"https:\/\/revistavitrineibiuna.com.br\/index.php?rest_route=\/wp\/v2\/posts\/34641\/revisions\/34658"}],"wp:featuredmedia":[{"embeddable":true,"href":"https:\/\/revistavitrineibiuna.com.br\/index.php?rest_route=\/wp\/v2\/media\/34642"}],"wp:attachment":[{"href":"https:\/\/revistavitrineibiuna.com.br\/index.php?rest_route=%2Fwp%2Fv2%2Fmedia&parent=34641"}],"wp:term":[{"taxonomy":"category","embeddable":true,"href":"https:\/\/revistavitrineibiuna.com.br\/index.php?rest_route=%2Fwp%2Fv2%2Fcategories&post=34641"},{"taxonomy":"post_tag","embeddable":true,"href":"https:\/\/revistavitrineibiuna.com.br\/index.php?rest_route=%2Fwp%2Fv2%2Ftags&post=34641"}],"curies":[{"name":"wp","href":"https:\/\/api.w.org\/{rel}","templated":true}]}}