{"id":34660,"date":"2025-12-07T19:26:11","date_gmt":"2025-12-07T22:26:11","guid":{"rendered":"http:\/\/revistavitrineibiuna.com.br\/?p=34660"},"modified":"2025-12-10T13:25:45","modified_gmt":"2025-12-10T16:25:45","slug":"ibiuna-campeonato-de-malha-revela-os-campeoes-de-2025","status":"publish","type":"post","link":"https:\/\/revistavitrineibiuna.com.br\/?p=34660","title":{"rendered":"IBI\u00daNA \u2013 CAMPEONATO DE MALHA REVELA OS CAMPE\u00d5ES DE 2025"},"content":{"rendered":"\n<p class=\"has-drop-cap\"><strong>O Campeonato Municipal de Malha \u201cJackson de Almeida Lima\u201d, iniciado no dia 28 de setembro e disputado em todos os domingos, chegou \u00e0 final hoje (7), no Centro Ol\u00edmpico, na regi\u00e3o central de Ibi\u00fana.<\/strong><\/p>\n\n\n\n<p><strong>Ao todo, 28 duplas de v\u00e1rios bairros participaram desse esporte &nbsp;munic\u00edpio. Ros\u00e2ngela, \u00fanica mulher na cancha, fez bonito em seus lan\u00e7amentos.<\/strong><\/p>\n\n\n\n<p><strong>CAMPE\u00d5ES<\/strong><\/p>\n\n\n\n<p><strong>Na s\u00e9rie ouro sagraram-se campe\u00f5es Rubens e Cl\u00e1udio Carepa, moradores no Lageadinho; na s\u00e9rie prata, Manezinho e Rui Carlos, do bairro do Col\u00e9gio; vice-campe\u00f5es na s\u00e9ria prata foram Oswaldo e Edgar, do bairro do Col\u00e9gio; a dupla vice-campe\u00e3 foi formada por Odair e Maciel, moradores no centro.<\/strong><\/p>\n\n\n\n<p><strong>Os vencedores receberam ta\u00e7as e medalhas, algumas delas entregues pelo administrador do Centro Ol\u00edmpico, Jorgi Aquino, que h\u00e1 anos incentiva essa pr\u00e1tica que \u00e9 raiz no munic\u00edpio pela forma como os competidores se conhecem e se relacionam por meio de carinhosos apelidos.<\/strong><\/p>\n\n\n\n<figure class=\"wp-block-image size-large\"><img loading=\"lazy\" width=\"996\" height=\"756\" src=\"https:\/\/revistavitrineibiuna.com.br\/wp-content\/uploads\/2025\/12\/malha-ouro.png\" alt=\"\" class=\"wp-image-34664\" srcset=\"https:\/\/revistavitrineibiuna.com.br\/wp-content\/uploads\/2025\/12\/malha-ouro.png 996w, https:\/\/revistavitrineibiuna.com.br\/wp-content\/uploads\/2025\/12\/malha-ouro-300x228.png 300w, https:\/\/revistavitrineibiuna.com.br\/wp-content\/uploads\/2025\/12\/malha-ouro-768x583.png 768w\" sizes=\"(max-width: 996px) 100vw, 996px\" \/><figcaption>Dupla vencedorda da s\u00e9rie ouro: Rubens e Cl\u00e1udio Cerepa<\/figcaption><\/figure>\n\n\n\n<figure class=\"wp-block-image size-large\"><img loading=\"lazy\" width=\"1024\" height=\"576\" src=\"https:\/\/revistavitrineibiuna.com.br\/wp-content\/uploads\/2025\/12\/110cdc43-7cb5-4579-9571-105aad7ba870-1024x576.jpg\" alt=\"\" class=\"wp-image-34668\" srcset=\"https:\/\/revistavitrineibiuna.com.br\/wp-content\/uploads\/2025\/12\/110cdc43-7cb5-4579-9571-105aad7ba870-1024x576.jpg 1024w, https:\/\/revistavitrineibiuna.com.br\/wp-content\/uploads\/2025\/12\/110cdc43-7cb5-4579-9571-105aad7ba870-300x169.jpg 300w, https:\/\/revistavitrineibiuna.com.br\/wp-content\/uploads\/2025\/12\/110cdc43-7cb5-4579-9571-105aad7ba870-768x432.jpg 768w, https:\/\/revistavitrineibiuna.com.br\/wp-content\/uploads\/2025\/12\/110cdc43-7cb5-4579-9571-105aad7ba870.jpg 1280w\" sizes=\"(max-width: 1024px) 100vw, 1024px\" \/><figcaption>Odair e Maciel: vice-campe\u00f5es<\/figcaption><\/figure>\n\n\n\n<figure class=\"wp-block-image size-large\"><img loading=\"lazy\" width=\"1024\" height=\"576\" src=\"https:\/\/revistavitrineibiuna.com.br\/wp-content\/uploads\/2025\/12\/311266a0-7f46-430f-ad3d-97ac811a1c58-1024x576.jpg\" alt=\"\" class=\"wp-image-34671\" srcset=\"https:\/\/revistavitrineibiuna.com.br\/wp-content\/uploads\/2025\/12\/311266a0-7f46-430f-ad3d-97ac811a1c58-1024x576.jpg 1024w, https:\/\/revistavitrineibiuna.com.br\/wp-content\/uploads\/2025\/12\/311266a0-7f46-430f-ad3d-97ac811a1c58-300x169.jpg 300w, https:\/\/revistavitrineibiuna.com.br\/wp-content\/uploads\/2025\/12\/311266a0-7f46-430f-ad3d-97ac811a1c58-768x432.jpg 768w, https:\/\/revistavitrineibiuna.com.br\/wp-content\/uploads\/2025\/12\/311266a0-7f46-430f-ad3d-97ac811a1c58-1536x864.jpg 1536w, https:\/\/revistavitrineibiuna.com.br\/wp-content\/uploads\/2025\/12\/311266a0-7f46-430f-ad3d-97ac811a1c58.jpg 1599w\" sizes=\"(max-width: 1024px) 100vw, 1024px\" \/><figcaption>Rui e Manezinho, campe\u00f5es da s\u00e9rie prata, Edgar e Oswaldo, vice-camp\u00f5es da s\u00e9rie prata<\/figcaption><\/figure>\n\n\n\n<p><strong>Aquino agradeceu o apoio recebido do secret\u00e1rio municipal de Esportes, J\u00fanior Costa e do diretor Wuendel, decisivo no sucesso do campeonato.<\/strong><\/p>\n\n\n\n<p><strong>Neste domingo a disputa teve in\u00edcio \u00e0s 10h e conclus\u00e3o \u00e0s 17h, num ambiente cordial em que n\u00e3o faltou emo\u00e7\u00e3o e suspense com as contagens simult\u00e2neas e declaradas em voz alta pelo marcador Marcelo que, no final de cada sequ\u00eancia, declarava a dupla vencedora.<\/strong><\/p>\n\n\n\n<p><strong>ORIGEM ANTIGA<\/strong><\/p>\n\n\n\n<p><strong>O Jogo de Malhas \u00e9 antigo e europeu, com ra\u00edzes que remetem ao Imp\u00e9rio Romano, onde soldados usavam ferraduras velhas para jogos de pontaria, sendo um passatempo popular na Fran\u00e7a, It\u00e1lia e Portugal, e popularizado no Brasil principalmente por imigrantes portugueses, evoluindo de objetos r\u00fasticos (ferraduras, pedras) para os discos met\u00e1licos atuais.<\/strong><\/p>\n\n\n\n<p><strong>TVUNA<\/strong><\/p>\n\n\n\n<p><strong>A TVUNA foi brindada com uma placa ofertada pelos atletas entregue pela Ros\u00e2ngela, \u00fanica mulher participante, ao jornalista Carlos Rossini, diretor da emissora webcanal ibiunense, que se declarou honrado com o reconhecimento carinhoso.<\/strong><\/p>\n\n\n\n<figure class=\"wp-block-image size-large\"><img loading=\"lazy\" width=\"637\" height=\"423\" src=\"https:\/\/revistavitrineibiuna.com.br\/wp-content\/uploads\/2025\/12\/Malha-2025-aquino.png\" alt=\"\" class=\"wp-image-34674\" srcset=\"https:\/\/revistavitrineibiuna.com.br\/wp-content\/uploads\/2025\/12\/Malha-2025-aquino.png 637w, https:\/\/revistavitrineibiuna.com.br\/wp-content\/uploads\/2025\/12\/Malha-2025-aquino-300x199.png 300w\" sizes=\"(max-width: 637px) 100vw, 637px\" \/><figcaption>Jorgi Aquinho faz entrega de medalhas<\/figcaption><\/figure>\n\n\n\n<figure class=\"wp-block-image size-large\"><img loading=\"lazy\" width=\"467\" height=\"707\" src=\"https:\/\/revistavitrineibiuna.com.br\/wp-content\/uploads\/2025\/12\/malha-2025-lancando-a-malha.png\" alt=\"\" class=\"wp-image-34677\" srcset=\"https:\/\/revistavitrineibiuna.com.br\/wp-content\/uploads\/2025\/12\/malha-2025-lancando-a-malha.png 467w, https:\/\/revistavitrineibiuna.com.br\/wp-content\/uploads\/2025\/12\/malha-2025-lancando-a-malha-198x300.png 198w\" sizes=\"(max-width: 467px) 100vw, 467px\" \/><figcaption>Odair capricha no lan\u00e7amento da malha<\/figcaption><\/figure>\n\n\n\n<figure class=\"wp-block-image size-large\"><img loading=\"lazy\" width=\"870\" height=\"612\" src=\"https:\/\/revistavitrineibiuna.com.br\/wp-content\/uploads\/2025\/12\/rossini-recebe-a-placa.png\" alt=\"\" class=\"wp-image-34680\" srcset=\"https:\/\/revistavitrineibiuna.com.br\/wp-content\/uploads\/2025\/12\/rossini-recebe-a-placa.png 870w, https:\/\/revistavitrineibiuna.com.br\/wp-content\/uploads\/2025\/12\/rossini-recebe-a-placa-300x211.png 300w, https:\/\/revistavitrineibiuna.com.br\/wp-content\/uploads\/2025\/12\/rossini-recebe-a-placa-768x540.png 768w, https:\/\/revistavitrineibiuna.com.br\/wp-content\/uploads\/2025\/12\/rossini-recebe-a-placa-130x90.png 130w\" sizes=\"(max-width: 870px) 100vw, 870px\" \/><figcaption>Ros\u00e2ngela, \u00fanica mulher a participar do campeonato, entrega ao jornalista Carlos Rossini placa em homenagem a TVUNA<\/figcaption><\/figure>\n\n\n\n<figure class=\"wp-block-image size-large\"><img loading=\"lazy\" width=\"1024\" height=\"768\" src=\"https:\/\/revistavitrineibiuna.com.br\/wp-content\/uploads\/2025\/12\/18271209-9171-4ad1-a59b-16e03c6a368d-1024x768.jpg\" alt=\"\" class=\"wp-image-34683\" srcset=\"https:\/\/revistavitrineibiuna.com.br\/wp-content\/uploads\/2025\/12\/18271209-9171-4ad1-a59b-16e03c6a368d-1024x768.jpg 1024w, https:\/\/revistavitrineibiuna.com.br\/wp-content\/uploads\/2025\/12\/18271209-9171-4ad1-a59b-16e03c6a368d-300x225.jpg 300w, https:\/\/revistavitrineibiuna.com.br\/wp-content\/uploads\/2025\/12\/18271209-9171-4ad1-a59b-16e03c6a368d-768x576.jpg 768w, https:\/\/revistavitrineibiuna.com.br\/wp-content\/uploads\/2025\/12\/18271209-9171-4ad1-a59b-16e03c6a368d-1536x1152.jpg 1536w, https:\/\/revistavitrineibiuna.com.br\/wp-content\/uploads\/2025\/12\/18271209-9171-4ad1-a59b-16e03c6a368d-320x240.jpg 320w, https:\/\/revistavitrineibiuna.com.br\/wp-content\/uploads\/2025\/12\/18271209-9171-4ad1-a59b-16e03c6a368d.jpg 1600w\" sizes=\"(max-width: 1024px) 100vw, 1024px\" \/><\/figure>\n","protected":false},"excerpt":{"rendered":"<p>O Campeonato Municipal de Malha \u201cJackson de Almeida Lima\u201d, iniciado no dia 28 de setembro e disputado em todos os<\/p>\n","protected":false},"author":1,"featured_media":34661,"comment_status":"open","ping_status":"open","sticky":false,"template":"","format":"standard","meta":[],"categories":[3],"tags":[],"yoast_head":"<!-- This site is optimized with the Yoast SEO plugin v15.8 - https:\/\/yoast.com\/wordpress\/plugins\/seo\/ -->\n<title>IBI\u00daNA \u2013 CAMPEONATO DE MALHA REVELA OS CAMPE\u00d5ES DE 2025 - Revista Vitrine Online<\/title>\n<meta name=\"robots\" content=\"index, follow, max-snippet:-1, max-image-preview:large, max-video-preview:-1\" \/>\n<link rel=\"canonical\" href=\"http:\/\/revistavitrineibiuna.com.br\/?p=34660\" \/>\n<meta property=\"og:locale\" content=\"pt_BR\" \/>\n<meta property=\"og:type\" content=\"article\" \/>\n<meta property=\"og:title\" content=\"IBI\u00daNA \u2013 CAMPEONATO DE MALHA REVELA OS CAMPE\u00d5ES DE 2025 - Revista Vitrine Online\" \/>\n<meta property=\"og:description\" content=\"O Campeonato Municipal de Malha \u201cJackson de Almeida Lima\u201d, iniciado no dia 28 de setembro e disputado em todos os\" \/>\n<meta property=\"og:url\" content=\"http:\/\/revistavitrineibiuna.com.br\/?p=34660\" \/>\n<meta property=\"og:site_name\" content=\"Revista Vitrine Online\" \/>\n<meta property=\"article:published_time\" content=\"2025-12-07T22:26:11+00:00\" \/>\n<meta property=\"article:modified_time\" content=\"2025-12-10T16:25:45+00:00\" \/>\n<meta property=\"og:image\" content=\"https:\/\/revistavitrineibiuna.com.br\/wp-content\/uploads\/2025\/12\/Malha-2025-1-1024x629.png\" \/>\n\t<meta property=\"og:image:width\" content=\"1024\" \/>\n\t<meta property=\"og:image:height\" content=\"629\" \/>\n<meta name=\"twitter:card\" content=\"summary\" \/>\n<meta name=\"twitter:label1\" content=\"Est. reading time\">\n\t<meta name=\"twitter:data1\" content=\"3 minutos\">\n<script type=\"application\/ld+json\" class=\"yoast-schema-graph\">{\"@context\":\"https:\/\/schema.org\",\"@graph\":[{\"@type\":\"WebSite\",\"@id\":\"https:\/\/revistavitrineibiuna.com.br\/#website\",\"url\":\"https:\/\/revistavitrineibiuna.com.br\/\",\"name\":\"Revista Vitrine Ibi\\u00fana\",\"description\":\"A Revista de Ibi\\u00fana e Regi\\u00e3o\",\"publisher\":{\"@id\":\"https:\/\/revistavitrineibiuna.com.br\/#\/schema\/person\/e51ef49d6d88170ea21ceabff3f73deb\"},\"potentialAction\":[{\"@type\":\"SearchAction\",\"target\":\"https:\/\/revistavitrineibiuna.com.br\/?s={search_term_string}\",\"query-input\":\"required name=search_term_string\"}],\"inLanguage\":\"pt-BR\"},{\"@type\":\"ImageObject\",\"@id\":\"http:\/\/revistavitrineibiuna.com.br\/?p=34660#primaryimage\",\"inLanguage\":\"pt-BR\",\"url\":\"https:\/\/revistavitrineibiuna.com.br\/wp-content\/uploads\/2025\/12\/Malha-2025-1.png\",\"width\":1474,\"height\":906},{\"@type\":\"WebPage\",\"@id\":\"http:\/\/revistavitrineibiuna.com.br\/?p=34660#webpage\",\"url\":\"http:\/\/revistavitrineibiuna.com.br\/?p=34660\",\"name\":\"IBI\\u00daNA \\u2013 CAMPEONATO DE MALHA REVELA OS CAMPE\\u00d5ES DE 2025 - Revista Vitrine Online\",\"isPartOf\":{\"@id\":\"https:\/\/revistavitrineibiuna.com.br\/#website\"},\"primaryImageOfPage\":{\"@id\":\"http:\/\/revistavitrineibiuna.com.br\/?p=34660#primaryimage\"},\"datePublished\":\"2025-12-07T22:26:11+00:00\",\"dateModified\":\"2025-12-10T16:25:45+00:00\",\"breadcrumb\":{\"@id\":\"http:\/\/revistavitrineibiuna.com.br\/?p=34660#breadcrumb\"},\"inLanguage\":\"pt-BR\",\"potentialAction\":[{\"@type\":\"ReadAction\",\"target\":[\"http:\/\/revistavitrineibiuna.com.br\/?p=34660\"]}]},{\"@type\":\"BreadcrumbList\",\"@id\":\"http:\/\/revistavitrineibiuna.com.br\/?p=34660#breadcrumb\",\"itemListElement\":[{\"@type\":\"ListItem\",\"position\":1,\"item\":{\"@type\":\"WebPage\",\"@id\":\"https:\/\/revistavitrineibiuna.com.br\/\",\"url\":\"https:\/\/revistavitrineibiuna.com.br\/\",\"name\":\"In\\u00edcio\"}},{\"@type\":\"ListItem\",\"position\":2,\"item\":{\"@type\":\"WebPage\",\"@id\":\"http:\/\/revistavitrineibiuna.com.br\/?p=34660\",\"url\":\"http:\/\/revistavitrineibiuna.com.br\/?p=34660\",\"name\":\"IBI\\u00daNA \\u2013 CAMPEONATO DE MALHA REVELA OS CAMPE\\u00d5ES DE 2025\"}}]},{\"@type\":\"Article\",\"@id\":\"http:\/\/revistavitrineibiuna.com.br\/?p=34660#article\",\"isPartOf\":{\"@id\":\"http:\/\/revistavitrineibiuna.com.br\/?p=34660#webpage\"},\"author\":{\"@id\":\"https:\/\/revistavitrineibiuna.com.br\/#\/schema\/person\/e51ef49d6d88170ea21ceabff3f73deb\"},\"headline\":\"IBI\\u00daNA \\u2013 CAMPEONATO DE MALHA REVELA OS CAMPE\\u00d5ES DE 2025\",\"datePublished\":\"2025-12-07T22:26:11+00:00\",\"dateModified\":\"2025-12-10T16:25:45+00:00\",\"mainEntityOfPage\":{\"@id\":\"http:\/\/revistavitrineibiuna.com.br\/?p=34660#webpage\"},\"commentCount\":0,\"publisher\":{\"@id\":\"https:\/\/revistavitrineibiuna.com.br\/#\/schema\/person\/e51ef49d6d88170ea21ceabff3f73deb\"},\"image\":{\"@id\":\"http:\/\/revistavitrineibiuna.com.br\/?p=34660#primaryimage\"},\"articleSection\":\"Not\\u00edcias\",\"inLanguage\":\"pt-BR\",\"potentialAction\":[{\"@type\":\"CommentAction\",\"name\":\"Comment\",\"target\":[\"http:\/\/revistavitrineibiuna.com.br\/?p=34660#respond\"]}]},{\"@type\":[\"Person\",\"Organization\"],\"@id\":\"https:\/\/revistavitrineibiuna.com.br\/#\/schema\/person\/e51ef49d6d88170ea21ceabff3f73deb\",\"name\":\"Carlos Rossini\",\"image\":{\"@type\":\"ImageObject\",\"@id\":\"https:\/\/revistavitrineibiuna.com.br\/#personlogo\",\"inLanguage\":\"pt-BR\",\"url\":\"https:\/\/secure.gravatar.com\/avatar\/4f2d0f99fac1f85c7d643f21f5c8d900?s=96&d=mm&r=g\",\"caption\":\"Carlos Rossini\"},\"logo\":{\"@id\":\"https:\/\/revistavitrineibiuna.com.br\/#personlogo\"},\"description\":\"Carlos Rossini \\u00e9 jornalista, soci\\u00f3logo, escritor e professor universit\\u00e1rio, tendo sido professor de jornalismo por vinte anos. Trabalhou em ve\\u00edculos de comunica\\u00e7\\u00e3o nas fun\\u00e7\\u00f5es de rep\\u00f3rter, redator, editor, articulista e colaborador, como Folha de S. Paulo, O Estado de S. Paulo, Di\\u00e1rio Popular, entre outros. Ao transferir a revista vitrine, vers\\u00e3o imprensa, de S\\u00e3o Paulo para Ibi\\u00fana h\\u00e1 alguns anos, iniciou uma nova experi\\u00eancia profissional, dedicando-se ao jornalismo regional, depois de cumprir uma trajet\\u00f3ria bem-sucedida na grande imprensa brasileira. Seu primeiro livro A Coragem de Comunicar foi lan\\u00e7ado na Bienal do Livro em S\\u00e3o Paulo no ano 2000, pela editora Madras.\"}]}<\/script>\n<!-- \/ Yoast SEO plugin. -->","_links":{"self":[{"href":"https:\/\/revistavitrineibiuna.com.br\/index.php?rest_route=\/wp\/v2\/posts\/34660"}],"collection":[{"href":"https:\/\/revistavitrineibiuna.com.br\/index.php?rest_route=\/wp\/v2\/posts"}],"about":[{"href":"https:\/\/revistavitrineibiuna.com.br\/index.php?rest_route=\/wp\/v2\/types\/post"}],"author":[{"embeddable":true,"href":"https:\/\/revistavitrineibiuna.com.br\/index.php?rest_route=\/wp\/v2\/users\/1"}],"replies":[{"embeddable":true,"href":"https:\/\/revistavitrineibiuna.com.br\/index.php?rest_route=%2Fwp%2Fv2%2Fcomments&post=34660"}],"version-history":[{"count":11,"href":"https:\/\/revistavitrineibiuna.com.br\/index.php?rest_route=\/wp\/v2\/posts\/34660\/revisions"}],"predecessor-version":[{"id":34693,"href":"https:\/\/revistavitrineibiuna.com.br\/index.php?rest_route=\/wp\/v2\/posts\/34660\/revisions\/34693"}],"wp:featuredmedia":[{"embeddable":true,"href":"https:\/\/revistavitrineibiuna.com.br\/index.php?rest_route=\/wp\/v2\/media\/34661"}],"wp:attachment":[{"href":"https:\/\/revistavitrineibiuna.com.br\/index.php?rest_route=%2Fwp%2Fv2%2Fmedia&parent=34660"}],"wp:term":[{"taxonomy":"category","embeddable":true,"href":"https:\/\/revistavitrineibiuna.com.br\/index.php?rest_route=%2Fwp%2Fv2%2Fcategories&post=34660"},{"taxonomy":"post_tag","embeddable":true,"href":"https:\/\/revistavitrineibiuna.com.br\/index.php?rest_route=%2Fwp%2Fv2%2Ftags&post=34660"}],"curies":[{"name":"wp","href":"https:\/\/api.w.org\/{rel}","templated":true}]}}