{"id":34686,"date":"2025-12-09T20:43:09","date_gmt":"2025-12-09T23:43:09","guid":{"rendered":"http:\/\/revistavitrineibiuna.com.br\/?p=34686"},"modified":"2025-12-11T10:29:22","modified_gmt":"2025-12-11T13:29:22","slug":"ibiuna-camara-rejeita-pedido-de-cassacao-de-vereador-vitima-de-possivel-atentado","status":"publish","type":"post","link":"https:\/\/revistavitrineibiuna.com.br\/?p=34686","title":{"rendered":"IBI\u00daNA \u2013 C\u00c2MARA REJEITA PEDIDO DE CASSA\u00c7\u00c3O DE VEREADOR V\u00cdTIMA DE POSS\u00cdVEL ATENTADO"},"content":{"rendered":"\n<p class=\"has-drop-cap\"><strong>A \u00faltima sess\u00e3o da C\u00e2mara Municipal de Ibi\u00fana de 2025 realizada hoje (9) foi marcada por dois fatos ins\u00f3litos: a leitura de um pedido de cassa\u00e7\u00e3o e o dram\u00e1tico depoimento do mesmo vereador \u2013 Tiago Godinho (PRP) \u2013 sobre um atentado de que teria sido alvo.<\/strong><\/p>\n\n\n\n<p><strong>O pedido de cassa\u00e7\u00e3o foi rejeitado por unanimidade [ele n\u00e3o p\u00f4de votar por ordem regimental]: catorze vereadores decidiram pelo arquivamento da a\u00e7\u00e3o. Quanto ao poss\u00edvel atentado, que est\u00e1 sob investiga\u00e7\u00e3o da pol\u00edcia civil, o parlamentar ibiunense apresentou um requerimento ao Legislativo pedindo medidas de prote\u00e7\u00e3o para si e sua fam\u00edlia.<\/strong><\/p>\n\n\n\n<p><strong>PEDIDO DE CASSA\u00c7\u00c3O<\/strong><\/p>\n\n\n\n<p><strong>O pedido de cassa\u00e7\u00e3o do vereador foi apresentado pela presidente do PT em Ibi\u00fana, Amanda de Campos Pontes, sob a alega\u00e7\u00e3o de que o vereador teria cometido abuso de autoridade e desvio de fun\u00e7\u00f5es executivas e parlamentares nas reuni\u00f5es e delibera\u00e7\u00f5es do Conselho Municipal de Sa\u00fade.<\/strong><\/p>\n\n\n\n<p><strong>Segundo a representa\u00e7\u00e3o entregue \u00e0 C\u00e2mara Municipal \u201cpor quebra de decoro parlamentar, abuso de poder, improbidade administrativa\u201d, o vereador come\u00e7ou a interferir nas decis\u00f5es do Conselho, insistindo que aprovassem as contas, \u201cmesmo sabendo que havia ind\u00edcios de irregularidades\u201d.<\/strong><\/p>\n\n\n\n<p><strong>Esse fato teria se configurado porque as emendas \u201cque ele trouxe ao Conselho\u201d, incluindo uma destinando verba no montante de R$ 4 milh\u00f5es, poderiam n\u00e3o ser aplicadas, caso as contas da sa\u00fade da prefeitura fossem rejeitadas\u201d.<\/strong><\/p>\n\n\n\n<p><strong>A mesma representa\u00e7\u00e3o foi entregue ao Minist\u00e9rio P\u00fablico do Estado de S\u00e3o Paulo.<\/strong><\/p>\n\n\n\n<p><strong>A assessoria jur\u00eddica da autora da representa\u00e7\u00e3o informou a vitrine online que est\u00e1 avaliando outras medidas necess\u00e1rias que envolvem o Judici\u00e1rio, &#8220;por contada forma que a conduta do vereador impactou a integridade do Conselho e dos conselheiros&#8221;.<\/strong><\/p>\n\n\n\n<p><strong>\u201cNingu\u00e9m est\u00e1 perseguindo ele pessoalmente\u201d \u2013 disse a mesma fonte \u00e0 vitrine online. \u201cA nossa luta \u00e9 pela liberdade daqueles que fazem parte do Conselho.\u201d<\/strong><\/p>\n\n\n\n<p><strong>POSS\u00cdVEL ATENTADO<\/strong><\/p>\n\n\n\n<p><strong>Na tribuna, o vereador Tiago Godinho fez um breve, mas dram\u00e1tico e emocionado depoimento, quando anunciou que estava pedindo \u00e0 Casa medidas de prote\u00e7\u00e3o a ele e a sua fam\u00edlia.<\/strong><\/p>\n\n\n\n<p><strong>\u00c0 vitrine online, informou que, no dia 1\u00ba.12, sua irm\u00e3 dirigia o carro de sua&nbsp; propriedade no bairro do Puris. Quando estava numa descida acionou o pedal do freio, percebeu imediatamente falha no mecanismo. \u201cPor estar em baixa velocidade, ela conseguiu controlar o ve\u00edculo, evitando qualquer tipo de acidente\u201d, disse Godinho.<\/strong><\/p>\n\n\n\n<p><strong>Mais tarde, numa oficina mec\u00e2nica, verificou-se que havia uma situa\u00e7\u00e3o estranha: o cabo do freio estava cortado. O caso foi levado \u00e0 Delegacia de Pol\u00edcia de Ibi\u00fana, que abriu inqu\u00e9rito para apurar e chegar aos poss\u00edveis autores do fato constatado.<\/strong><\/p>\n\n\n\n<p><strong>Godinho, ao recordar do perigo por que passou sua irm\u00e3, disse tamb\u00e9m nunca ter ouvido falar de um caso como esse envolvendo um vereador ibiunense, que est\u00e1 num dos momentos mais dif\u00edceis de sua vida.<\/strong><\/p>\n\n\n\n<p><strong>Referindo-se a sua seguran\u00e7a pessoal e de sua fam\u00edlia, declarou \u201cestamos vivendo dias que nem sabemos o que vai acontecer\u201d e que est\u00e1 preocupado para que \u201co pior n\u00e3o venha acontecer com minha fam\u00edlia\u201d.<\/strong><\/p>\n\n\n\n<p><strong>O vereador tamb\u00e9m se disse estar sendo alvo de diversos ataques nas redes sociais.<\/strong><\/p>\n\n\n\n<p><strong>Seus colegas vereadores manifestaram apoio e solidariedade por meio de pronunciamentos na tribuna.<\/strong><\/p>\n","protected":false},"excerpt":{"rendered":"<p>A \u00faltima sess\u00e3o da C\u00e2mara Municipal de Ibi\u00fana de 2025 realizada hoje (9) foi marcada por dois fatos ins\u00f3litos: a<\/p>\n","protected":false},"author":1,"featured_media":34696,"comment_status":"open","ping_status":"open","sticky":false,"template":"","format":"standard","meta":[],"categories":[3],"tags":[],"yoast_head":"<!-- This site is optimized with the Yoast SEO plugin v15.8 - https:\/\/yoast.com\/wordpress\/plugins\/seo\/ -->\n<title>IBI\u00daNA \u2013 C\u00c2MARA REJEITA PEDIDO DE CASSA\u00c7\u00c3O DE VEREADOR V\u00cdTIMA DE POSS\u00cdVEL ATENTADO - Revista Vitrine Online<\/title>\n<meta name=\"robots\" content=\"index, follow, max-snippet:-1, max-image-preview:large, max-video-preview:-1\" \/>\n<link rel=\"canonical\" href=\"http:\/\/revistavitrineibiuna.com.br\/?p=34686\" \/>\n<meta property=\"og:locale\" content=\"pt_BR\" \/>\n<meta property=\"og:type\" content=\"article\" \/>\n<meta property=\"og:title\" content=\"IBI\u00daNA \u2013 C\u00c2MARA REJEITA PEDIDO DE CASSA\u00c7\u00c3O DE VEREADOR V\u00cdTIMA DE POSS\u00cdVEL ATENTADO - Revista Vitrine Online\" \/>\n<meta property=\"og:description\" content=\"A \u00faltima sess\u00e3o da C\u00e2mara Municipal de Ibi\u00fana de 2025 realizada hoje (9) foi marcada por dois fatos ins\u00f3litos: a\" \/>\n<meta property=\"og:url\" content=\"http:\/\/revistavitrineibiuna.com.br\/?p=34686\" \/>\n<meta property=\"og:site_name\" content=\"Revista Vitrine Online\" \/>\n<meta property=\"article:published_time\" content=\"2025-12-09T23:43:09+00:00\" \/>\n<meta property=\"article:modified_time\" content=\"2025-12-11T13:29:22+00:00\" \/>\n<meta property=\"og:image\" content=\"https:\/\/revistavitrineibiuna.com.br\/wp-content\/uploads\/2025\/12\/Tiago-Godinho.png\" \/>\n\t<meta property=\"og:image:width\" content=\"1580\" \/>\n\t<meta property=\"og:image:height\" content=\"981\" \/>\n<meta name=\"twitter:card\" content=\"summary\" \/>\n<meta name=\"twitter:label1\" content=\"Est. reading time\">\n\t<meta name=\"twitter:data1\" content=\"3 minutos\">\n<script type=\"application\/ld+json\" class=\"yoast-schema-graph\">{\"@context\":\"https:\/\/schema.org\",\"@graph\":[{\"@type\":\"WebSite\",\"@id\":\"https:\/\/revistavitrineibiuna.com.br\/#website\",\"url\":\"https:\/\/revistavitrineibiuna.com.br\/\",\"name\":\"Revista Vitrine Ibi\\u00fana\",\"description\":\"A Revista de Ibi\\u00fana e Regi\\u00e3o\",\"publisher\":{\"@id\":\"https:\/\/revistavitrineibiuna.com.br\/#\/schema\/person\/e51ef49d6d88170ea21ceabff3f73deb\"},\"potentialAction\":[{\"@type\":\"SearchAction\",\"target\":\"https:\/\/revistavitrineibiuna.com.br\/?s={search_term_string}\",\"query-input\":\"required name=search_term_string\"}],\"inLanguage\":\"pt-BR\"},{\"@type\":\"ImageObject\",\"@id\":\"http:\/\/revistavitrineibiuna.com.br\/?p=34686#primaryimage\",\"inLanguage\":\"pt-BR\",\"url\":\"https:\/\/revistavitrineibiuna.com.br\/wp-content\/uploads\/2025\/12\/Tiago-Godinho.png\",\"width\":1580,\"height\":981},{\"@type\":\"WebPage\",\"@id\":\"http:\/\/revistavitrineibiuna.com.br\/?p=34686#webpage\",\"url\":\"http:\/\/revistavitrineibiuna.com.br\/?p=34686\",\"name\":\"IBI\\u00daNA \\u2013 C\\u00c2MARA REJEITA PEDIDO DE CASSA\\u00c7\\u00c3O DE VEREADOR V\\u00cdTIMA DE POSS\\u00cdVEL ATENTADO - Revista Vitrine Online\",\"isPartOf\":{\"@id\":\"https:\/\/revistavitrineibiuna.com.br\/#website\"},\"primaryImageOfPage\":{\"@id\":\"http:\/\/revistavitrineibiuna.com.br\/?p=34686#primaryimage\"},\"datePublished\":\"2025-12-09T23:43:09+00:00\",\"dateModified\":\"2025-12-11T13:29:22+00:00\",\"breadcrumb\":{\"@id\":\"http:\/\/revistavitrineibiuna.com.br\/?p=34686#breadcrumb\"},\"inLanguage\":\"pt-BR\",\"potentialAction\":[{\"@type\":\"ReadAction\",\"target\":[\"http:\/\/revistavitrineibiuna.com.br\/?p=34686\"]}]},{\"@type\":\"BreadcrumbList\",\"@id\":\"http:\/\/revistavitrineibiuna.com.br\/?p=34686#breadcrumb\",\"itemListElement\":[{\"@type\":\"ListItem\",\"position\":1,\"item\":{\"@type\":\"WebPage\",\"@id\":\"https:\/\/revistavitrineibiuna.com.br\/\",\"url\":\"https:\/\/revistavitrineibiuna.com.br\/\",\"name\":\"In\\u00edcio\"}},{\"@type\":\"ListItem\",\"position\":2,\"item\":{\"@type\":\"WebPage\",\"@id\":\"http:\/\/revistavitrineibiuna.com.br\/?p=34686\",\"url\":\"http:\/\/revistavitrineibiuna.com.br\/?p=34686\",\"name\":\"IBI\\u00daNA \\u2013 C\\u00c2MARA REJEITA PEDIDO DE CASSA\\u00c7\\u00c3O DE VEREADOR V\\u00cdTIMA DE POSS\\u00cdVEL ATENTADO\"}}]},{\"@type\":\"Article\",\"@id\":\"http:\/\/revistavitrineibiuna.com.br\/?p=34686#article\",\"isPartOf\":{\"@id\":\"http:\/\/revistavitrineibiuna.com.br\/?p=34686#webpage\"},\"author\":{\"@id\":\"https:\/\/revistavitrineibiuna.com.br\/#\/schema\/person\/e51ef49d6d88170ea21ceabff3f73deb\"},\"headline\":\"IBI\\u00daNA \\u2013 C\\u00c2MARA REJEITA PEDIDO DE CASSA\\u00c7\\u00c3O DE VEREADOR V\\u00cdTIMA DE POSS\\u00cdVEL ATENTADO\",\"datePublished\":\"2025-12-09T23:43:09+00:00\",\"dateModified\":\"2025-12-11T13:29:22+00:00\",\"mainEntityOfPage\":{\"@id\":\"http:\/\/revistavitrineibiuna.com.br\/?p=34686#webpage\"},\"commentCount\":0,\"publisher\":{\"@id\":\"https:\/\/revistavitrineibiuna.com.br\/#\/schema\/person\/e51ef49d6d88170ea21ceabff3f73deb\"},\"image\":{\"@id\":\"http:\/\/revistavitrineibiuna.com.br\/?p=34686#primaryimage\"},\"articleSection\":\"Not\\u00edcias\",\"inLanguage\":\"pt-BR\",\"potentialAction\":[{\"@type\":\"CommentAction\",\"name\":\"Comment\",\"target\":[\"http:\/\/revistavitrineibiuna.com.br\/?p=34686#respond\"]}]},{\"@type\":[\"Person\",\"Organization\"],\"@id\":\"https:\/\/revistavitrineibiuna.com.br\/#\/schema\/person\/e51ef49d6d88170ea21ceabff3f73deb\",\"name\":\"Carlos Rossini\",\"image\":{\"@type\":\"ImageObject\",\"@id\":\"https:\/\/revistavitrineibiuna.com.br\/#personlogo\",\"inLanguage\":\"pt-BR\",\"url\":\"https:\/\/secure.gravatar.com\/avatar\/4f2d0f99fac1f85c7d643f21f5c8d900?s=96&d=mm&r=g\",\"caption\":\"Carlos Rossini\"},\"logo\":{\"@id\":\"https:\/\/revistavitrineibiuna.com.br\/#personlogo\"},\"description\":\"Carlos Rossini \\u00e9 jornalista, soci\\u00f3logo, escritor e professor universit\\u00e1rio, tendo sido professor de jornalismo por vinte anos. Trabalhou em ve\\u00edculos de comunica\\u00e7\\u00e3o nas fun\\u00e7\\u00f5es de rep\\u00f3rter, redator, editor, articulista e colaborador, como Folha de S. Paulo, O Estado de S. Paulo, Di\\u00e1rio Popular, entre outros. Ao transferir a revista vitrine, vers\\u00e3o imprensa, de S\\u00e3o Paulo para Ibi\\u00fana h\\u00e1 alguns anos, iniciou uma nova experi\\u00eancia profissional, dedicando-se ao jornalismo regional, depois de cumprir uma trajet\\u00f3ria bem-sucedida na grande imprensa brasileira. Seu primeiro livro A Coragem de Comunicar foi lan\\u00e7ado na Bienal do Livro em S\\u00e3o Paulo no ano 2000, pela editora Madras.\"}]}<\/script>\n<!-- \/ Yoast SEO plugin. -->","_links":{"self":[{"href":"https:\/\/revistavitrineibiuna.com.br\/index.php?rest_route=\/wp\/v2\/posts\/34686"}],"collection":[{"href":"https:\/\/revistavitrineibiuna.com.br\/index.php?rest_route=\/wp\/v2\/posts"}],"about":[{"href":"https:\/\/revistavitrineibiuna.com.br\/index.php?rest_route=\/wp\/v2\/types\/post"}],"author":[{"embeddable":true,"href":"https:\/\/revistavitrineibiuna.com.br\/index.php?rest_route=\/wp\/v2\/users\/1"}],"replies":[{"embeddable":true,"href":"https:\/\/revistavitrineibiuna.com.br\/index.php?rest_route=%2Fwp%2Fv2%2Fcomments&post=34686"}],"version-history":[{"count":6,"href":"https:\/\/revistavitrineibiuna.com.br\/index.php?rest_route=\/wp\/v2\/posts\/34686\/revisions"}],"predecessor-version":[{"id":34695,"href":"https:\/\/revistavitrineibiuna.com.br\/index.php?rest_route=\/wp\/v2\/posts\/34686\/revisions\/34695"}],"wp:featuredmedia":[{"embeddable":true,"href":"https:\/\/revistavitrineibiuna.com.br\/index.php?rest_route=\/wp\/v2\/media\/34696"}],"wp:attachment":[{"href":"https:\/\/revistavitrineibiuna.com.br\/index.php?rest_route=%2Fwp%2Fv2%2Fmedia&parent=34686"}],"wp:term":[{"taxonomy":"category","embeddable":true,"href":"https:\/\/revistavitrineibiuna.com.br\/index.php?rest_route=%2Fwp%2Fv2%2Fcategories&post=34686"},{"taxonomy":"post_tag","embeddable":true,"href":"https:\/\/revistavitrineibiuna.com.br\/index.php?rest_route=%2Fwp%2Fv2%2Ftags&post=34686"}],"curies":[{"name":"wp","href":"https:\/\/api.w.org\/{rel}","templated":true}]}}