{"id":34697,"date":"2025-12-11T14:37:51","date_gmt":"2025-12-11T17:37:51","guid":{"rendered":"http:\/\/revistavitrineibiuna.com.br\/?p=34697"},"modified":"2025-12-11T14:52:11","modified_gmt":"2025-12-11T17:52:11","slug":"ibiuna-por-10-votos-camara-autoriza-prefeitura-a-atualizar-valor-do-iptu","status":"publish","type":"post","link":"https:\/\/revistavitrineibiuna.com.br\/?p=34697","title":{"rendered":"IBI\u00daNA \u2013 POR 10 VOTOS, C\u00c2MARA AUTORIZA PREFEITURA A ATUALIZAR VALOR DO IPTU"},"content":{"rendered":"\n<p class=\"has-drop-cap\"><strong>Na \u00faltima sess\u00e3o legislativa de 2025, da C\u00e2mara Municipal de Ibi\u00fana, realizada na ter\u00e7a-feira (9), os vereadores analisaram e decidiram sobre 24 projetos de lei e debateram temas relevantes, como ilumina\u00e7\u00e3o p\u00fablica.<\/strong><\/p>\n\n\n\n<p><strong>Por 10 votos favor\u00e1veis, 4 contr\u00e1rios e 1 aus\u00eancia, a C\u00e2mara autorizou a Prefeitura atualizar o valor do Imposto Predial e Territorial Urbano&nbsp; IPTU. Os percentuais do aumento dever\u00e3o ser definidos pelo Poder Executivo.<\/strong><\/p>\n\n\n\n<p><strong>Vitrine online reproduz abaixo o resumo das atividades da \u00faltima sess\u00e3o preparado pela Assessoria de Imprensa da Edilidade.<\/strong><\/p>\n\n\n\n<p><strong>A pr\u00f3xima Sess\u00e3o Legislativa ser\u00e1 realizada em 3 de fevereiro de 2026.<\/strong><\/p>\n\n\n\n<p><strong>UFMI &#8211; Segundo o teor enviado pelo Poder Executivo, os artigos da lei atualizam da UFMl para o exerc\u00edcio de 2026 (entra em vigo em 1\u00ba de janeiro), com acr\u00e9scimo percentual de 4,68%, correspondente ao IPCA (\u00cdndice de Pre\u00e7os ao Consumidor Amplo\/taxa de infla\u00e7\u00e3o) acumulado at\u00e9 outubro de 2025, medido pelo IBGE; e vai ser fixado em R$ 98,27.<\/strong><\/p>\n\n\n\n<p><strong>ILUMINA\u00c7\u00c3O E VIDEOMONITORAMETO \u2013 Um outro projeto do Executivo gerou muito debate&nbsp; foi o que autoriza, ap\u00f3s nova regulamenta\u00e7\u00e3o de lei federal, a Prefeitura a usar um porcentual da CIP, taxa de Custeio da Ilumina\u00e7\u00e3o P\u00fablica, para ampliar o videomonitoramento das c\u00e2meras de seguran\u00e7a no munic\u00edpio. Os vereadores Francine Bello e Lucas Pires foram contra, alegando que a arrecada\u00e7\u00e3o da CIP deve, em primeiro lugar, a acertar os problemas da ilumina\u00e7\u00e3o p\u00fablica de Ibi\u00fana, n\u00e3o discordando do investimento em seguran\u00e7a, via monitoramento. Os demais vereadores, que votaram a favor, tamb\u00e9m destacaram a situa\u00e7\u00e3o, digamos, n\u00e3o exemplar da ilumina\u00e7\u00e3o \u2013 segundo o l\u00edder do governo, vereador Carlinhos Marques, espera-se a conclus\u00e3o de uma licita\u00e7\u00e3o para arrumar as l\u00e2mpadas e ampliar a rede \u2013 mas que tamb\u00e9m seria \u00fatil gerar recursos para o videomonitoramento.<\/strong><\/p>\n\n\n\n<p><strong>EMENDAS IMPOSITIVAS \u2013 O Projeto de emenda \u00e0 Lei Org\u00e2nica n\u00ba 02\/2025, de autoria do vereador Rodrigo Moraes, que estabelecia porcentagem maior do or\u00e7amento para ser destinado a emendas parlamentares impositivas, foi rejeitado por um voto: 8 x 7. A base do governo se fez atuante e barrou a iniciativa.<\/strong><\/p>\n\n\n\n<p><strong>PPA \u2013 Uma importante aprova\u00e7\u00e3o un\u00e2nime foi da reda\u00e7\u00e3o final do PPA, o Plano Plurianual, que estabelece as diretrizes or\u00e7ament\u00e1rias para Ibi\u00fana nos pr\u00f3ximos quatro anos<\/strong><\/p>\n\n\n\n<p><strong>EDUCA\u00c7\u00c3O E SA\u00daDE \u2013 A vereadora Francine Bello teve aprovado tr\u00eas projetos de lei: um que obriga a rede p\u00fablica de sa\u00fade do munic\u00edpio a realizar teste de sa\u00fade da glicemia (para saber se h\u00e1 diabetes) em crian\u00e7as de 0 a 6 anos, 11 meses e 29 dias. Outra aprova\u00e7\u00e3o \u00e9 a lei que institui e regulamenta o \u201cProjeto Escola Segura\u201d, prevendo cursos, certifica\u00e7\u00f5es e capacita\u00e7\u00f5es semestrais aos agentes escolares, para tentar coibir ou diminuir os casos de abusos sexuais. E tamb\u00e9m o PLO (Projeto de Lei Ordin\u00e1ria] que disp\u00f5e sobre o direito de crian\u00e7as e adolescentes v\u00edtimas de abuso ou explora\u00e7\u00e3o sexual \u00e0 prioridade no atendimento psicol\u00f3gico na rede municipal de sa\u00fade do Munic\u00edpio de Ibi\u00fana.<\/strong><\/p>\n\n\n\n<p><strong>SINALIZA\u00c7\u00c3O NO TR\u00c2NSITO \u2013 O vereador Lucas Pires teve aprovado o PLO n\u00ba 112\/25, que \u201cdisp\u00f5e sobre a padroniza\u00e7\u00e3o de todos os equipamentos de sinaliza\u00e7\u00e3o de tr\u00e2nsito, tempor\u00e1rios e permanentes, e define que, no caso dos equipamentos tempor\u00e1rios, seja impressa uma identifica\u00e7\u00e3o exclusiva, e d\u00e1 outras provid\u00eancias.\u201d<\/strong><\/p>\n\n\n\n<p><strong>REAJUSTE DO FUCIONALISMO \u2013 Foi aprovado o Projeto de Lei Complementar (PCL) n\u00ba 177\/25 que faz a \u201cRevis\u00e3o Geral de Vencimentos\u201d do funcionalismo p\u00fablico municipal. O reajuste salarial da infla\u00e7\u00e3o foi calculado e ser\u00e1 de 4,68%.<\/strong><\/p>\n\n\n\n<p><strong>IPTU \u2013 Tamb\u00e9m foi aprovada (10 votos favor\u00e1veis, 4 contr\u00e1rio e 1 aus\u00eancia) autoriza\u00e7\u00e3o para a Prefeitura atualizar o valor do Imposto Predial e Territorial Urbano. Na mensagem do projeto ainda n\u00e3o h\u00e1 porcentuais ou valores, que ser\u00e3o definidos posteriormente pelo Poder Executivo.<\/strong><\/p>\n\n\n\n<p><strong>DIA DO ROCK \u2013 O PLO n\u00ba 184\/25, de autoria do vereador Paulinho Dias, institui o Dia do Rock no munic\u00edpio. Segundo o autor, a iniciativa fomenta a cultura do munic\u00edpio.<\/strong><\/p>\n\n\n\n<p><strong>CONSEMA \u2013 O PLO n\u00ba 187\/25 traz novas regulamenta\u00e7\u00f5es ao Conselho de Gest\u00e3o do Fundo Municipal de Alimenta\u00e7\u00e3o &#8211; Consema. A iniciativa do Poder Executivo visa garantir mais recursos, principalmente do Governo Estadual, para aumentar as a\u00e7\u00f5es governamentais na \u00e1rea.<\/strong><\/p>\n\n\n\n<p><strong>Os demais projetos regularizam ruas e logradouros em Ibi\u00fana.<\/strong><\/p>\n","protected":false},"excerpt":{"rendered":"<p>Na \u00faltima sess\u00e3o legislativa de 2025, da C\u00e2mara Municipal de Ibi\u00fana, realizada na ter\u00e7a-feira (9), os vereadores analisaram e decidiram<\/p>\n","protected":false},"author":1,"featured_media":34698,"comment_status":"open","ping_status":"open","sticky":false,"template":"","format":"standard","meta":[],"categories":[3],"tags":[],"yoast_head":"<!-- This site is optimized with the Yoast SEO plugin v15.8 - https:\/\/yoast.com\/wordpress\/plugins\/seo\/ -->\n<title>IBI\u00daNA \u2013 POR 10 VOTOS, C\u00c2MARA AUTORIZA PREFEITURA A ATUALIZAR VALOR DO IPTU - Revista Vitrine Online<\/title>\n<meta name=\"robots\" content=\"index, follow, max-snippet:-1, max-image-preview:large, max-video-preview:-1\" \/>\n<link rel=\"canonical\" href=\"http:\/\/revistavitrineibiuna.com.br\/?p=34697\" \/>\n<meta property=\"og:locale\" content=\"pt_BR\" \/>\n<meta property=\"og:type\" content=\"article\" \/>\n<meta property=\"og:title\" content=\"IBI\u00daNA \u2013 POR 10 VOTOS, C\u00c2MARA AUTORIZA PREFEITURA A ATUALIZAR VALOR DO IPTU - Revista Vitrine Online\" \/>\n<meta property=\"og:description\" content=\"Na \u00faltima sess\u00e3o legislativa de 2025, da C\u00e2mara Municipal de Ibi\u00fana, realizada na ter\u00e7a-feira (9), os vereadores analisaram e decidiram\" \/>\n<meta property=\"og:url\" content=\"http:\/\/revistavitrineibiuna.com.br\/?p=34697\" \/>\n<meta property=\"og:site_name\" content=\"Revista Vitrine Online\" \/>\n<meta property=\"article:published_time\" content=\"2025-12-11T17:37:51+00:00\" \/>\n<meta property=\"article:modified_time\" content=\"2025-12-11T17:52:11+00:00\" \/>\n<meta property=\"og:image\" content=\"https:\/\/revistavitrineibiuna.com.br\/wp-content\/uploads\/2025\/12\/ULTIMA-SESSAO-DE-2025.png\" \/>\n\t<meta property=\"og:image:width\" content=\"1600\" \/>\n\t<meta property=\"og:image:height\" content=\"900\" \/>\n<meta name=\"twitter:card\" content=\"summary\" \/>\n<meta name=\"twitter:label1\" content=\"Est. reading time\">\n\t<meta name=\"twitter:data1\" content=\"3 minutos\">\n<script type=\"application\/ld+json\" class=\"yoast-schema-graph\">{\"@context\":\"https:\/\/schema.org\",\"@graph\":[{\"@type\":\"WebSite\",\"@id\":\"https:\/\/revistavitrineibiuna.com.br\/#website\",\"url\":\"https:\/\/revistavitrineibiuna.com.br\/\",\"name\":\"Revista Vitrine Ibi\\u00fana\",\"description\":\"A Revista de Ibi\\u00fana e Regi\\u00e3o\",\"publisher\":{\"@id\":\"https:\/\/revistavitrineibiuna.com.br\/#\/schema\/person\/e51ef49d6d88170ea21ceabff3f73deb\"},\"potentialAction\":[{\"@type\":\"SearchAction\",\"target\":\"https:\/\/revistavitrineibiuna.com.br\/?s={search_term_string}\",\"query-input\":\"required name=search_term_string\"}],\"inLanguage\":\"pt-BR\"},{\"@type\":\"ImageObject\",\"@id\":\"http:\/\/revistavitrineibiuna.com.br\/?p=34697#primaryimage\",\"inLanguage\":\"pt-BR\",\"url\":\"https:\/\/revistavitrineibiuna.com.br\/wp-content\/uploads\/2025\/12\/ULTIMA-SESSAO-DE-2025.png\",\"width\":1600,\"height\":900},{\"@type\":\"WebPage\",\"@id\":\"http:\/\/revistavitrineibiuna.com.br\/?p=34697#webpage\",\"url\":\"http:\/\/revistavitrineibiuna.com.br\/?p=34697\",\"name\":\"IBI\\u00daNA \\u2013 POR 10 VOTOS, C\\u00c2MARA AUTORIZA PREFEITURA A ATUALIZAR VALOR DO IPTU - Revista Vitrine Online\",\"isPartOf\":{\"@id\":\"https:\/\/revistavitrineibiuna.com.br\/#website\"},\"primaryImageOfPage\":{\"@id\":\"http:\/\/revistavitrineibiuna.com.br\/?p=34697#primaryimage\"},\"datePublished\":\"2025-12-11T17:37:51+00:00\",\"dateModified\":\"2025-12-11T17:52:11+00:00\",\"breadcrumb\":{\"@id\":\"http:\/\/revistavitrineibiuna.com.br\/?p=34697#breadcrumb\"},\"inLanguage\":\"pt-BR\",\"potentialAction\":[{\"@type\":\"ReadAction\",\"target\":[\"http:\/\/revistavitrineibiuna.com.br\/?p=34697\"]}]},{\"@type\":\"BreadcrumbList\",\"@id\":\"http:\/\/revistavitrineibiuna.com.br\/?p=34697#breadcrumb\",\"itemListElement\":[{\"@type\":\"ListItem\",\"position\":1,\"item\":{\"@type\":\"WebPage\",\"@id\":\"https:\/\/revistavitrineibiuna.com.br\/\",\"url\":\"https:\/\/revistavitrineibiuna.com.br\/\",\"name\":\"In\\u00edcio\"}},{\"@type\":\"ListItem\",\"position\":2,\"item\":{\"@type\":\"WebPage\",\"@id\":\"http:\/\/revistavitrineibiuna.com.br\/?p=34697\",\"url\":\"http:\/\/revistavitrineibiuna.com.br\/?p=34697\",\"name\":\"IBI\\u00daNA \\u2013 POR 10 VOTOS, C\\u00c2MARA AUTORIZA PREFEITURA A ATUALIZAR VALOR DO IPTU\"}}]},{\"@type\":\"Article\",\"@id\":\"http:\/\/revistavitrineibiuna.com.br\/?p=34697#article\",\"isPartOf\":{\"@id\":\"http:\/\/revistavitrineibiuna.com.br\/?p=34697#webpage\"},\"author\":{\"@id\":\"https:\/\/revistavitrineibiuna.com.br\/#\/schema\/person\/e51ef49d6d88170ea21ceabff3f73deb\"},\"headline\":\"IBI\\u00daNA \\u2013 POR 10 VOTOS, C\\u00c2MARA AUTORIZA PREFEITURA A ATUALIZAR VALOR DO IPTU\",\"datePublished\":\"2025-12-11T17:37:51+00:00\",\"dateModified\":\"2025-12-11T17:52:11+00:00\",\"mainEntityOfPage\":{\"@id\":\"http:\/\/revistavitrineibiuna.com.br\/?p=34697#webpage\"},\"commentCount\":0,\"publisher\":{\"@id\":\"https:\/\/revistavitrineibiuna.com.br\/#\/schema\/person\/e51ef49d6d88170ea21ceabff3f73deb\"},\"image\":{\"@id\":\"http:\/\/revistavitrineibiuna.com.br\/?p=34697#primaryimage\"},\"articleSection\":\"Not\\u00edcias\",\"inLanguage\":\"pt-BR\",\"potentialAction\":[{\"@type\":\"CommentAction\",\"name\":\"Comment\",\"target\":[\"http:\/\/revistavitrineibiuna.com.br\/?p=34697#respond\"]}]},{\"@type\":[\"Person\",\"Organization\"],\"@id\":\"https:\/\/revistavitrineibiuna.com.br\/#\/schema\/person\/e51ef49d6d88170ea21ceabff3f73deb\",\"name\":\"Carlos Rossini\",\"image\":{\"@type\":\"ImageObject\",\"@id\":\"https:\/\/revistavitrineibiuna.com.br\/#personlogo\",\"inLanguage\":\"pt-BR\",\"url\":\"https:\/\/secure.gravatar.com\/avatar\/4f2d0f99fac1f85c7d643f21f5c8d900?s=96&d=mm&r=g\",\"caption\":\"Carlos Rossini\"},\"logo\":{\"@id\":\"https:\/\/revistavitrineibiuna.com.br\/#personlogo\"},\"description\":\"Carlos Rossini \\u00e9 jornalista, soci\\u00f3logo, escritor e professor universit\\u00e1rio, tendo sido professor de jornalismo por vinte anos. Trabalhou em ve\\u00edculos de comunica\\u00e7\\u00e3o nas fun\\u00e7\\u00f5es de rep\\u00f3rter, redator, editor, articulista e colaborador, como Folha de S. Paulo, O Estado de S. Paulo, Di\\u00e1rio Popular, entre outros. Ao transferir a revista vitrine, vers\\u00e3o imprensa, de S\\u00e3o Paulo para Ibi\\u00fana h\\u00e1 alguns anos, iniciou uma nova experi\\u00eancia profissional, dedicando-se ao jornalismo regional, depois de cumprir uma trajet\\u00f3ria bem-sucedida na grande imprensa brasileira. Seu primeiro livro A Coragem de Comunicar foi lan\\u00e7ado na Bienal do Livro em S\\u00e3o Paulo no ano 2000, pela editora Madras.\"}]}<\/script>\n<!-- \/ Yoast SEO plugin. -->","_links":{"self":[{"href":"https:\/\/revistavitrineibiuna.com.br\/index.php?rest_route=\/wp\/v2\/posts\/34697"}],"collection":[{"href":"https:\/\/revistavitrineibiuna.com.br\/index.php?rest_route=\/wp\/v2\/posts"}],"about":[{"href":"https:\/\/revistavitrineibiuna.com.br\/index.php?rest_route=\/wp\/v2\/types\/post"}],"author":[{"embeddable":true,"href":"https:\/\/revistavitrineibiuna.com.br\/index.php?rest_route=\/wp\/v2\/users\/1"}],"replies":[{"embeddable":true,"href":"https:\/\/revistavitrineibiuna.com.br\/index.php?rest_route=%2Fwp%2Fv2%2Fcomments&post=34697"}],"version-history":[{"count":2,"href":"https:\/\/revistavitrineibiuna.com.br\/index.php?rest_route=\/wp\/v2\/posts\/34697\/revisions"}],"predecessor-version":[{"id":34700,"href":"https:\/\/revistavitrineibiuna.com.br\/index.php?rest_route=\/wp\/v2\/posts\/34697\/revisions\/34700"}],"wp:featuredmedia":[{"embeddable":true,"href":"https:\/\/revistavitrineibiuna.com.br\/index.php?rest_route=\/wp\/v2\/media\/34698"}],"wp:attachment":[{"href":"https:\/\/revistavitrineibiuna.com.br\/index.php?rest_route=%2Fwp%2Fv2%2Fmedia&parent=34697"}],"wp:term":[{"taxonomy":"category","embeddable":true,"href":"https:\/\/revistavitrineibiuna.com.br\/index.php?rest_route=%2Fwp%2Fv2%2Fcategories&post=34697"},{"taxonomy":"post_tag","embeddable":true,"href":"https:\/\/revistavitrineibiuna.com.br\/index.php?rest_route=%2Fwp%2Fv2%2Ftags&post=34697"}],"curies":[{"name":"wp","href":"https:\/\/api.w.org\/{rel}","templated":true}]}}