{"id":34701,"date":"2025-12-12T11:06:57","date_gmt":"2025-12-12T14:06:57","guid":{"rendered":"http:\/\/revistavitrineibiuna.com.br\/?p=34701"},"modified":"2025-12-12T11:39:51","modified_gmt":"2025-12-12T14:39:51","slug":"ibiuna-noticia-do-aumento-do-iptu-2026-impacta-a-populacao","status":"publish","type":"post","link":"https:\/\/revistavitrineibiuna.com.br\/?p=34701","title":{"rendered":"IBI\u00daNA \u2013 NOT\u00cdCIA DO AUMENTO DO IPTU 2026 IMPACTA A POPULA\u00c7\u00c3O"},"content":{"rendered":"\n<p class=\"has-drop-cap\"><strong>A not\u00edcia publicada ontem (11) por vitrine online informando que a C\u00e2mara Municipal autorizou a Prefeitura de Ibi\u00fana a atualizar o valor do IPTU para 2026 provocou imediatas rea\u00e7\u00f5es de indigna\u00e7\u00e3o dos leitores.<\/strong><\/p>\n\n\n\n<p><strong>\u201cLament\u00e1vel, sem sentido\u201d, declarou Clarice Costacurta, indagando \u201cquais vereadores aprovaram o aumento\u201d, assim como perguntaram outras leitoras e leitores.<\/strong><\/p>\n\n\n\n<p><strong>Bia Carvalho: \u201cPago a conta de luz, taxa de ilumina\u00e7\u00e3o p\u00fablica, n\u00e3o tenho ilumina\u00e7\u00e3o na minha rua, pago IPTU, taxa de lixo, tamb\u00e9m n\u00e3o tenho coleta. Me corrijam, se estiver errada\u201d.<\/strong><\/p>\n\n\n\n<p><strong>Marcileia Lopes: \u201cPodia mandar esse aumento para quem o aprovou, j\u00e1 que est\u00e1 alto o valor.\u201d<\/strong><\/p>\n\n\n\n<p><strong>Valdete Santo: \u201cNossa! J\u00e1 pago muito caro, aonde a gente vai parar?\u201d<\/strong><\/p>\n\n\n\n<p><strong>ATUALIZA\u00c7\u00c3O OU AUMENTO?<\/strong><\/p>\n\n\n\n<p><strong>\u00c0 noite, o vereador Carlinhos Marques (Podemos), l\u00edder do Governo no Lesgislativo, enviou mensagem esclarecendo que \u201co reajuste do IPTU ser\u00e1 a mesma corre\u00e7\u00e3o da infla\u00e7\u00e3o\u201d, cujo percentual \u00e9 de 4,68%, sugerindo que, na realidade, n\u00e3o se trata de aumento e sim \u201capenas um reajuste da infla\u00e7\u00e3o acumulada\u201d.<\/strong><\/p>\n\n\n\n<p><strong>Renato Bonavigo, no entanto, rebateu o edil nos coment\u00e1rios divulgados no Facebook: \u201cDesculpe vereador, mas se o valor atual foi alterado para um valor maior, isso \u00e9 um aumento, independente do nome que se d\u00ea. Vai sair do bolso do contribuinte.\u201d<\/strong><\/p>\n\n\n\n<p><strong>COMO FOI A VOTA\u00c7\u00c3O<\/strong><\/p>\n\n\n\n<p><strong>Votaram a favor do pedido do Executivo os vereadores: Abel do Cupim, Carlinhos Marques, Carlos Eduardo (Pururuca), Devanil da Ressaca, Dilt\u00e3o, Dito Santos, Paulinho Dias, Rodrigo Moraes, Tiago Godinho e Valnei Galv\u00e3o.<\/strong><\/p>\n\n\n\n<p><strong>Votaram contra: Francine Bello, Charles Guimar\u00e3es, Lucas do Samu e Lucas Pires.<\/strong><\/p>\n\n\n\n<p><strong>O vereador Rodrigo Lima n\u00e3o votou. Segundo informou a C\u00e2mara, ele se retirou em determinado momento da sess\u00e3o para fazer exame m\u00e9dico.<\/strong><\/p>\n","protected":false},"excerpt":{"rendered":"<p>A not\u00edcia publicada ontem (11) por vitrine online informando que a C\u00e2mara Municipal autorizou a Prefeitura de Ibi\u00fana a atualizar<\/p>\n","protected":false},"author":1,"featured_media":34702,"comment_status":"open","ping_status":"open","sticky":false,"template":"","format":"standard","meta":[],"categories":[3],"tags":[],"yoast_head":"<!-- This site is optimized with the Yoast SEO plugin v15.8 - https:\/\/yoast.com\/wordpress\/plugins\/seo\/ -->\n<title>IBI\u00daNA \u2013 NOT\u00cdCIA DO AUMENTO DO IPTU 2026 IMPACTA A POPULA\u00c7\u00c3O - Revista Vitrine Online<\/title>\n<meta name=\"robots\" content=\"index, follow, max-snippet:-1, max-image-preview:large, max-video-preview:-1\" \/>\n<link rel=\"canonical\" href=\"http:\/\/revistavitrineibiuna.com.br\/?p=34701\" \/>\n<meta property=\"og:locale\" content=\"pt_BR\" \/>\n<meta property=\"og:type\" content=\"article\" \/>\n<meta property=\"og:title\" content=\"IBI\u00daNA \u2013 NOT\u00cdCIA DO AUMENTO DO IPTU 2026 IMPACTA A POPULA\u00c7\u00c3O - Revista Vitrine Online\" \/>\n<meta property=\"og:description\" content=\"A not\u00edcia publicada ontem (11) por vitrine online informando que a C\u00e2mara Municipal autorizou a Prefeitura de Ibi\u00fana a atualizar\" \/>\n<meta property=\"og:url\" content=\"http:\/\/revistavitrineibiuna.com.br\/?p=34701\" \/>\n<meta property=\"og:site_name\" content=\"Revista Vitrine Online\" \/>\n<meta property=\"article:published_time\" content=\"2025-12-12T14:06:57+00:00\" \/>\n<meta property=\"article:modified_time\" content=\"2025-12-12T14:39:51+00:00\" \/>\n<meta property=\"og:image\" content=\"https:\/\/revistavitrineibiuna.com.br\/wp-content\/uploads\/2025\/12\/dc22f6cc-0f7d-4f46-9aba-3cb9d4cb4379.jpg\" \/>\n\t<meta property=\"og:image:width\" content=\"1600\" \/>\n\t<meta property=\"og:image:height\" content=\"1131\" \/>\n<meta name=\"twitter:card\" content=\"summary\" \/>\n<meta name=\"twitter:label1\" content=\"Est. reading time\">\n\t<meta name=\"twitter:data1\" content=\"2 minutos\">\n<script type=\"application\/ld+json\" class=\"yoast-schema-graph\">{\"@context\":\"https:\/\/schema.org\",\"@graph\":[{\"@type\":\"WebSite\",\"@id\":\"https:\/\/revistavitrineibiuna.com.br\/#website\",\"url\":\"https:\/\/revistavitrineibiuna.com.br\/\",\"name\":\"Revista Vitrine Ibi\\u00fana\",\"description\":\"A Revista de Ibi\\u00fana e Regi\\u00e3o\",\"publisher\":{\"@id\":\"https:\/\/revistavitrineibiuna.com.br\/#\/schema\/person\/e51ef49d6d88170ea21ceabff3f73deb\"},\"potentialAction\":[{\"@type\":\"SearchAction\",\"target\":\"https:\/\/revistavitrineibiuna.com.br\/?s={search_term_string}\",\"query-input\":\"required name=search_term_string\"}],\"inLanguage\":\"pt-BR\"},{\"@type\":\"ImageObject\",\"@id\":\"http:\/\/revistavitrineibiuna.com.br\/?p=34701#primaryimage\",\"inLanguage\":\"pt-BR\",\"url\":\"https:\/\/revistavitrineibiuna.com.br\/wp-content\/uploads\/2025\/12\/dc22f6cc-0f7d-4f46-9aba-3cb9d4cb4379.jpg\",\"width\":1600,\"height\":1131},{\"@type\":\"WebPage\",\"@id\":\"http:\/\/revistavitrineibiuna.com.br\/?p=34701#webpage\",\"url\":\"http:\/\/revistavitrineibiuna.com.br\/?p=34701\",\"name\":\"IBI\\u00daNA \\u2013 NOT\\u00cdCIA DO AUMENTO DO IPTU 2026 IMPACTA A POPULA\\u00c7\\u00c3O - Revista Vitrine Online\",\"isPartOf\":{\"@id\":\"https:\/\/revistavitrineibiuna.com.br\/#website\"},\"primaryImageOfPage\":{\"@id\":\"http:\/\/revistavitrineibiuna.com.br\/?p=34701#primaryimage\"},\"datePublished\":\"2025-12-12T14:06:57+00:00\",\"dateModified\":\"2025-12-12T14:39:51+00:00\",\"breadcrumb\":{\"@id\":\"http:\/\/revistavitrineibiuna.com.br\/?p=34701#breadcrumb\"},\"inLanguage\":\"pt-BR\",\"potentialAction\":[{\"@type\":\"ReadAction\",\"target\":[\"http:\/\/revistavitrineibiuna.com.br\/?p=34701\"]}]},{\"@type\":\"BreadcrumbList\",\"@id\":\"http:\/\/revistavitrineibiuna.com.br\/?p=34701#breadcrumb\",\"itemListElement\":[{\"@type\":\"ListItem\",\"position\":1,\"item\":{\"@type\":\"WebPage\",\"@id\":\"https:\/\/revistavitrineibiuna.com.br\/\",\"url\":\"https:\/\/revistavitrineibiuna.com.br\/\",\"name\":\"In\\u00edcio\"}},{\"@type\":\"ListItem\",\"position\":2,\"item\":{\"@type\":\"WebPage\",\"@id\":\"http:\/\/revistavitrineibiuna.com.br\/?p=34701\",\"url\":\"http:\/\/revistavitrineibiuna.com.br\/?p=34701\",\"name\":\"IBI\\u00daNA \\u2013 NOT\\u00cdCIA DO AUMENTO DO IPTU 2026 IMPACTA A POPULA\\u00c7\\u00c3O\"}}]},{\"@type\":\"Article\",\"@id\":\"http:\/\/revistavitrineibiuna.com.br\/?p=34701#article\",\"isPartOf\":{\"@id\":\"http:\/\/revistavitrineibiuna.com.br\/?p=34701#webpage\"},\"author\":{\"@id\":\"https:\/\/revistavitrineibiuna.com.br\/#\/schema\/person\/e51ef49d6d88170ea21ceabff3f73deb\"},\"headline\":\"IBI\\u00daNA \\u2013 NOT\\u00cdCIA DO AUMENTO DO IPTU 2026 IMPACTA A POPULA\\u00c7\\u00c3O\",\"datePublished\":\"2025-12-12T14:06:57+00:00\",\"dateModified\":\"2025-12-12T14:39:51+00:00\",\"mainEntityOfPage\":{\"@id\":\"http:\/\/revistavitrineibiuna.com.br\/?p=34701#webpage\"},\"commentCount\":0,\"publisher\":{\"@id\":\"https:\/\/revistavitrineibiuna.com.br\/#\/schema\/person\/e51ef49d6d88170ea21ceabff3f73deb\"},\"image\":{\"@id\":\"http:\/\/revistavitrineibiuna.com.br\/?p=34701#primaryimage\"},\"articleSection\":\"Not\\u00edcias\",\"inLanguage\":\"pt-BR\",\"potentialAction\":[{\"@type\":\"CommentAction\",\"name\":\"Comment\",\"target\":[\"http:\/\/revistavitrineibiuna.com.br\/?p=34701#respond\"]}]},{\"@type\":[\"Person\",\"Organization\"],\"@id\":\"https:\/\/revistavitrineibiuna.com.br\/#\/schema\/person\/e51ef49d6d88170ea21ceabff3f73deb\",\"name\":\"Carlos Rossini\",\"image\":{\"@type\":\"ImageObject\",\"@id\":\"https:\/\/revistavitrineibiuna.com.br\/#personlogo\",\"inLanguage\":\"pt-BR\",\"url\":\"https:\/\/secure.gravatar.com\/avatar\/4f2d0f99fac1f85c7d643f21f5c8d900?s=96&d=mm&r=g\",\"caption\":\"Carlos Rossini\"},\"logo\":{\"@id\":\"https:\/\/revistavitrineibiuna.com.br\/#personlogo\"},\"description\":\"Carlos Rossini \\u00e9 jornalista, soci\\u00f3logo, escritor e professor universit\\u00e1rio, tendo sido professor de jornalismo por vinte anos. Trabalhou em ve\\u00edculos de comunica\\u00e7\\u00e3o nas fun\\u00e7\\u00f5es de rep\\u00f3rter, redator, editor, articulista e colaborador, como Folha de S. Paulo, O Estado de S. Paulo, Di\\u00e1rio Popular, entre outros. Ao transferir a revista vitrine, vers\\u00e3o imprensa, de S\\u00e3o Paulo para Ibi\\u00fana h\\u00e1 alguns anos, iniciou uma nova experi\\u00eancia profissional, dedicando-se ao jornalismo regional, depois de cumprir uma trajet\\u00f3ria bem-sucedida na grande imprensa brasileira. Seu primeiro livro A Coragem de Comunicar foi lan\\u00e7ado na Bienal do Livro em S\\u00e3o Paulo no ano 2000, pela editora Madras.\"}]}<\/script>\n<!-- \/ Yoast SEO plugin. -->","_links":{"self":[{"href":"https:\/\/revistavitrineibiuna.com.br\/index.php?rest_route=\/wp\/v2\/posts\/34701"}],"collection":[{"href":"https:\/\/revistavitrineibiuna.com.br\/index.php?rest_route=\/wp\/v2\/posts"}],"about":[{"href":"https:\/\/revistavitrineibiuna.com.br\/index.php?rest_route=\/wp\/v2\/types\/post"}],"author":[{"embeddable":true,"href":"https:\/\/revistavitrineibiuna.com.br\/index.php?rest_route=\/wp\/v2\/users\/1"}],"replies":[{"embeddable":true,"href":"https:\/\/revistavitrineibiuna.com.br\/index.php?rest_route=%2Fwp%2Fv2%2Fcomments&post=34701"}],"version-history":[{"count":2,"href":"https:\/\/revistavitrineibiuna.com.br\/index.php?rest_route=\/wp\/v2\/posts\/34701\/revisions"}],"predecessor-version":[{"id":34704,"href":"https:\/\/revistavitrineibiuna.com.br\/index.php?rest_route=\/wp\/v2\/posts\/34701\/revisions\/34704"}],"wp:featuredmedia":[{"embeddable":true,"href":"https:\/\/revistavitrineibiuna.com.br\/index.php?rest_route=\/wp\/v2\/media\/34702"}],"wp:attachment":[{"href":"https:\/\/revistavitrineibiuna.com.br\/index.php?rest_route=%2Fwp%2Fv2%2Fmedia&parent=34701"}],"wp:term":[{"taxonomy":"category","embeddable":true,"href":"https:\/\/revistavitrineibiuna.com.br\/index.php?rest_route=%2Fwp%2Fv2%2Fcategories&post=34701"},{"taxonomy":"post_tag","embeddable":true,"href":"https:\/\/revistavitrineibiuna.com.br\/index.php?rest_route=%2Fwp%2Fv2%2Ftags&post=34701"}],"curies":[{"name":"wp","href":"https:\/\/api.w.org\/{rel}","templated":true}]}}