{"id":34706,"date":"2025-12-15T10:56:34","date_gmt":"2025-12-15T13:56:34","guid":{"rendered":"http:\/\/revistavitrineibiuna.com.br\/?p=34706"},"modified":"2025-12-15T10:56:36","modified_gmt":"2025-12-15T13:56:36","slug":"ibiuna-lixo-ao-longo-da-ciclovia-contamina-area-de-protecao-ambiental","status":"publish","type":"post","link":"https:\/\/revistavitrineibiuna.com.br\/?p=34706","title":{"rendered":"IBI\u00daNA \u2013 LIXO AO LONGO DA CICLOVIA CONTAMINA \u00c1REA DE PROTE\u00c7\u00c3O AMBIENTAL"},"content":{"rendered":"\n<p class=\"has-drop-cap\"><strong>Depois de assistir \u00e0 not\u00edcia veiculada ontem (13) pela TVUNA, em que o engenheiro civil Marcelo Zambardino apontou o lixo acumulado ao longo da ciclovia, na av. Ant\u00f4nio Falci, no entorno do centro de Ibi\u00fana, um leitor, que pediu para n\u00e3o ser identificado, afirmou:<\/strong><\/p>\n\n\n\n<p><strong>\u201cO lixo foi esquecido pelo servi\u00e7o de zeladoria da Prefeitura, que somente cortou a grama no local. E a explica\u00e7\u00e3o parece simples: o que n\u00e3o \u00e9 vis\u00edvel aos olhos dos cidad\u00e3os, n\u00e3o existe para administra\u00e7\u00e3o p\u00fablica.\u201d<\/strong><\/p>\n\n\n\n<p><strong>Zambardino tem cuidado ao longo dos anos de dois assuntos que o incomodam notavelmente: a seguran\u00e7a p\u00fablica [preside o Conselho Comunit\u00e1rio de Seguran\u00e7a de Ibi\u00fana \u2013 Conseg h\u00e1 mais de uma d\u00e9cada]; e o meio ambiente [\u00e9 membro atuante do Consema \u2013 Conselho Municipal do Meio Ambiente]. Na \u00faltima seca, chegou a medir diariamente o n\u00edvel das \u00e1guas da Represa Itupararanga.<\/strong><\/p>\n\n\n\n<p><strong>PROTE\u00c7\u00c3O AMBIENTAL<\/strong><\/p>\n\n\n\n<p><strong>Na entrevista, o engenheiro civil destacou que o monte de lixo n\u00e3o degrad\u00e1vel espalhado ao longo da ciclovia se encontra numa \u00e1rea de prote\u00e7\u00e3o ambiental abrangida por rios formadores e a pr\u00f3pria represa que abastece mais de um milh\u00e3o de pessoas na regi\u00e3o Sorocaba.<\/strong><\/p>\n\n\n\n<p><strong>O leitor tamb\u00e9m observou que os governantes de Ibi\u00fana \u201cteimam em reincidir na miopia de esconder a sujeira debaixo do tapete\u201d.<\/strong><\/p>\n\n\n\n<p><strong>A prop\u00f3sito, Zambardino percebeu o lixo acumulado ao longo da ciclovia porque no domingo passado participou de uma corrida promovida pelo grupo \u201cVamu correr Ibi\u00fana\u201d, realizada anualmente.<\/strong><\/p>\n\n\n\n<p><strong>EST\u00c2NCIA TUR\u00cdSTICA<\/strong><\/p>\n\n\n\n<p><strong>Depois da veicula\u00e7\u00e3o da entrevista, outras pessoas se manifestaram confirmando a exist\u00eancia desse problema que afeta diretamente uma cidade que \u00e9 est\u00e2ncia tur\u00edstica h\u00e1 25 anos.<\/strong><\/p>\n\n\n\n<p><strong>\u201c\u00c9 engra\u00e7ado! As autoridades acionaram os servi\u00e7os de zeladoria, pintaram a pra\u00e7a da Matriz, faixas de sinaliza\u00e7\u00e3o, ro\u00e7aram gramados em v\u00e1rios locais vis\u00edveis para os cidad\u00e3os, mas naquilo que n\u00e3o se v\u00ea passaram batido\u201d, comentou o leitor.<\/strong><\/p>\n\n\n\n<p><strong>No Facebook um cidad\u00e3o comentou: \u201cN\u00e3o \u00e9 s\u00f3 ali que o lixo est\u00e1 largado. Isso se v\u00ea tamb\u00e9m em muitos outros lugares do munic\u00edpio.\u201d<\/strong><\/p>\n\n\n\n<p><strong>Oxal\u00e1, sua excel\u00eancia, o prefeito municipal, tome conhecimento desse fato e determine a remo\u00e7\u00e3o do lixo. A natureza e a popula\u00e7\u00e3o certamente ser\u00e3o gratas.<\/strong><\/p>\n","protected":false},"excerpt":{"rendered":"<p>Depois de assistir \u00e0 not\u00edcia veiculada ontem (13) pela TVUNA, em que o engenheiro civil Marcelo Zambardino apontou o lixo<\/p>\n","protected":false},"author":1,"featured_media":34707,"comment_status":"open","ping_status":"open","sticky":false,"template":"","format":"standard","meta":[],"categories":[3],"tags":[],"yoast_head":"<!-- This site is optimized with the Yoast SEO plugin v15.8 - https:\/\/yoast.com\/wordpress\/plugins\/seo\/ -->\n<title>IBI\u00daNA \u2013 LIXO AO LONGO DA CICLOVIA CONTAMINA \u00c1REA DE PROTE\u00c7\u00c3O AMBIENTAL - Revista Vitrine Online<\/title>\n<meta name=\"robots\" content=\"index, follow, max-snippet:-1, max-image-preview:large, max-video-preview:-1\" \/>\n<link rel=\"canonical\" href=\"http:\/\/revistavitrineibiuna.com.br\/?p=34706\" \/>\n<meta property=\"og:locale\" content=\"pt_BR\" \/>\n<meta property=\"og:type\" content=\"article\" \/>\n<meta property=\"og:title\" content=\"IBI\u00daNA \u2013 LIXO AO LONGO DA CICLOVIA CONTAMINA \u00c1REA DE PROTE\u00c7\u00c3O AMBIENTAL - Revista Vitrine Online\" \/>\n<meta property=\"og:description\" content=\"Depois de assistir \u00e0 not\u00edcia veiculada ontem (13) pela TVUNA, em que o engenheiro civil Marcelo Zambardino apontou o lixo\" \/>\n<meta property=\"og:url\" content=\"http:\/\/revistavitrineibiuna.com.br\/?p=34706\" \/>\n<meta property=\"og:site_name\" content=\"Revista Vitrine Online\" \/>\n<meta property=\"article:published_time\" content=\"2025-12-15T13:56:34+00:00\" \/>\n<meta property=\"article:modified_time\" content=\"2025-12-15T13:56:36+00:00\" \/>\n<meta property=\"og:image\" content=\"https:\/\/revistavitrineibiuna.com.br\/wp-content\/uploads\/2025\/12\/marcelo-zambardino-engenheiro.png\" \/>\n\t<meta property=\"og:image:width\" content=\"799\" \/>\n\t<meta property=\"og:image:height\" content=\"444\" \/>\n<meta name=\"twitter:card\" content=\"summary\" \/>\n<meta name=\"twitter:label1\" content=\"Est. reading time\">\n\t<meta name=\"twitter:data1\" content=\"2 minutos\">\n<script type=\"application\/ld+json\" class=\"yoast-schema-graph\">{\"@context\":\"https:\/\/schema.org\",\"@graph\":[{\"@type\":\"WebSite\",\"@id\":\"https:\/\/revistavitrineibiuna.com.br\/#website\",\"url\":\"https:\/\/revistavitrineibiuna.com.br\/\",\"name\":\"Revista Vitrine Ibi\\u00fana\",\"description\":\"A Revista de Ibi\\u00fana e Regi\\u00e3o\",\"publisher\":{\"@id\":\"https:\/\/revistavitrineibiuna.com.br\/#\/schema\/person\/e51ef49d6d88170ea21ceabff3f73deb\"},\"potentialAction\":[{\"@type\":\"SearchAction\",\"target\":\"https:\/\/revistavitrineibiuna.com.br\/?s={search_term_string}\",\"query-input\":\"required name=search_term_string\"}],\"inLanguage\":\"pt-BR\"},{\"@type\":\"ImageObject\",\"@id\":\"http:\/\/revistavitrineibiuna.com.br\/?p=34706#primaryimage\",\"inLanguage\":\"pt-BR\",\"url\":\"https:\/\/revistavitrineibiuna.com.br\/wp-content\/uploads\/2025\/12\/marcelo-zambardino-engenheiro.png\",\"width\":799,\"height\":444},{\"@type\":\"WebPage\",\"@id\":\"http:\/\/revistavitrineibiuna.com.br\/?p=34706#webpage\",\"url\":\"http:\/\/revistavitrineibiuna.com.br\/?p=34706\",\"name\":\"IBI\\u00daNA \\u2013 LIXO AO LONGO DA CICLOVIA CONTAMINA \\u00c1REA DE PROTE\\u00c7\\u00c3O AMBIENTAL - Revista Vitrine Online\",\"isPartOf\":{\"@id\":\"https:\/\/revistavitrineibiuna.com.br\/#website\"},\"primaryImageOfPage\":{\"@id\":\"http:\/\/revistavitrineibiuna.com.br\/?p=34706#primaryimage\"},\"datePublished\":\"2025-12-15T13:56:34+00:00\",\"dateModified\":\"2025-12-15T13:56:36+00:00\",\"breadcrumb\":{\"@id\":\"http:\/\/revistavitrineibiuna.com.br\/?p=34706#breadcrumb\"},\"inLanguage\":\"pt-BR\",\"potentialAction\":[{\"@type\":\"ReadAction\",\"target\":[\"http:\/\/revistavitrineibiuna.com.br\/?p=34706\"]}]},{\"@type\":\"BreadcrumbList\",\"@id\":\"http:\/\/revistavitrineibiuna.com.br\/?p=34706#breadcrumb\",\"itemListElement\":[{\"@type\":\"ListItem\",\"position\":1,\"item\":{\"@type\":\"WebPage\",\"@id\":\"https:\/\/revistavitrineibiuna.com.br\/\",\"url\":\"https:\/\/revistavitrineibiuna.com.br\/\",\"name\":\"In\\u00edcio\"}},{\"@type\":\"ListItem\",\"position\":2,\"item\":{\"@type\":\"WebPage\",\"@id\":\"http:\/\/revistavitrineibiuna.com.br\/?p=34706\",\"url\":\"http:\/\/revistavitrineibiuna.com.br\/?p=34706\",\"name\":\"IBI\\u00daNA \\u2013 LIXO AO LONGO DA CICLOVIA CONTAMINA \\u00c1REA DE PROTE\\u00c7\\u00c3O AMBIENTAL\"}}]},{\"@type\":\"Article\",\"@id\":\"http:\/\/revistavitrineibiuna.com.br\/?p=34706#article\",\"isPartOf\":{\"@id\":\"http:\/\/revistavitrineibiuna.com.br\/?p=34706#webpage\"},\"author\":{\"@id\":\"https:\/\/revistavitrineibiuna.com.br\/#\/schema\/person\/e51ef49d6d88170ea21ceabff3f73deb\"},\"headline\":\"IBI\\u00daNA \\u2013 LIXO AO LONGO DA CICLOVIA CONTAMINA \\u00c1REA DE PROTE\\u00c7\\u00c3O AMBIENTAL\",\"datePublished\":\"2025-12-15T13:56:34+00:00\",\"dateModified\":\"2025-12-15T13:56:36+00:00\",\"mainEntityOfPage\":{\"@id\":\"http:\/\/revistavitrineibiuna.com.br\/?p=34706#webpage\"},\"commentCount\":0,\"publisher\":{\"@id\":\"https:\/\/revistavitrineibiuna.com.br\/#\/schema\/person\/e51ef49d6d88170ea21ceabff3f73deb\"},\"image\":{\"@id\":\"http:\/\/revistavitrineibiuna.com.br\/?p=34706#primaryimage\"},\"articleSection\":\"Not\\u00edcias\",\"inLanguage\":\"pt-BR\",\"potentialAction\":[{\"@type\":\"CommentAction\",\"name\":\"Comment\",\"target\":[\"http:\/\/revistavitrineibiuna.com.br\/?p=34706#respond\"]}]},{\"@type\":[\"Person\",\"Organization\"],\"@id\":\"https:\/\/revistavitrineibiuna.com.br\/#\/schema\/person\/e51ef49d6d88170ea21ceabff3f73deb\",\"name\":\"Carlos Rossini\",\"image\":{\"@type\":\"ImageObject\",\"@id\":\"https:\/\/revistavitrineibiuna.com.br\/#personlogo\",\"inLanguage\":\"pt-BR\",\"url\":\"https:\/\/secure.gravatar.com\/avatar\/4f2d0f99fac1f85c7d643f21f5c8d900?s=96&d=mm&r=g\",\"caption\":\"Carlos Rossini\"},\"logo\":{\"@id\":\"https:\/\/revistavitrineibiuna.com.br\/#personlogo\"},\"description\":\"Carlos Rossini \\u00e9 jornalista, soci\\u00f3logo, escritor e professor universit\\u00e1rio, tendo sido professor de jornalismo por vinte anos. Trabalhou em ve\\u00edculos de comunica\\u00e7\\u00e3o nas fun\\u00e7\\u00f5es de rep\\u00f3rter, redator, editor, articulista e colaborador, como Folha de S. Paulo, O Estado de S. Paulo, Di\\u00e1rio Popular, entre outros. Ao transferir a revista vitrine, vers\\u00e3o imprensa, de S\\u00e3o Paulo para Ibi\\u00fana h\\u00e1 alguns anos, iniciou uma nova experi\\u00eancia profissional, dedicando-se ao jornalismo regional, depois de cumprir uma trajet\\u00f3ria bem-sucedida na grande imprensa brasileira. Seu primeiro livro A Coragem de Comunicar foi lan\\u00e7ado na Bienal do Livro em S\\u00e3o Paulo no ano 2000, pela editora Madras.\"}]}<\/script>\n<!-- \/ Yoast SEO plugin. -->","_links":{"self":[{"href":"https:\/\/revistavitrineibiuna.com.br\/index.php?rest_route=\/wp\/v2\/posts\/34706"}],"collection":[{"href":"https:\/\/revistavitrineibiuna.com.br\/index.php?rest_route=\/wp\/v2\/posts"}],"about":[{"href":"https:\/\/revistavitrineibiuna.com.br\/index.php?rest_route=\/wp\/v2\/types\/post"}],"author":[{"embeddable":true,"href":"https:\/\/revistavitrineibiuna.com.br\/index.php?rest_route=\/wp\/v2\/users\/1"}],"replies":[{"embeddable":true,"href":"https:\/\/revistavitrineibiuna.com.br\/index.php?rest_route=%2Fwp%2Fv2%2Fcomments&post=34706"}],"version-history":[{"count":1,"href":"https:\/\/revistavitrineibiuna.com.br\/index.php?rest_route=\/wp\/v2\/posts\/34706\/revisions"}],"predecessor-version":[{"id":34708,"href":"https:\/\/revistavitrineibiuna.com.br\/index.php?rest_route=\/wp\/v2\/posts\/34706\/revisions\/34708"}],"wp:featuredmedia":[{"embeddable":true,"href":"https:\/\/revistavitrineibiuna.com.br\/index.php?rest_route=\/wp\/v2\/media\/34707"}],"wp:attachment":[{"href":"https:\/\/revistavitrineibiuna.com.br\/index.php?rest_route=%2Fwp%2Fv2%2Fmedia&parent=34706"}],"wp:term":[{"taxonomy":"category","embeddable":true,"href":"https:\/\/revistavitrineibiuna.com.br\/index.php?rest_route=%2Fwp%2Fv2%2Fcategories&post=34706"},{"taxonomy":"post_tag","embeddable":true,"href":"https:\/\/revistavitrineibiuna.com.br\/index.php?rest_route=%2Fwp%2Fv2%2Ftags&post=34706"}],"curies":[{"name":"wp","href":"https:\/\/api.w.org\/{rel}","templated":true}]}}