{"id":34709,"date":"2025-12-18T21:51:26","date_gmt":"2025-12-19T00:51:26","guid":{"rendered":"http:\/\/revistavitrineibiuna.com.br\/?p=34709"},"modified":"2025-12-18T21:51:27","modified_gmt":"2025-12-19T00:51:27","slug":"geraldinho-prefeito-de-piedade-morre-aos-47-anos","status":"publish","type":"post","link":"https:\/\/revistavitrineibiuna.com.br\/?p=34709","title":{"rendered":"GERALDINHO, PREFEITO DE PIEDADE, MORRE AOS 47 ANOS"},"content":{"rendered":"\n<p class=\"has-drop-cap\"><strong>Geraldo Pinto de Camargo Filho [Geraldinho] morreu hoje (18), aos 47 anos, na Santa Casa de Miseric\u00f3rdia do munic\u00edpio, onde foi internado com um grave quadro de intoxica\u00e7\u00e3o qu\u00edmica.<\/strong><\/p>\n\n\n\n<p><strong>A not\u00edcia de sua morte inesperada repercutiu imediatamente na cidade e &nbsp;em toda a regi\u00e3o. A causa da morte n\u00e3o foi divulgada.<\/strong><\/p>\n\n\n\n<p><strong>Geraldinho foi socorrido, mas n\u00e3o resistiu ao quadro cr\u00edtico. O vice-prefeito Renaldo Correa da Silva assume o Executivo.<\/strong><\/p>\n\n\n\n<p><strong>Geraldinho foi metal\u00fargico e dirigente sindical, antes de ingressar na pol\u00edtica. Natural de Piedade, onde nasceu em 20 de maio de 1978, sua biografia foi marcada por lidar com causas sociais e com o munic\u00edpio de Piedade.<\/strong><\/p>\n\n\n\n<p><strong>A Prefeitura de Piedade divulgou a seguinte nota: \u201cA Prefeitura de Piedade lamenta profundamente o falecimento de Geraldo Pinto de Camargo Filho, 47 anos, prefeito de Piedade. Fato ocorrido nesta quinta-feira (18). Geraldo deixa um legado de contribui\u00e7\u00f5es imensas para o desenvolvimento do munic\u00edpio, com grandes obras realizadas e um legado pol\u00edtico memor\u00e1vel. Geraldo deixa sua m\u00e3e, tr\u00eas irm\u00e3s e dois filhos\u201d.<\/strong><\/p>\n\n\n\n<p><strong>Ele foi eleito vereador em 2008, com base no apoio de trabalhadores e movimentos sociais. Em 2024, foi reeleito com 16.558 votos, 57,36% dos votos v\u00e1lidos. Ele era casado e estava no cargo desde 2020.<\/strong><\/p>\n\n\n\n<p><strong>Segundo a prefeitura, informa\u00e7\u00f5es sobre vel\u00f3rio e sepultamento do corpo ser\u00e3o divulgadas nos canais de comunica\u00e7\u00e3o da administra\u00e7\u00e3o municipal.<\/strong><\/p>\n","protected":false},"excerpt":{"rendered":"<p>Geraldo Pinto de Camargo Filho [Geraldinho] morreu hoje (18), aos 47 anos, na Santa Casa de Miseric\u00f3rdia do munic\u00edpio, onde<\/p>\n","protected":false},"author":1,"featured_media":34710,"comment_status":"open","ping_status":"open","sticky":false,"template":"","format":"standard","meta":[],"categories":[3],"tags":[],"yoast_head":"<!-- This site is optimized with the Yoast SEO plugin v15.8 - https:\/\/yoast.com\/wordpress\/plugins\/seo\/ -->\n<title>GERALDINHO, PREFEITO DE PIEDADE, MORRE AOS 47 ANOS - Revista Vitrine Online<\/title>\n<meta name=\"robots\" content=\"index, follow, max-snippet:-1, max-image-preview:large, max-video-preview:-1\" \/>\n<link rel=\"canonical\" href=\"http:\/\/revistavitrineibiuna.com.br\/?p=34709\" \/>\n<meta property=\"og:locale\" content=\"pt_BR\" \/>\n<meta property=\"og:type\" content=\"article\" \/>\n<meta property=\"og:title\" content=\"GERALDINHO, PREFEITO DE PIEDADE, MORRE AOS 47 ANOS - Revista Vitrine Online\" \/>\n<meta property=\"og:description\" content=\"Geraldo Pinto de Camargo Filho [Geraldinho] morreu hoje (18), aos 47 anos, na Santa Casa de Miseric\u00f3rdia do munic\u00edpio, onde\" \/>\n<meta property=\"og:url\" content=\"http:\/\/revistavitrineibiuna.com.br\/?p=34709\" \/>\n<meta property=\"og:site_name\" content=\"Revista Vitrine Online\" \/>\n<meta property=\"article:published_time\" content=\"2025-12-19T00:51:26+00:00\" \/>\n<meta property=\"article:modified_time\" content=\"2025-12-19T00:51:27+00:00\" \/>\n<meta property=\"og:image\" content=\"https:\/\/revistavitrineibiuna.com.br\/wp-content\/uploads\/2025\/12\/Prefeito-Geraldinho-de-Piedade.png\" \/>\n\t<meta property=\"og:image:width\" content=\"899\" \/>\n\t<meta property=\"og:image:height\" content=\"615\" \/>\n<meta name=\"twitter:card\" content=\"summary\" \/>\n<meta name=\"twitter:label1\" content=\"Est. reading time\">\n\t<meta name=\"twitter:data1\" content=\"1 minuto\">\n<script type=\"application\/ld+json\" class=\"yoast-schema-graph\">{\"@context\":\"https:\/\/schema.org\",\"@graph\":[{\"@type\":\"WebSite\",\"@id\":\"https:\/\/revistavitrineibiuna.com.br\/#website\",\"url\":\"https:\/\/revistavitrineibiuna.com.br\/\",\"name\":\"Revista Vitrine Ibi\\u00fana\",\"description\":\"A Revista de Ibi\\u00fana e Regi\\u00e3o\",\"publisher\":{\"@id\":\"https:\/\/revistavitrineibiuna.com.br\/#\/schema\/person\/e51ef49d6d88170ea21ceabff3f73deb\"},\"potentialAction\":[{\"@type\":\"SearchAction\",\"target\":\"https:\/\/revistavitrineibiuna.com.br\/?s={search_term_string}\",\"query-input\":\"required name=search_term_string\"}],\"inLanguage\":\"pt-BR\"},{\"@type\":\"ImageObject\",\"@id\":\"http:\/\/revistavitrineibiuna.com.br\/?p=34709#primaryimage\",\"inLanguage\":\"pt-BR\",\"url\":\"https:\/\/revistavitrineibiuna.com.br\/wp-content\/uploads\/2025\/12\/Prefeito-Geraldinho-de-Piedade.png\",\"width\":899,\"height\":615},{\"@type\":\"WebPage\",\"@id\":\"http:\/\/revistavitrineibiuna.com.br\/?p=34709#webpage\",\"url\":\"http:\/\/revistavitrineibiuna.com.br\/?p=34709\",\"name\":\"GERALDINHO, PREFEITO DE PIEDADE, MORRE AOS 47 ANOS - Revista Vitrine Online\",\"isPartOf\":{\"@id\":\"https:\/\/revistavitrineibiuna.com.br\/#website\"},\"primaryImageOfPage\":{\"@id\":\"http:\/\/revistavitrineibiuna.com.br\/?p=34709#primaryimage\"},\"datePublished\":\"2025-12-19T00:51:26+00:00\",\"dateModified\":\"2025-12-19T00:51:27+00:00\",\"breadcrumb\":{\"@id\":\"http:\/\/revistavitrineibiuna.com.br\/?p=34709#breadcrumb\"},\"inLanguage\":\"pt-BR\",\"potentialAction\":[{\"@type\":\"ReadAction\",\"target\":[\"http:\/\/revistavitrineibiuna.com.br\/?p=34709\"]}]},{\"@type\":\"BreadcrumbList\",\"@id\":\"http:\/\/revistavitrineibiuna.com.br\/?p=34709#breadcrumb\",\"itemListElement\":[{\"@type\":\"ListItem\",\"position\":1,\"item\":{\"@type\":\"WebPage\",\"@id\":\"https:\/\/revistavitrineibiuna.com.br\/\",\"url\":\"https:\/\/revistavitrineibiuna.com.br\/\",\"name\":\"In\\u00edcio\"}},{\"@type\":\"ListItem\",\"position\":2,\"item\":{\"@type\":\"WebPage\",\"@id\":\"http:\/\/revistavitrineibiuna.com.br\/?p=34709\",\"url\":\"http:\/\/revistavitrineibiuna.com.br\/?p=34709\",\"name\":\"GERALDINHO, PREFEITO DE PIEDADE, MORRE AOS 47 ANOS\"}}]},{\"@type\":\"Article\",\"@id\":\"http:\/\/revistavitrineibiuna.com.br\/?p=34709#article\",\"isPartOf\":{\"@id\":\"http:\/\/revistavitrineibiuna.com.br\/?p=34709#webpage\"},\"author\":{\"@id\":\"https:\/\/revistavitrineibiuna.com.br\/#\/schema\/person\/e51ef49d6d88170ea21ceabff3f73deb\"},\"headline\":\"GERALDINHO, PREFEITO DE PIEDADE, MORRE AOS 47 ANOS\",\"datePublished\":\"2025-12-19T00:51:26+00:00\",\"dateModified\":\"2025-12-19T00:51:27+00:00\",\"mainEntityOfPage\":{\"@id\":\"http:\/\/revistavitrineibiuna.com.br\/?p=34709#webpage\"},\"commentCount\":0,\"publisher\":{\"@id\":\"https:\/\/revistavitrineibiuna.com.br\/#\/schema\/person\/e51ef49d6d88170ea21ceabff3f73deb\"},\"image\":{\"@id\":\"http:\/\/revistavitrineibiuna.com.br\/?p=34709#primaryimage\"},\"articleSection\":\"Not\\u00edcias\",\"inLanguage\":\"pt-BR\",\"potentialAction\":[{\"@type\":\"CommentAction\",\"name\":\"Comment\",\"target\":[\"http:\/\/revistavitrineibiuna.com.br\/?p=34709#respond\"]}]},{\"@type\":[\"Person\",\"Organization\"],\"@id\":\"https:\/\/revistavitrineibiuna.com.br\/#\/schema\/person\/e51ef49d6d88170ea21ceabff3f73deb\",\"name\":\"Carlos Rossini\",\"image\":{\"@type\":\"ImageObject\",\"@id\":\"https:\/\/revistavitrineibiuna.com.br\/#personlogo\",\"inLanguage\":\"pt-BR\",\"url\":\"https:\/\/secure.gravatar.com\/avatar\/4f2d0f99fac1f85c7d643f21f5c8d900?s=96&d=mm&r=g\",\"caption\":\"Carlos Rossini\"},\"logo\":{\"@id\":\"https:\/\/revistavitrineibiuna.com.br\/#personlogo\"},\"description\":\"Carlos Rossini \\u00e9 jornalista, soci\\u00f3logo, escritor e professor universit\\u00e1rio, tendo sido professor de jornalismo por vinte anos. Trabalhou em ve\\u00edculos de comunica\\u00e7\\u00e3o nas fun\\u00e7\\u00f5es de rep\\u00f3rter, redator, editor, articulista e colaborador, como Folha de S. Paulo, O Estado de S. Paulo, Di\\u00e1rio Popular, entre outros. Ao transferir a revista vitrine, vers\\u00e3o imprensa, de S\\u00e3o Paulo para Ibi\\u00fana h\\u00e1 alguns anos, iniciou uma nova experi\\u00eancia profissional, dedicando-se ao jornalismo regional, depois de cumprir uma trajet\\u00f3ria bem-sucedida na grande imprensa brasileira. Seu primeiro livro A Coragem de Comunicar foi lan\\u00e7ado na Bienal do Livro em S\\u00e3o Paulo no ano 2000, pela editora Madras.\"}]}<\/script>\n<!-- \/ Yoast SEO plugin. -->","_links":{"self":[{"href":"https:\/\/revistavitrineibiuna.com.br\/index.php?rest_route=\/wp\/v2\/posts\/34709"}],"collection":[{"href":"https:\/\/revistavitrineibiuna.com.br\/index.php?rest_route=\/wp\/v2\/posts"}],"about":[{"href":"https:\/\/revistavitrineibiuna.com.br\/index.php?rest_route=\/wp\/v2\/types\/post"}],"author":[{"embeddable":true,"href":"https:\/\/revistavitrineibiuna.com.br\/index.php?rest_route=\/wp\/v2\/users\/1"}],"replies":[{"embeddable":true,"href":"https:\/\/revistavitrineibiuna.com.br\/index.php?rest_route=%2Fwp%2Fv2%2Fcomments&post=34709"}],"version-history":[{"count":1,"href":"https:\/\/revistavitrineibiuna.com.br\/index.php?rest_route=\/wp\/v2\/posts\/34709\/revisions"}],"predecessor-version":[{"id":34711,"href":"https:\/\/revistavitrineibiuna.com.br\/index.php?rest_route=\/wp\/v2\/posts\/34709\/revisions\/34711"}],"wp:featuredmedia":[{"embeddable":true,"href":"https:\/\/revistavitrineibiuna.com.br\/index.php?rest_route=\/wp\/v2\/media\/34710"}],"wp:attachment":[{"href":"https:\/\/revistavitrineibiuna.com.br\/index.php?rest_route=%2Fwp%2Fv2%2Fmedia&parent=34709"}],"wp:term":[{"taxonomy":"category","embeddable":true,"href":"https:\/\/revistavitrineibiuna.com.br\/index.php?rest_route=%2Fwp%2Fv2%2Fcategories&post=34709"},{"taxonomy":"post_tag","embeddable":true,"href":"https:\/\/revistavitrineibiuna.com.br\/index.php?rest_route=%2Fwp%2Fv2%2Ftags&post=34709"}],"curies":[{"name":"wp","href":"https:\/\/api.w.org\/{rel}","templated":true}]}}