{"id":34712,"date":"2025-12-20T15:16:09","date_gmt":"2025-12-20T18:16:09","guid":{"rendered":"http:\/\/revistavitrineibiuna.com.br\/?p=34712"},"modified":"2025-12-20T20:28:59","modified_gmt":"2025-12-20T23:28:59","slug":"ibiuna-decisao-judicial-impede-inauguracao-de-hipodromo-no-paiol-pequeno","status":"publish","type":"post","link":"https:\/\/revistavitrineibiuna.com.br\/?p=34712","title":{"rendered":"IBI\u00daNA \u2013 DECIS\u00c3O JUDICIAL IMPEDE INAUGURA\u00c7\u00c3O DE HIP\u00d3DROMO NO PAIOL PEQUENO"},"content":{"rendered":"\n<p class=\"has-drop-cap\"><strong>Acolhendo a\u00e7\u00e3o apresentada pela Companhia Brasileira de Alum\u00ednio \u2013 CBA, o juiz titular da 1<\/strong><strong>\u00aa Vara da Comarca de Ibi\u00fana, Dr. Acau\u00e3 Muller Ferreira Tirapani, concedeu liminar de reintegra\u00e7\u00e3o de posse de uma \u00e1rea de prote\u00e7\u00e3o localizada no bairro do Paiol Pequeno, em Ibi\u00fana.<\/strong><\/p>\n\n\n\n<p><strong>Nesse local e neste s\u00e1bado (20) estava prevista uma \u201cpr\u00e9-inaugura\u00e7\u00e3o\u201d de um hip\u00f3dromo de acordo com o convite divulgado pela Associa\u00e7\u00e3o de Cavalo Trotador de Ibi\u00fana \u2013 ACTI, incluindo a indica\u00e7\u00e3o de que o \u201cevento\u201d iria arrecadar alimentos \u201cpara institui\u00e7\u00e3o carentes da nossa cidade\u201d.<\/strong><\/p>\n\n\n\n<p><strong>Em seu despacho o juiz menciona que a CBA \u201calega o esbulho [ocupa\u00e7\u00e3o indevida, invas\u00e3o] da posse e postula medida liminar para reintegra\u00e7\u00e3o de posse&#8221;.<\/strong><\/p>\n\n\n\n<p><strong>A decis\u00e3o fixa multa di\u00e1ria de R$ 500,00, caso os autores descumpram a decis\u00e3o judicial e d\u00e1 prazo de 15 dias para a defesa.<\/strong><\/p>\n\n\n\n<p><strong>Segundo o despacho, \u201ch\u00e1 fortes ind\u00edcios de que a \u00e1rea ocupada pela parte acionada [s\u00e3o apontados dois r\u00e9us] \u00e9 de dom\u00ednio da parte autora\u201d [do pedido de reintegra\u00e7\u00e3o de posse, a CBA].<\/strong><\/p>\n\n\n\n<figure class=\"wp-block-image size-large\"><img loading=\"lazy\" width=\"715\" height=\"790\" src=\"https:\/\/revistavitrineibiuna.com.br\/wp-content\/uploads\/2025\/12\/hipodromo-1.png\" alt=\"\" class=\"wp-image-34716\" srcset=\"https:\/\/revistavitrineibiuna.com.br\/wp-content\/uploads\/2025\/12\/hipodromo-1.png 715w, https:\/\/revistavitrineibiuna.com.br\/wp-content\/uploads\/2025\/12\/hipodromo-1-272x300.png 272w\" sizes=\"(max-width: 715px) 100vw, 715px\" \/><figcaption>As obras de constru\u00e7\u00e3o da raia motivaram rea\u00e7\u00f5es de moradores no bairro <\/figcaption><\/figure>\n\n\n\n<p><strong>REA\u00c7\u00c3O INTENSA<\/strong><\/p>\n\n\n\n<p><strong>Desde o momento em que se iniciaram os trabalhos de constru\u00e7\u00e3o da pista de corrida, surgiu uma rea\u00e7\u00e3o intensa no meio dos pr\u00f3prios moradores do bairro, que estranharam a movimenta\u00e7\u00e3o de tratores e caminh\u00f5es operando na \u00e1rea, como derrubadas de \u00e1rvores.<\/strong><\/p>\n\n\n\n<p><strong>A SOS Itupararanga, entidade que cuida da preserva\u00e7\u00e3o do meio ambiente, reivindicou informa\u00e7\u00f5es para apurar poss\u00edveis irregularidades quanto \u00e0 ocupa\u00e7\u00e3o indevida em uma \u00e1rea preserva\u00e7\u00e3o ambiental no contexto da represa Itupararanga.<\/strong><\/p>\n\n\n\n<p><strong>A foto que abre esta not\u00edcia mostra o Varj\u00e3o alagado pelas \u00e1guas das chuvas, onde passam os rios que formam o rio Sorocaba e alimentam represa Itupararanga.<\/strong><\/p>\n\n\n\n<p><strong> Segundo apuramos, houve at\u00e9 mesmo situa\u00e7\u00f5es tensas entre os envolvidos com o projeto e moradores no bairro contr\u00e1rios \u00e0 pista de corridas naquele local.<\/strong><\/p>\n\n\n\n<p><strong>Houve at\u00e9 mesmo den\u00fancias apontando que a Prefeitura teria cedido m\u00e1quinas e caminh\u00f5es para a execu\u00e7\u00e3o do trabalho. Vitrine online solicitou informa\u00e7\u00f5es \u00e0 Secretaria do Meio Ambiente e \u00e0 Assessoria de Imprensa h\u00e1 mais de quinze dias, mas at\u00e9 o momento n\u00e3o obteve retorno.<\/strong><\/p>\n\n\n\n<p><strong>Caso esse procedimento seja confirmado pelas autoridades, se trataria de uma not\u00f3ria irregularidade administrativa, mas at\u00e9 o momento n\u00e3o obtivemos nenhuma informa\u00e7\u00e3o a respeito<\/strong>.<\/p>\n\n\n\n<p><strong><em>*Essa not\u00edcia ser\u00e1 atualizada assim que a Prefeitura enviar as informa\u00e7\u00f5es solicitadas.<\/em><\/strong><\/p>\n\n\n\n<figure class=\"wp-block-image size-large\"><img loading=\"lazy\" width=\"418\" height=\"730\" src=\"https:\/\/revistavitrineibiuna.com.br\/wp-content\/uploads\/2025\/12\/hipodromo-convite.png\" alt=\"\" class=\"wp-image-34719\" srcset=\"https:\/\/revistavitrineibiuna.com.br\/wp-content\/uploads\/2025\/12\/hipodromo-convite.png 418w, https:\/\/revistavitrineibiuna.com.br\/wp-content\/uploads\/2025\/12\/hipodromo-convite-172x300.png 172w\" sizes=\"(max-width: 418px) 100vw, 418px\" \/><figcaption>O convite foi divulgado nas redes sociais<\/figcaption><\/figure>\n","protected":false},"excerpt":{"rendered":"<p>Acolhendo a\u00e7\u00e3o apresentada pela Companhia Brasileira de Alum\u00ednio \u2013 CBA, o juiz titular da 1\u00aa Vara da Comarca de Ibi\u00fana,<\/p>\n","protected":false},"author":1,"featured_media":34713,"comment_status":"open","ping_status":"open","sticky":false,"template":"","format":"standard","meta":[],"categories":[3],"tags":[],"yoast_head":"<!-- This site is optimized with the Yoast SEO plugin v15.8 - https:\/\/yoast.com\/wordpress\/plugins\/seo\/ -->\n<title>IBI\u00daNA \u2013 DECIS\u00c3O JUDICIAL IMPEDE INAUGURA\u00c7\u00c3O DE HIP\u00d3DROMO NO PAIOL PEQUENO - Revista Vitrine Online<\/title>\n<meta name=\"robots\" content=\"index, follow, max-snippet:-1, max-image-preview:large, max-video-preview:-1\" \/>\n<link rel=\"canonical\" href=\"http:\/\/revistavitrineibiuna.com.br\/?p=34712\" \/>\n<meta property=\"og:locale\" content=\"pt_BR\" \/>\n<meta property=\"og:type\" content=\"article\" \/>\n<meta property=\"og:title\" content=\"IBI\u00daNA \u2013 DECIS\u00c3O JUDICIAL IMPEDE INAUGURA\u00c7\u00c3O DE HIP\u00d3DROMO NO PAIOL PEQUENO - Revista Vitrine Online\" \/>\n<meta property=\"og:description\" content=\"Acolhendo a\u00e7\u00e3o apresentada pela Companhia Brasileira de Alum\u00ednio \u2013 CBA, o juiz titular da 1\u00aa Vara da Comarca de Ibi\u00fana,\" \/>\n<meta property=\"og:url\" content=\"http:\/\/revistavitrineibiuna.com.br\/?p=34712\" \/>\n<meta property=\"og:site_name\" content=\"Revista Vitrine Online\" \/>\n<meta property=\"article:published_time\" content=\"2025-12-20T18:16:09+00:00\" \/>\n<meta property=\"article:modified_time\" content=\"2025-12-20T23:28:59+00:00\" \/>\n<meta property=\"og:image\" content=\"https:\/\/revistavitrineibiuna.com.br\/wp-content\/uploads\/2025\/12\/hipodromo-capa-1024x576.png\" \/>\n\t<meta property=\"og:image:width\" content=\"1024\" \/>\n\t<meta property=\"og:image:height\" content=\"576\" \/>\n<meta name=\"twitter:card\" content=\"summary\" \/>\n<meta name=\"twitter:label1\" content=\"Est. reading time\">\n\t<meta name=\"twitter:data1\" content=\"3 minutos\">\n<script type=\"application\/ld+json\" class=\"yoast-schema-graph\">{\"@context\":\"https:\/\/schema.org\",\"@graph\":[{\"@type\":\"WebSite\",\"@id\":\"https:\/\/revistavitrineibiuna.com.br\/#website\",\"url\":\"https:\/\/revistavitrineibiuna.com.br\/\",\"name\":\"Revista Vitrine Ibi\\u00fana\",\"description\":\"A Revista de Ibi\\u00fana e Regi\\u00e3o\",\"publisher\":{\"@id\":\"https:\/\/revistavitrineibiuna.com.br\/#\/schema\/person\/e51ef49d6d88170ea21ceabff3f73deb\"},\"potentialAction\":[{\"@type\":\"SearchAction\",\"target\":\"https:\/\/revistavitrineibiuna.com.br\/?s={search_term_string}\",\"query-input\":\"required name=search_term_string\"}],\"inLanguage\":\"pt-BR\"},{\"@type\":\"ImageObject\",\"@id\":\"http:\/\/revistavitrineibiuna.com.br\/?p=34712#primaryimage\",\"inLanguage\":\"pt-BR\",\"url\":\"https:\/\/revistavitrineibiuna.com.br\/wp-content\/uploads\/2025\/12\/hipodromo-capa.png\",\"width\":1280,\"height\":720},{\"@type\":\"WebPage\",\"@id\":\"http:\/\/revistavitrineibiuna.com.br\/?p=34712#webpage\",\"url\":\"http:\/\/revistavitrineibiuna.com.br\/?p=34712\",\"name\":\"IBI\\u00daNA \\u2013 DECIS\\u00c3O JUDICIAL IMPEDE INAUGURA\\u00c7\\u00c3O DE HIP\\u00d3DROMO NO PAIOL PEQUENO - Revista Vitrine Online\",\"isPartOf\":{\"@id\":\"https:\/\/revistavitrineibiuna.com.br\/#website\"},\"primaryImageOfPage\":{\"@id\":\"http:\/\/revistavitrineibiuna.com.br\/?p=34712#primaryimage\"},\"datePublished\":\"2025-12-20T18:16:09+00:00\",\"dateModified\":\"2025-12-20T23:28:59+00:00\",\"breadcrumb\":{\"@id\":\"http:\/\/revistavitrineibiuna.com.br\/?p=34712#breadcrumb\"},\"inLanguage\":\"pt-BR\",\"potentialAction\":[{\"@type\":\"ReadAction\",\"target\":[\"http:\/\/revistavitrineibiuna.com.br\/?p=34712\"]}]},{\"@type\":\"BreadcrumbList\",\"@id\":\"http:\/\/revistavitrineibiuna.com.br\/?p=34712#breadcrumb\",\"itemListElement\":[{\"@type\":\"ListItem\",\"position\":1,\"item\":{\"@type\":\"WebPage\",\"@id\":\"https:\/\/revistavitrineibiuna.com.br\/\",\"url\":\"https:\/\/revistavitrineibiuna.com.br\/\",\"name\":\"In\\u00edcio\"}},{\"@type\":\"ListItem\",\"position\":2,\"item\":{\"@type\":\"WebPage\",\"@id\":\"http:\/\/revistavitrineibiuna.com.br\/?p=34712\",\"url\":\"http:\/\/revistavitrineibiuna.com.br\/?p=34712\",\"name\":\"IBI\\u00daNA \\u2013 DECIS\\u00c3O JUDICIAL IMPEDE INAUGURA\\u00c7\\u00c3O DE HIP\\u00d3DROMO NO PAIOL PEQUENO\"}}]},{\"@type\":\"Article\",\"@id\":\"http:\/\/revistavitrineibiuna.com.br\/?p=34712#article\",\"isPartOf\":{\"@id\":\"http:\/\/revistavitrineibiuna.com.br\/?p=34712#webpage\"},\"author\":{\"@id\":\"https:\/\/revistavitrineibiuna.com.br\/#\/schema\/person\/e51ef49d6d88170ea21ceabff3f73deb\"},\"headline\":\"IBI\\u00daNA \\u2013 DECIS\\u00c3O JUDICIAL IMPEDE INAUGURA\\u00c7\\u00c3O DE HIP\\u00d3DROMO NO PAIOL PEQUENO\",\"datePublished\":\"2025-12-20T18:16:09+00:00\",\"dateModified\":\"2025-12-20T23:28:59+00:00\",\"mainEntityOfPage\":{\"@id\":\"http:\/\/revistavitrineibiuna.com.br\/?p=34712#webpage\"},\"commentCount\":0,\"publisher\":{\"@id\":\"https:\/\/revistavitrineibiuna.com.br\/#\/schema\/person\/e51ef49d6d88170ea21ceabff3f73deb\"},\"image\":{\"@id\":\"http:\/\/revistavitrineibiuna.com.br\/?p=34712#primaryimage\"},\"articleSection\":\"Not\\u00edcias\",\"inLanguage\":\"pt-BR\",\"potentialAction\":[{\"@type\":\"CommentAction\",\"name\":\"Comment\",\"target\":[\"http:\/\/revistavitrineibiuna.com.br\/?p=34712#respond\"]}]},{\"@type\":[\"Person\",\"Organization\"],\"@id\":\"https:\/\/revistavitrineibiuna.com.br\/#\/schema\/person\/e51ef49d6d88170ea21ceabff3f73deb\",\"name\":\"Carlos Rossini\",\"image\":{\"@type\":\"ImageObject\",\"@id\":\"https:\/\/revistavitrineibiuna.com.br\/#personlogo\",\"inLanguage\":\"pt-BR\",\"url\":\"https:\/\/secure.gravatar.com\/avatar\/4f2d0f99fac1f85c7d643f21f5c8d900?s=96&d=mm&r=g\",\"caption\":\"Carlos Rossini\"},\"logo\":{\"@id\":\"https:\/\/revistavitrineibiuna.com.br\/#personlogo\"},\"description\":\"Carlos Rossini \\u00e9 jornalista, soci\\u00f3logo, escritor e professor universit\\u00e1rio, tendo sido professor de jornalismo por vinte anos. Trabalhou em ve\\u00edculos de comunica\\u00e7\\u00e3o nas fun\\u00e7\\u00f5es de rep\\u00f3rter, redator, editor, articulista e colaborador, como Folha de S. Paulo, O Estado de S. Paulo, Di\\u00e1rio Popular, entre outros. Ao transferir a revista vitrine, vers\\u00e3o imprensa, de S\\u00e3o Paulo para Ibi\\u00fana h\\u00e1 alguns anos, iniciou uma nova experi\\u00eancia profissional, dedicando-se ao jornalismo regional, depois de cumprir uma trajet\\u00f3ria bem-sucedida na grande imprensa brasileira. Seu primeiro livro A Coragem de Comunicar foi lan\\u00e7ado na Bienal do Livro em S\\u00e3o Paulo no ano 2000, pela editora Madras.\"}]}<\/script>\n<!-- \/ Yoast SEO plugin. -->","_links":{"self":[{"href":"https:\/\/revistavitrineibiuna.com.br\/index.php?rest_route=\/wp\/v2\/posts\/34712"}],"collection":[{"href":"https:\/\/revistavitrineibiuna.com.br\/index.php?rest_route=\/wp\/v2\/posts"}],"about":[{"href":"https:\/\/revistavitrineibiuna.com.br\/index.php?rest_route=\/wp\/v2\/types\/post"}],"author":[{"embeddable":true,"href":"https:\/\/revistavitrineibiuna.com.br\/index.php?rest_route=\/wp\/v2\/users\/1"}],"replies":[{"embeddable":true,"href":"https:\/\/revistavitrineibiuna.com.br\/index.php?rest_route=%2Fwp%2Fv2%2Fcomments&post=34712"}],"version-history":[{"count":13,"href":"https:\/\/revistavitrineibiuna.com.br\/index.php?rest_route=\/wp\/v2\/posts\/34712\/revisions"}],"predecessor-version":[{"id":34732,"href":"https:\/\/revistavitrineibiuna.com.br\/index.php?rest_route=\/wp\/v2\/posts\/34712\/revisions\/34732"}],"wp:featuredmedia":[{"embeddable":true,"href":"https:\/\/revistavitrineibiuna.com.br\/index.php?rest_route=\/wp\/v2\/media\/34713"}],"wp:attachment":[{"href":"https:\/\/revistavitrineibiuna.com.br\/index.php?rest_route=%2Fwp%2Fv2%2Fmedia&parent=34712"}],"wp:term":[{"taxonomy":"category","embeddable":true,"href":"https:\/\/revistavitrineibiuna.com.br\/index.php?rest_route=%2Fwp%2Fv2%2Fcategories&post=34712"},{"taxonomy":"post_tag","embeddable":true,"href":"https:\/\/revistavitrineibiuna.com.br\/index.php?rest_route=%2Fwp%2Fv2%2Ftags&post=34712"}],"curies":[{"name":"wp","href":"https:\/\/api.w.org\/{rel}","templated":true}]}}