{"id":34734,"date":"2025-12-26T18:17:00","date_gmt":"2025-12-26T21:17:00","guid":{"rendered":"http:\/\/revistavitrineibiuna.com.br\/?p=34734"},"modified":"2025-12-26T18:17:02","modified_gmt":"2025-12-26T21:17:02","slug":"ibiuna-sabesp-deve-normalizar-abastecimento-de-agua-nas-proximas-horas","status":"publish","type":"post","link":"https:\/\/revistavitrineibiuna.com.br\/?p=34734","title":{"rendered":"IBI\u00daNA \u2013 SABESP DEVE NORMALIZAR ABASTECIMENTO DE \u00c1GUA NAS PR\u00d3XIMAS HORAS"},"content":{"rendered":"\n<p class=\"has-drop-cap\"><strong>A falta de \u00e1gua no centro e em diversos bairros do munic\u00edpio de Ibi\u00fana que vem gerando s\u00e9rios desconfortos \u00e0 popula\u00e7\u00e3o, sobretudo devido ao forte calor, dever\u00e1 ser resolvida nas pr\u00f3ximas horas.<\/strong><\/p>\n\n\n\n<p><strong>Desde segunda-feira (22) a \u00e1gua come\u00e7ou a faltar nas torneiras de milhares de resid\u00eancias.<\/strong><\/p>\n\n\n\n<p><strong>Essa informa\u00e7\u00e3o foi prestada \u00e0 vitrine online pelo encarregado da opera\u00e7\u00e3o da Sabesp no munic\u00edpio, Jairo Pimentel, que assumiu o posto h\u00e1 cerca de dois meses.<\/strong><\/p>\n\n\n\n<p><strong>At\u00e9 a madrugada todas as resid\u00eancias cobertas pela rede da empresa dever\u00e3o estar com o fornecimento normalizado.<\/strong><\/p>\n\n\n\n<p><strong>O motivo alegado, ali\u00e1s o mesmo de v\u00e1rios anos, \u00e9 a eleva\u00e7\u00e3o no consumo representado pelo grande aumento da popula\u00e7\u00e3o de turistas que vem passar as festas de fim de ano no munic\u00edpio.<\/strong><\/p>\n\n\n\n<p><strong>Tanto a regi\u00e3o central quanto os bairros rurais foram atingidos, provocando uma rea\u00e7\u00e3o em cadeia de reclama\u00e7\u00f5es dos consumidores.<\/strong><\/p>\n\n\n\n<p><strong>Na tarde de hoje (26) ainda havia reflexos da falta de \u00e1gua nas partes altas do Pia\u00ed, Recreio (no Campo Verde) e Cachoeira que estavam na lista da recupera\u00e7\u00e3o do abastecimento.<\/strong><\/p>\n\n\n\n<p><strong>Ana Nogueira, moradora no Pia\u00ed, declarou: \u201cPia\u00ed sem \u00e1gua, que horror! Nem para tomar banho\u201d. \u201cCampo Verde sem \u00e1gua, previs\u00e3o segundo atendimento da Sabesp s\u00f3 \u00e0 noite. Em pleno Natal, este \u00e9 o presente que recebemos\u201d, afirmou Eduardo Rodrigues de Miranda.<\/strong><\/p>\n\n\n\n<p><strong>Juliana Braga: \u201cPrivatiza que melhora, eles disseram!\u201d. \u201cSou do Residencial Europa, hoje sem \u00e1gua.\u201d<\/strong><\/p>\n\n\n\n<p><strong>VAI MELHORAR<\/strong><\/p>\n\n\n\n<p><strong>A falta de \u00e1gua que se repete nos finais de ano em Ibi\u00fana dever\u00e1 ser resolvida em fevereiro de 2026, quando dever\u00e3o entrar em opera\u00e7\u00e3o dois novos reservat\u00f3rios e uma nova esta\u00e7\u00e3o de tratamento de \u00e1gua.<\/strong><\/p>\n\n\n\n<p><strong>A produ\u00e7\u00e3o dever\u00e1 subir de 130 litros\/segundo para 180 litros\/segundo, mais que suficiente para atender ao aumento das demandas sazonais, como acontece nos feriados prolongados de Natal e Ano-Novo.<\/strong><\/p>\n\n\n\n<p><strong>ATRASO NAS OBRAS<\/strong><\/p>\n\n\n\n<p><strong>Vitrine online apurou que a entrega das obras anunciadas est\u00e1 atrasada. Caso isso n\u00e3o tivesse acontecido, a popula\u00e7\u00e3o n\u00e3o estaria no sufoco para enfrentar um calor\u00e3o intenso sem \u00e1gua em suas casas.<\/strong><\/p>\n","protected":false},"excerpt":{"rendered":"<p>A falta de \u00e1gua no centro e em diversos bairros do munic\u00edpio de Ibi\u00fana que vem gerando s\u00e9rios desconfortos \u00e0<\/p>\n","protected":false},"author":1,"featured_media":34735,"comment_status":"open","ping_status":"open","sticky":false,"template":"","format":"standard","meta":[],"categories":[3],"tags":[],"yoast_head":"<!-- This site is optimized with the Yoast SEO plugin v15.8 - https:\/\/yoast.com\/wordpress\/plugins\/seo\/ -->\n<title>IBI\u00daNA \u2013 SABESP DEVE NORMALIZAR ABASTECIMENTO DE \u00c1GUA NAS PR\u00d3XIMAS HORAS - Revista Vitrine Online<\/title>\n<meta name=\"robots\" content=\"index, follow, max-snippet:-1, max-image-preview:large, max-video-preview:-1\" \/>\n<link rel=\"canonical\" href=\"https:\/\/revistavitrineibiuna.com.br\/?p=34734\" \/>\n<meta property=\"og:locale\" content=\"pt_BR\" \/>\n<meta property=\"og:type\" content=\"article\" \/>\n<meta property=\"og:title\" content=\"IBI\u00daNA \u2013 SABESP DEVE NORMALIZAR ABASTECIMENTO DE \u00c1GUA NAS PR\u00d3XIMAS HORAS - Revista Vitrine Online\" \/>\n<meta property=\"og:description\" content=\"A falta de \u00e1gua no centro e em diversos bairros do munic\u00edpio de Ibi\u00fana que vem gerando s\u00e9rios desconfortos \u00e0\" \/>\n<meta property=\"og:url\" content=\"https:\/\/revistavitrineibiuna.com.br\/?p=34734\" \/>\n<meta property=\"og:site_name\" content=\"Revista Vitrine Online\" \/>\n<meta property=\"article:published_time\" content=\"2025-12-26T21:17:00+00:00\" \/>\n<meta property=\"article:modified_time\" content=\"2025-12-26T21:17:02+00:00\" \/>\n<meta property=\"og:image\" content=\"https:\/\/revistavitrineibiuna.com.br\/wp-content\/uploads\/2025\/12\/comunicado-da-sabesp-falta-de-agua-25.12.2023.png\" \/>\n\t<meta property=\"og:image:width\" content=\"620\" \/>\n\t<meta property=\"og:image:height\" content=\"350\" \/>\n<meta name=\"twitter:card\" content=\"summary\" \/>\n<meta name=\"twitter:label1\" content=\"Est. reading time\">\n\t<meta name=\"twitter:data1\" content=\"2 minutos\">\n<script type=\"application\/ld+json\" class=\"yoast-schema-graph\">{\"@context\":\"https:\/\/schema.org\",\"@graph\":[{\"@type\":\"WebSite\",\"@id\":\"https:\/\/revistavitrineibiuna.com.br\/#website\",\"url\":\"https:\/\/revistavitrineibiuna.com.br\/\",\"name\":\"Revista Vitrine Ibi\\u00fana\",\"description\":\"A Revista de Ibi\\u00fana e Regi\\u00e3o\",\"publisher\":{\"@id\":\"https:\/\/revistavitrineibiuna.com.br\/#\/schema\/person\/e51ef49d6d88170ea21ceabff3f73deb\"},\"potentialAction\":[{\"@type\":\"SearchAction\",\"target\":\"https:\/\/revistavitrineibiuna.com.br\/?s={search_term_string}\",\"query-input\":\"required name=search_term_string\"}],\"inLanguage\":\"pt-BR\"},{\"@type\":\"ImageObject\",\"@id\":\"https:\/\/revistavitrineibiuna.com.br\/?p=34734#primaryimage\",\"inLanguage\":\"pt-BR\",\"url\":\"https:\/\/revistavitrineibiuna.com.br\/wp-content\/uploads\/2025\/12\/comunicado-da-sabesp-falta-de-agua-25.12.2023.png\",\"width\":620,\"height\":350},{\"@type\":\"WebPage\",\"@id\":\"https:\/\/revistavitrineibiuna.com.br\/?p=34734#webpage\",\"url\":\"https:\/\/revistavitrineibiuna.com.br\/?p=34734\",\"name\":\"IBI\\u00daNA \\u2013 SABESP DEVE NORMALIZAR ABASTECIMENTO DE \\u00c1GUA NAS PR\\u00d3XIMAS HORAS - Revista Vitrine Online\",\"isPartOf\":{\"@id\":\"https:\/\/revistavitrineibiuna.com.br\/#website\"},\"primaryImageOfPage\":{\"@id\":\"https:\/\/revistavitrineibiuna.com.br\/?p=34734#primaryimage\"},\"datePublished\":\"2025-12-26T21:17:00+00:00\",\"dateModified\":\"2025-12-26T21:17:02+00:00\",\"breadcrumb\":{\"@id\":\"https:\/\/revistavitrineibiuna.com.br\/?p=34734#breadcrumb\"},\"inLanguage\":\"pt-BR\",\"potentialAction\":[{\"@type\":\"ReadAction\",\"target\":[\"https:\/\/revistavitrineibiuna.com.br\/?p=34734\"]}]},{\"@type\":\"BreadcrumbList\",\"@id\":\"https:\/\/revistavitrineibiuna.com.br\/?p=34734#breadcrumb\",\"itemListElement\":[{\"@type\":\"ListItem\",\"position\":1,\"item\":{\"@type\":\"WebPage\",\"@id\":\"https:\/\/revistavitrineibiuna.com.br\/\",\"url\":\"https:\/\/revistavitrineibiuna.com.br\/\",\"name\":\"In\\u00edcio\"}},{\"@type\":\"ListItem\",\"position\":2,\"item\":{\"@type\":\"WebPage\",\"@id\":\"https:\/\/revistavitrineibiuna.com.br\/?p=34734\",\"url\":\"https:\/\/revistavitrineibiuna.com.br\/?p=34734\",\"name\":\"IBI\\u00daNA \\u2013 SABESP DEVE NORMALIZAR ABASTECIMENTO DE \\u00c1GUA NAS PR\\u00d3XIMAS HORAS\"}}]},{\"@type\":\"Article\",\"@id\":\"https:\/\/revistavitrineibiuna.com.br\/?p=34734#article\",\"isPartOf\":{\"@id\":\"https:\/\/revistavitrineibiuna.com.br\/?p=34734#webpage\"},\"author\":{\"@id\":\"https:\/\/revistavitrineibiuna.com.br\/#\/schema\/person\/e51ef49d6d88170ea21ceabff3f73deb\"},\"headline\":\"IBI\\u00daNA \\u2013 SABESP DEVE NORMALIZAR ABASTECIMENTO DE \\u00c1GUA NAS PR\\u00d3XIMAS HORAS\",\"datePublished\":\"2025-12-26T21:17:00+00:00\",\"dateModified\":\"2025-12-26T21:17:02+00:00\",\"mainEntityOfPage\":{\"@id\":\"https:\/\/revistavitrineibiuna.com.br\/?p=34734#webpage\"},\"commentCount\":0,\"publisher\":{\"@id\":\"https:\/\/revistavitrineibiuna.com.br\/#\/schema\/person\/e51ef49d6d88170ea21ceabff3f73deb\"},\"image\":{\"@id\":\"https:\/\/revistavitrineibiuna.com.br\/?p=34734#primaryimage\"},\"articleSection\":\"Not\\u00edcias\",\"inLanguage\":\"pt-BR\",\"potentialAction\":[{\"@type\":\"CommentAction\",\"name\":\"Comment\",\"target\":[\"https:\/\/revistavitrineibiuna.com.br\/?p=34734#respond\"]}]},{\"@type\":[\"Person\",\"Organization\"],\"@id\":\"https:\/\/revistavitrineibiuna.com.br\/#\/schema\/person\/e51ef49d6d88170ea21ceabff3f73deb\",\"name\":\"Carlos Rossini\",\"image\":{\"@type\":\"ImageObject\",\"@id\":\"https:\/\/revistavitrineibiuna.com.br\/#personlogo\",\"inLanguage\":\"pt-BR\",\"url\":\"https:\/\/secure.gravatar.com\/avatar\/4f2d0f99fac1f85c7d643f21f5c8d900?s=96&d=mm&r=g\",\"caption\":\"Carlos Rossini\"},\"logo\":{\"@id\":\"https:\/\/revistavitrineibiuna.com.br\/#personlogo\"},\"description\":\"Carlos Rossini \\u00e9 jornalista, soci\\u00f3logo, escritor e professor universit\\u00e1rio, tendo sido professor de jornalismo por vinte anos. Trabalhou em ve\\u00edculos de comunica\\u00e7\\u00e3o nas fun\\u00e7\\u00f5es de rep\\u00f3rter, redator, editor, articulista e colaborador, como Folha de S. Paulo, O Estado de S. Paulo, Di\\u00e1rio Popular, entre outros. Ao transferir a revista vitrine, vers\\u00e3o imprensa, de S\\u00e3o Paulo para Ibi\\u00fana h\\u00e1 alguns anos, iniciou uma nova experi\\u00eancia profissional, dedicando-se ao jornalismo regional, depois de cumprir uma trajet\\u00f3ria bem-sucedida na grande imprensa brasileira. Seu primeiro livro A Coragem de Comunicar foi lan\\u00e7ado na Bienal do Livro em S\\u00e3o Paulo no ano 2000, pela editora Madras.\"}]}<\/script>\n<!-- \/ Yoast SEO plugin. -->","_links":{"self":[{"href":"https:\/\/revistavitrineibiuna.com.br\/index.php?rest_route=\/wp\/v2\/posts\/34734"}],"collection":[{"href":"https:\/\/revistavitrineibiuna.com.br\/index.php?rest_route=\/wp\/v2\/posts"}],"about":[{"href":"https:\/\/revistavitrineibiuna.com.br\/index.php?rest_route=\/wp\/v2\/types\/post"}],"author":[{"embeddable":true,"href":"https:\/\/revistavitrineibiuna.com.br\/index.php?rest_route=\/wp\/v2\/users\/1"}],"replies":[{"embeddable":true,"href":"https:\/\/revistavitrineibiuna.com.br\/index.php?rest_route=%2Fwp%2Fv2%2Fcomments&post=34734"}],"version-history":[{"count":1,"href":"https:\/\/revistavitrineibiuna.com.br\/index.php?rest_route=\/wp\/v2\/posts\/34734\/revisions"}],"predecessor-version":[{"id":34736,"href":"https:\/\/revistavitrineibiuna.com.br\/index.php?rest_route=\/wp\/v2\/posts\/34734\/revisions\/34736"}],"wp:featuredmedia":[{"embeddable":true,"href":"https:\/\/revistavitrineibiuna.com.br\/index.php?rest_route=\/wp\/v2\/media\/34735"}],"wp:attachment":[{"href":"https:\/\/revistavitrineibiuna.com.br\/index.php?rest_route=%2Fwp%2Fv2%2Fmedia&parent=34734"}],"wp:term":[{"taxonomy":"category","embeddable":true,"href":"https:\/\/revistavitrineibiuna.com.br\/index.php?rest_route=%2Fwp%2Fv2%2Fcategories&post=34734"},{"taxonomy":"post_tag","embeddable":true,"href":"https:\/\/revistavitrineibiuna.com.br\/index.php?rest_route=%2Fwp%2Fv2%2Ftags&post=34734"}],"curies":[{"name":"wp","href":"https:\/\/api.w.org\/{rel}","templated":true}]}}