{"id":34738,"date":"2026-01-08T09:36:46","date_gmt":"2026-01-08T12:36:46","guid":{"rendered":"http:\/\/revistavitrineibiuna.com.br\/?p=34738"},"modified":"2026-01-08T10:19:59","modified_gmt":"2026-01-08T13:19:59","slug":"viva-ibiuna-1-feliz-ano-novo-prefeito-mario-pires-ibiuna-precisa","status":"publish","type":"post","link":"https:\/\/revistavitrineibiuna.com.br\/?p=34738","title":{"rendered":"VIVA IBI\u00daNA 1 \u2013 FELIZ ANO NOVO PREFEITO M\u00c1RIO PIRES; IBI\u00daNA PRECISA"},"content":{"rendered":"\n<p><strong><em>[VITRINE ONLINE INICIA COM ESTA PUBLICA\u00c7\u00c3O UMA S\u00c9RIE DE MAT\u00c9RIAS SOB A RUBRICA <\/em><\/strong><strong>\u201cVIVA IBI\u00daNA\u201d, <em>COM O OBJETIVO DE CONTRIBUIR PARA QUE A EST\u00c2NCIA TUR\u00cdSTICA DE IBI\u00daNA SE LIBERTE DE UMA TRADI\u00c7\u00c3O POL\u00cdTICA E ADMINISTRATIVA CONSERVADORA E RETR\u00d3GRADA.]<\/em><\/strong><\/p>\n\n\n\n<p><strong>Na mensagem de fim de ano divulgada no dia 31, o prefeito M\u00e1rio Pires desejou feliz ano novo \u00e0 popula\u00e7\u00e3o e apresentou um autorretrato do seu primeiro ano de mandato.<\/strong><\/p>\n\n\n\n<p><strong>Disse, em suma: \u201cVencemos 2025, um ano dif\u00edcil! Fizemos muita coisa que n\u00e3o \u00e9 vista, mas agora est\u00e1 tudo no seu devido lugar.\u201d Referia-se ao que se costuma chamar de \u201carruma\u00e7\u00e3o da casa\u201d que recebeu do governo anterior.<\/strong><\/p>\n\n\n\n<p><strong>Em outro momento, e vitrine online publicou, Pires havia diagnosticado a situa\u00e7\u00e3o herdada como \u201cum desastre financeiro\u201d ou \u201cdestro\u00e7ada\u201d [destru\u00edda ou arruinada], ou seja, falida. Nem mesmo folha de pagamento dispunha para honrar os direitos trabalhistas dos servidores municipais.<\/strong><\/p>\n\n\n\n<p><strong>SITUA\u00c7\u00c3O DIF\u00cdCIL<\/strong><\/p>\n\n\n\n<figure class=\"wp-block-image size-large\"><img loading=\"lazy\" width=\"538\" height=\"360\" src=\"https:\/\/revistavitrineibiuna.com.br\/wp-content\/uploads\/2026\/01\/mario-pires-mensagem-1.png\" alt=\"\" class=\"wp-image-34742\" srcset=\"https:\/\/revistavitrineibiuna.com.br\/wp-content\/uploads\/2026\/01\/mario-pires-mensagem-1.png 538w, https:\/\/revistavitrineibiuna.com.br\/wp-content\/uploads\/2026\/01\/mario-pires-mensagem-1-300x201.png 300w\" sizes=\"(max-width: 538px) 100vw, 538px\" \/><figcaption>Pires: &#8220;Vencemos 2025, um ano dif\u00edcil!&#8221;<\/figcaption><\/figure>\n\n\n\n<p><strong>Pires, que sofreu um desgastante processo de uma transi\u00e7\u00e3o de governo complicada, sem receber devidamente informa\u00e7\u00f5es sobre as condi\u00e7\u00f5es reais dos problemas a serem enfrentados, fez uma narrativa realmente preocupante.<\/strong><\/p>\n\n\n\n<p><strong>Relatou que nem mesmo folha de pagamento tinha. Os funcion\u00e1rios p\u00fablicos foram receber por volta do dia 15 de janeiro de 2025, \u201ctamanha era a desorganiza\u00e7\u00e3o financeira do Munic\u00edpio, incluindo a falta de pagamento do INSS e FGTS\u201d.<\/strong><\/p>\n\n\n\n<p><strong>Recebeu d\u00edvidas de mais de R$ 200 milh\u00f5es, dos quais quitou R$ 80 milh\u00f5es; mais de R$ 40 milh\u00f5es de restos a pagar, de um total de R$ 77 milh\u00f5es que \u201cdeixaram de pagar\u201d.<\/strong><\/p>\n\n\n\n<p><strong>O prefeito relatou \u201cum caos financeiro\u201d e que \u201cn\u00f3s lutamos, com todas as dificuldades, para recuperar a reputa\u00e7\u00e3o da Prefeitura perante o funcionalismo p\u00fablico e nossos fornecedores\u201d.<\/strong><\/p>\n\n\n\n<p><strong>A impress\u00e3o gritante que fica \u00e9 que, no primeiro ano de mandato, o novo gestor trabalhou para pagar d\u00edvidas herdadas do governo anterior.<\/strong><\/p>\n\n\n\n<p><strong>ANO DECISIVO<\/strong><\/p>\n\n\n\n<figure class=\"wp-block-image size-large\"><img loading=\"lazy\" width=\"577\" height=\"391\" src=\"https:\/\/revistavitrineibiuna.com.br\/wp-content\/uploads\/2026\/01\/Mario-mensagem-2.png\" alt=\"\" class=\"wp-image-34745\" srcset=\"https:\/\/revistavitrineibiuna.com.br\/wp-content\/uploads\/2026\/01\/Mario-mensagem-2.png 577w, https:\/\/revistavitrineibiuna.com.br\/wp-content\/uploads\/2026\/01\/Mario-mensagem-2-300x203.png 300w\" sizes=\"(max-width: 577px) 100vw, 577px\" \/><figcaption>Um ano &#8220;arrumando a casa&#8221; financeira e administrativamente &#8220;destro\u00e7ada&#8221;<\/figcaption><\/figure>\n\n\n\n<p><strong>Uma quest\u00e3o, na forma de importante reconhecimento, tamb\u00e9m foi apresentada em sua mensagem:<\/strong><\/p>\n\n\n\n<p><strong>\u201cEstamos devendo muito ainda \u00e0 popula\u00e7\u00e3o.\u201d<\/strong><\/p>\n\n\n\n<p><strong>Pires pediu, ent\u00e3o, um voto de confian\u00e7a para pagar essa d\u00edvida que coincide com o maior dos seus desafios: vencer 2026, o que ser\u00e1 decisivo para a reputa\u00e7\u00e3o de seu mandato e do seu futuro pol\u00edtico.<\/strong><\/p>\n\n\n\n<p><strong>Tanto o p\u00fablico interno quanto a popula\u00e7\u00e3o de modo geral, conforme pudemos apurar ouvindo informalmente muitos cidad\u00e3os, consideram que Pires ter\u00e1 sua prova dos nove neste ano.<\/strong><\/p>\n\n\n\n<p><strong>De alguma forma, as imensas dificuldades deixadas pelo governo anterior serviram de capa de prote\u00e7\u00e3o \u00e0 imagem p\u00fablica do chefe do Executivo. Afinal, como disse um ex-prefeito, \u201cele precisa de um voto de confian\u00e7a\u201d, pois recebeu um or\u00e7amento enviesado que n\u00e3o \u00e9 seu, que restringiu muito seu esfor\u00e7o para honrar os compromissos assumidos pelo governo no passado.<\/strong><\/p>\n\n\n\n<p><strong>Agora, e esse \u00e9 um argumento pouco refut\u00e1vel, tem o seu pr\u00f3prio or\u00e7amento \u00e0 disposi\u00e7\u00e3o e um dep\u00f3sito confort\u00e1vel no caixa do tesouro municipal. Desde o primeiro dia do seu mandato, em 1\u00ba de janeiro de 2025 at\u00e9 29 de dezembro de 2025, entraram nos cofres p\u00fablicos municipais exatos R$ 392.407.740,33.<\/strong><\/p>\n\n\n\n<p><strong>Ent\u00e3o que seu governo seja feliz, porque assim sendo a popula\u00e7\u00e3o tamb\u00e9m poder\u00e1 experimentar a felicidade de contar com bons servi\u00e7os p\u00fablicos \u00e0 sua disposi\u00e7\u00e3o, que \u00e9 o que todos esperam.<\/strong><\/p>\n\n\n\n<p><strong>TRANSPAR\u00caNCIA<\/strong><\/p>\n\n\n\n<p><strong>Conforme temos defendido aqui e na TVUNA, at\u00e9 o momento, tiquetoquismo \u00e0 parte, que seduziu muitos alcaides brasileiros, o prefeito n\u00e3o ter\u00e1 percebido claramente, ou n\u00e3o ter\u00e1 dado a devida import\u00e2ncia, \u00e0 transpar\u00eancia p\u00fablica do seu governo, como a melhor ferramenta para consubstanciar o apoio p\u00fablico ao seu mandato.<\/strong><\/p>\n\n\n\n<p><strong>Sim. Ele se comunica. Faz seguidos v\u00eddeos reveladores de sua dedica\u00e7\u00e3o e intensa atividades, mas n\u00e3o consegue atingir o cora\u00e7\u00e3o do povo [ou pelo menos n\u00e3o ter\u00e1 atingido at\u00e9 agora], talvez porque ainda n\u00e3o ter\u00e1 percebido os ganhos que ter\u00e1 ao admitir que essa \u00e9 a primeira vez que ocupa um cargo p\u00fablico em toda a sua vida.<\/strong><\/p>\n\n\n\n<p><strong>Ele precisa ouvir mais, escutar mais e acreditar que o maior escudo protetor ser\u00e1 exatamente transparecer os conte\u00fados que regem as rela\u00e7\u00f5es entre autoridades e a comunidade.<\/strong><\/p>\n\n\n\n<p><strong>Que este ano dever\u00e1 mostrar a que veio \u00e9 uma constata\u00e7\u00e3o not\u00e1vel at\u00e9 mesmo entre os seus assessores mais pr\u00f3ximos, que, entendemos, est\u00e3o esperando que tome a batuta nas m\u00e3os e d\u00ea in\u00edcio a um novo concerto que todos esperam para aplaudir.<\/strong><\/p>\n\n\n\n<p><strong>N\u00e3o h\u00e1 nada mais poderoso do que a verdade que, \u00e0s vezes demora a se configurar, mas que aparece mesmo que tardia.<\/strong><\/p>\n\n\n\n<p><strong>M\u00e1rio Pires, que seu governo seja realmente feliz e realizador! \u00c9 isso que todos desejamos e esperamos. E somente assim, conforme voc\u00ea tem proclamado: \u201cDias melhores, vir\u00e3o!\u201d. (C.R.)<\/strong><\/p>\n\n\n\n<figure class=\"wp-block-image size-large\"><img loading=\"lazy\" width=\"1024\" height=\"576\" src=\"https:\/\/revistavitrineibiuna.com.br\/wp-content\/uploads\/2026\/01\/20220205_142445-1024x576.jpg\" alt=\"\" class=\"wp-image-34748\" srcset=\"https:\/\/revistavitrineibiuna.com.br\/wp-content\/uploads\/2026\/01\/20220205_142445-1024x576.jpg 1024w, https:\/\/revistavitrineibiuna.com.br\/wp-content\/uploads\/2026\/01\/20220205_142445-300x169.jpg 300w, https:\/\/revistavitrineibiuna.com.br\/wp-content\/uploads\/2026\/01\/20220205_142445-768x432.jpg 768w, https:\/\/revistavitrineibiuna.com.br\/wp-content\/uploads\/2026\/01\/20220205_142445-1536x864.jpg 1536w, https:\/\/revistavitrineibiuna.com.br\/wp-content\/uploads\/2026\/01\/20220205_142445-2048x1152.jpg 2048w\" sizes=\"(max-width: 1024px) 100vw, 1024px\" \/><\/figure>\n","protected":false},"excerpt":{"rendered":"<p>[VITRINE ONLINE INICIA COM ESTA PUBLICA\u00c7\u00c3O UMA S\u00c9RIE DE MAT\u00c9RIAS SOB A RUBRICA \u201cVIVA IBI\u00daNA\u201d, COM O OBJETIVO DE CONTRIBUIR<\/p>\n","protected":false},"author":1,"featured_media":34739,"comment_status":"open","ping_status":"open","sticky":false,"template":"","format":"standard","meta":[],"categories":[3],"tags":[],"yoast_head":"<!-- This site is optimized with the Yoast SEO plugin v15.8 - https:\/\/yoast.com\/wordpress\/plugins\/seo\/ -->\n<title>VIVA IBI\u00daNA 1 \u2013 FELIZ ANO NOVO PREFEITO M\u00c1RIO PIRES; IBI\u00daNA PRECISA - Revista Vitrine Online<\/title>\n<meta name=\"robots\" content=\"index, follow, max-snippet:-1, max-image-preview:large, max-video-preview:-1\" \/>\n<link rel=\"canonical\" href=\"http:\/\/revistavitrineibiuna.com.br\/?p=34738\" \/>\n<meta property=\"og:locale\" content=\"pt_BR\" \/>\n<meta property=\"og:type\" content=\"article\" \/>\n<meta property=\"og:title\" content=\"VIVA IBI\u00daNA 1 \u2013 FELIZ ANO NOVO PREFEITO M\u00c1RIO PIRES; IBI\u00daNA PRECISA - Revista Vitrine Online\" \/>\n<meta property=\"og:description\" content=\"[VITRINE ONLINE INICIA COM ESTA PUBLICA\u00c7\u00c3O UMA S\u00c9RIE DE MAT\u00c9RIAS SOB A RUBRICA \u201cVIVA IBI\u00daNA\u201d, COM O OBJETIVO DE CONTRIBUIR\" \/>\n<meta property=\"og:url\" content=\"http:\/\/revistavitrineibiuna.com.br\/?p=34738\" \/>\n<meta property=\"og:site_name\" content=\"Revista Vitrine Online\" \/>\n<meta property=\"article:published_time\" content=\"2026-01-08T12:36:46+00:00\" \/>\n<meta property=\"article:modified_time\" content=\"2026-01-08T13:19:59+00:00\" \/>\n<meta property=\"og:image\" content=\"https:\/\/revistavitrineibiuna.com.br\/wp-content\/uploads\/2026\/01\/Caricatura-Mario-Pires.png\" \/>\n\t<meta property=\"og:image:width\" content=\"1408\" \/>\n\t<meta property=\"og:image:height\" content=\"916\" \/>\n<meta name=\"twitter:card\" content=\"summary\" \/>\n<meta name=\"twitter:label1\" content=\"Est. reading time\">\n\t<meta name=\"twitter:data1\" content=\"4 minutos\">\n<script type=\"application\/ld+json\" class=\"yoast-schema-graph\">{\"@context\":\"https:\/\/schema.org\",\"@graph\":[{\"@type\":\"WebSite\",\"@id\":\"https:\/\/revistavitrineibiuna.com.br\/#website\",\"url\":\"https:\/\/revistavitrineibiuna.com.br\/\",\"name\":\"Revista Vitrine Ibi\\u00fana\",\"description\":\"A Revista de Ibi\\u00fana e Regi\\u00e3o\",\"publisher\":{\"@id\":\"https:\/\/revistavitrineibiuna.com.br\/#\/schema\/person\/e51ef49d6d88170ea21ceabff3f73deb\"},\"potentialAction\":[{\"@type\":\"SearchAction\",\"target\":\"https:\/\/revistavitrineibiuna.com.br\/?s={search_term_string}\",\"query-input\":\"required name=search_term_string\"}],\"inLanguage\":\"pt-BR\"},{\"@type\":\"ImageObject\",\"@id\":\"http:\/\/revistavitrineibiuna.com.br\/?p=34738#primaryimage\",\"inLanguage\":\"pt-BR\",\"url\":\"https:\/\/revistavitrineibiuna.com.br\/wp-content\/uploads\/2026\/01\/Caricatura-Mario-Pires.png\",\"width\":1408,\"height\":916},{\"@type\":\"WebPage\",\"@id\":\"http:\/\/revistavitrineibiuna.com.br\/?p=34738#webpage\",\"url\":\"http:\/\/revistavitrineibiuna.com.br\/?p=34738\",\"name\":\"VIVA IBI\\u00daNA 1 \\u2013 FELIZ ANO NOVO PREFEITO M\\u00c1RIO PIRES; IBI\\u00daNA PRECISA - Revista Vitrine Online\",\"isPartOf\":{\"@id\":\"https:\/\/revistavitrineibiuna.com.br\/#website\"},\"primaryImageOfPage\":{\"@id\":\"http:\/\/revistavitrineibiuna.com.br\/?p=34738#primaryimage\"},\"datePublished\":\"2026-01-08T12:36:46+00:00\",\"dateModified\":\"2026-01-08T13:19:59+00:00\",\"breadcrumb\":{\"@id\":\"http:\/\/revistavitrineibiuna.com.br\/?p=34738#breadcrumb\"},\"inLanguage\":\"pt-BR\",\"potentialAction\":[{\"@type\":\"ReadAction\",\"target\":[\"http:\/\/revistavitrineibiuna.com.br\/?p=34738\"]}]},{\"@type\":\"BreadcrumbList\",\"@id\":\"http:\/\/revistavitrineibiuna.com.br\/?p=34738#breadcrumb\",\"itemListElement\":[{\"@type\":\"ListItem\",\"position\":1,\"item\":{\"@type\":\"WebPage\",\"@id\":\"https:\/\/revistavitrineibiuna.com.br\/\",\"url\":\"https:\/\/revistavitrineibiuna.com.br\/\",\"name\":\"In\\u00edcio\"}},{\"@type\":\"ListItem\",\"position\":2,\"item\":{\"@type\":\"WebPage\",\"@id\":\"http:\/\/revistavitrineibiuna.com.br\/?p=34738\",\"url\":\"http:\/\/revistavitrineibiuna.com.br\/?p=34738\",\"name\":\"VIVA IBI\\u00daNA 1 \\u2013 FELIZ ANO NOVO PREFEITO M\\u00c1RIO PIRES; IBI\\u00daNA PRECISA\"}}]},{\"@type\":\"Article\",\"@id\":\"http:\/\/revistavitrineibiuna.com.br\/?p=34738#article\",\"isPartOf\":{\"@id\":\"http:\/\/revistavitrineibiuna.com.br\/?p=34738#webpage\"},\"author\":{\"@id\":\"https:\/\/revistavitrineibiuna.com.br\/#\/schema\/person\/e51ef49d6d88170ea21ceabff3f73deb\"},\"headline\":\"VIVA IBI\\u00daNA 1 \\u2013 FELIZ ANO NOVO PREFEITO M\\u00c1RIO PIRES; IBI\\u00daNA PRECISA\",\"datePublished\":\"2026-01-08T12:36:46+00:00\",\"dateModified\":\"2026-01-08T13:19:59+00:00\",\"mainEntityOfPage\":{\"@id\":\"http:\/\/revistavitrineibiuna.com.br\/?p=34738#webpage\"},\"commentCount\":0,\"publisher\":{\"@id\":\"https:\/\/revistavitrineibiuna.com.br\/#\/schema\/person\/e51ef49d6d88170ea21ceabff3f73deb\"},\"image\":{\"@id\":\"http:\/\/revistavitrineibiuna.com.br\/?p=34738#primaryimage\"},\"articleSection\":\"Not\\u00edcias\",\"inLanguage\":\"pt-BR\",\"potentialAction\":[{\"@type\":\"CommentAction\",\"name\":\"Comment\",\"target\":[\"http:\/\/revistavitrineibiuna.com.br\/?p=34738#respond\"]}]},{\"@type\":[\"Person\",\"Organization\"],\"@id\":\"https:\/\/revistavitrineibiuna.com.br\/#\/schema\/person\/e51ef49d6d88170ea21ceabff3f73deb\",\"name\":\"Carlos Rossini\",\"image\":{\"@type\":\"ImageObject\",\"@id\":\"https:\/\/revistavitrineibiuna.com.br\/#personlogo\",\"inLanguage\":\"pt-BR\",\"url\":\"https:\/\/secure.gravatar.com\/avatar\/4f2d0f99fac1f85c7d643f21f5c8d900?s=96&d=mm&r=g\",\"caption\":\"Carlos Rossini\"},\"logo\":{\"@id\":\"https:\/\/revistavitrineibiuna.com.br\/#personlogo\"},\"description\":\"Carlos Rossini \\u00e9 jornalista, soci\\u00f3logo, escritor e professor universit\\u00e1rio, tendo sido professor de jornalismo por vinte anos. Trabalhou em ve\\u00edculos de comunica\\u00e7\\u00e3o nas fun\\u00e7\\u00f5es de rep\\u00f3rter, redator, editor, articulista e colaborador, como Folha de S. Paulo, O Estado de S. Paulo, Di\\u00e1rio Popular, entre outros. Ao transferir a revista vitrine, vers\\u00e3o imprensa, de S\\u00e3o Paulo para Ibi\\u00fana h\\u00e1 alguns anos, iniciou uma nova experi\\u00eancia profissional, dedicando-se ao jornalismo regional, depois de cumprir uma trajet\\u00f3ria bem-sucedida na grande imprensa brasileira. Seu primeiro livro A Coragem de Comunicar foi lan\\u00e7ado na Bienal do Livro em S\\u00e3o Paulo no ano 2000, pela editora Madras.\"}]}<\/script>\n<!-- \/ Yoast SEO plugin. -->","_links":{"self":[{"href":"https:\/\/revistavitrineibiuna.com.br\/index.php?rest_route=\/wp\/v2\/posts\/34738"}],"collection":[{"href":"https:\/\/revistavitrineibiuna.com.br\/index.php?rest_route=\/wp\/v2\/posts"}],"about":[{"href":"https:\/\/revistavitrineibiuna.com.br\/index.php?rest_route=\/wp\/v2\/types\/post"}],"author":[{"embeddable":true,"href":"https:\/\/revistavitrineibiuna.com.br\/index.php?rest_route=\/wp\/v2\/users\/1"}],"replies":[{"embeddable":true,"href":"https:\/\/revistavitrineibiuna.com.br\/index.php?rest_route=%2Fwp%2Fv2%2Fcomments&post=34738"}],"version-history":[{"count":6,"href":"https:\/\/revistavitrineibiuna.com.br\/index.php?rest_route=\/wp\/v2\/posts\/34738\/revisions"}],"predecessor-version":[{"id":34751,"href":"https:\/\/revistavitrineibiuna.com.br\/index.php?rest_route=\/wp\/v2\/posts\/34738\/revisions\/34751"}],"wp:featuredmedia":[{"embeddable":true,"href":"https:\/\/revistavitrineibiuna.com.br\/index.php?rest_route=\/wp\/v2\/media\/34739"}],"wp:attachment":[{"href":"https:\/\/revistavitrineibiuna.com.br\/index.php?rest_route=%2Fwp%2Fv2%2Fmedia&parent=34738"}],"wp:term":[{"taxonomy":"category","embeddable":true,"href":"https:\/\/revistavitrineibiuna.com.br\/index.php?rest_route=%2Fwp%2Fv2%2Fcategories&post=34738"},{"taxonomy":"post_tag","embeddable":true,"href":"https:\/\/revistavitrineibiuna.com.br\/index.php?rest_route=%2Fwp%2Fv2%2Ftags&post=34738"}],"curies":[{"name":"wp","href":"https:\/\/api.w.org\/{rel}","templated":true}]}}