{"id":34752,"date":"2026-01-09T20:41:38","date_gmt":"2026-01-09T23:41:38","guid":{"rendered":"http:\/\/revistavitrineibiuna.com.br\/?p=34752"},"modified":"2026-01-09T21:12:14","modified_gmt":"2026-01-10T00:12:14","slug":"ibiuna-obras-de-duplicacao-da-bunjiro-nao-comecaram","status":"publish","type":"post","link":"https:\/\/revistavitrineibiuna.com.br\/?p=34752","title":{"rendered":"IBI\u00daNA &#8211; OBRAS DE DUPLICA\u00c7\u00c3O DA BUNJIRO N\u00c3O COME\u00c7ARAM"},"content":{"rendered":"\n<p class=\"has-drop-cap\"><strong>A retomada propriamente dita da duplica\u00e7\u00e3o da rodovia Bunjiro Nakao, no trecho entre Vargem Grande Paulista e o centro de Ibi\u00fana, anunciada pelo governador Tarcisio de Freitas para agosto, setembro, outubro, novembro, e celebrada pelo prefeito de Ibi\u00fana, aparentemente ainda n\u00e3o foi iniciada pela Dromos, empresa terceira contratada pela Motiva-CCR Sorocabana, para fazer o servi\u00e7o.<\/strong><\/p>\n\n\n\n<p><strong>Sim, ela est\u00e1 com uma equipe de trabalhadores e m\u00e1quinas atuando em dois trechos da rodovia. No km 49, fazendo recape onde j\u00e1 h\u00e1 duplica\u00e7\u00e3o, e no km 52, movimentando terra, numa \u00e1rea igualmente j\u00e1 duplicada, sob contrato ent\u00e3o gerido pelo DER, ambos no territ\u00f3rio de Vargem Grande.<\/strong><\/p>\n\n\n\n<p><strong>Leitores ouvidos hoje chamaram aten\u00e7\u00e3o para um fato que j\u00e1 provocou not\u00f3ria indigna\u00e7\u00e3o nos moradores do munic\u00edpio de Ibi\u00fana.<\/strong><\/p>\n\n\n\n<p><strong>A CCR aparentemente  n\u00e3o iniciou  efetivamente a retomada da duplica\u00e7\u00e3o a rodovia, com prazo para conclus\u00e3o em mar\u00e7o de 2027. A prop\u00f3sito, leitores chamaram a aten\u00e7\u00e3o para o fato de a empresa j\u00e1 ter erguido dois p\u00f3rticos free flow destinados a cobran\u00e7a de ped\u00e1gio. Um km 57,5 e outro no km 89, j\u00e1 no munic\u00edpio de Piedade.<\/strong><\/p>\n\n\n\n<p><strong>Onde o p\u00f3rtico foi erguido no km 89, a pista nem mesmo foi duplicada, o que causou estranheza dos usu\u00e1rios da rodovia.<\/strong><\/p>\n\n\n\n<figure class=\"wp-block-image size-large\"><img loading=\"lazy\" width=\"1024\" height=\"768\" src=\"https:\/\/revistavitrineibiuna.com.br\/wp-content\/uploads\/2026\/01\/b0745e5f-164a-48cb-85c8-2317d0b0c81c-1024x768.jpg\" alt=\"\" class=\"wp-image-34757\" srcset=\"https:\/\/revistavitrineibiuna.com.br\/wp-content\/uploads\/2026\/01\/b0745e5f-164a-48cb-85c8-2317d0b0c81c-1024x768.jpg 1024w, https:\/\/revistavitrineibiuna.com.br\/wp-content\/uploads\/2026\/01\/b0745e5f-164a-48cb-85c8-2317d0b0c81c-300x225.jpg 300w, https:\/\/revistavitrineibiuna.com.br\/wp-content\/uploads\/2026\/01\/b0745e5f-164a-48cb-85c8-2317d0b0c81c-768x576.jpg 768w, https:\/\/revistavitrineibiuna.com.br\/wp-content\/uploads\/2026\/01\/b0745e5f-164a-48cb-85c8-2317d0b0c81c-1536x1152.jpg 1536w, https:\/\/revistavitrineibiuna.com.br\/wp-content\/uploads\/2026\/01\/b0745e5f-164a-48cb-85c8-2317d0b0c81c-320x240.jpg 320w, https:\/\/revistavitrineibiuna.com.br\/wp-content\/uploads\/2026\/01\/b0745e5f-164a-48cb-85c8-2317d0b0c81c.jpg 1600w\" sizes=\"(max-width: 1024px) 100vw, 1024px\" \/><figcaption>Base de apoio no km 49<\/figcaption><\/figure>\n\n\n\n<p><strong>At\u00e9 o momento, em ambos os locais, n\u00e3o est\u00e1 havendo cobran\u00e7a e isso possivelmente poderia estar acontecendo pela forte rea\u00e7\u00e3o da popula\u00e7\u00e3o indignada, sobretudo com o p\u00f3rtico do km 57,5 que est\u00e1 numa posi\u00e7\u00e3o que \u201cdivide\u201d v\u00e1rios bairros e o centro da cidade, fazendo com que muitos trabalhadores sejam onerados para ir e voltar do trabalho v\u00e1rias vezes por dia.<\/strong><\/p>\n\n\n\n<p><strong>At\u00e9 o momento em que redigimos esta not\u00edcia, n\u00e3o havia previs\u00e3o de quando ambos os p\u00f3rticos passar\u00e3o a operar, fato que apenas est\u00e1 \u201cadormecido\u201d no plano das preocupa\u00e7\u00f5es dos mun\u00edcipes, sobretudo porque h\u00e1 f\u00e9rias escolares e de muitos trabalhadores, recesso legislativo [vereadores de Ibi\u00fana chegaram a criar uma Comiss\u00e3o Especial para monitorar e tentar evitar a cobran\u00e7a de ped\u00e1gio na Bunjiro].<\/strong><\/p>\n\n\n\n<p><strong>Vitrine online que vem acompanhando a duplica\u00e7\u00e3o da Bunjiro Nakao desde 2017, quando foi dada a ordem de servi\u00e7o para a sua duplica\u00e7\u00e3o, sobretudo tendo em vista os graves acidentes rodovi\u00e1rios j\u00e1 registrados, com v\u00e1rios \u00f3bitos, e mantendo contato regular com o escrit\u00f3rio da empresa em Sorocaba.<\/strong><\/p>\n\n\n\n<figure class=\"wp-block-image size-large\"><img loading=\"lazy\" width=\"1024\" height=\"768\" src=\"https:\/\/revistavitrineibiuna.com.br\/wp-content\/uploads\/2026\/01\/f42088c0-d7ad-4245-987a-3c2b68330322-1024x768.jpg\" alt=\"\" class=\"wp-image-34759\" srcset=\"https:\/\/revistavitrineibiuna.com.br\/wp-content\/uploads\/2026\/01\/f42088c0-d7ad-4245-987a-3c2b68330322-1024x768.jpg 1024w, https:\/\/revistavitrineibiuna.com.br\/wp-content\/uploads\/2026\/01\/f42088c0-d7ad-4245-987a-3c2b68330322-300x225.jpg 300w, https:\/\/revistavitrineibiuna.com.br\/wp-content\/uploads\/2026\/01\/f42088c0-d7ad-4245-987a-3c2b68330322-768x576.jpg 768w, https:\/\/revistavitrineibiuna.com.br\/wp-content\/uploads\/2026\/01\/f42088c0-d7ad-4245-987a-3c2b68330322-1536x1152.jpg 1536w, https:\/\/revistavitrineibiuna.com.br\/wp-content\/uploads\/2026\/01\/f42088c0-d7ad-4245-987a-3c2b68330322-320x240.jpg 320w, https:\/\/revistavitrineibiuna.com.br\/wp-content\/uploads\/2026\/01\/f42088c0-d7ad-4245-987a-3c2b68330322.jpg 1600w\" sizes=\"(max-width: 1024px) 100vw, 1024px\" \/><figcaption>Obra no km 52, no meio das pistas j\u00e1  duplicadas: embora tent\u00e1ssemos descobrir o motivo dessa obras, n\u00e3o obtivemos a informa\u00e7\u00e3o<\/figcaption><\/figure>\n\n\n\n<p><strong>Desde o ano passado, solicitou informa\u00e7\u00f5es sobre o in\u00edcio da duplica\u00e7\u00e3o propriamente dita, e apesar de ter insistido na obten\u00e7\u00e3o desse dado, at\u00e9 o momento est\u00e1 sem resposta.<\/strong><\/p>\n\n\n\n<p><strong>A empresa alegou que a \u201cparte robusta\u201d da obra [a duplica\u00e7\u00e3o em si] ainda n\u00e3o come\u00e7ou, sem dar uma previs\u00e3o de quando isso aconteceria. (C.R.)<\/strong><\/p>\n\n\n\n<p><strong>Nota da Reda\u00e7\u00e3o: nesta sexta-feira (9), o rep\u00f3rter da vitrine online percorreu todo o trecho entre Vargem Grande e Ibi\u00fana para verificar as obras em andamento.<\/strong><\/p>\n\n\n\n<figure class=\"wp-block-image size-large\"><img loading=\"lazy\" width=\"799\" height=\"444\" src=\"https:\/\/revistavitrineibiuna.com.br\/wp-content\/uploads\/2026\/01\/647d573e-762e-4f0b-b76a-cd8146a7b6bf.jpg\" alt=\"\" class=\"wp-image-34764\" srcset=\"https:\/\/revistavitrineibiuna.com.br\/wp-content\/uploads\/2026\/01\/647d573e-762e-4f0b-b76a-cd8146a7b6bf.jpg 799w, https:\/\/revistavitrineibiuna.com.br\/wp-content\/uploads\/2026\/01\/647d573e-762e-4f0b-b76a-cd8146a7b6bf-300x167.jpg 300w, https:\/\/revistavitrineibiuna.com.br\/wp-content\/uploads\/2026\/01\/647d573e-762e-4f0b-b76a-cd8146a7b6bf-768x427.jpg 768w\" sizes=\"(max-width: 799px) 100vw, 799px\" \/><figcaption>Os p\u00f3rticos chegaram antes: um no km 57,5 e outro, no km  89, j\u00e1 em Piedade<\/figcaption><\/figure>\n","protected":false},"excerpt":{"rendered":"<p>A retomada propriamente dita da duplica\u00e7\u00e3o da rodovia Bunjiro Nakao, no trecho entre Vargem Grande Paulista e o centro de<\/p>\n","protected":false},"author":1,"featured_media":34755,"comment_status":"open","ping_status":"open","sticky":false,"template":"","format":"standard","meta":[],"categories":[3],"tags":[],"yoast_head":"<!-- This site is optimized with the Yoast SEO plugin v15.8 - https:\/\/yoast.com\/wordpress\/plugins\/seo\/ -->\n<title>IBI\u00daNA - OBRAS DE DUPLICA\u00c7\u00c3O DA BUNJIRO N\u00c3O COME\u00c7ARAM - Revista Vitrine Online<\/title>\n<meta name=\"robots\" content=\"index, follow, max-snippet:-1, max-image-preview:large, max-video-preview:-1\" \/>\n<link rel=\"canonical\" href=\"https:\/\/revistavitrineibiuna.com.br\/?p=34752\" \/>\n<meta property=\"og:locale\" content=\"pt_BR\" \/>\n<meta property=\"og:type\" content=\"article\" \/>\n<meta property=\"og:title\" content=\"IBI\u00daNA - OBRAS DE DUPLICA\u00c7\u00c3O DA BUNJIRO N\u00c3O COME\u00c7ARAM - Revista Vitrine Online\" \/>\n<meta property=\"og:description\" content=\"A retomada propriamente dita da duplica\u00e7\u00e3o da rodovia Bunjiro Nakao, no trecho entre Vargem Grande Paulista e o centro de\" \/>\n<meta property=\"og:url\" content=\"https:\/\/revistavitrineibiuna.com.br\/?p=34752\" \/>\n<meta property=\"og:site_name\" content=\"Revista Vitrine Online\" \/>\n<meta property=\"article:published_time\" content=\"2026-01-09T23:41:38+00:00\" \/>\n<meta property=\"article:modified_time\" content=\"2026-01-10T00:12:14+00:00\" \/>\n<meta property=\"og:image\" content=\"https:\/\/revistavitrineibiuna.com.br\/wp-content\/uploads\/2026\/01\/obras-na-bunjiro-1-1024x654.png\" \/>\n\t<meta property=\"og:image:width\" content=\"1024\" \/>\n\t<meta property=\"og:image:height\" content=\"654\" \/>\n<meta name=\"twitter:card\" content=\"summary\" \/>\n<meta name=\"twitter:label1\" content=\"Est. reading time\">\n\t<meta name=\"twitter:data1\" content=\"3 minutos\">\n<script type=\"application\/ld+json\" class=\"yoast-schema-graph\">{\"@context\":\"https:\/\/schema.org\",\"@graph\":[{\"@type\":\"WebSite\",\"@id\":\"https:\/\/revistavitrineibiuna.com.br\/#website\",\"url\":\"https:\/\/revistavitrineibiuna.com.br\/\",\"name\":\"Revista Vitrine Ibi\\u00fana\",\"description\":\"A Revista de Ibi\\u00fana e Regi\\u00e3o\",\"publisher\":{\"@id\":\"https:\/\/revistavitrineibiuna.com.br\/#\/schema\/person\/e51ef49d6d88170ea21ceabff3f73deb\"},\"potentialAction\":[{\"@type\":\"SearchAction\",\"target\":\"https:\/\/revistavitrineibiuna.com.br\/?s={search_term_string}\",\"query-input\":\"required name=search_term_string\"}],\"inLanguage\":\"pt-BR\"},{\"@type\":\"ImageObject\",\"@id\":\"https:\/\/revistavitrineibiuna.com.br\/?p=34752#primaryimage\",\"inLanguage\":\"pt-BR\",\"url\":\"https:\/\/revistavitrineibiuna.com.br\/wp-content\/uploads\/2026\/01\/obras-na-bunjiro-1.png\",\"width\":1597,\"height\":1020},{\"@type\":\"WebPage\",\"@id\":\"https:\/\/revistavitrineibiuna.com.br\/?p=34752#webpage\",\"url\":\"https:\/\/revistavitrineibiuna.com.br\/?p=34752\",\"name\":\"IBI\\u00daNA - OBRAS DE DUPLICA\\u00c7\\u00c3O DA BUNJIRO N\\u00c3O COME\\u00c7ARAM - Revista Vitrine Online\",\"isPartOf\":{\"@id\":\"https:\/\/revistavitrineibiuna.com.br\/#website\"},\"primaryImageOfPage\":{\"@id\":\"https:\/\/revistavitrineibiuna.com.br\/?p=34752#primaryimage\"},\"datePublished\":\"2026-01-09T23:41:38+00:00\",\"dateModified\":\"2026-01-10T00:12:14+00:00\",\"breadcrumb\":{\"@id\":\"https:\/\/revistavitrineibiuna.com.br\/?p=34752#breadcrumb\"},\"inLanguage\":\"pt-BR\",\"potentialAction\":[{\"@type\":\"ReadAction\",\"target\":[\"https:\/\/revistavitrineibiuna.com.br\/?p=34752\"]}]},{\"@type\":\"BreadcrumbList\",\"@id\":\"https:\/\/revistavitrineibiuna.com.br\/?p=34752#breadcrumb\",\"itemListElement\":[{\"@type\":\"ListItem\",\"position\":1,\"item\":{\"@type\":\"WebPage\",\"@id\":\"https:\/\/revistavitrineibiuna.com.br\/\",\"url\":\"https:\/\/revistavitrineibiuna.com.br\/\",\"name\":\"In\\u00edcio\"}},{\"@type\":\"ListItem\",\"position\":2,\"item\":{\"@type\":\"WebPage\",\"@id\":\"https:\/\/revistavitrineibiuna.com.br\/?p=34752\",\"url\":\"https:\/\/revistavitrineibiuna.com.br\/?p=34752\",\"name\":\"IBI\\u00daNA &#8211; OBRAS DE DUPLICA\\u00c7\\u00c3O DA BUNJIRO N\\u00c3O COME\\u00c7ARAM\"}}]},{\"@type\":\"Article\",\"@id\":\"https:\/\/revistavitrineibiuna.com.br\/?p=34752#article\",\"isPartOf\":{\"@id\":\"https:\/\/revistavitrineibiuna.com.br\/?p=34752#webpage\"},\"author\":{\"@id\":\"https:\/\/revistavitrineibiuna.com.br\/#\/schema\/person\/e51ef49d6d88170ea21ceabff3f73deb\"},\"headline\":\"IBI\\u00daNA &#8211; OBRAS DE DUPLICA\\u00c7\\u00c3O DA BUNJIRO N\\u00c3O COME\\u00c7ARAM\",\"datePublished\":\"2026-01-09T23:41:38+00:00\",\"dateModified\":\"2026-01-10T00:12:14+00:00\",\"mainEntityOfPage\":{\"@id\":\"https:\/\/revistavitrineibiuna.com.br\/?p=34752#webpage\"},\"commentCount\":0,\"publisher\":{\"@id\":\"https:\/\/revistavitrineibiuna.com.br\/#\/schema\/person\/e51ef49d6d88170ea21ceabff3f73deb\"},\"image\":{\"@id\":\"https:\/\/revistavitrineibiuna.com.br\/?p=34752#primaryimage\"},\"articleSection\":\"Not\\u00edcias\",\"inLanguage\":\"pt-BR\",\"potentialAction\":[{\"@type\":\"CommentAction\",\"name\":\"Comment\",\"target\":[\"https:\/\/revistavitrineibiuna.com.br\/?p=34752#respond\"]}]},{\"@type\":[\"Person\",\"Organization\"],\"@id\":\"https:\/\/revistavitrineibiuna.com.br\/#\/schema\/person\/e51ef49d6d88170ea21ceabff3f73deb\",\"name\":\"Carlos Rossini\",\"image\":{\"@type\":\"ImageObject\",\"@id\":\"https:\/\/revistavitrineibiuna.com.br\/#personlogo\",\"inLanguage\":\"pt-BR\",\"url\":\"https:\/\/secure.gravatar.com\/avatar\/4f2d0f99fac1f85c7d643f21f5c8d900?s=96&d=mm&r=g\",\"caption\":\"Carlos Rossini\"},\"logo\":{\"@id\":\"https:\/\/revistavitrineibiuna.com.br\/#personlogo\"},\"description\":\"Carlos Rossini \\u00e9 jornalista, soci\\u00f3logo, escritor e professor universit\\u00e1rio, tendo sido professor de jornalismo por vinte anos. Trabalhou em ve\\u00edculos de comunica\\u00e7\\u00e3o nas fun\\u00e7\\u00f5es de rep\\u00f3rter, redator, editor, articulista e colaborador, como Folha de S. Paulo, O Estado de S. Paulo, Di\\u00e1rio Popular, entre outros. Ao transferir a revista vitrine, vers\\u00e3o imprensa, de S\\u00e3o Paulo para Ibi\\u00fana h\\u00e1 alguns anos, iniciou uma nova experi\\u00eancia profissional, dedicando-se ao jornalismo regional, depois de cumprir uma trajet\\u00f3ria bem-sucedida na grande imprensa brasileira. Seu primeiro livro A Coragem de Comunicar foi lan\\u00e7ado na Bienal do Livro em S\\u00e3o Paulo no ano 2000, pela editora Madras.\"}]}<\/script>\n<!-- \/ Yoast SEO plugin. -->","_links":{"self":[{"href":"https:\/\/revistavitrineibiuna.com.br\/index.php?rest_route=\/wp\/v2\/posts\/34752"}],"collection":[{"href":"https:\/\/revistavitrineibiuna.com.br\/index.php?rest_route=\/wp\/v2\/posts"}],"about":[{"href":"https:\/\/revistavitrineibiuna.com.br\/index.php?rest_route=\/wp\/v2\/types\/post"}],"author":[{"embeddable":true,"href":"https:\/\/revistavitrineibiuna.com.br\/index.php?rest_route=\/wp\/v2\/users\/1"}],"replies":[{"embeddable":true,"href":"https:\/\/revistavitrineibiuna.com.br\/index.php?rest_route=%2Fwp%2Fv2%2Fcomments&post=34752"}],"version-history":[{"count":6,"href":"https:\/\/revistavitrineibiuna.com.br\/index.php?rest_route=\/wp\/v2\/posts\/34752\/revisions"}],"predecessor-version":[{"id":34766,"href":"https:\/\/revistavitrineibiuna.com.br\/index.php?rest_route=\/wp\/v2\/posts\/34752\/revisions\/34766"}],"wp:featuredmedia":[{"embeddable":true,"href":"https:\/\/revistavitrineibiuna.com.br\/index.php?rest_route=\/wp\/v2\/media\/34755"}],"wp:attachment":[{"href":"https:\/\/revistavitrineibiuna.com.br\/index.php?rest_route=%2Fwp%2Fv2%2Fmedia&parent=34752"}],"wp:term":[{"taxonomy":"category","embeddable":true,"href":"https:\/\/revistavitrineibiuna.com.br\/index.php?rest_route=%2Fwp%2Fv2%2Fcategories&post=34752"},{"taxonomy":"post_tag","embeddable":true,"href":"https:\/\/revistavitrineibiuna.com.br\/index.php?rest_route=%2Fwp%2Fv2%2Ftags&post=34752"}],"curies":[{"name":"wp","href":"https:\/\/api.w.org\/{rel}","templated":true}]}}