{"id":34813,"date":"2026-01-19T16:45:57","date_gmt":"2026-01-19T19:45:57","guid":{"rendered":"http:\/\/revistavitrineibiuna.com.br\/?p=34813"},"modified":"2026-01-19T16:45:58","modified_gmt":"2026-01-19T19:45:58","slug":"como-deveria-ser-o-governo-da-nossa-cidade","status":"publish","type":"post","link":"https:\/\/revistavitrineibiuna.com.br\/?p=34813","title":{"rendered":"COMO DEVERIA SER O GOVERNO DA NOSSA CIDADE?"},"content":{"rendered":"\n<p class=\"has-drop-cap\"><strong>Com um pedido de licen\u00e7a de po\u00e9tica jornal\u00edstica, permito-me, para o bem comum, declarar publicamente que este n\u00e3o \u00e9 o governo que eu queria para a minha cidade.<\/strong><\/p>\n\n\n\n<p><strong>Calma! Vou inserir um adv\u00e9rbio: ainda!<\/strong><\/p>\n\n\n\n<p><strong>Pode ser que minha proverbial ansiedade tenha me feito colocar a carro\u00e7a diante dos bois, como se costuma dizer no ambiente do campo.<\/strong><\/p>\n\n\n\n<p><strong>Pois continuo na persistente torcida de que o atual governo, finalmente, vai mostrar por a+b a que veio, pois nos preencheu de promessas sedutoras e de esperan\u00e7as renovadoras.<\/strong><\/p>\n\n\n\n<p><strong>Al\u00e9m disso, \u00e9 preciso de muita calma nessas horas, como diria um exemplar figurante da sociedade da qual fazemos parte em nosso cotidiano.<\/strong><\/p>\n\n\n\n<p><strong>Assim consideramos que, apresentadas nossas credenciais argumentativas e nosso crach\u00e1 profissional sancionado pela popula\u00e7\u00e3o que nos acompanha, e, acreditem, s\u00e3o milhares, pela qual somos imensamente gratos, seremos n\u00e3o apenas compreendidos como tamb\u00e9m reconhecido nosso objetivo de estarmos contribuindo para que as coisas boas comecem a acontecer a olhos vistos.<\/strong><\/p>\n\n\n\n<p><strong>Ah! E seremos os primeiros a reconhecer e anunciar as alv\u00edssaras, n\u00e3o tenham a menor d\u00favida.<\/strong><\/p>\n\n\n\n<p><strong>Todas as linhas descritas acima surgiram de uma s\u00e9rie de perguntas que resolvi escrever para um amigo que talvez seja um dos cidad\u00e3os mais inquietos que vive entre n\u00f3s, devido aos olhares que lan\u00e7a diariamente \u00e0quilo que costumamos chamar de problemas que envolvem autoridades p\u00fablicas.<\/strong><\/p>\n\n\n\n<p><strong>Ele reagiu \u00e0s indaga\u00e7\u00f5es: \u201cIsso poderia ser exposto para a popula\u00e7\u00e3o para que ela reflita. Tenho certeza de que ter\u00e1 um excelente resultado. Tenho a certeza que tocaria a popula\u00e7\u00e3o como um est\u00edmulo para pensar melhor o que querem para o futuro em nossa cidade.\u201d<\/strong><\/p>\n\n\n\n<p><strong>PENSAR \u00c9 INEVIT\u00c1VEL<\/strong><\/p>\n\n\n\n<p><strong>Convencido por esses argumentos, ent\u00e3o compartilho com todos as perguntas formuladas:<\/strong><\/p>\n\n\n\n<p><strong>Boa noite! [nome do amigo foi removido]:<\/strong><\/p>\n\n\n\n<p><strong>\u00c0s vezes \u00e9 inevit\u00e1vel pensar coisas do tipo: &#8220;Como deveria ser a cidade em que vivo?&#8221; ou &#8220;Como deveria funcionar uma cidade para ser reconhecida pelos cidad\u00e3os como uma boa cidade para se viver?&#8221; ou &#8220;Por que uma cidade n\u00e3o consegue ser boa para os seus cidad\u00e3os?&#8221; ou &#8220;Por que h\u00e1 tantas coisas ruins e que n\u00e3o funcionam na cidade?&#8221; ou &#8220;Por que uma cidade permanece tanto tempo, seguidamente, sendo mal administrada, como as coisas se n\u00e3o pudessem ser diferentes e melhores?&#8221; ou &#8220;Por que os administradores p\u00fablicos de uma cidade s\u00e3o t\u00e3o &nbsp;incongruentes?&#8221; ou &#8220;Por que se mant\u00e9m a sensa\u00e7\u00e3o de que nada pode mudar e, ao contr\u00e1rio, tudo ser\u00e1 sempre igual antes?&#8221;. &#8220;Por que os cidad\u00e3os agem como se tudo estivesse bem, quando n\u00e3o est\u00e1?&#8221; &#8220;Por que esses homens p\u00fablicos, tamb\u00e9m chamados de pol\u00edticos, s\u00e3o t\u00e3o iguais entre si e repetem sempre a mesma maneira de pensar e enxergar a realidade?&#8221;.<\/strong><\/p>\n\n\n\n<p><strong>&#8220;Em suma, o que faz com que eles acreditem que estejam fazendo as coisas certas sem ouvir a opini\u00e3o dos cidad\u00e3os, como se estes fossem meros personagens de segunda classe facilmente ilud\u00edveis?&#8221; &#8220;Por que tentam criar tantas ilus\u00f5es na cabe\u00e7a das pessoas, mesmo que tenham perdido, ou nunca tenham tido, uma vis\u00e3o da realidade tal qual ela \u00e9?&#8221;<\/strong><\/p>\n\n\n\n<p><strong>Bem, poderia continuar formulando muitas indaga\u00e7\u00f5es at\u00e9 surgir uma delas que seria um bom, claro e certeiro diagn\u00f3stico, mas vou encerrar com um exemplo de que as coisas s\u00e3o como s\u00e3o: [foi removido porque o autor se sentiu constringido e que deveria adiar a cita\u00e7\u00e3o para outro momento]. (C.R.)<\/strong><\/p>\n\n\n\n<p><strong><em>CONTRATEXTO: Depois de escrever e de contemplar essas linhas, imaginei que nada tivessem a ver com a realidade. E assim ser\u00e1, se assim parecer a voc\u00ea, autoridade da nossa querida cidade.<\/em><\/strong><\/p>\n","protected":false},"excerpt":{"rendered":"<p>Com um pedido de licen\u00e7a de po\u00e9tica jornal\u00edstica, permito-me, para o bem comum, declarar publicamente que este n\u00e3o \u00e9 o<\/p>\n","protected":false},"author":1,"featured_media":34814,"comment_status":"open","ping_status":"open","sticky":false,"template":"","format":"standard","meta":[],"categories":[3],"tags":[],"yoast_head":"<!-- This site is optimized with the Yoast SEO plugin v15.8 - https:\/\/yoast.com\/wordpress\/plugins\/seo\/ -->\n<title>COMO DEVERIA SER O GOVERNO DA NOSSA CIDADE? - Revista Vitrine Online<\/title>\n<meta name=\"robots\" content=\"index, follow, max-snippet:-1, max-image-preview:large, max-video-preview:-1\" \/>\n<link rel=\"canonical\" href=\"https:\/\/revistavitrineibiuna.com.br\/?p=34813\" \/>\n<meta property=\"og:locale\" content=\"pt_BR\" \/>\n<meta property=\"og:type\" content=\"article\" \/>\n<meta property=\"og:title\" content=\"COMO DEVERIA SER O GOVERNO DA NOSSA CIDADE? - Revista Vitrine Online\" \/>\n<meta property=\"og:description\" content=\"Com um pedido de licen\u00e7a de po\u00e9tica jornal\u00edstica, permito-me, para o bem comum, declarar publicamente que este n\u00e3o \u00e9 o\" \/>\n<meta property=\"og:url\" content=\"https:\/\/revistavitrineibiuna.com.br\/?p=34813\" \/>\n<meta property=\"og:site_name\" content=\"Revista Vitrine Online\" \/>\n<meta property=\"article:published_time\" content=\"2026-01-19T19:45:57+00:00\" \/>\n<meta property=\"article:modified_time\" content=\"2026-01-19T19:45:58+00:00\" \/>\n<meta property=\"og:image\" content=\"https:\/\/revistavitrineibiuna.com.br\/wp-content\/uploads\/2026\/01\/foto-cidade-1.jpg\" \/>\n\t<meta property=\"og:image:width\" content=\"640\" \/>\n\t<meta property=\"og:image:height\" content=\"360\" \/>\n<meta name=\"twitter:card\" content=\"summary\" \/>\n<meta name=\"twitter:label1\" content=\"Est. reading time\">\n\t<meta name=\"twitter:data1\" content=\"3 minutos\">\n<script type=\"application\/ld+json\" class=\"yoast-schema-graph\">{\"@context\":\"https:\/\/schema.org\",\"@graph\":[{\"@type\":\"WebSite\",\"@id\":\"https:\/\/revistavitrineibiuna.com.br\/#website\",\"url\":\"https:\/\/revistavitrineibiuna.com.br\/\",\"name\":\"Revista Vitrine Ibi\\u00fana\",\"description\":\"A Revista de Ibi\\u00fana e Regi\\u00e3o\",\"publisher\":{\"@id\":\"https:\/\/revistavitrineibiuna.com.br\/#\/schema\/person\/e51ef49d6d88170ea21ceabff3f73deb\"},\"potentialAction\":[{\"@type\":\"SearchAction\",\"target\":\"https:\/\/revistavitrineibiuna.com.br\/?s={search_term_string}\",\"query-input\":\"required name=search_term_string\"}],\"inLanguage\":\"pt-BR\"},{\"@type\":\"ImageObject\",\"@id\":\"https:\/\/revistavitrineibiuna.com.br\/?p=34813#primaryimage\",\"inLanguage\":\"pt-BR\",\"url\":\"https:\/\/revistavitrineibiuna.com.br\/wp-content\/uploads\/2026\/01\/foto-cidade-1.jpg\",\"width\":640,\"height\":360},{\"@type\":\"WebPage\",\"@id\":\"https:\/\/revistavitrineibiuna.com.br\/?p=34813#webpage\",\"url\":\"https:\/\/revistavitrineibiuna.com.br\/?p=34813\",\"name\":\"COMO DEVERIA SER O GOVERNO DA NOSSA CIDADE? - Revista Vitrine Online\",\"isPartOf\":{\"@id\":\"https:\/\/revistavitrineibiuna.com.br\/#website\"},\"primaryImageOfPage\":{\"@id\":\"https:\/\/revistavitrineibiuna.com.br\/?p=34813#primaryimage\"},\"datePublished\":\"2026-01-19T19:45:57+00:00\",\"dateModified\":\"2026-01-19T19:45:58+00:00\",\"breadcrumb\":{\"@id\":\"https:\/\/revistavitrineibiuna.com.br\/?p=34813#breadcrumb\"},\"inLanguage\":\"pt-BR\",\"potentialAction\":[{\"@type\":\"ReadAction\",\"target\":[\"https:\/\/revistavitrineibiuna.com.br\/?p=34813\"]}]},{\"@type\":\"BreadcrumbList\",\"@id\":\"https:\/\/revistavitrineibiuna.com.br\/?p=34813#breadcrumb\",\"itemListElement\":[{\"@type\":\"ListItem\",\"position\":1,\"item\":{\"@type\":\"WebPage\",\"@id\":\"https:\/\/revistavitrineibiuna.com.br\/\",\"url\":\"https:\/\/revistavitrineibiuna.com.br\/\",\"name\":\"In\\u00edcio\"}},{\"@type\":\"ListItem\",\"position\":2,\"item\":{\"@type\":\"WebPage\",\"@id\":\"https:\/\/revistavitrineibiuna.com.br\/?p=34813\",\"url\":\"https:\/\/revistavitrineibiuna.com.br\/?p=34813\",\"name\":\"COMO DEVERIA SER O GOVERNO DA NOSSA CIDADE?\"}}]},{\"@type\":\"Article\",\"@id\":\"https:\/\/revistavitrineibiuna.com.br\/?p=34813#article\",\"isPartOf\":{\"@id\":\"https:\/\/revistavitrineibiuna.com.br\/?p=34813#webpage\"},\"author\":{\"@id\":\"https:\/\/revistavitrineibiuna.com.br\/#\/schema\/person\/e51ef49d6d88170ea21ceabff3f73deb\"},\"headline\":\"COMO DEVERIA SER O GOVERNO DA NOSSA CIDADE?\",\"datePublished\":\"2026-01-19T19:45:57+00:00\",\"dateModified\":\"2026-01-19T19:45:58+00:00\",\"mainEntityOfPage\":{\"@id\":\"https:\/\/revistavitrineibiuna.com.br\/?p=34813#webpage\"},\"commentCount\":0,\"publisher\":{\"@id\":\"https:\/\/revistavitrineibiuna.com.br\/#\/schema\/person\/e51ef49d6d88170ea21ceabff3f73deb\"},\"image\":{\"@id\":\"https:\/\/revistavitrineibiuna.com.br\/?p=34813#primaryimage\"},\"articleSection\":\"Not\\u00edcias\",\"inLanguage\":\"pt-BR\",\"potentialAction\":[{\"@type\":\"CommentAction\",\"name\":\"Comment\",\"target\":[\"https:\/\/revistavitrineibiuna.com.br\/?p=34813#respond\"]}]},{\"@type\":[\"Person\",\"Organization\"],\"@id\":\"https:\/\/revistavitrineibiuna.com.br\/#\/schema\/person\/e51ef49d6d88170ea21ceabff3f73deb\",\"name\":\"Carlos Rossini\",\"image\":{\"@type\":\"ImageObject\",\"@id\":\"https:\/\/revistavitrineibiuna.com.br\/#personlogo\",\"inLanguage\":\"pt-BR\",\"url\":\"https:\/\/secure.gravatar.com\/avatar\/4f2d0f99fac1f85c7d643f21f5c8d900?s=96&d=mm&r=g\",\"caption\":\"Carlos Rossini\"},\"logo\":{\"@id\":\"https:\/\/revistavitrineibiuna.com.br\/#personlogo\"},\"description\":\"Carlos Rossini \\u00e9 jornalista, soci\\u00f3logo, escritor e professor universit\\u00e1rio, tendo sido professor de jornalismo por vinte anos. Trabalhou em ve\\u00edculos de comunica\\u00e7\\u00e3o nas fun\\u00e7\\u00f5es de rep\\u00f3rter, redator, editor, articulista e colaborador, como Folha de S. Paulo, O Estado de S. Paulo, Di\\u00e1rio Popular, entre outros. Ao transferir a revista vitrine, vers\\u00e3o imprensa, de S\\u00e3o Paulo para Ibi\\u00fana h\\u00e1 alguns anos, iniciou uma nova experi\\u00eancia profissional, dedicando-se ao jornalismo regional, depois de cumprir uma trajet\\u00f3ria bem-sucedida na grande imprensa brasileira. Seu primeiro livro A Coragem de Comunicar foi lan\\u00e7ado na Bienal do Livro em S\\u00e3o Paulo no ano 2000, pela editora Madras.\"}]}<\/script>\n<!-- \/ Yoast SEO plugin. -->","_links":{"self":[{"href":"https:\/\/revistavitrineibiuna.com.br\/index.php?rest_route=\/wp\/v2\/posts\/34813"}],"collection":[{"href":"https:\/\/revistavitrineibiuna.com.br\/index.php?rest_route=\/wp\/v2\/posts"}],"about":[{"href":"https:\/\/revistavitrineibiuna.com.br\/index.php?rest_route=\/wp\/v2\/types\/post"}],"author":[{"embeddable":true,"href":"https:\/\/revistavitrineibiuna.com.br\/index.php?rest_route=\/wp\/v2\/users\/1"}],"replies":[{"embeddable":true,"href":"https:\/\/revistavitrineibiuna.com.br\/index.php?rest_route=%2Fwp%2Fv2%2Fcomments&post=34813"}],"version-history":[{"count":1,"href":"https:\/\/revistavitrineibiuna.com.br\/index.php?rest_route=\/wp\/v2\/posts\/34813\/revisions"}],"predecessor-version":[{"id":34815,"href":"https:\/\/revistavitrineibiuna.com.br\/index.php?rest_route=\/wp\/v2\/posts\/34813\/revisions\/34815"}],"wp:featuredmedia":[{"embeddable":true,"href":"https:\/\/revistavitrineibiuna.com.br\/index.php?rest_route=\/wp\/v2\/media\/34814"}],"wp:attachment":[{"href":"https:\/\/revistavitrineibiuna.com.br\/index.php?rest_route=%2Fwp%2Fv2%2Fmedia&parent=34813"}],"wp:term":[{"taxonomy":"category","embeddable":true,"href":"https:\/\/revistavitrineibiuna.com.br\/index.php?rest_route=%2Fwp%2Fv2%2Fcategories&post=34813"},{"taxonomy":"post_tag","embeddable":true,"href":"https:\/\/revistavitrineibiuna.com.br\/index.php?rest_route=%2Fwp%2Fv2%2Ftags&post=34813"}],"curies":[{"name":"wp","href":"https:\/\/api.w.org\/{rel}","templated":true}]}}