{"id":34818,"date":"2026-01-21T17:36:24","date_gmt":"2026-01-21T20:36:24","guid":{"rendered":"http:\/\/revistavitrineibiuna.com.br\/?p=34818"},"modified":"2026-01-21T23:13:38","modified_gmt":"2026-01-22T02:13:38","slug":"novidade-em-ibiuna-pizzaria-conduttore-garante-qualidade-e-sabores-irresistiveis","status":"publish","type":"post","link":"https:\/\/revistavitrineibiuna.com.br\/?p=34818","title":{"rendered":"NOVIDADE EM IBI\u00daNA \u2013 PIZZARIA CONDUTTORE GARANTE QUALIDADE E SABORES IRRESIST\u00cdVEIS"},"content":{"rendered":"\n<p class=\"has-drop-cap\"><strong>Ela \u00e9 mais do que apenas a mais nova pizzaria de Ibi\u00fana. \u00c9 simplesmente insuper\u00e1vel na qualidade dos produtos que serve \u00e0 mesa, em cada uma de suas trinta modalidades definidas pelos ingredientes que enchem os olhos e garantem deliciosos sabores.<\/strong><\/p>\n\n\n\n<p><strong>Estamos falando da Conduttore \u2013 Pizza\u2019s Slow, localizada na Rua Francisco de Barros, 278, no centro de Ibi\u00fana, criada pelo conhecido e respeitado pizzaiolo Juninho.<\/strong><\/p>\n\n\n\n<p><strong>Ele criou um ambiente simples e acolhedor, com tijolos aparentes nas paredes, para conservar a hist\u00f3ria do lugar e a identidade da pizzaria. Na entrada um veloc\u00edpede muito popular no s\u00e9culo XIX, com uma enorme roda dianteira e uma traseira pequena.<\/strong><\/p>\n\n\n\n<p><strong>Ele toca a casa com sua fam\u00edlia, com destaque para os filhos Geovanna e Matheus, na linha de frente e recoloca os prazeres da boa mesa, comer sem pressa, muito al\u00e9m do tempo dos fast foods.<\/strong><\/p>\n\n\n\n<p><strong>Tanto a pizza \u00e9 elaborada no tempo certo e natural, quanto pode ser apreciada lentamente, curtindo o prazer em cada garfada levada \u00e0 boca. Garante aos clientes o prazer de curtir essa iguaria que se tornou conhecida em todo o mundo com a imigra\u00e7\u00e3o italiana.<\/strong><\/p>\n\n\n\n<figure class=\"wp-block-image size-large\"><img loading=\"lazy\" width=\"1024\" height=\"723\" src=\"https:\/\/revistavitrineibiuna.com.br\/wp-content\/uploads\/2026\/01\/Juninho-1-1024x723.png\" alt=\"\" class=\"wp-image-34821\" srcset=\"https:\/\/revistavitrineibiuna.com.br\/wp-content\/uploads\/2026\/01\/Juninho-1-1024x723.png 1024w, https:\/\/revistavitrineibiuna.com.br\/wp-content\/uploads\/2026\/01\/Juninho-1-300x212.png 300w, https:\/\/revistavitrineibiuna.com.br\/wp-content\/uploads\/2026\/01\/Juninho-1-768x542.png 768w, https:\/\/revistavitrineibiuna.com.br\/wp-content\/uploads\/2026\/01\/Juninho-1-1536x1085.png 1536w, https:\/\/revistavitrineibiuna.com.br\/wp-content\/uploads\/2026\/01\/Juninho-1.png 1600w\" sizes=\"(max-width: 1024px) 100vw, 1024px\" \/><figcaption>Juninho e o filho Matheus: a qualidade das pizzas \u00e9 garantida por quem gosta do que faz<\/figcaption><\/figure>\n\n\n\n<p><strong>HUUUMMM!<\/strong><\/p>\n\n\n\n<p><strong>Cada pizza produzida na Conduttore embora, claro, vai do gosto de cada de cada um, mas, c\u00e1 entre n\u00f3s, merece nota m\u00e1xima em qualidade.<\/strong><\/p>\n\n\n\n<p><strong>Quem j\u00e1 experimentou a Verano, por exemplo, primeiro deve ter tido um brilho nos olhos como se estivesse diante de uma obra de arte.&nbsp; Em seguida vem a alegria das papilas gustativas com os sabores bem definidos dos ingredientes: molho de tomate fresco, mu\u00e7arela de b\u00fafala em cubos, palmito, alho por\u00f3, tomate cereja, or\u00e9gano e azeitonas.<\/strong><\/p>\n\n\n\n<p><strong>Juninho \u00e9 natural da Mooca, bairro paulistano, mas vive com a fam\u00edlia em Ibi\u00fana h\u00e1 anos. Ajudante de pizzaiolo em 1999, tornou-se pizzaiolo em 2005.<\/strong><\/p>\n\n\n\n<figure class=\"wp-block-image size-large\"><img loading=\"lazy\" width=\"1024\" height=\"962\" src=\"https:\/\/revistavitrineibiuna.com.br\/wp-content\/uploads\/2026\/01\/Juninho-3-1024x962.png\" alt=\"\" class=\"wp-image-34823\" srcset=\"https:\/\/revistavitrineibiuna.com.br\/wp-content\/uploads\/2026\/01\/Juninho-3-1024x962.png 1024w, https:\/\/revistavitrineibiuna.com.br\/wp-content\/uploads\/2026\/01\/Juninho-3-300x282.png 300w, https:\/\/revistavitrineibiuna.com.br\/wp-content\/uploads\/2026\/01\/Juninho-3-768x721.png 768w, https:\/\/revistavitrineibiuna.com.br\/wp-content\/uploads\/2026\/01\/Juninho-3.png 1101w\" sizes=\"(max-width: 1024px) 100vw, 1024px\" \/><\/figure>\n\n\n\n<p><strong>FUNCIONAMENTO:<\/strong><\/p>\n\n\n\n<p><strong><em>Conduttore \u2013 Pizza\u2019s Slow, localizada na Rua Francisco de Barros, 278, Centro \u2013 Ibi\u00fana [essa rua \u00e9 a primeira travessa \u00e0 esquerda de quem entra na Av. Maria de La Farina Milani]<\/em><\/strong><\/p>\n\n\n\n<p><strong><em>Aberta de ter\u00e7a a domingo, das 18h30 \u00e0s 23h (folga um domingo no m\u00eas, geralmente o \u00faltimo)<\/em><\/strong><\/p>\n\n\n\n<p><strong><em>Estacionamento f\u00e1cil na porta<\/em><\/strong><\/p>\n\n\n\n<p><strong><em>Serve sal\u00e3o e delivery<\/em><\/strong><\/p>\n\n\n\n<p><strong><em>(15) 9-9788-4090<\/em><\/strong><\/p>\n","protected":false},"excerpt":{"rendered":"<p>Ela \u00e9 mais do que apenas a mais nova pizzaria de Ibi\u00fana. \u00c9 simplesmente insuper\u00e1vel na qualidade dos produtos que<\/p>\n","protected":false},"author":1,"featured_media":34819,"comment_status":"open","ping_status":"open","sticky":false,"template":"","format":"standard","meta":[],"categories":[3],"tags":[],"yoast_head":"<!-- This site is optimized with the Yoast SEO plugin v15.8 - https:\/\/yoast.com\/wordpress\/plugins\/seo\/ -->\n<title>NOVIDADE EM IBI\u00daNA \u2013 PIZZARIA CONDUTTORE GARANTE QUALIDADE E SABORES IRRESIST\u00cdVEIS - Revista Vitrine Online<\/title>\n<meta name=\"robots\" content=\"index, follow, max-snippet:-1, max-image-preview:large, max-video-preview:-1\" \/>\n<link rel=\"canonical\" href=\"https:\/\/revistavitrineibiuna.com.br\/?p=34818\" \/>\n<meta property=\"og:locale\" content=\"pt_BR\" \/>\n<meta property=\"og:type\" content=\"article\" \/>\n<meta property=\"og:title\" content=\"NOVIDADE EM IBI\u00daNA \u2013 PIZZARIA CONDUTTORE GARANTE QUALIDADE E SABORES IRRESIST\u00cdVEIS - Revista Vitrine Online\" \/>\n<meta property=\"og:description\" content=\"Ela \u00e9 mais do que apenas a mais nova pizzaria de Ibi\u00fana. \u00c9 simplesmente insuper\u00e1vel na qualidade dos produtos que\" \/>\n<meta property=\"og:url\" content=\"https:\/\/revistavitrineibiuna.com.br\/?p=34818\" \/>\n<meta property=\"og:site_name\" content=\"Revista Vitrine Online\" \/>\n<meta property=\"article:published_time\" content=\"2026-01-21T20:36:24+00:00\" \/>\n<meta property=\"article:modified_time\" content=\"2026-01-22T02:13:38+00:00\" \/>\n<meta property=\"og:image\" content=\"https:\/\/revistavitrineibiuna.com.br\/wp-content\/uploads\/2026\/01\/Juninho-2-1024x659.png\" \/>\n\t<meta property=\"og:image:width\" content=\"1024\" \/>\n\t<meta property=\"og:image:height\" content=\"659\" \/>\n<meta name=\"twitter:card\" content=\"summary\" \/>\n<meta name=\"twitter:label1\" content=\"Est. reading time\">\n\t<meta name=\"twitter:data1\" content=\"3 minutos\">\n<script type=\"application\/ld+json\" class=\"yoast-schema-graph\">{\"@context\":\"https:\/\/schema.org\",\"@graph\":[{\"@type\":\"WebSite\",\"@id\":\"https:\/\/revistavitrineibiuna.com.br\/#website\",\"url\":\"https:\/\/revistavitrineibiuna.com.br\/\",\"name\":\"Revista Vitrine Ibi\\u00fana\",\"description\":\"A Revista de Ibi\\u00fana e Regi\\u00e3o\",\"publisher\":{\"@id\":\"https:\/\/revistavitrineibiuna.com.br\/#\/schema\/person\/e51ef49d6d88170ea21ceabff3f73deb\"},\"potentialAction\":[{\"@type\":\"SearchAction\",\"target\":\"https:\/\/revistavitrineibiuna.com.br\/?s={search_term_string}\",\"query-input\":\"required name=search_term_string\"}],\"inLanguage\":\"pt-BR\"},{\"@type\":\"ImageObject\",\"@id\":\"https:\/\/revistavitrineibiuna.com.br\/?p=34818#primaryimage\",\"inLanguage\":\"pt-BR\",\"url\":\"https:\/\/revistavitrineibiuna.com.br\/wp-content\/uploads\/2026\/01\/Juninho-2.png\",\"width\":1595,\"height\":1027},{\"@type\":\"WebPage\",\"@id\":\"https:\/\/revistavitrineibiuna.com.br\/?p=34818#webpage\",\"url\":\"https:\/\/revistavitrineibiuna.com.br\/?p=34818\",\"name\":\"NOVIDADE EM IBI\\u00daNA \\u2013 PIZZARIA CONDUTTORE GARANTE QUALIDADE E SABORES IRRESIST\\u00cdVEIS - Revista Vitrine Online\",\"isPartOf\":{\"@id\":\"https:\/\/revistavitrineibiuna.com.br\/#website\"},\"primaryImageOfPage\":{\"@id\":\"https:\/\/revistavitrineibiuna.com.br\/?p=34818#primaryimage\"},\"datePublished\":\"2026-01-21T20:36:24+00:00\",\"dateModified\":\"2026-01-22T02:13:38+00:00\",\"breadcrumb\":{\"@id\":\"https:\/\/revistavitrineibiuna.com.br\/?p=34818#breadcrumb\"},\"inLanguage\":\"pt-BR\",\"potentialAction\":[{\"@type\":\"ReadAction\",\"target\":[\"https:\/\/revistavitrineibiuna.com.br\/?p=34818\"]}]},{\"@type\":\"BreadcrumbList\",\"@id\":\"https:\/\/revistavitrineibiuna.com.br\/?p=34818#breadcrumb\",\"itemListElement\":[{\"@type\":\"ListItem\",\"position\":1,\"item\":{\"@type\":\"WebPage\",\"@id\":\"https:\/\/revistavitrineibiuna.com.br\/\",\"url\":\"https:\/\/revistavitrineibiuna.com.br\/\",\"name\":\"In\\u00edcio\"}},{\"@type\":\"ListItem\",\"position\":2,\"item\":{\"@type\":\"WebPage\",\"@id\":\"https:\/\/revistavitrineibiuna.com.br\/?p=34818\",\"url\":\"https:\/\/revistavitrineibiuna.com.br\/?p=34818\",\"name\":\"NOVIDADE EM IBI\\u00daNA \\u2013 PIZZARIA CONDUTTORE GARANTE QUALIDADE E SABORES IRRESIST\\u00cdVEIS\"}}]},{\"@type\":\"Article\",\"@id\":\"https:\/\/revistavitrineibiuna.com.br\/?p=34818#article\",\"isPartOf\":{\"@id\":\"https:\/\/revistavitrineibiuna.com.br\/?p=34818#webpage\"},\"author\":{\"@id\":\"https:\/\/revistavitrineibiuna.com.br\/#\/schema\/person\/e51ef49d6d88170ea21ceabff3f73deb\"},\"headline\":\"NOVIDADE EM IBI\\u00daNA \\u2013 PIZZARIA CONDUTTORE GARANTE QUALIDADE E SABORES IRRESIST\\u00cdVEIS\",\"datePublished\":\"2026-01-21T20:36:24+00:00\",\"dateModified\":\"2026-01-22T02:13:38+00:00\",\"mainEntityOfPage\":{\"@id\":\"https:\/\/revistavitrineibiuna.com.br\/?p=34818#webpage\"},\"commentCount\":0,\"publisher\":{\"@id\":\"https:\/\/revistavitrineibiuna.com.br\/#\/schema\/person\/e51ef49d6d88170ea21ceabff3f73deb\"},\"image\":{\"@id\":\"https:\/\/revistavitrineibiuna.com.br\/?p=34818#primaryimage\"},\"articleSection\":\"Not\\u00edcias\",\"inLanguage\":\"pt-BR\",\"potentialAction\":[{\"@type\":\"CommentAction\",\"name\":\"Comment\",\"target\":[\"https:\/\/revistavitrineibiuna.com.br\/?p=34818#respond\"]}]},{\"@type\":[\"Person\",\"Organization\"],\"@id\":\"https:\/\/revistavitrineibiuna.com.br\/#\/schema\/person\/e51ef49d6d88170ea21ceabff3f73deb\",\"name\":\"Carlos Rossini\",\"image\":{\"@type\":\"ImageObject\",\"@id\":\"https:\/\/revistavitrineibiuna.com.br\/#personlogo\",\"inLanguage\":\"pt-BR\",\"url\":\"https:\/\/secure.gravatar.com\/avatar\/4f2d0f99fac1f85c7d643f21f5c8d900?s=96&d=mm&r=g\",\"caption\":\"Carlos Rossini\"},\"logo\":{\"@id\":\"https:\/\/revistavitrineibiuna.com.br\/#personlogo\"},\"description\":\"Carlos Rossini \\u00e9 jornalista, soci\\u00f3logo, escritor e professor universit\\u00e1rio, tendo sido professor de jornalismo por vinte anos. Trabalhou em ve\\u00edculos de comunica\\u00e7\\u00e3o nas fun\\u00e7\\u00f5es de rep\\u00f3rter, redator, editor, articulista e colaborador, como Folha de S. Paulo, O Estado de S. Paulo, Di\\u00e1rio Popular, entre outros. Ao transferir a revista vitrine, vers\\u00e3o imprensa, de S\\u00e3o Paulo para Ibi\\u00fana h\\u00e1 alguns anos, iniciou uma nova experi\\u00eancia profissional, dedicando-se ao jornalismo regional, depois de cumprir uma trajet\\u00f3ria bem-sucedida na grande imprensa brasileira. Seu primeiro livro A Coragem de Comunicar foi lan\\u00e7ado na Bienal do Livro em S\\u00e3o Paulo no ano 2000, pela editora Madras.\"}]}<\/script>\n<!-- \/ Yoast SEO plugin. -->","_links":{"self":[{"href":"https:\/\/revistavitrineibiuna.com.br\/index.php?rest_route=\/wp\/v2\/posts\/34818"}],"collection":[{"href":"https:\/\/revistavitrineibiuna.com.br\/index.php?rest_route=\/wp\/v2\/posts"}],"about":[{"href":"https:\/\/revistavitrineibiuna.com.br\/index.php?rest_route=\/wp\/v2\/types\/post"}],"author":[{"embeddable":true,"href":"https:\/\/revistavitrineibiuna.com.br\/index.php?rest_route=\/wp\/v2\/users\/1"}],"replies":[{"embeddable":true,"href":"https:\/\/revistavitrineibiuna.com.br\/index.php?rest_route=%2Fwp%2Fv2%2Fcomments&post=34818"}],"version-history":[{"count":8,"href":"https:\/\/revistavitrineibiuna.com.br\/index.php?rest_route=\/wp\/v2\/posts\/34818\/revisions"}],"predecessor-version":[{"id":34831,"href":"https:\/\/revistavitrineibiuna.com.br\/index.php?rest_route=\/wp\/v2\/posts\/34818\/revisions\/34831"}],"wp:featuredmedia":[{"embeddable":true,"href":"https:\/\/revistavitrineibiuna.com.br\/index.php?rest_route=\/wp\/v2\/media\/34819"}],"wp:attachment":[{"href":"https:\/\/revistavitrineibiuna.com.br\/index.php?rest_route=%2Fwp%2Fv2%2Fmedia&parent=34818"}],"wp:term":[{"taxonomy":"category","embeddable":true,"href":"https:\/\/revistavitrineibiuna.com.br\/index.php?rest_route=%2Fwp%2Fv2%2Fcategories&post=34818"},{"taxonomy":"post_tag","embeddable":true,"href":"https:\/\/revistavitrineibiuna.com.br\/index.php?rest_route=%2Fwp%2Fv2%2Ftags&post=34818"}],"curies":[{"name":"wp","href":"https:\/\/api.w.org\/{rel}","templated":true}]}}