{"id":34832,"date":"2026-01-22T18:44:30","date_gmt":"2026-01-22T21:44:30","guid":{"rendered":"http:\/\/revistavitrineibiuna.com.br\/?p=34832"},"modified":"2026-01-22T18:48:54","modified_gmt":"2026-01-22T21:48:54","slug":"ibiuna-cor-da-agua-assusta-donas-de-casa-no-residencial-europa","status":"publish","type":"post","link":"https:\/\/revistavitrineibiuna.com.br\/?p=34832","title":{"rendered":"IBI\u00daNA \u2013 COR DA \u00c1GUA ASSUSTA DONAS DE CASA NO RESIDENCIAL EUROPA"},"content":{"rendered":"\n<p class=\"has-drop-cap\"><strong>Donas de casa do Residencial Europa e do Pia\u00ed reclamaram hoje (22) da cor da \u00e1gua fornecida pela Sabesp.<\/strong><\/p>\n\n\n\n<p><strong>A empresa informou vitrine online que recebeu poucas queixas e que o problema j\u00e1 foi resolvido.<\/strong><\/p>\n\n\n\n<p><strong>A prov\u00e1vel causa teria sido \u201ca instala\u00e7\u00e3o de um equipamento de monitoramento da rede que pode ter provocado arraste, por se tratar de uma adutora de ferro\u201d.<\/strong><\/p>\n\n\n\n<p><strong>O arraste \u00e9 um fen\u00f4meno similar a quando acaba a \u00e1gua em uma&nbsp; caixa. Quando a \u00e1gua chega e come\u00e7a a cair agita o material que fica decantado no fundo.<\/strong><\/p>\n\n\n\n<p><strong>Por isso, ao atender as queixas, os funcion\u00e1rios da Sabesp fizeram descarga em cavaletes, que \u00e9 um procedimento padr\u00e3o para remover os res\u00edduos.<\/strong><\/p>\n\n\n\n<p><strong>De acordo com a Sabesp em Ibi\u00fana hoje ela recebeu apenas 5 queixas pela cor da \u00e1gua no Residencial Europa e 2 no Pia\u00ed.<\/strong><\/p>\n\n\n\n<figure class=\"wp-block-image size-large\"><img loading=\"lazy\" width=\"895\" height=\"962\" src=\"https:\/\/revistavitrineibiuna.com.br\/wp-content\/uploads\/2026\/01\/descarga-em-cavaletes.png\" alt=\"\" class=\"wp-image-34836\" srcset=\"https:\/\/revistavitrineibiuna.com.br\/wp-content\/uploads\/2026\/01\/descarga-em-cavaletes.png 895w, https:\/\/revistavitrineibiuna.com.br\/wp-content\/uploads\/2026\/01\/descarga-em-cavaletes-279x300.png 279w, https:\/\/revistavitrineibiuna.com.br\/wp-content\/uploads\/2026\/01\/descarga-em-cavaletes-768x825.png 768w\" sizes=\"(max-width: 895px) 100vw, 895px\" \/><figcaption>A descarga no cavalete \u00e9 para a \u00e1gua suja sair<\/figcaption><\/figure>\n\n\n\n<p>ATENDIMENTO SABESP<\/p>\n\n\n\n<p>Vitrine online solicitou e recebeu a seguinte tela com os canais de atendimento aos clientes dos seus servi\u00e7os:<\/p>\n\n\n\n<figure class=\"wp-block-image size-large\"><img loading=\"lazy\" width=\"614\" height=\"342\" src=\"https:\/\/revistavitrineibiuna.com.br\/wp-content\/uploads\/2026\/01\/sabesp-atendimento.png\" alt=\"\" class=\"wp-image-34839\" srcset=\"https:\/\/revistavitrineibiuna.com.br\/wp-content\/uploads\/2026\/01\/sabesp-atendimento.png 614w, https:\/\/revistavitrineibiuna.com.br\/wp-content\/uploads\/2026\/01\/sabesp-atendimento-300x167.png 300w\" sizes=\"(max-width: 614px) 100vw, 614px\" \/><\/figure>\n","protected":false},"excerpt":{"rendered":"<p>Donas de casa do Residencial Europa e do Pia\u00ed reclamaram hoje (22) da cor da \u00e1gua fornecida pela Sabesp. A<\/p>\n","protected":false},"author":1,"featured_media":34833,"comment_status":"open","ping_status":"open","sticky":false,"template":"","format":"standard","meta":[],"categories":[3],"tags":[],"yoast_head":"<!-- This site is optimized with the Yoast SEO plugin v15.8 - https:\/\/yoast.com\/wordpress\/plugins\/seo\/ -->\n<title>IBI\u00daNA \u2013 COR DA \u00c1GUA ASSUSTA DONAS DE CASA NO RESIDENCIAL EUROPA - Revista Vitrine Online<\/title>\n<meta name=\"robots\" content=\"index, follow, max-snippet:-1, max-image-preview:large, max-video-preview:-1\" \/>\n<link rel=\"canonical\" href=\"http:\/\/revistavitrineibiuna.com.br\/?p=34832\" \/>\n<meta property=\"og:locale\" content=\"pt_BR\" \/>\n<meta property=\"og:type\" content=\"article\" \/>\n<meta property=\"og:title\" content=\"IBI\u00daNA \u2013 COR DA \u00c1GUA ASSUSTA DONAS DE CASA NO RESIDENCIAL EUROPA - Revista Vitrine Online\" \/>\n<meta property=\"og:description\" content=\"Donas de casa do Residencial Europa e do Pia\u00ed reclamaram hoje (22) da cor da \u00e1gua fornecida pela Sabesp. A\" \/>\n<meta property=\"og:url\" content=\"http:\/\/revistavitrineibiuna.com.br\/?p=34832\" \/>\n<meta property=\"og:site_name\" content=\"Revista Vitrine Online\" \/>\n<meta property=\"article:published_time\" content=\"2026-01-22T21:44:30+00:00\" \/>\n<meta property=\"article:modified_time\" content=\"2026-01-22T21:48:54+00:00\" \/>\n<meta property=\"og:image\" content=\"https:\/\/revistavitrineibiuna.com.br\/wp-content\/uploads\/2026\/01\/donas-de-casa-reclamam-da-sabesp.png\" \/>\n\t<meta property=\"og:image:width\" content=\"714\" \/>\n\t<meta property=\"og:image:height\" content=\"486\" \/>\n<meta name=\"twitter:card\" content=\"summary\" \/>\n<meta name=\"twitter:label1\" content=\"Est. reading time\">\n\t<meta name=\"twitter:data1\" content=\"2 minutos\">\n<script type=\"application\/ld+json\" class=\"yoast-schema-graph\">{\"@context\":\"https:\/\/schema.org\",\"@graph\":[{\"@type\":\"WebSite\",\"@id\":\"https:\/\/revistavitrineibiuna.com.br\/#website\",\"url\":\"https:\/\/revistavitrineibiuna.com.br\/\",\"name\":\"Revista Vitrine Ibi\\u00fana\",\"description\":\"A Revista de Ibi\\u00fana e Regi\\u00e3o\",\"publisher\":{\"@id\":\"https:\/\/revistavitrineibiuna.com.br\/#\/schema\/person\/e51ef49d6d88170ea21ceabff3f73deb\"},\"potentialAction\":[{\"@type\":\"SearchAction\",\"target\":\"https:\/\/revistavitrineibiuna.com.br\/?s={search_term_string}\",\"query-input\":\"required name=search_term_string\"}],\"inLanguage\":\"pt-BR\"},{\"@type\":\"ImageObject\",\"@id\":\"http:\/\/revistavitrineibiuna.com.br\/?p=34832#primaryimage\",\"inLanguage\":\"pt-BR\",\"url\":\"https:\/\/revistavitrineibiuna.com.br\/wp-content\/uploads\/2026\/01\/donas-de-casa-reclamam-da-sabesp.png\",\"width\":714,\"height\":486},{\"@type\":\"WebPage\",\"@id\":\"http:\/\/revistavitrineibiuna.com.br\/?p=34832#webpage\",\"url\":\"http:\/\/revistavitrineibiuna.com.br\/?p=34832\",\"name\":\"IBI\\u00daNA \\u2013 COR DA \\u00c1GUA ASSUSTA DONAS DE CASA NO RESIDENCIAL EUROPA - Revista Vitrine Online\",\"isPartOf\":{\"@id\":\"https:\/\/revistavitrineibiuna.com.br\/#website\"},\"primaryImageOfPage\":{\"@id\":\"http:\/\/revistavitrineibiuna.com.br\/?p=34832#primaryimage\"},\"datePublished\":\"2026-01-22T21:44:30+00:00\",\"dateModified\":\"2026-01-22T21:48:54+00:00\",\"breadcrumb\":{\"@id\":\"http:\/\/revistavitrineibiuna.com.br\/?p=34832#breadcrumb\"},\"inLanguage\":\"pt-BR\",\"potentialAction\":[{\"@type\":\"ReadAction\",\"target\":[\"http:\/\/revistavitrineibiuna.com.br\/?p=34832\"]}]},{\"@type\":\"BreadcrumbList\",\"@id\":\"http:\/\/revistavitrineibiuna.com.br\/?p=34832#breadcrumb\",\"itemListElement\":[{\"@type\":\"ListItem\",\"position\":1,\"item\":{\"@type\":\"WebPage\",\"@id\":\"https:\/\/revistavitrineibiuna.com.br\/\",\"url\":\"https:\/\/revistavitrineibiuna.com.br\/\",\"name\":\"In\\u00edcio\"}},{\"@type\":\"ListItem\",\"position\":2,\"item\":{\"@type\":\"WebPage\",\"@id\":\"http:\/\/revistavitrineibiuna.com.br\/?p=34832\",\"url\":\"http:\/\/revistavitrineibiuna.com.br\/?p=34832\",\"name\":\"IBI\\u00daNA \\u2013 COR DA \\u00c1GUA ASSUSTA DONAS DE CASA NO RESIDENCIAL EUROPA\"}}]},{\"@type\":\"Article\",\"@id\":\"http:\/\/revistavitrineibiuna.com.br\/?p=34832#article\",\"isPartOf\":{\"@id\":\"http:\/\/revistavitrineibiuna.com.br\/?p=34832#webpage\"},\"author\":{\"@id\":\"https:\/\/revistavitrineibiuna.com.br\/#\/schema\/person\/e51ef49d6d88170ea21ceabff3f73deb\"},\"headline\":\"IBI\\u00daNA \\u2013 COR DA \\u00c1GUA ASSUSTA DONAS DE CASA NO RESIDENCIAL EUROPA\",\"datePublished\":\"2026-01-22T21:44:30+00:00\",\"dateModified\":\"2026-01-22T21:48:54+00:00\",\"mainEntityOfPage\":{\"@id\":\"http:\/\/revistavitrineibiuna.com.br\/?p=34832#webpage\"},\"commentCount\":0,\"publisher\":{\"@id\":\"https:\/\/revistavitrineibiuna.com.br\/#\/schema\/person\/e51ef49d6d88170ea21ceabff3f73deb\"},\"image\":{\"@id\":\"http:\/\/revistavitrineibiuna.com.br\/?p=34832#primaryimage\"},\"articleSection\":\"Not\\u00edcias\",\"inLanguage\":\"pt-BR\",\"potentialAction\":[{\"@type\":\"CommentAction\",\"name\":\"Comment\",\"target\":[\"http:\/\/revistavitrineibiuna.com.br\/?p=34832#respond\"]}]},{\"@type\":[\"Person\",\"Organization\"],\"@id\":\"https:\/\/revistavitrineibiuna.com.br\/#\/schema\/person\/e51ef49d6d88170ea21ceabff3f73deb\",\"name\":\"Carlos Rossini\",\"image\":{\"@type\":\"ImageObject\",\"@id\":\"https:\/\/revistavitrineibiuna.com.br\/#personlogo\",\"inLanguage\":\"pt-BR\",\"url\":\"https:\/\/secure.gravatar.com\/avatar\/4f2d0f99fac1f85c7d643f21f5c8d900?s=96&d=mm&r=g\",\"caption\":\"Carlos Rossini\"},\"logo\":{\"@id\":\"https:\/\/revistavitrineibiuna.com.br\/#personlogo\"},\"description\":\"Carlos Rossini \\u00e9 jornalista, soci\\u00f3logo, escritor e professor universit\\u00e1rio, tendo sido professor de jornalismo por vinte anos. Trabalhou em ve\\u00edculos de comunica\\u00e7\\u00e3o nas fun\\u00e7\\u00f5es de rep\\u00f3rter, redator, editor, articulista e colaborador, como Folha de S. Paulo, O Estado de S. Paulo, Di\\u00e1rio Popular, entre outros. Ao transferir a revista vitrine, vers\\u00e3o imprensa, de S\\u00e3o Paulo para Ibi\\u00fana h\\u00e1 alguns anos, iniciou uma nova experi\\u00eancia profissional, dedicando-se ao jornalismo regional, depois de cumprir uma trajet\\u00f3ria bem-sucedida na grande imprensa brasileira. Seu primeiro livro A Coragem de Comunicar foi lan\\u00e7ado na Bienal do Livro em S\\u00e3o Paulo no ano 2000, pela editora Madras.\"}]}<\/script>\n<!-- \/ Yoast SEO plugin. -->","_links":{"self":[{"href":"https:\/\/revistavitrineibiuna.com.br\/index.php?rest_route=\/wp\/v2\/posts\/34832"}],"collection":[{"href":"https:\/\/revistavitrineibiuna.com.br\/index.php?rest_route=\/wp\/v2\/posts"}],"about":[{"href":"https:\/\/revistavitrineibiuna.com.br\/index.php?rest_route=\/wp\/v2\/types\/post"}],"author":[{"embeddable":true,"href":"https:\/\/revistavitrineibiuna.com.br\/index.php?rest_route=\/wp\/v2\/users\/1"}],"replies":[{"embeddable":true,"href":"https:\/\/revistavitrineibiuna.com.br\/index.php?rest_route=%2Fwp%2Fv2%2Fcomments&post=34832"}],"version-history":[{"count":3,"href":"https:\/\/revistavitrineibiuna.com.br\/index.php?rest_route=\/wp\/v2\/posts\/34832\/revisions"}],"predecessor-version":[{"id":34840,"href":"https:\/\/revistavitrineibiuna.com.br\/index.php?rest_route=\/wp\/v2\/posts\/34832\/revisions\/34840"}],"wp:featuredmedia":[{"embeddable":true,"href":"https:\/\/revistavitrineibiuna.com.br\/index.php?rest_route=\/wp\/v2\/media\/34833"}],"wp:attachment":[{"href":"https:\/\/revistavitrineibiuna.com.br\/index.php?rest_route=%2Fwp%2Fv2%2Fmedia&parent=34832"}],"wp:term":[{"taxonomy":"category","embeddable":true,"href":"https:\/\/revistavitrineibiuna.com.br\/index.php?rest_route=%2Fwp%2Fv2%2Fcategories&post=34832"},{"taxonomy":"post_tag","embeddable":true,"href":"https:\/\/revistavitrineibiuna.com.br\/index.php?rest_route=%2Fwp%2Fv2%2Ftags&post=34832"}],"curies":[{"name":"wp","href":"https:\/\/api.w.org\/{rel}","templated":true}]}}