{"id":34841,"date":"2026-01-23T18:39:17","date_gmt":"2026-01-23T21:39:17","guid":{"rendered":"http:\/\/revistavitrineibiuna.com.br\/?p=34841"},"modified":"2026-01-24T09:39:48","modified_gmt":"2026-01-24T12:39:48","slug":"ibiuna-entrega-de-medicamentos-de-alto-custo-gera-queixas-dos-pacientes","status":"publish","type":"post","link":"https:\/\/revistavitrineibiuna.com.br\/?p=34841","title":{"rendered":"IBI\u00daNA \u2013 ENTREGA DE MEDICAMENTOS DE ALTO CUSTO GERA QUEIXAS DOS PACIENTES"},"content":{"rendered":"\n<p class=\"has-drop-cap\"><strong>A entrega de medicamentos de alto custo fornecidos pelo governo estadual e distribu\u00eddo pela prefeitura de Ibi\u00fana que antes era feita na Farmasus do Posto de Sa\u00fade Central, a partir de hoje (23) come\u00e7ou a ser efetuada no Centro de Especialidades M\u00e9dicas.<\/strong><\/p>\n\n\n\n<p><strong>A mudan\u00e7a de local provocou grande fila de espera e queixas dos usu\u00e1rios desses medicamentos, alguns com problemas de defici\u00eancia e idosos.<\/strong><\/p>\n\n\n\n<p><strong>QUEIXAS<\/strong><\/p>\n\n\n\n<p><strong>\u201cNada est\u00e1 t\u00e3o ruim que n\u00e3o possa piorar\u201d, escreveu Sandra Miguel, manifestando a situa\u00e7\u00e3o desconfort\u00e1vel. \u201cEu vim buscar a medica\u00e7\u00e3o de alto custo aqui no novo endere\u00e7o, tem que subir escada n\u00e3o tem lugar para todos se acomodarem. N\u00e3o pensaram nas pessoas com defici\u00eancia e idosos PCDs.\u201d<\/strong><\/p>\n\n\n\n<p><strong>M\u00e1rcio Martins, que usa o medicamento Alenia, um inalat\u00f3rio para usado para tratar asma e DPOC \u2013 Doen\u00e7a Pulmonar Obstrutiva Cr\u00f4nica, desabafou: \u201cInfelizmente, a Prefeitura de Ibi\u00fana s\u00f3 complica a vida dos seus pagadores de impostos. O povo estava na fila no lado de fora&nbsp; debaixo de sol e agora nos corredores sem ventila\u00e7\u00e3o, como se n\u00f3s f\u00f4ssemos um bando de porcos\u201d.<\/strong><\/p>\n\n\n\n<figure class=\"wp-block-image size-large\"><img loading=\"lazy\" width=\"718\" height=\"704\" src=\"https:\/\/revistavitrineibiuna.com.br\/wp-content\/uploads\/2026\/01\/remedio-de-alto-custo-2.png\" alt=\"\" class=\"wp-image-34845\" srcset=\"https:\/\/revistavitrineibiuna.com.br\/wp-content\/uploads\/2026\/01\/remedio-de-alto-custo-2.png 718w, https:\/\/revistavitrineibiuna.com.br\/wp-content\/uploads\/2026\/01\/remedio-de-alto-custo-2-300x294.png 300w, https:\/\/revistavitrineibiuna.com.br\/wp-content\/uploads\/2026\/01\/remedio-de-alto-custo-2-65x65.png 65w\" sizes=\"(max-width: 718px) 100vw, 718px\" \/><figcaption>Os medicamentos eram entregues no andar de cima do Centro de Especialidades<\/figcaption><\/figure>\n\n\n\n<p><strong>ENTREGA CONTINUA<\/strong><\/p>\n\n\n\n<p><strong>A diretora do Centro de Especialidades, M\u00e1rcia Matos, atribuiu esse fen\u00f4meno ao grande n\u00famero de pacientes \u2013 320 \u2013 que compareceu no primeiro dia da distribui\u00e7\u00e3o dos medicamentos, sendo que os produtos continuar\u00e3o a ser entregues na segunda (26), ter\u00e7a (27) e quarta-feira (28) da pr\u00f3xima semana, das 8h \u00e0s 16h.<\/strong><\/p>\n\n\n\n<p><strong>\u201cNossa equipe estar\u00e1 a postos para atender da melhor forma poss\u00edvel em mais tr\u00eas dias\u201d, assinalou.<\/strong><\/p>\n\n\n\n<p><strong>De qualquer forma, Matos realizou uma avalia\u00e7\u00e3o pormenorizada primeiro dia de atendimento e garantiu que [mesmo antevendo que j\u00e1 na segunda-feira tudo estar\u00e1 normalizado] tomar\u00e1 medidas corretivas para assegurar um melhor servi\u00e7o \u00e0 popula\u00e7\u00e3o.<\/strong><\/p>\n\n\n\n<p><strong>DEPENDE DO ESTADO<\/strong><\/p>\n\n\n\n<p><strong>Parte essencial das dificuldades parece ter origem no sistema de distribui\u00e7\u00e3o. Os medicamentos s\u00e3o fornecidos pelo governo estadual, para receitas do SUS e de m\u00e9dicos particulares, sem que a Prefeitura possa interferir diretamente nos fluxos.<\/strong><\/p>\n\n\n\n<p><strong>Acontece, n\u00e3o raro, que um medicamento fica em falta. Isso aconteceu no caso do Clobazam, uma droga para tratar epilepsia grave e refrat\u00e1ria. Estava em falta e agora voltou a ser fornecido.<\/strong><\/p>\n\n\n\n<p><strong>A diretora tamb\u00e9m esclareceu que al\u00e9m do acesso pela Rua Zico Soares, 108 [em frente \u00e0 Biblioteca Municipal], onde h\u00e1 uma escada, h\u00e1 acesso pela lateral do pr\u00e9dio, na Rua Raimundo Santiago, no n\u00edvel da rua.<\/strong><\/p>\n\n\n\n<p><strong>DISTRIBUI\u00c7\u00c3O ESPECIALIZADA<\/strong><\/p>\n\n\n\n<p><strong>Al\u00e9m disso, considerou importante esclarecer que os pacientes que precisam de rem\u00e9dios de alto custo tender\u00e3o a ser melhor atendidos. Isso porque a Farmasus, que fica no Posto de Sa\u00fade Central, na avenida S\u00e3o Sebasti\u00e3o, vinha cumprindo duas fun\u00e7\u00f5es: fornecer medicamentos b\u00e1sicos como losartana, captopril, dipIrona, entre outros, agora haver\u00e1 procedimentos espec\u00edficos para atender aos receitu\u00e1rios exclusivos de modo mais organizado e preciso.<\/strong><\/p>\n\n\n\n<p><strong>PREVIS\u00c3O DE ENTREGA<\/strong><\/p>\n\n\n\n<p><strong>Matos tamb\u00e9m considerou a queixa no sentido de que os usu\u00e1rios n\u00e3o conseguem ter uma previs\u00e3o das pr\u00f3ximas entregas dos medicamentos, argumentando que isso ocorre pelo mesmo motivo: o sistema de entrega dos medicamentos.<\/strong><\/p>\n\n\n\n<p><strong>ALERTA IMPORTANTE!<\/strong><\/p>\n\n\n\n<p><strong>\u00c9 importante esclarecer que, se esses medicamentos de pre\u00e7os elevados n\u00e3o forem retirados no prazo [o que poder\u00e1 acontecer at\u00e9 a pr\u00f3xima quarta-feira], pelo protocolo de procedimentos, dever\u00e3o ser devolvidos \u00e0 Diretoria Regional da Sa\u00fade de Sorocaba, o que poder\u00e1 prejudicar o tratamento dos pacientes. (C.R.)<\/strong><\/p>\n\n\n\n<figure class=\"wp-block-image size-large\"><img loading=\"lazy\" width=\"640\" height=\"360\" src=\"https:\/\/revistavitrineibiuna.com.br\/wp-content\/uploads\/2026\/01\/centro-de-especialidades.jpg\" alt=\"\" class=\"wp-image-34847\" srcset=\"https:\/\/revistavitrineibiuna.com.br\/wp-content\/uploads\/2026\/01\/centro-de-especialidades.jpg 640w, https:\/\/revistavitrineibiuna.com.br\/wp-content\/uploads\/2026\/01\/centro-de-especialidades-300x169.jpg 300w\" sizes=\"(max-width: 640px) 100vw, 640px\" \/><figcaption>O Centro de Especialidades est\u00e1 localizado na Rua Zico Soares, 108, em frente \u00e0 Biblioteca Municipal. Funciona de segunda \u00e0 sexta-feira, das 7 \u00e0s 16h. Tel.:  (15) 3349-6680<\/figcaption><\/figure>\n","protected":false},"excerpt":{"rendered":"<p>A entrega de medicamentos de alto custo fornecidos pelo governo estadual e distribu\u00eddo pela prefeitura de Ibi\u00fana que antes era<\/p>\n","protected":false},"author":1,"featured_media":34842,"comment_status":"open","ping_status":"open","sticky":false,"template":"","format":"standard","meta":[],"categories":[3],"tags":[],"yoast_head":"<!-- This site is optimized with the Yoast SEO plugin v15.8 - https:\/\/yoast.com\/wordpress\/plugins\/seo\/ -->\n<title>IBI\u00daNA \u2013 ENTREGA DE MEDICAMENTOS DE ALTO CUSTO GERA QUEIXAS DOS PACIENTES - Revista Vitrine Online<\/title>\n<meta name=\"robots\" content=\"index, follow, max-snippet:-1, max-image-preview:large, max-video-preview:-1\" \/>\n<link rel=\"canonical\" href=\"http:\/\/revistavitrineibiuna.com.br\/?p=34841\" \/>\n<meta property=\"og:locale\" content=\"pt_BR\" \/>\n<meta property=\"og:type\" content=\"article\" \/>\n<meta property=\"og:title\" content=\"IBI\u00daNA \u2013 ENTREGA DE MEDICAMENTOS DE ALTO CUSTO GERA QUEIXAS DOS PACIENTES - Revista Vitrine Online\" \/>\n<meta property=\"og:description\" content=\"A entrega de medicamentos de alto custo fornecidos pelo governo estadual e distribu\u00eddo pela prefeitura de Ibi\u00fana que antes era\" \/>\n<meta property=\"og:url\" content=\"http:\/\/revistavitrineibiuna.com.br\/?p=34841\" \/>\n<meta property=\"og:site_name\" content=\"Revista Vitrine Online\" \/>\n<meta property=\"article:published_time\" content=\"2026-01-23T21:39:17+00:00\" \/>\n<meta property=\"article:modified_time\" content=\"2026-01-24T12:39:48+00:00\" \/>\n<meta property=\"og:image\" content=\"https:\/\/revistavitrineibiuna.com.br\/wp-content\/uploads\/2026\/01\/Remedio-de-alto-custo-1.png\" \/>\n\t<meta property=\"og:image:width\" content=\"717\" \/>\n\t<meta property=\"og:image:height\" content=\"476\" \/>\n<meta name=\"twitter:card\" content=\"summary\" \/>\n<meta name=\"twitter:label1\" content=\"Est. reading time\">\n\t<meta name=\"twitter:data1\" content=\"3 minutos\">\n<script type=\"application\/ld+json\" class=\"yoast-schema-graph\">{\"@context\":\"https:\/\/schema.org\",\"@graph\":[{\"@type\":\"WebSite\",\"@id\":\"https:\/\/revistavitrineibiuna.com.br\/#website\",\"url\":\"https:\/\/revistavitrineibiuna.com.br\/\",\"name\":\"Revista Vitrine Ibi\\u00fana\",\"description\":\"A Revista de Ibi\\u00fana e Regi\\u00e3o\",\"publisher\":{\"@id\":\"https:\/\/revistavitrineibiuna.com.br\/#\/schema\/person\/e51ef49d6d88170ea21ceabff3f73deb\"},\"potentialAction\":[{\"@type\":\"SearchAction\",\"target\":\"https:\/\/revistavitrineibiuna.com.br\/?s={search_term_string}\",\"query-input\":\"required name=search_term_string\"}],\"inLanguage\":\"pt-BR\"},{\"@type\":\"ImageObject\",\"@id\":\"http:\/\/revistavitrineibiuna.com.br\/?p=34841#primaryimage\",\"inLanguage\":\"pt-BR\",\"url\":\"https:\/\/revistavitrineibiuna.com.br\/wp-content\/uploads\/2026\/01\/Remedio-de-alto-custo-1.png\",\"width\":717,\"height\":476},{\"@type\":\"WebPage\",\"@id\":\"http:\/\/revistavitrineibiuna.com.br\/?p=34841#webpage\",\"url\":\"http:\/\/revistavitrineibiuna.com.br\/?p=34841\",\"name\":\"IBI\\u00daNA \\u2013 ENTREGA DE MEDICAMENTOS DE ALTO CUSTO GERA QUEIXAS DOS PACIENTES - Revista Vitrine Online\",\"isPartOf\":{\"@id\":\"https:\/\/revistavitrineibiuna.com.br\/#website\"},\"primaryImageOfPage\":{\"@id\":\"http:\/\/revistavitrineibiuna.com.br\/?p=34841#primaryimage\"},\"datePublished\":\"2026-01-23T21:39:17+00:00\",\"dateModified\":\"2026-01-24T12:39:48+00:00\",\"breadcrumb\":{\"@id\":\"http:\/\/revistavitrineibiuna.com.br\/?p=34841#breadcrumb\"},\"inLanguage\":\"pt-BR\",\"potentialAction\":[{\"@type\":\"ReadAction\",\"target\":[\"http:\/\/revistavitrineibiuna.com.br\/?p=34841\"]}]},{\"@type\":\"BreadcrumbList\",\"@id\":\"http:\/\/revistavitrineibiuna.com.br\/?p=34841#breadcrumb\",\"itemListElement\":[{\"@type\":\"ListItem\",\"position\":1,\"item\":{\"@type\":\"WebPage\",\"@id\":\"https:\/\/revistavitrineibiuna.com.br\/\",\"url\":\"https:\/\/revistavitrineibiuna.com.br\/\",\"name\":\"In\\u00edcio\"}},{\"@type\":\"ListItem\",\"position\":2,\"item\":{\"@type\":\"WebPage\",\"@id\":\"http:\/\/revistavitrineibiuna.com.br\/?p=34841\",\"url\":\"http:\/\/revistavitrineibiuna.com.br\/?p=34841\",\"name\":\"IBI\\u00daNA \\u2013 ENTREGA DE MEDICAMENTOS DE ALTO CUSTO GERA QUEIXAS DOS PACIENTES\"}}]},{\"@type\":\"Article\",\"@id\":\"http:\/\/revistavitrineibiuna.com.br\/?p=34841#article\",\"isPartOf\":{\"@id\":\"http:\/\/revistavitrineibiuna.com.br\/?p=34841#webpage\"},\"author\":{\"@id\":\"https:\/\/revistavitrineibiuna.com.br\/#\/schema\/person\/e51ef49d6d88170ea21ceabff3f73deb\"},\"headline\":\"IBI\\u00daNA \\u2013 ENTREGA DE MEDICAMENTOS DE ALTO CUSTO GERA QUEIXAS DOS PACIENTES\",\"datePublished\":\"2026-01-23T21:39:17+00:00\",\"dateModified\":\"2026-01-24T12:39:48+00:00\",\"mainEntityOfPage\":{\"@id\":\"http:\/\/revistavitrineibiuna.com.br\/?p=34841#webpage\"},\"commentCount\":0,\"publisher\":{\"@id\":\"https:\/\/revistavitrineibiuna.com.br\/#\/schema\/person\/e51ef49d6d88170ea21ceabff3f73deb\"},\"image\":{\"@id\":\"http:\/\/revistavitrineibiuna.com.br\/?p=34841#primaryimage\"},\"articleSection\":\"Not\\u00edcias\",\"inLanguage\":\"pt-BR\",\"potentialAction\":[{\"@type\":\"CommentAction\",\"name\":\"Comment\",\"target\":[\"http:\/\/revistavitrineibiuna.com.br\/?p=34841#respond\"]}]},{\"@type\":[\"Person\",\"Organization\"],\"@id\":\"https:\/\/revistavitrineibiuna.com.br\/#\/schema\/person\/e51ef49d6d88170ea21ceabff3f73deb\",\"name\":\"Carlos Rossini\",\"image\":{\"@type\":\"ImageObject\",\"@id\":\"https:\/\/revistavitrineibiuna.com.br\/#personlogo\",\"inLanguage\":\"pt-BR\",\"url\":\"https:\/\/secure.gravatar.com\/avatar\/4f2d0f99fac1f85c7d643f21f5c8d900?s=96&d=mm&r=g\",\"caption\":\"Carlos Rossini\"},\"logo\":{\"@id\":\"https:\/\/revistavitrineibiuna.com.br\/#personlogo\"},\"description\":\"Carlos Rossini \\u00e9 jornalista, soci\\u00f3logo, escritor e professor universit\\u00e1rio, tendo sido professor de jornalismo por vinte anos. Trabalhou em ve\\u00edculos de comunica\\u00e7\\u00e3o nas fun\\u00e7\\u00f5es de rep\\u00f3rter, redator, editor, articulista e colaborador, como Folha de S. Paulo, O Estado de S. Paulo, Di\\u00e1rio Popular, entre outros. Ao transferir a revista vitrine, vers\\u00e3o imprensa, de S\\u00e3o Paulo para Ibi\\u00fana h\\u00e1 alguns anos, iniciou uma nova experi\\u00eancia profissional, dedicando-se ao jornalismo regional, depois de cumprir uma trajet\\u00f3ria bem-sucedida na grande imprensa brasileira. Seu primeiro livro A Coragem de Comunicar foi lan\\u00e7ado na Bienal do Livro em S\\u00e3o Paulo no ano 2000, pela editora Madras.\"}]}<\/script>\n<!-- \/ Yoast SEO plugin. -->","_links":{"self":[{"href":"https:\/\/revistavitrineibiuna.com.br\/index.php?rest_route=\/wp\/v2\/posts\/34841"}],"collection":[{"href":"https:\/\/revistavitrineibiuna.com.br\/index.php?rest_route=\/wp\/v2\/posts"}],"about":[{"href":"https:\/\/revistavitrineibiuna.com.br\/index.php?rest_route=\/wp\/v2\/types\/post"}],"author":[{"embeddable":true,"href":"https:\/\/revistavitrineibiuna.com.br\/index.php?rest_route=\/wp\/v2\/users\/1"}],"replies":[{"embeddable":true,"href":"https:\/\/revistavitrineibiuna.com.br\/index.php?rest_route=%2Fwp%2Fv2%2Fcomments&post=34841"}],"version-history":[{"count":9,"href":"https:\/\/revistavitrineibiuna.com.br\/index.php?rest_route=\/wp\/v2\/posts\/34841\/revisions"}],"predecessor-version":[{"id":34856,"href":"https:\/\/revistavitrineibiuna.com.br\/index.php?rest_route=\/wp\/v2\/posts\/34841\/revisions\/34856"}],"wp:featuredmedia":[{"embeddable":true,"href":"https:\/\/revistavitrineibiuna.com.br\/index.php?rest_route=\/wp\/v2\/media\/34842"}],"wp:attachment":[{"href":"https:\/\/revistavitrineibiuna.com.br\/index.php?rest_route=%2Fwp%2Fv2%2Fmedia&parent=34841"}],"wp:term":[{"taxonomy":"category","embeddable":true,"href":"https:\/\/revistavitrineibiuna.com.br\/index.php?rest_route=%2Fwp%2Fv2%2Fcategories&post=34841"},{"taxonomy":"post_tag","embeddable":true,"href":"https:\/\/revistavitrineibiuna.com.br\/index.php?rest_route=%2Fwp%2Fv2%2Ftags&post=34841"}],"curies":[{"name":"wp","href":"https:\/\/api.w.org\/{rel}","templated":true}]}}