{"id":34857,"date":"2026-01-25T13:14:37","date_gmt":"2026-01-25T16:14:37","guid":{"rendered":"http:\/\/revistavitrineibiuna.com.br\/?p=34857"},"modified":"2026-01-25T13:14:38","modified_gmt":"2026-01-25T16:14:38","slug":"ibiuna-sabesp-realiza-manutencao-emergencial-na-rede-veja-os-bairros-afetados","status":"publish","type":"post","link":"https:\/\/revistavitrineibiuna.com.br\/?p=34857","title":{"rendered":"IBI\u00daNA &#8211; SABESP REALIZA MANUTEN\u00c7\u00c3O EMERGENCIAL NA REDE; VEJA OS BAIRROS AFETADOS"},"content":{"rendered":"\n<p class=\"has-drop-cap\"><strong>A Sabesp realizou na manh\u00e3 deste domingo (25) manuten\u00e7\u00e3o emergencial numa rede de abastecimento de \u00e1gua.<\/strong><\/p>\n\n\n\n<p><strong>A previs\u00e3o \u00e9 que a situa\u00e7\u00e3o seja normalizada gradualmente at\u00e9 a manh\u00e3 desta segunda-feira (26).<\/strong><\/p>\n\n\n\n<p><strong>Os bairros afetados s\u00e3o: Residencial Europa, Primavera, Campo Verde, Recreio Campo Verde, Pia\u00ed, Ibi\u00fana (centro), Garden e arredores.<\/strong><\/p>\n\n\n\n<p><strong>A empresa recomenda que os moradores nessas localidades utilizem \u00e1gua de forma racional.<\/strong><\/p>\n\n\n\n<p><strong>Equipes est\u00e3o realizando manobras operacionais e caminh\u00f5es-pipa ser\u00e3o disponibilizados para diminuir o impacto \u00e0 popula\u00e7\u00e3o, informa a Sabesp.<\/strong><\/p>\n\n\n\n<p><strong>CANAIS DE ATENDIMENTO<\/strong><\/p>\n\n\n\n<p><strong>A popula\u00e7\u00e3o conta com os seguintes canais de atendimento da Sabes: 0800 055 0195 \u2013 WhatSapp &nbsp;(11) 3388-8000 \u2013 Ag\u00eancia virtual: sabesp.com.br<\/strong><\/p>\n","protected":false},"excerpt":{"rendered":"<p>A Sabesp realizou na manh\u00e3 deste domingo (25) manuten\u00e7\u00e3o emergencial numa rede de abastecimento de \u00e1gua. A previs\u00e3o \u00e9 que<\/p>\n","protected":false},"author":1,"featured_media":34858,"comment_status":"open","ping_status":"open","sticky":false,"template":"","format":"standard","meta":[],"categories":[3],"tags":[],"yoast_head":"<!-- This site is optimized with the Yoast SEO plugin v15.8 - https:\/\/yoast.com\/wordpress\/plugins\/seo\/ -->\n<title>IBI\u00daNA - SABESP REALIZA MANUTEN\u00c7\u00c3O EMERGENCIAL NA REDE; VEJA OS BAIRROS AFETADOS - Revista Vitrine Online<\/title>\n<meta name=\"robots\" content=\"index, follow, max-snippet:-1, max-image-preview:large, max-video-preview:-1\" \/>\n<link rel=\"canonical\" href=\"http:\/\/revistavitrineibiuna.com.br\/?p=34857\" \/>\n<meta property=\"og:locale\" content=\"pt_BR\" \/>\n<meta property=\"og:type\" content=\"article\" \/>\n<meta property=\"og:title\" content=\"IBI\u00daNA - SABESP REALIZA MANUTEN\u00c7\u00c3O EMERGENCIAL NA REDE; VEJA OS BAIRROS AFETADOS - Revista Vitrine Online\" \/>\n<meta property=\"og:description\" content=\"A Sabesp realizou na manh\u00e3 deste domingo (25) manuten\u00e7\u00e3o emergencial numa rede de abastecimento de \u00e1gua. A previs\u00e3o \u00e9 que\" \/>\n<meta property=\"og:url\" content=\"http:\/\/revistavitrineibiuna.com.br\/?p=34857\" \/>\n<meta property=\"og:site_name\" content=\"Revista Vitrine Online\" \/>\n<meta property=\"article:published_time\" content=\"2026-01-25T16:14:37+00:00\" \/>\n<meta property=\"article:modified_time\" content=\"2026-01-25T16:14:38+00:00\" \/>\n<meta property=\"og:image\" content=\"https:\/\/revistavitrineibiuna.com.br\/wp-content\/uploads\/2026\/01\/Sabesp1.png\" \/>\n\t<meta property=\"og:image:width\" content=\"697\" \/>\n\t<meta property=\"og:image:height\" content=\"459\" \/>\n<meta name=\"twitter:card\" content=\"summary\" \/>\n<meta name=\"twitter:label1\" content=\"Est. reading time\">\n\t<meta name=\"twitter:data1\" content=\"1 minuto\">\n<script type=\"application\/ld+json\" class=\"yoast-schema-graph\">{\"@context\":\"https:\/\/schema.org\",\"@graph\":[{\"@type\":\"WebSite\",\"@id\":\"https:\/\/revistavitrineibiuna.com.br\/#website\",\"url\":\"https:\/\/revistavitrineibiuna.com.br\/\",\"name\":\"Revista Vitrine Ibi\\u00fana\",\"description\":\"A Revista de Ibi\\u00fana e Regi\\u00e3o\",\"publisher\":{\"@id\":\"https:\/\/revistavitrineibiuna.com.br\/#\/schema\/person\/e51ef49d6d88170ea21ceabff3f73deb\"},\"potentialAction\":[{\"@type\":\"SearchAction\",\"target\":\"https:\/\/revistavitrineibiuna.com.br\/?s={search_term_string}\",\"query-input\":\"required name=search_term_string\"}],\"inLanguage\":\"pt-BR\"},{\"@type\":\"ImageObject\",\"@id\":\"http:\/\/revistavitrineibiuna.com.br\/?p=34857#primaryimage\",\"inLanguage\":\"pt-BR\",\"url\":\"https:\/\/revistavitrineibiuna.com.br\/wp-content\/uploads\/2026\/01\/Sabesp1.png\",\"width\":697,\"height\":459},{\"@type\":\"WebPage\",\"@id\":\"http:\/\/revistavitrineibiuna.com.br\/?p=34857#webpage\",\"url\":\"http:\/\/revistavitrineibiuna.com.br\/?p=34857\",\"name\":\"IBI\\u00daNA - SABESP REALIZA MANUTEN\\u00c7\\u00c3O EMERGENCIAL NA REDE; VEJA OS BAIRROS AFETADOS - Revista Vitrine Online\",\"isPartOf\":{\"@id\":\"https:\/\/revistavitrineibiuna.com.br\/#website\"},\"primaryImageOfPage\":{\"@id\":\"http:\/\/revistavitrineibiuna.com.br\/?p=34857#primaryimage\"},\"datePublished\":\"2026-01-25T16:14:37+00:00\",\"dateModified\":\"2026-01-25T16:14:38+00:00\",\"breadcrumb\":{\"@id\":\"http:\/\/revistavitrineibiuna.com.br\/?p=34857#breadcrumb\"},\"inLanguage\":\"pt-BR\",\"potentialAction\":[{\"@type\":\"ReadAction\",\"target\":[\"http:\/\/revistavitrineibiuna.com.br\/?p=34857\"]}]},{\"@type\":\"BreadcrumbList\",\"@id\":\"http:\/\/revistavitrineibiuna.com.br\/?p=34857#breadcrumb\",\"itemListElement\":[{\"@type\":\"ListItem\",\"position\":1,\"item\":{\"@type\":\"WebPage\",\"@id\":\"https:\/\/revistavitrineibiuna.com.br\/\",\"url\":\"https:\/\/revistavitrineibiuna.com.br\/\",\"name\":\"In\\u00edcio\"}},{\"@type\":\"ListItem\",\"position\":2,\"item\":{\"@type\":\"WebPage\",\"@id\":\"http:\/\/revistavitrineibiuna.com.br\/?p=34857\",\"url\":\"http:\/\/revistavitrineibiuna.com.br\/?p=34857\",\"name\":\"IBI\\u00daNA &#8211; SABESP REALIZA MANUTEN\\u00c7\\u00c3O EMERGENCIAL NA REDE; VEJA OS BAIRROS AFETADOS\"}}]},{\"@type\":\"Article\",\"@id\":\"http:\/\/revistavitrineibiuna.com.br\/?p=34857#article\",\"isPartOf\":{\"@id\":\"http:\/\/revistavitrineibiuna.com.br\/?p=34857#webpage\"},\"author\":{\"@id\":\"https:\/\/revistavitrineibiuna.com.br\/#\/schema\/person\/e51ef49d6d88170ea21ceabff3f73deb\"},\"headline\":\"IBI\\u00daNA &#8211; SABESP REALIZA MANUTEN\\u00c7\\u00c3O EMERGENCIAL NA REDE; VEJA OS BAIRROS AFETADOS\",\"datePublished\":\"2026-01-25T16:14:37+00:00\",\"dateModified\":\"2026-01-25T16:14:38+00:00\",\"mainEntityOfPage\":{\"@id\":\"http:\/\/revistavitrineibiuna.com.br\/?p=34857#webpage\"},\"commentCount\":0,\"publisher\":{\"@id\":\"https:\/\/revistavitrineibiuna.com.br\/#\/schema\/person\/e51ef49d6d88170ea21ceabff3f73deb\"},\"image\":{\"@id\":\"http:\/\/revistavitrineibiuna.com.br\/?p=34857#primaryimage\"},\"articleSection\":\"Not\\u00edcias\",\"inLanguage\":\"pt-BR\",\"potentialAction\":[{\"@type\":\"CommentAction\",\"name\":\"Comment\",\"target\":[\"http:\/\/revistavitrineibiuna.com.br\/?p=34857#respond\"]}]},{\"@type\":[\"Person\",\"Organization\"],\"@id\":\"https:\/\/revistavitrineibiuna.com.br\/#\/schema\/person\/e51ef49d6d88170ea21ceabff3f73deb\",\"name\":\"Carlos Rossini\",\"image\":{\"@type\":\"ImageObject\",\"@id\":\"https:\/\/revistavitrineibiuna.com.br\/#personlogo\",\"inLanguage\":\"pt-BR\",\"url\":\"https:\/\/secure.gravatar.com\/avatar\/4f2d0f99fac1f85c7d643f21f5c8d900?s=96&d=mm&r=g\",\"caption\":\"Carlos Rossini\"},\"logo\":{\"@id\":\"https:\/\/revistavitrineibiuna.com.br\/#personlogo\"},\"description\":\"Carlos Rossini \\u00e9 jornalista, soci\\u00f3logo, escritor e professor universit\\u00e1rio, tendo sido professor de jornalismo por vinte anos. Trabalhou em ve\\u00edculos de comunica\\u00e7\\u00e3o nas fun\\u00e7\\u00f5es de rep\\u00f3rter, redator, editor, articulista e colaborador, como Folha de S. Paulo, O Estado de S. Paulo, Di\\u00e1rio Popular, entre outros. Ao transferir a revista vitrine, vers\\u00e3o imprensa, de S\\u00e3o Paulo para Ibi\\u00fana h\\u00e1 alguns anos, iniciou uma nova experi\\u00eancia profissional, dedicando-se ao jornalismo regional, depois de cumprir uma trajet\\u00f3ria bem-sucedida na grande imprensa brasileira. Seu primeiro livro A Coragem de Comunicar foi lan\\u00e7ado na Bienal do Livro em S\\u00e3o Paulo no ano 2000, pela editora Madras.\"}]}<\/script>\n<!-- \/ Yoast SEO plugin. -->","_links":{"self":[{"href":"https:\/\/revistavitrineibiuna.com.br\/index.php?rest_route=\/wp\/v2\/posts\/34857"}],"collection":[{"href":"https:\/\/revistavitrineibiuna.com.br\/index.php?rest_route=\/wp\/v2\/posts"}],"about":[{"href":"https:\/\/revistavitrineibiuna.com.br\/index.php?rest_route=\/wp\/v2\/types\/post"}],"author":[{"embeddable":true,"href":"https:\/\/revistavitrineibiuna.com.br\/index.php?rest_route=\/wp\/v2\/users\/1"}],"replies":[{"embeddable":true,"href":"https:\/\/revistavitrineibiuna.com.br\/index.php?rest_route=%2Fwp%2Fv2%2Fcomments&post=34857"}],"version-history":[{"count":1,"href":"https:\/\/revistavitrineibiuna.com.br\/index.php?rest_route=\/wp\/v2\/posts\/34857\/revisions"}],"predecessor-version":[{"id":34859,"href":"https:\/\/revistavitrineibiuna.com.br\/index.php?rest_route=\/wp\/v2\/posts\/34857\/revisions\/34859"}],"wp:featuredmedia":[{"embeddable":true,"href":"https:\/\/revistavitrineibiuna.com.br\/index.php?rest_route=\/wp\/v2\/media\/34858"}],"wp:attachment":[{"href":"https:\/\/revistavitrineibiuna.com.br\/index.php?rest_route=%2Fwp%2Fv2%2Fmedia&parent=34857"}],"wp:term":[{"taxonomy":"category","embeddable":true,"href":"https:\/\/revistavitrineibiuna.com.br\/index.php?rest_route=%2Fwp%2Fv2%2Fcategories&post=34857"},{"taxonomy":"post_tag","embeddable":true,"href":"https:\/\/revistavitrineibiuna.com.br\/index.php?rest_route=%2Fwp%2Fv2%2Ftags&post=34857"}],"curies":[{"name":"wp","href":"https:\/\/api.w.org\/{rel}","templated":true}]}}