{"id":34860,"date":"2026-01-25T16:00:15","date_gmt":"2026-01-25T19:00:15","guid":{"rendered":"http:\/\/revistavitrineibiuna.com.br\/?p=34860"},"modified":"2026-01-25T16:01:38","modified_gmt":"2026-01-25T19:01:38","slug":"ibiuna-policia-civil-elucida-assassinato-de-caseiso-no-bairro-piratuba","status":"publish","type":"post","link":"https:\/\/revistavitrineibiuna.com.br\/?p=34860","title":{"rendered":"IBI\u00daNA \u2013 POL\u00cdCIA CIVIL ELUCIDA ASSASSINATO DE CASEIRO NO BAIRRO PIRATUBA"},"content":{"rendered":"\n<p class=\"has-drop-cap\"><strong>Em nota encaminhada hoje (25) a vitrine online, a Pol\u00edcia Civil de Ibi\u00fana anunciou ter esclarecido o assassinato do caseiro Ricardo do Amaral Soares (41), ocorrido em 12 de dezembro de 2025, pr\u00f3ximo a um supermercado no bairro Piratuba. Todos os envolvidos est\u00e3o presos.<\/strong><\/p>\n\n\n\n<p><strong>Um delegado que participou das investiga\u00e7\u00f5es qualificou o crime como \u201cum homic\u00eddio brutal\u201d. Ele explicou:<\/strong><\/p>\n\n\n\n<p><strong>\u201cA investiga\u00e7\u00e3o minuciosa conduzida pela Pol\u00edcia Civil permitiu a identifica\u00e7\u00e3o e a qualifica\u00e7\u00e3o de todos os envolvidos, revelando uma trama de vingan\u00e7a motivada por desentendimento banal.\u201d<\/strong><\/p>\n\n\n\n<p><strong>O crime ocorreu por volta das 19h20, na Avenida Rio Amazonas, no bairro Piratuba, pr\u00f3ximo a um supermercado onde a v\u00edtima fora comprar refrigerante para comer uma pizza com sua esposa que o esperava em casa.<\/strong><\/p>\n\n\n\n<p><strong>O motivo do homic\u00eddio teria sido uma discuss\u00e3o anterior entre a v\u00edtima e a investigada D. L. S. (25 anos), funcion\u00e1ria do supermercado local, devido a uma reclama\u00e7\u00e3o sobre o atendimento comercial. Na ocasi\u00e3o, a mulher teria amea\u00e7ado a v\u00edtima.<\/strong><\/p>\n\n\n\n<p><strong>COMO FOI<\/strong><\/p>\n\n\n\n<p><strong>Ricardo do Amaral havia ido de moto ao supermercado para comprar refrigerante. A esposa o esperava em casa, na ch\u00e1cara onde ele era caseiro, para ambos comerem uma pizza.<\/strong><\/p>\n\n\n\n<p><strong>De repente, surge um carro preto com os assassinos que dispararam pelo menos oito tiros contra a v\u00edtima que ficou ca\u00edda no ch\u00e3o em frente a uma lanchonete. Os criminosos fugiram em seguida.<\/strong><\/p>\n\n\n\n<p><strong>Esse crime imediatamente repercutiu em emissoras de televis\u00e3o. Em uma delas, a vi\u00fava visivelmente inconsol\u00e1vel, pedia que a justi\u00e7a fosse feita pelo que fizeram com o seu marido.<\/strong><\/p>\n\n\n\n<p><strong>\u201cTRABALHO DE CAMPO\u201d<\/strong><\/p>\n\n\n\n<p><strong>A elucida\u00e7\u00e3o do caso foi fruto de \u201cum exaustivo trabalho de campo e intelig\u00eancia da Pol\u00edcia Civil, que utilizou an\u00e1lise de imagens de monitoramento, oitivas de testemunhas e cruzamento de dados periciais para identificar os autores\u201d.<\/strong><\/p>\n\n\n\n<p><strong>Para a efetiva retirada dos criminosos das ruas, a Pol\u00edcia Civil contou com o apoio da Guarda Civil Municipal, que realizou a captura dos indiv\u00edduos ap\u00f3s a expedi\u00e7\u00e3o dos mandados de pris\u00e3o pela Justi\u00e7a:<\/strong><\/p>\n\n\n\n<p><strong>O executor direto, D. A. G. O. (22 anos), e a mentora intelectual, D. L. S. (25 anos), foram detidos no dia 17 de janeiro de 2026.<\/strong><\/p>\n\n\n\n<p><strong>O terceiro coautor, J. J. F. (25 anos),foi capturado pelos guardas municipais em 23 de janeiro de 2026.<\/strong><\/p>\n\n\n\n<p><strong>BRUTALIDADE<\/strong><\/p>\n\n\n\n<p><strong>\u201cA an\u00e1lise de imagens do fato detalhou a brutalidade da a\u00e7\u00e3o. O uso de tecnologia forense e a colabora\u00e7\u00e3o da Guarda Municipal demonstram que crimes violentos n\u00e3o ficar\u00e3o impunes, reafirmando o compromisso com a ordem p\u00fablica e a justi\u00e7a\u201d, enfatizou o delegado.<\/strong><\/p>\n","protected":false},"excerpt":{"rendered":"<p>Em nota encaminhada hoje (25) a vitrine online, a Pol\u00edcia Civil de Ibi\u00fana anunciou ter esclarecido o assassinato do caseiro<\/p>\n","protected":false},"author":1,"featured_media":34861,"comment_status":"open","ping_status":"open","sticky":false,"template":"","format":"standard","meta":[],"categories":[3],"tags":[],"yoast_head":"<!-- This site is optimized with the Yoast SEO plugin v15.8 - https:\/\/yoast.com\/wordpress\/plugins\/seo\/ -->\n<title>IBI\u00daNA \u2013 POL\u00cdCIA CIVIL ELUCIDA ASSASSINATO DE CASEIRO NO BAIRRO PIRATUBA - Revista Vitrine Online<\/title>\n<meta name=\"robots\" content=\"index, follow, max-snippet:-1, max-image-preview:large, max-video-preview:-1\" \/>\n<link rel=\"canonical\" href=\"https:\/\/revistavitrineibiuna.com.br\/?p=34860\" \/>\n<meta property=\"og:locale\" content=\"pt_BR\" \/>\n<meta property=\"og:type\" content=\"article\" \/>\n<meta property=\"og:title\" content=\"IBI\u00daNA \u2013 POL\u00cdCIA CIVIL ELUCIDA ASSASSINATO DE CASEIRO NO BAIRRO PIRATUBA - Revista Vitrine Online\" \/>\n<meta property=\"og:description\" content=\"Em nota encaminhada hoje (25) a vitrine online, a Pol\u00edcia Civil de Ibi\u00fana anunciou ter esclarecido o assassinato do caseiro\" \/>\n<meta property=\"og:url\" content=\"https:\/\/revistavitrineibiuna.com.br\/?p=34860\" \/>\n<meta property=\"og:site_name\" content=\"Revista Vitrine Online\" \/>\n<meta property=\"article:published_time\" content=\"2026-01-25T19:00:15+00:00\" \/>\n<meta property=\"article:modified_time\" content=\"2026-01-25T19:01:38+00:00\" \/>\n<meta property=\"og:image\" content=\"https:\/\/revistavitrineibiuna.com.br\/wp-content\/uploads\/2026\/01\/ricardo-a-vitima.png\" \/>\n\t<meta property=\"og:image:width\" content=\"628\" \/>\n\t<meta property=\"og:image:height\" content=\"389\" \/>\n<meta name=\"twitter:card\" content=\"summary\" \/>\n<meta name=\"twitter:label1\" content=\"Est. reading time\">\n\t<meta name=\"twitter:data1\" content=\"2 minutos\">\n<script type=\"application\/ld+json\" class=\"yoast-schema-graph\">{\"@context\":\"https:\/\/schema.org\",\"@graph\":[{\"@type\":\"WebSite\",\"@id\":\"https:\/\/revistavitrineibiuna.com.br\/#website\",\"url\":\"https:\/\/revistavitrineibiuna.com.br\/\",\"name\":\"Revista Vitrine Ibi\\u00fana\",\"description\":\"A Revista de Ibi\\u00fana e Regi\\u00e3o\",\"publisher\":{\"@id\":\"https:\/\/revistavitrineibiuna.com.br\/#\/schema\/person\/e51ef49d6d88170ea21ceabff3f73deb\"},\"potentialAction\":[{\"@type\":\"SearchAction\",\"target\":\"https:\/\/revistavitrineibiuna.com.br\/?s={search_term_string}\",\"query-input\":\"required name=search_term_string\"}],\"inLanguage\":\"pt-BR\"},{\"@type\":\"ImageObject\",\"@id\":\"https:\/\/revistavitrineibiuna.com.br\/?p=34860#primaryimage\",\"inLanguage\":\"pt-BR\",\"url\":\"https:\/\/revistavitrineibiuna.com.br\/wp-content\/uploads\/2026\/01\/ricardo-a-vitima.png\",\"width\":628,\"height\":389},{\"@type\":\"WebPage\",\"@id\":\"https:\/\/revistavitrineibiuna.com.br\/?p=34860#webpage\",\"url\":\"https:\/\/revistavitrineibiuna.com.br\/?p=34860\",\"name\":\"IBI\\u00daNA \\u2013 POL\\u00cdCIA CIVIL ELUCIDA ASSASSINATO DE CASEIRO NO BAIRRO PIRATUBA - Revista Vitrine Online\",\"isPartOf\":{\"@id\":\"https:\/\/revistavitrineibiuna.com.br\/#website\"},\"primaryImageOfPage\":{\"@id\":\"https:\/\/revistavitrineibiuna.com.br\/?p=34860#primaryimage\"},\"datePublished\":\"2026-01-25T19:00:15+00:00\",\"dateModified\":\"2026-01-25T19:01:38+00:00\",\"breadcrumb\":{\"@id\":\"https:\/\/revistavitrineibiuna.com.br\/?p=34860#breadcrumb\"},\"inLanguage\":\"pt-BR\",\"potentialAction\":[{\"@type\":\"ReadAction\",\"target\":[\"https:\/\/revistavitrineibiuna.com.br\/?p=34860\"]}]},{\"@type\":\"BreadcrumbList\",\"@id\":\"https:\/\/revistavitrineibiuna.com.br\/?p=34860#breadcrumb\",\"itemListElement\":[{\"@type\":\"ListItem\",\"position\":1,\"item\":{\"@type\":\"WebPage\",\"@id\":\"https:\/\/revistavitrineibiuna.com.br\/\",\"url\":\"https:\/\/revistavitrineibiuna.com.br\/\",\"name\":\"In\\u00edcio\"}},{\"@type\":\"ListItem\",\"position\":2,\"item\":{\"@type\":\"WebPage\",\"@id\":\"https:\/\/revistavitrineibiuna.com.br\/?p=34860\",\"url\":\"https:\/\/revistavitrineibiuna.com.br\/?p=34860\",\"name\":\"IBI\\u00daNA \\u2013 POL\\u00cdCIA CIVIL ELUCIDA ASSASSINATO DE CASEIRO NO BAIRRO PIRATUBA\"}}]},{\"@type\":\"Article\",\"@id\":\"https:\/\/revistavitrineibiuna.com.br\/?p=34860#article\",\"isPartOf\":{\"@id\":\"https:\/\/revistavitrineibiuna.com.br\/?p=34860#webpage\"},\"author\":{\"@id\":\"https:\/\/revistavitrineibiuna.com.br\/#\/schema\/person\/e51ef49d6d88170ea21ceabff3f73deb\"},\"headline\":\"IBI\\u00daNA \\u2013 POL\\u00cdCIA CIVIL ELUCIDA ASSASSINATO DE CASEIRO NO BAIRRO PIRATUBA\",\"datePublished\":\"2026-01-25T19:00:15+00:00\",\"dateModified\":\"2026-01-25T19:01:38+00:00\",\"mainEntityOfPage\":{\"@id\":\"https:\/\/revistavitrineibiuna.com.br\/?p=34860#webpage\"},\"commentCount\":0,\"publisher\":{\"@id\":\"https:\/\/revistavitrineibiuna.com.br\/#\/schema\/person\/e51ef49d6d88170ea21ceabff3f73deb\"},\"image\":{\"@id\":\"https:\/\/revistavitrineibiuna.com.br\/?p=34860#primaryimage\"},\"articleSection\":\"Not\\u00edcias\",\"inLanguage\":\"pt-BR\",\"potentialAction\":[{\"@type\":\"CommentAction\",\"name\":\"Comment\",\"target\":[\"https:\/\/revistavitrineibiuna.com.br\/?p=34860#respond\"]}]},{\"@type\":[\"Person\",\"Organization\"],\"@id\":\"https:\/\/revistavitrineibiuna.com.br\/#\/schema\/person\/e51ef49d6d88170ea21ceabff3f73deb\",\"name\":\"Carlos Rossini\",\"image\":{\"@type\":\"ImageObject\",\"@id\":\"https:\/\/revistavitrineibiuna.com.br\/#personlogo\",\"inLanguage\":\"pt-BR\",\"url\":\"https:\/\/secure.gravatar.com\/avatar\/4f2d0f99fac1f85c7d643f21f5c8d900?s=96&d=mm&r=g\",\"caption\":\"Carlos Rossini\"},\"logo\":{\"@id\":\"https:\/\/revistavitrineibiuna.com.br\/#personlogo\"},\"description\":\"Carlos Rossini \\u00e9 jornalista, soci\\u00f3logo, escritor e professor universit\\u00e1rio, tendo sido professor de jornalismo por vinte anos. Trabalhou em ve\\u00edculos de comunica\\u00e7\\u00e3o nas fun\\u00e7\\u00f5es de rep\\u00f3rter, redator, editor, articulista e colaborador, como Folha de S. Paulo, O Estado de S. Paulo, Di\\u00e1rio Popular, entre outros. Ao transferir a revista vitrine, vers\\u00e3o imprensa, de S\\u00e3o Paulo para Ibi\\u00fana h\\u00e1 alguns anos, iniciou uma nova experi\\u00eancia profissional, dedicando-se ao jornalismo regional, depois de cumprir uma trajet\\u00f3ria bem-sucedida na grande imprensa brasileira. Seu primeiro livro A Coragem de Comunicar foi lan\\u00e7ado na Bienal do Livro em S\\u00e3o Paulo no ano 2000, pela editora Madras.\"}]}<\/script>\n<!-- \/ Yoast SEO plugin. -->","_links":{"self":[{"href":"https:\/\/revistavitrineibiuna.com.br\/index.php?rest_route=\/wp\/v2\/posts\/34860"}],"collection":[{"href":"https:\/\/revistavitrineibiuna.com.br\/index.php?rest_route=\/wp\/v2\/posts"}],"about":[{"href":"https:\/\/revistavitrineibiuna.com.br\/index.php?rest_route=\/wp\/v2\/types\/post"}],"author":[{"embeddable":true,"href":"https:\/\/revistavitrineibiuna.com.br\/index.php?rest_route=\/wp\/v2\/users\/1"}],"replies":[{"embeddable":true,"href":"https:\/\/revistavitrineibiuna.com.br\/index.php?rest_route=%2Fwp%2Fv2%2Fcomments&post=34860"}],"version-history":[{"count":2,"href":"https:\/\/revistavitrineibiuna.com.br\/index.php?rest_route=\/wp\/v2\/posts\/34860\/revisions"}],"predecessor-version":[{"id":34863,"href":"https:\/\/revistavitrineibiuna.com.br\/index.php?rest_route=\/wp\/v2\/posts\/34860\/revisions\/34863"}],"wp:featuredmedia":[{"embeddable":true,"href":"https:\/\/revistavitrineibiuna.com.br\/index.php?rest_route=\/wp\/v2\/media\/34861"}],"wp:attachment":[{"href":"https:\/\/revistavitrineibiuna.com.br\/index.php?rest_route=%2Fwp%2Fv2%2Fmedia&parent=34860"}],"wp:term":[{"taxonomy":"category","embeddable":true,"href":"https:\/\/revistavitrineibiuna.com.br\/index.php?rest_route=%2Fwp%2Fv2%2Fcategories&post=34860"},{"taxonomy":"post_tag","embeddable":true,"href":"https:\/\/revistavitrineibiuna.com.br\/index.php?rest_route=%2Fwp%2Fv2%2Ftags&post=34860"}],"curies":[{"name":"wp","href":"https:\/\/api.w.org\/{rel}","templated":true}]}}