{"id":34865,"date":"2026-01-29T14:59:55","date_gmt":"2026-01-29T17:59:55","guid":{"rendered":"http:\/\/revistavitrineibiuna.com.br\/?p=34865"},"modified":"2026-01-29T19:15:07","modified_gmt":"2026-01-29T22:15:07","slug":"esta-na-hora-de-acordar-e-abrir-os-olhos-ibiuna","status":"publish","type":"post","link":"https:\/\/revistavitrineibiuna.com.br\/?p=34865","title":{"rendered":"\u201cEST\u00c1 NA HORA DE ACORDAR E ABRIR OS OLHOS, IBI\u00daNA\u201d"},"content":{"rendered":"\n<p class=\"has-drop-cap\"><strong>Por que um jornalista da grande imprensa, experiente, independente, que resolveu mudar-se para Ibi\u00fana e se apaixonou pela cidade, escreveria o<em> story<\/em>: \u201cEst\u00e1 na hora de acordar e abrir os olhos, Ibi\u00fana.\u201d<\/strong><\/p>\n\n\n\n<p><strong>Mais: por que imediatamente tantas pessoas, boa parte delas que raramente saem do anonimato, visualizariam essa manifesta\u00e7\u00e3o notoriamente gen\u00e9rica, abstrata e metaf\u00f3rica, como se verificou?<\/strong><\/p>\n\n\n\n<p>&#8220;<strong>Moro em S\u00e3o Roque, mas sou ibiunense. O que est\u00e1 acontecendo a\u00ed?\u201d<\/strong>, <strong>perguntou uma mulher.<\/strong><\/p>\n\n\n\n<p><strong>A primeira tentativa de esclarecer esse fen\u00f4meno parece demonstrar ter havido uma sintonia intuitiva entre o profissional de imprensa e a sensibilidade silenciosa da popula\u00e7\u00e3o. Ou seja: houve converg\u00eancia entre a hist\u00f3ria publicada e a sua conex\u00e3o com a percep\u00e7\u00e3o da realidade atomizada.<\/strong><\/p>\n\n\n\n<p><strong>A impress\u00e3o \u00e9 que, de alguma forma, muitas pessoas est\u00e3o atentas ao que est\u00e3o observando na cidade como objeto de aten\u00e7\u00e3o pol\u00edtica e administrativa. Em suma: estamos todos sob um novo comando governamental e na expectativa de que coisas boas comecem a acontecer nos \u00e2mbitos da sa\u00fade p\u00fablica, das estradas, da seguran\u00e7a, para citar tr\u00eas t\u00f3picos de grande relev\u00e2ncia comunit\u00e1ria.<\/strong><\/p>\n\n\n\n<p><strong>Esse fen\u00f4meno que pede para que abramos os olhos est\u00e1 diretamente relacionado com uma das mais importantes compet\u00eancias de todos os homens p\u00fablicos: a de se comunicar de modo transparente com os cidad\u00e3os. O que n\u00e3o est\u00e1 acontecendo resolutamente ou ainda n\u00e3o come\u00e7ou a acontecer de modo congruente.<\/strong><\/p>\n\n\n\n<p><strong>\u00c9 preciso revelar agora: a frase criada e cristalizada num brev\u00edssimo story resultou de uma cont\u00ednua indaga\u00e7\u00e3o \u00e0s pessoas, tanto integrantes do ambiente interno [servidores, comissionados, concursados] e populares \u201cescutados\u201d nos mais diversos locais: supermercados, lojas, ruas, pra\u00e7as, espa\u00e7os p\u00fablicos, etc.<\/strong><\/p>\n\n\n\n<p><strong>Em suma, o n\u00famero de pessoas ouvidas j\u00e1 poderia sustentar uma pesquisa de opini\u00e3o p\u00fablica, como uma amostragem significativa, raz\u00e3o por que \u00e9 uma refer\u00eancia jornal\u00edstica consider\u00e1vel.<\/strong><\/p>\n\n\n\n<p><strong>Por isso mesmo, esta escrita poderia ser lida e refletida pelos agentes do poder p\u00fablico como uma contribui\u00e7\u00e3o para que consigam acertar os passos que, aparentemente, est\u00e3o parecidos com aqueles que se verificam na caminhada de cambaios.<\/strong><\/p>\n\n\n\n<p><strong>Se isso for compreendido com a mesma humildade das inten\u00e7\u00f5es com que foram escritas estas palavras, o atual governo come\u00e7aria sem mais tardan\u00e7a mostrar resultados pr\u00e1ticos perante os olhos da popula\u00e7\u00e3o.<\/strong><\/p>\n\n\n\n<p><strong>Sim. Sabemos \u00e0 exaust\u00e3o que \u201cdias melhores vir\u00e3o\u201d, mas os dias est\u00e3o passando. S\u00f3 falta lhes acrescentar as melhorias.<\/strong><\/p>\n\n\n\n<p><strong>Acreditem, as autoridades, sua imagem perante a opini\u00e3o p\u00fablica est\u00e1 sofrendo um desgaste impressionante para quem tem ouvidos abertos a ouvir os sentimentos do povo. <\/strong><\/p>\n\n\n\n<p><strong>Esta reflex\u00e3o n\u00e3o  podia findar sem o desejo que os atuais governantes de Ibi\u00fana consigam, a partir de agora e passado o primeiro ano de gest\u00e3o, colocar em pr\u00e1tica com sucesso todos os seus planos executivos certamente bem-intencionados<\/strong>. <strong>(C.R.)<\/strong><\/p>\n","protected":false},"excerpt":{"rendered":"<p>Por que um jornalista da grande imprensa, experiente, independente, que resolveu mudar-se para Ibi\u00fana e se apaixonou pela cidade, escreveria<\/p>\n","protected":false},"author":1,"featured_media":34868,"comment_status":"open","ping_status":"open","sticky":false,"template":"","format":"standard","meta":[],"categories":[3],"tags":[],"yoast_head":"<!-- This site is optimized with the Yoast SEO plugin v15.8 - https:\/\/yoast.com\/wordpress\/plugins\/seo\/ -->\n<title>\u201cEST\u00c1 NA HORA DE ACORDAR E ABRIR OS OLHOS, IBI\u00daNA\u201d - Revista Vitrine Online<\/title>\n<meta name=\"robots\" content=\"index, follow, max-snippet:-1, max-image-preview:large, max-video-preview:-1\" \/>\n<link rel=\"canonical\" href=\"http:\/\/revistavitrineibiuna.com.br\/?p=34865\" \/>\n<meta property=\"og:locale\" content=\"pt_BR\" \/>\n<meta property=\"og:type\" content=\"article\" \/>\n<meta property=\"og:title\" content=\"\u201cEST\u00c1 NA HORA DE ACORDAR E ABRIR OS OLHOS, IBI\u00daNA\u201d - Revista Vitrine Online\" \/>\n<meta property=\"og:description\" content=\"Por que um jornalista da grande imprensa, experiente, independente, que resolveu mudar-se para Ibi\u00fana e se apaixonou pela cidade, escreveria\" \/>\n<meta property=\"og:url\" content=\"http:\/\/revistavitrineibiuna.com.br\/?p=34865\" \/>\n<meta property=\"og:site_name\" content=\"Revista Vitrine Online\" \/>\n<meta property=\"article:published_time\" content=\"2026-01-29T17:59:55+00:00\" \/>\n<meta property=\"article:modified_time\" content=\"2026-01-29T22:15:07+00:00\" \/>\n<meta property=\"og:image\" content=\"https:\/\/revistavitrineibiuna.com.br\/wp-content\/uploads\/2026\/01\/abrir-os-olhos.png\" \/>\n\t<meta property=\"og:image:width\" content=\"708\" \/>\n\t<meta property=\"og:image:height\" content=\"461\" \/>\n<meta name=\"twitter:card\" content=\"summary\" \/>\n<meta name=\"twitter:label1\" content=\"Est. reading time\">\n\t<meta name=\"twitter:data1\" content=\"2 minutos\">\n<script type=\"application\/ld+json\" class=\"yoast-schema-graph\">{\"@context\":\"https:\/\/schema.org\",\"@graph\":[{\"@type\":\"WebSite\",\"@id\":\"https:\/\/revistavitrineibiuna.com.br\/#website\",\"url\":\"https:\/\/revistavitrineibiuna.com.br\/\",\"name\":\"Revista Vitrine Ibi\\u00fana\",\"description\":\"A Revista de Ibi\\u00fana e Regi\\u00e3o\",\"publisher\":{\"@id\":\"https:\/\/revistavitrineibiuna.com.br\/#\/schema\/person\/e51ef49d6d88170ea21ceabff3f73deb\"},\"potentialAction\":[{\"@type\":\"SearchAction\",\"target\":\"https:\/\/revistavitrineibiuna.com.br\/?s={search_term_string}\",\"query-input\":\"required name=search_term_string\"}],\"inLanguage\":\"pt-BR\"},{\"@type\":\"ImageObject\",\"@id\":\"http:\/\/revistavitrineibiuna.com.br\/?p=34865#primaryimage\",\"inLanguage\":\"pt-BR\",\"url\":\"https:\/\/revistavitrineibiuna.com.br\/wp-content\/uploads\/2026\/01\/abrir-os-olhos.png\",\"width\":708,\"height\":461},{\"@type\":\"WebPage\",\"@id\":\"http:\/\/revistavitrineibiuna.com.br\/?p=34865#webpage\",\"url\":\"http:\/\/revistavitrineibiuna.com.br\/?p=34865\",\"name\":\"\\u201cEST\\u00c1 NA HORA DE ACORDAR E ABRIR OS OLHOS, IBI\\u00daNA\\u201d - Revista Vitrine Online\",\"isPartOf\":{\"@id\":\"https:\/\/revistavitrineibiuna.com.br\/#website\"},\"primaryImageOfPage\":{\"@id\":\"http:\/\/revistavitrineibiuna.com.br\/?p=34865#primaryimage\"},\"datePublished\":\"2026-01-29T17:59:55+00:00\",\"dateModified\":\"2026-01-29T22:15:07+00:00\",\"breadcrumb\":{\"@id\":\"http:\/\/revistavitrineibiuna.com.br\/?p=34865#breadcrumb\"},\"inLanguage\":\"pt-BR\",\"potentialAction\":[{\"@type\":\"ReadAction\",\"target\":[\"http:\/\/revistavitrineibiuna.com.br\/?p=34865\"]}]},{\"@type\":\"BreadcrumbList\",\"@id\":\"http:\/\/revistavitrineibiuna.com.br\/?p=34865#breadcrumb\",\"itemListElement\":[{\"@type\":\"ListItem\",\"position\":1,\"item\":{\"@type\":\"WebPage\",\"@id\":\"https:\/\/revistavitrineibiuna.com.br\/\",\"url\":\"https:\/\/revistavitrineibiuna.com.br\/\",\"name\":\"In\\u00edcio\"}},{\"@type\":\"ListItem\",\"position\":2,\"item\":{\"@type\":\"WebPage\",\"@id\":\"http:\/\/revistavitrineibiuna.com.br\/?p=34865\",\"url\":\"http:\/\/revistavitrineibiuna.com.br\/?p=34865\",\"name\":\"\\u201cEST\\u00c1 NA HORA DE ACORDAR E ABRIR OS OLHOS, IBI\\u00daNA\\u201d\"}}]},{\"@type\":\"Article\",\"@id\":\"http:\/\/revistavitrineibiuna.com.br\/?p=34865#article\",\"isPartOf\":{\"@id\":\"http:\/\/revistavitrineibiuna.com.br\/?p=34865#webpage\"},\"author\":{\"@id\":\"https:\/\/revistavitrineibiuna.com.br\/#\/schema\/person\/e51ef49d6d88170ea21ceabff3f73deb\"},\"headline\":\"\\u201cEST\\u00c1 NA HORA DE ACORDAR E ABRIR OS OLHOS, IBI\\u00daNA\\u201d\",\"datePublished\":\"2026-01-29T17:59:55+00:00\",\"dateModified\":\"2026-01-29T22:15:07+00:00\",\"mainEntityOfPage\":{\"@id\":\"http:\/\/revistavitrineibiuna.com.br\/?p=34865#webpage\"},\"commentCount\":0,\"publisher\":{\"@id\":\"https:\/\/revistavitrineibiuna.com.br\/#\/schema\/person\/e51ef49d6d88170ea21ceabff3f73deb\"},\"image\":{\"@id\":\"http:\/\/revistavitrineibiuna.com.br\/?p=34865#primaryimage\"},\"articleSection\":\"Not\\u00edcias\",\"inLanguage\":\"pt-BR\",\"potentialAction\":[{\"@type\":\"CommentAction\",\"name\":\"Comment\",\"target\":[\"http:\/\/revistavitrineibiuna.com.br\/?p=34865#respond\"]}]},{\"@type\":[\"Person\",\"Organization\"],\"@id\":\"https:\/\/revistavitrineibiuna.com.br\/#\/schema\/person\/e51ef49d6d88170ea21ceabff3f73deb\",\"name\":\"Carlos Rossini\",\"image\":{\"@type\":\"ImageObject\",\"@id\":\"https:\/\/revistavitrineibiuna.com.br\/#personlogo\",\"inLanguage\":\"pt-BR\",\"url\":\"https:\/\/secure.gravatar.com\/avatar\/4f2d0f99fac1f85c7d643f21f5c8d900?s=96&d=mm&r=g\",\"caption\":\"Carlos Rossini\"},\"logo\":{\"@id\":\"https:\/\/revistavitrineibiuna.com.br\/#personlogo\"},\"description\":\"Carlos Rossini \\u00e9 jornalista, soci\\u00f3logo, escritor e professor universit\\u00e1rio, tendo sido professor de jornalismo por vinte anos. Trabalhou em ve\\u00edculos de comunica\\u00e7\\u00e3o nas fun\\u00e7\\u00f5es de rep\\u00f3rter, redator, editor, articulista e colaborador, como Folha de S. Paulo, O Estado de S. Paulo, Di\\u00e1rio Popular, entre outros. Ao transferir a revista vitrine, vers\\u00e3o imprensa, de S\\u00e3o Paulo para Ibi\\u00fana h\\u00e1 alguns anos, iniciou uma nova experi\\u00eancia profissional, dedicando-se ao jornalismo regional, depois de cumprir uma trajet\\u00f3ria bem-sucedida na grande imprensa brasileira. Seu primeiro livro A Coragem de Comunicar foi lan\\u00e7ado na Bienal do Livro em S\\u00e3o Paulo no ano 2000, pela editora Madras.\"}]}<\/script>\n<!-- \/ Yoast SEO plugin. -->","_links":{"self":[{"href":"https:\/\/revistavitrineibiuna.com.br\/index.php?rest_route=\/wp\/v2\/posts\/34865"}],"collection":[{"href":"https:\/\/revistavitrineibiuna.com.br\/index.php?rest_route=\/wp\/v2\/posts"}],"about":[{"href":"https:\/\/revistavitrineibiuna.com.br\/index.php?rest_route=\/wp\/v2\/types\/post"}],"author":[{"embeddable":true,"href":"https:\/\/revistavitrineibiuna.com.br\/index.php?rest_route=\/wp\/v2\/users\/1"}],"replies":[{"embeddable":true,"href":"https:\/\/revistavitrineibiuna.com.br\/index.php?rest_route=%2Fwp%2Fv2%2Fcomments&post=34865"}],"version-history":[{"count":6,"href":"https:\/\/revistavitrineibiuna.com.br\/index.php?rest_route=\/wp\/v2\/posts\/34865\/revisions"}],"predecessor-version":[{"id":34873,"href":"https:\/\/revistavitrineibiuna.com.br\/index.php?rest_route=\/wp\/v2\/posts\/34865\/revisions\/34873"}],"wp:featuredmedia":[{"embeddable":true,"href":"https:\/\/revistavitrineibiuna.com.br\/index.php?rest_route=\/wp\/v2\/media\/34868"}],"wp:attachment":[{"href":"https:\/\/revistavitrineibiuna.com.br\/index.php?rest_route=%2Fwp%2Fv2%2Fmedia&parent=34865"}],"wp:term":[{"taxonomy":"category","embeddable":true,"href":"https:\/\/revistavitrineibiuna.com.br\/index.php?rest_route=%2Fwp%2Fv2%2Fcategories&post=34865"},{"taxonomy":"post_tag","embeddable":true,"href":"https:\/\/revistavitrineibiuna.com.br\/index.php?rest_route=%2Fwp%2Fv2%2Ftags&post=34865"}],"curies":[{"name":"wp","href":"https:\/\/api.w.org\/{rel}","templated":true}]}}