{"id":34942,"date":"2026-02-11T19:35:03","date_gmt":"2026-02-11T22:35:03","guid":{"rendered":"http:\/\/revistavitrineibiuna.com.br\/?p=34942"},"modified":"2026-02-11T20:17:57","modified_gmt":"2026-02-11T23:17:57","slug":"ibiuna-vitrine-online-soma-253-441-visualizacoes-organicas-em-28-dias","status":"publish","type":"post","link":"https:\/\/revistavitrineibiuna.com.br\/?p=34942","title":{"rendered":"IBI\u00daNA \u2013 VITRINE ONLINE SOMA 253.441 VISUALIZA\u00c7\u00d5ES ORG\u00c2NICAS EM 28 DIAS"},"content":{"rendered":"\n<p class=\"has-drop-cap\"><strong>Este ano a revista vitrine online com sede e reda\u00e7\u00e3o no munic\u00edpio de Ibi\u00fana completa 13 anos, mantendo o mesmo compromisso com as boas pr\u00e1ticas do jornalismo profissional em respeito aos seus leitores e sempre atenta aos anseios da popula\u00e7\u00e3o.<\/strong><\/p>\n\n\n\n<p><strong>Se algu\u00e9m se der o luxo de pesquisar o portif\u00f3lio das not\u00edcias, editoriais e artigos publicados nesse per\u00edodo, poder\u00e1 constatar a coer\u00eancia e a congru\u00eancia de um comportamento editorial \u00e9tico, em tudo que \u00e9 poss\u00edvel na vasta complexidade da natureza humana.<\/strong><\/p>\n\n\n\n<p><strong>Al\u00e9m dessa aquisi\u00e7\u00e3o, ter\u00e1 \u00e0 disposi\u00e7\u00e3o um painel hist\u00f3rico por meio de uma grande diversidade dos acontecimentos reportados diariamente em suas p\u00e1ginas eletr\u00f4nicas.<\/strong><\/p>\n\n\n\n<p><strong>\u00c0s vezes, embora nem sempre o trabalho jornal\u00edstico s\u00e9rio seja percebido devidamente, somos surpreendidos por dados que d\u00e3o \u00e2nimo para prosseguir em nossa miss\u00e3o.<\/strong><\/p>\n\n\n\n<p><strong>Agora, por exemplo, a Meta \u2013 Facebook, mais uma vez, ela que que nos informa que tem aberto as publica\u00e7\u00f5es para o acesso a mais pessoas [porque nunca investimos em nenhuma forma de impulsionamento pago], como reconhecimento da qualidade de nossos produtos noticiosos, divulgou nosso desempenho nos \u00faltimos 28 dias [at\u00e9 o dia 6.2].<\/strong><\/p>\n\n\n\n<p><strong>253.441 LEITORES NOS HONRARAM<\/strong><\/p>\n\n\n\n<p><strong>Nos \u00faltimos 28 dias, 253.441 pessoas nos honraram visualizando organicamente o material que publicamos, com aumento de 138% no engajamento.<\/strong><\/p>\n\n\n\n<p><strong>Interpretamos nem tanto pelo quantitativo, sem d\u00favida um n\u00famero gratificante para quem n\u00e3o abre m\u00e3o de apresentar um jornalismo profissional mas, sobretudo, como uma forma clara de reconhecimento pelo trabalho que respeita a intelig\u00eancia e o direito das pessoas.<\/strong><\/p>\n\n\n\n<p><strong>O ponto que consideramos igualmente relevante \u00e9 o fato de considerarmos esse resultado como proveniente de leituras qualificadas, o que nos leva a crer que continuamos no caminho certo de quem faz aquilo que gosta e para as pessoas que merecem.<\/strong><\/p>\n\n\n\n<figure class=\"wp-block-image size-large\"><img loading=\"lazy\" width=\"700\" height=\"765\" src=\"https:\/\/revistavitrineibiuna.com.br\/wp-content\/uploads\/2026\/02\/visualizacoes-para-vitrine-online.png\" alt=\"\" class=\"wp-image-34946\" srcset=\"https:\/\/revistavitrineibiuna.com.br\/wp-content\/uploads\/2026\/02\/visualizacoes-para-vitrine-online.png 700w, https:\/\/revistavitrineibiuna.com.br\/wp-content\/uploads\/2026\/02\/visualizacoes-para-vitrine-online-275x300.png 275w\" sizes=\"(max-width: 700px) 100vw, 700px\" \/><\/figure>\n","protected":false},"excerpt":{"rendered":"<p>Este ano a revista vitrine online com sede e reda\u00e7\u00e3o no munic\u00edpio de Ibi\u00fana completa 13 anos, mantendo o mesmo<\/p>\n","protected":false},"author":1,"featured_media":34943,"comment_status":"open","ping_status":"open","sticky":false,"template":"","format":"standard","meta":[],"categories":[3],"tags":[],"yoast_head":"<!-- This site is optimized with the Yoast SEO plugin v15.8 - https:\/\/yoast.com\/wordpress\/plugins\/seo\/ -->\n<title>IBI\u00daNA \u2013 VITRINE ONLINE SOMA 253.441 VISUALIZA\u00c7\u00d5ES ORG\u00c2NICAS EM 28 DIAS - Revista Vitrine Online<\/title>\n<meta name=\"robots\" content=\"index, follow, max-snippet:-1, max-image-preview:large, max-video-preview:-1\" \/>\n<link rel=\"canonical\" href=\"http:\/\/revistavitrineibiuna.com.br\/?p=34942\" \/>\n<meta property=\"og:locale\" content=\"pt_BR\" \/>\n<meta property=\"og:type\" content=\"article\" \/>\n<meta property=\"og:title\" content=\"IBI\u00daNA \u2013 VITRINE ONLINE SOMA 253.441 VISUALIZA\u00c7\u00d5ES ORG\u00c2NICAS EM 28 DIAS - Revista Vitrine Online\" \/>\n<meta property=\"og:description\" content=\"Este ano a revista vitrine online com sede e reda\u00e7\u00e3o no munic\u00edpio de Ibi\u00fana completa 13 anos, mantendo o mesmo\" \/>\n<meta property=\"og:url\" content=\"http:\/\/revistavitrineibiuna.com.br\/?p=34942\" \/>\n<meta property=\"og:site_name\" content=\"Revista Vitrine Online\" \/>\n<meta property=\"article:published_time\" content=\"2026-02-11T22:35:03+00:00\" \/>\n<meta property=\"article:modified_time\" content=\"2026-02-11T23:17:57+00:00\" \/>\n<meta property=\"og:image\" content=\"https:\/\/revistavitrineibiuna.com.br\/wp-content\/uploads\/2026\/02\/logo-da-revista-vitrine-online.png\" \/>\n\t<meta property=\"og:image:width\" content=\"909\" \/>\n\t<meta property=\"og:image:height\" content=\"487\" \/>\n<meta name=\"twitter:card\" content=\"summary\" \/>\n<meta name=\"twitter:label1\" content=\"Est. reading time\">\n\t<meta name=\"twitter:data1\" content=\"2 minutos\">\n<script type=\"application\/ld+json\" class=\"yoast-schema-graph\">{\"@context\":\"https:\/\/schema.org\",\"@graph\":[{\"@type\":\"WebSite\",\"@id\":\"https:\/\/revistavitrineibiuna.com.br\/#website\",\"url\":\"https:\/\/revistavitrineibiuna.com.br\/\",\"name\":\"Revista Vitrine Ibi\\u00fana\",\"description\":\"A Revista de Ibi\\u00fana e Regi\\u00e3o\",\"publisher\":{\"@id\":\"https:\/\/revistavitrineibiuna.com.br\/#\/schema\/person\/e51ef49d6d88170ea21ceabff3f73deb\"},\"potentialAction\":[{\"@type\":\"SearchAction\",\"target\":\"https:\/\/revistavitrineibiuna.com.br\/?s={search_term_string}\",\"query-input\":\"required name=search_term_string\"}],\"inLanguage\":\"pt-BR\"},{\"@type\":\"ImageObject\",\"@id\":\"http:\/\/revistavitrineibiuna.com.br\/?p=34942#primaryimage\",\"inLanguage\":\"pt-BR\",\"url\":\"https:\/\/revistavitrineibiuna.com.br\/wp-content\/uploads\/2026\/02\/logo-da-revista-vitrine-online.png\",\"width\":909,\"height\":487},{\"@type\":\"WebPage\",\"@id\":\"http:\/\/revistavitrineibiuna.com.br\/?p=34942#webpage\",\"url\":\"http:\/\/revistavitrineibiuna.com.br\/?p=34942\",\"name\":\"IBI\\u00daNA \\u2013 VITRINE ONLINE SOMA 253.441 VISUALIZA\\u00c7\\u00d5ES ORG\\u00c2NICAS EM 28 DIAS - Revista Vitrine Online\",\"isPartOf\":{\"@id\":\"https:\/\/revistavitrineibiuna.com.br\/#website\"},\"primaryImageOfPage\":{\"@id\":\"http:\/\/revistavitrineibiuna.com.br\/?p=34942#primaryimage\"},\"datePublished\":\"2026-02-11T22:35:03+00:00\",\"dateModified\":\"2026-02-11T23:17:57+00:00\",\"breadcrumb\":{\"@id\":\"http:\/\/revistavitrineibiuna.com.br\/?p=34942#breadcrumb\"},\"inLanguage\":\"pt-BR\",\"potentialAction\":[{\"@type\":\"ReadAction\",\"target\":[\"http:\/\/revistavitrineibiuna.com.br\/?p=34942\"]}]},{\"@type\":\"BreadcrumbList\",\"@id\":\"http:\/\/revistavitrineibiuna.com.br\/?p=34942#breadcrumb\",\"itemListElement\":[{\"@type\":\"ListItem\",\"position\":1,\"item\":{\"@type\":\"WebPage\",\"@id\":\"https:\/\/revistavitrineibiuna.com.br\/\",\"url\":\"https:\/\/revistavitrineibiuna.com.br\/\",\"name\":\"In\\u00edcio\"}},{\"@type\":\"ListItem\",\"position\":2,\"item\":{\"@type\":\"WebPage\",\"@id\":\"http:\/\/revistavitrineibiuna.com.br\/?p=34942\",\"url\":\"http:\/\/revistavitrineibiuna.com.br\/?p=34942\",\"name\":\"IBI\\u00daNA \\u2013 VITRINE ONLINE SOMA 253.441 VISUALIZA\\u00c7\\u00d5ES ORG\\u00c2NICAS EM 28 DIAS\"}}]},{\"@type\":\"Article\",\"@id\":\"http:\/\/revistavitrineibiuna.com.br\/?p=34942#article\",\"isPartOf\":{\"@id\":\"http:\/\/revistavitrineibiuna.com.br\/?p=34942#webpage\"},\"author\":{\"@id\":\"https:\/\/revistavitrineibiuna.com.br\/#\/schema\/person\/e51ef49d6d88170ea21ceabff3f73deb\"},\"headline\":\"IBI\\u00daNA \\u2013 VITRINE ONLINE SOMA 253.441 VISUALIZA\\u00c7\\u00d5ES ORG\\u00c2NICAS EM 28 DIAS\",\"datePublished\":\"2026-02-11T22:35:03+00:00\",\"dateModified\":\"2026-02-11T23:17:57+00:00\",\"mainEntityOfPage\":{\"@id\":\"http:\/\/revistavitrineibiuna.com.br\/?p=34942#webpage\"},\"commentCount\":0,\"publisher\":{\"@id\":\"https:\/\/revistavitrineibiuna.com.br\/#\/schema\/person\/e51ef49d6d88170ea21ceabff3f73deb\"},\"image\":{\"@id\":\"http:\/\/revistavitrineibiuna.com.br\/?p=34942#primaryimage\"},\"articleSection\":\"Not\\u00edcias\",\"inLanguage\":\"pt-BR\",\"potentialAction\":[{\"@type\":\"CommentAction\",\"name\":\"Comment\",\"target\":[\"http:\/\/revistavitrineibiuna.com.br\/?p=34942#respond\"]}]},{\"@type\":[\"Person\",\"Organization\"],\"@id\":\"https:\/\/revistavitrineibiuna.com.br\/#\/schema\/person\/e51ef49d6d88170ea21ceabff3f73deb\",\"name\":\"Carlos Rossini\",\"image\":{\"@type\":\"ImageObject\",\"@id\":\"https:\/\/revistavitrineibiuna.com.br\/#personlogo\",\"inLanguage\":\"pt-BR\",\"url\":\"https:\/\/secure.gravatar.com\/avatar\/4f2d0f99fac1f85c7d643f21f5c8d900?s=96&d=mm&r=g\",\"caption\":\"Carlos Rossini\"},\"logo\":{\"@id\":\"https:\/\/revistavitrineibiuna.com.br\/#personlogo\"},\"description\":\"Carlos Rossini \\u00e9 jornalista, soci\\u00f3logo, escritor e professor universit\\u00e1rio, tendo sido professor de jornalismo por vinte anos. Trabalhou em ve\\u00edculos de comunica\\u00e7\\u00e3o nas fun\\u00e7\\u00f5es de rep\\u00f3rter, redator, editor, articulista e colaborador, como Folha de S. Paulo, O Estado de S. Paulo, Di\\u00e1rio Popular, entre outros. Ao transferir a revista vitrine, vers\\u00e3o imprensa, de S\\u00e3o Paulo para Ibi\\u00fana h\\u00e1 alguns anos, iniciou uma nova experi\\u00eancia profissional, dedicando-se ao jornalismo regional, depois de cumprir uma trajet\\u00f3ria bem-sucedida na grande imprensa brasileira. Seu primeiro livro A Coragem de Comunicar foi lan\\u00e7ado na Bienal do Livro em S\\u00e3o Paulo no ano 2000, pela editora Madras.\"}]}<\/script>\n<!-- \/ Yoast SEO plugin. -->","_links":{"self":[{"href":"https:\/\/revistavitrineibiuna.com.br\/index.php?rest_route=\/wp\/v2\/posts\/34942"}],"collection":[{"href":"https:\/\/revistavitrineibiuna.com.br\/index.php?rest_route=\/wp\/v2\/posts"}],"about":[{"href":"https:\/\/revistavitrineibiuna.com.br\/index.php?rest_route=\/wp\/v2\/types\/post"}],"author":[{"embeddable":true,"href":"https:\/\/revistavitrineibiuna.com.br\/index.php?rest_route=\/wp\/v2\/users\/1"}],"replies":[{"embeddable":true,"href":"https:\/\/revistavitrineibiuna.com.br\/index.php?rest_route=%2Fwp%2Fv2%2Fcomments&post=34942"}],"version-history":[{"count":4,"href":"https:\/\/revistavitrineibiuna.com.br\/index.php?rest_route=\/wp\/v2\/posts\/34942\/revisions"}],"predecessor-version":[{"id":34950,"href":"https:\/\/revistavitrineibiuna.com.br\/index.php?rest_route=\/wp\/v2\/posts\/34942\/revisions\/34950"}],"wp:featuredmedia":[{"embeddable":true,"href":"https:\/\/revistavitrineibiuna.com.br\/index.php?rest_route=\/wp\/v2\/media\/34943"}],"wp:attachment":[{"href":"https:\/\/revistavitrineibiuna.com.br\/index.php?rest_route=%2Fwp%2Fv2%2Fmedia&parent=34942"}],"wp:term":[{"taxonomy":"category","embeddable":true,"href":"https:\/\/revistavitrineibiuna.com.br\/index.php?rest_route=%2Fwp%2Fv2%2Fcategories&post=34942"},{"taxonomy":"post_tag","embeddable":true,"href":"https:\/\/revistavitrineibiuna.com.br\/index.php?rest_route=%2Fwp%2Fv2%2Ftags&post=34942"}],"curies":[{"name":"wp","href":"https:\/\/api.w.org\/{rel}","templated":true}]}}