{"id":34952,"date":"2026-02-17T11:11:14","date_gmt":"2026-02-17T14:11:14","guid":{"rendered":"http:\/\/revistavitrineibiuna.com.br\/?p=34952"},"modified":"2026-02-17T11:11:15","modified_gmt":"2026-02-17T14:11:15","slug":"ibiuna-municipio-esta-sem-secretario-de-seguranca-ha-34-dias","status":"publish","type":"post","link":"https:\/\/revistavitrineibiuna.com.br\/?p=34952","title":{"rendered":"IBI\u00daNA \u2013 MUNIC\u00cdPIO EST\u00c1 SEM SECRET\u00c1RIO DE SEGURAN\u00c7A H\u00c1 34 DIAS"},"content":{"rendered":"\n<p class=\"has-drop-cap\"><strong>Nesta quarta-feira, dia 18, completam-se trinta e quatro dias que o ent\u00e3o secret\u00e1rio da Seguran\u00e7a P\u00fablica de Ibi\u00fana pediu exonera\u00e7\u00e3o.<\/strong><\/p>\n\n\n\n<p><strong>Presume-se que no primeiro dia \u00fatil ap\u00f3s os festejos carnavalescos, que paralisam os expedientes administrativos, o chefe do Executivo anuncie, enfim, o novo titular de uma pasta considerada extremamente relevante, pois cuida da seguran\u00e7a p\u00fablica do munic\u00edpio.<\/strong><\/p>\n\n\n\n<p><strong>\u00c9 importante assinalar que a Guarda Civil Municipal \u2013 GCM, embora sua miss\u00e3o principal seja garantir o patrim\u00f4nio p\u00fablico do munic\u00edpio, tamb\u00e9m atua como poder de pol\u00edcia com o maior contingente operacional, junto com integrantes da Pol\u00edcia Militar, sendo, portanto, importante que possa contar com um secret\u00e1rio que atue como intermedi\u00e1rio das demandas entre a tropa e o prefeito.<\/strong><\/p>\n\n\n\n<p><strong>Conforme temos noticiado, ouvindo agentes da GCM, alguns h\u00e1 um clima de not\u00f3rio descontentamento, seja pela falta de viaturas para a realiza\u00e7\u00e3o de atendimentos \u00e0s ocorr\u00eancias, seja pela falta de reposi\u00e7\u00e3o dos uniformes que est\u00e3o deteriorados pelo longo tempo de uso, falta de c\u00e2meras de seguran\u00e7a para auxiliar e mesmo inibir a a\u00e7\u00e3o de marginais e de um sistema de intercomunica\u00e7\u00e3o mais avan\u00e7ado, sobretudo considerando a escassez de sinal de internet nos bairros mais afastados da imensa extens\u00e3o do munic\u00edpio.<\/strong><\/p>\n\n\n\n<p><strong>GCMs experientes, alguns dos quais j\u00e1 ocuparam altas fun\u00e7\u00f5es de chefia, se ressentem da falta de aten\u00e7\u00e3o e de serem ouvidos, bem como de uma lideran\u00e7a que possa, por firmeza e congru\u00eancia, exercer um comando un\u00edvoco, o que eleva a expectativa em torno da nomea\u00e7\u00e3o de um novo secret\u00e1rio para o setor. (C.R.)<\/strong><\/p>\n","protected":false},"excerpt":{"rendered":"<p>Nesta quarta-feira, dia 18, completam-se trinta e quatro dias que o ent\u00e3o secret\u00e1rio da Seguran\u00e7a P\u00fablica de Ibi\u00fana pediu exonera\u00e7\u00e3o.<\/p>\n","protected":false},"author":1,"featured_media":34953,"comment_status":"open","ping_status":"open","sticky":false,"template":"","format":"standard","meta":[],"categories":[3],"tags":[],"yoast_head":"<!-- This site is optimized with the Yoast SEO plugin v15.8 - https:\/\/yoast.com\/wordpress\/plugins\/seo\/ -->\n<title>IBI\u00daNA \u2013 MUNIC\u00cdPIO EST\u00c1 SEM SECRET\u00c1RIO DE SEGURAN\u00c7A H\u00c1 34 DIAS - Revista Vitrine Online<\/title>\n<meta name=\"robots\" content=\"index, follow, max-snippet:-1, max-image-preview:large, max-video-preview:-1\" \/>\n<link rel=\"canonical\" href=\"https:\/\/revistavitrineibiuna.com.br\/?p=34952\" \/>\n<meta property=\"og:locale\" content=\"pt_BR\" \/>\n<meta property=\"og:type\" content=\"article\" \/>\n<meta property=\"og:title\" content=\"IBI\u00daNA \u2013 MUNIC\u00cdPIO EST\u00c1 SEM SECRET\u00c1RIO DE SEGURAN\u00c7A H\u00c1 34 DIAS - Revista Vitrine Online\" \/>\n<meta property=\"og:description\" content=\"Nesta quarta-feira, dia 18, completam-se trinta e quatro dias que o ent\u00e3o secret\u00e1rio da Seguran\u00e7a P\u00fablica de Ibi\u00fana pediu exonera\u00e7\u00e3o.\" \/>\n<meta property=\"og:url\" content=\"https:\/\/revistavitrineibiuna.com.br\/?p=34952\" \/>\n<meta property=\"og:site_name\" content=\"Revista Vitrine Online\" \/>\n<meta property=\"article:published_time\" content=\"2026-02-17T14:11:14+00:00\" \/>\n<meta property=\"article:modified_time\" content=\"2026-02-17T14:11:15+00:00\" \/>\n<meta property=\"og:image\" content=\"https:\/\/revistavitrineibiuna.com.br\/wp-content\/uploads\/2026\/02\/gcms-em-forma.png\" \/>\n\t<meta property=\"og:image:width\" content=\"715\" \/>\n\t<meta property=\"og:image:height\" content=\"465\" \/>\n<meta name=\"twitter:card\" content=\"summary\" \/>\n<meta name=\"twitter:label1\" content=\"Est. reading time\">\n\t<meta name=\"twitter:data1\" content=\"2 minutos\">\n<script type=\"application\/ld+json\" class=\"yoast-schema-graph\">{\"@context\":\"https:\/\/schema.org\",\"@graph\":[{\"@type\":\"WebSite\",\"@id\":\"https:\/\/revistavitrineibiuna.com.br\/#website\",\"url\":\"https:\/\/revistavitrineibiuna.com.br\/\",\"name\":\"Revista Vitrine Ibi\\u00fana\",\"description\":\"A Revista de Ibi\\u00fana e Regi\\u00e3o\",\"publisher\":{\"@id\":\"https:\/\/revistavitrineibiuna.com.br\/#\/schema\/person\/e51ef49d6d88170ea21ceabff3f73deb\"},\"potentialAction\":[{\"@type\":\"SearchAction\",\"target\":\"https:\/\/revistavitrineibiuna.com.br\/?s={search_term_string}\",\"query-input\":\"required name=search_term_string\"}],\"inLanguage\":\"pt-BR\"},{\"@type\":\"ImageObject\",\"@id\":\"https:\/\/revistavitrineibiuna.com.br\/?p=34952#primaryimage\",\"inLanguage\":\"pt-BR\",\"url\":\"https:\/\/revistavitrineibiuna.com.br\/wp-content\/uploads\/2026\/02\/gcms-em-forma.png\",\"width\":715,\"height\":465},{\"@type\":\"WebPage\",\"@id\":\"https:\/\/revistavitrineibiuna.com.br\/?p=34952#webpage\",\"url\":\"https:\/\/revistavitrineibiuna.com.br\/?p=34952\",\"name\":\"IBI\\u00daNA \\u2013 MUNIC\\u00cdPIO EST\\u00c1 SEM SECRET\\u00c1RIO DE SEGURAN\\u00c7A H\\u00c1 34 DIAS - Revista Vitrine Online\",\"isPartOf\":{\"@id\":\"https:\/\/revistavitrineibiuna.com.br\/#website\"},\"primaryImageOfPage\":{\"@id\":\"https:\/\/revistavitrineibiuna.com.br\/?p=34952#primaryimage\"},\"datePublished\":\"2026-02-17T14:11:14+00:00\",\"dateModified\":\"2026-02-17T14:11:15+00:00\",\"breadcrumb\":{\"@id\":\"https:\/\/revistavitrineibiuna.com.br\/?p=34952#breadcrumb\"},\"inLanguage\":\"pt-BR\",\"potentialAction\":[{\"@type\":\"ReadAction\",\"target\":[\"https:\/\/revistavitrineibiuna.com.br\/?p=34952\"]}]},{\"@type\":\"BreadcrumbList\",\"@id\":\"https:\/\/revistavitrineibiuna.com.br\/?p=34952#breadcrumb\",\"itemListElement\":[{\"@type\":\"ListItem\",\"position\":1,\"item\":{\"@type\":\"WebPage\",\"@id\":\"https:\/\/revistavitrineibiuna.com.br\/\",\"url\":\"https:\/\/revistavitrineibiuna.com.br\/\",\"name\":\"In\\u00edcio\"}},{\"@type\":\"ListItem\",\"position\":2,\"item\":{\"@type\":\"WebPage\",\"@id\":\"https:\/\/revistavitrineibiuna.com.br\/?p=34952\",\"url\":\"https:\/\/revistavitrineibiuna.com.br\/?p=34952\",\"name\":\"IBI\\u00daNA \\u2013 MUNIC\\u00cdPIO EST\\u00c1 SEM SECRET\\u00c1RIO DE SEGURAN\\u00c7A H\\u00c1 34 DIAS\"}}]},{\"@type\":\"Article\",\"@id\":\"https:\/\/revistavitrineibiuna.com.br\/?p=34952#article\",\"isPartOf\":{\"@id\":\"https:\/\/revistavitrineibiuna.com.br\/?p=34952#webpage\"},\"author\":{\"@id\":\"https:\/\/revistavitrineibiuna.com.br\/#\/schema\/person\/e51ef49d6d88170ea21ceabff3f73deb\"},\"headline\":\"IBI\\u00daNA \\u2013 MUNIC\\u00cdPIO EST\\u00c1 SEM SECRET\\u00c1RIO DE SEGURAN\\u00c7A H\\u00c1 34 DIAS\",\"datePublished\":\"2026-02-17T14:11:14+00:00\",\"dateModified\":\"2026-02-17T14:11:15+00:00\",\"mainEntityOfPage\":{\"@id\":\"https:\/\/revistavitrineibiuna.com.br\/?p=34952#webpage\"},\"commentCount\":0,\"publisher\":{\"@id\":\"https:\/\/revistavitrineibiuna.com.br\/#\/schema\/person\/e51ef49d6d88170ea21ceabff3f73deb\"},\"image\":{\"@id\":\"https:\/\/revistavitrineibiuna.com.br\/?p=34952#primaryimage\"},\"articleSection\":\"Not\\u00edcias\",\"inLanguage\":\"pt-BR\",\"potentialAction\":[{\"@type\":\"CommentAction\",\"name\":\"Comment\",\"target\":[\"https:\/\/revistavitrineibiuna.com.br\/?p=34952#respond\"]}]},{\"@type\":[\"Person\",\"Organization\"],\"@id\":\"https:\/\/revistavitrineibiuna.com.br\/#\/schema\/person\/e51ef49d6d88170ea21ceabff3f73deb\",\"name\":\"Carlos Rossini\",\"image\":{\"@type\":\"ImageObject\",\"@id\":\"https:\/\/revistavitrineibiuna.com.br\/#personlogo\",\"inLanguage\":\"pt-BR\",\"url\":\"https:\/\/secure.gravatar.com\/avatar\/4f2d0f99fac1f85c7d643f21f5c8d900?s=96&d=mm&r=g\",\"caption\":\"Carlos Rossini\"},\"logo\":{\"@id\":\"https:\/\/revistavitrineibiuna.com.br\/#personlogo\"},\"description\":\"Carlos Rossini \\u00e9 jornalista, soci\\u00f3logo, escritor e professor universit\\u00e1rio, tendo sido professor de jornalismo por vinte anos. Trabalhou em ve\\u00edculos de comunica\\u00e7\\u00e3o nas fun\\u00e7\\u00f5es de rep\\u00f3rter, redator, editor, articulista e colaborador, como Folha de S. Paulo, O Estado de S. Paulo, Di\\u00e1rio Popular, entre outros. Ao transferir a revista vitrine, vers\\u00e3o imprensa, de S\\u00e3o Paulo para Ibi\\u00fana h\\u00e1 alguns anos, iniciou uma nova experi\\u00eancia profissional, dedicando-se ao jornalismo regional, depois de cumprir uma trajet\\u00f3ria bem-sucedida na grande imprensa brasileira. Seu primeiro livro A Coragem de Comunicar foi lan\\u00e7ado na Bienal do Livro em S\\u00e3o Paulo no ano 2000, pela editora Madras.\"}]}<\/script>\n<!-- \/ Yoast SEO plugin. -->","_links":{"self":[{"href":"https:\/\/revistavitrineibiuna.com.br\/index.php?rest_route=\/wp\/v2\/posts\/34952"}],"collection":[{"href":"https:\/\/revistavitrineibiuna.com.br\/index.php?rest_route=\/wp\/v2\/posts"}],"about":[{"href":"https:\/\/revistavitrineibiuna.com.br\/index.php?rest_route=\/wp\/v2\/types\/post"}],"author":[{"embeddable":true,"href":"https:\/\/revistavitrineibiuna.com.br\/index.php?rest_route=\/wp\/v2\/users\/1"}],"replies":[{"embeddable":true,"href":"https:\/\/revistavitrineibiuna.com.br\/index.php?rest_route=%2Fwp%2Fv2%2Fcomments&post=34952"}],"version-history":[{"count":1,"href":"https:\/\/revistavitrineibiuna.com.br\/index.php?rest_route=\/wp\/v2\/posts\/34952\/revisions"}],"predecessor-version":[{"id":34954,"href":"https:\/\/revistavitrineibiuna.com.br\/index.php?rest_route=\/wp\/v2\/posts\/34952\/revisions\/34954"}],"wp:featuredmedia":[{"embeddable":true,"href":"https:\/\/revistavitrineibiuna.com.br\/index.php?rest_route=\/wp\/v2\/media\/34953"}],"wp:attachment":[{"href":"https:\/\/revistavitrineibiuna.com.br\/index.php?rest_route=%2Fwp%2Fv2%2Fmedia&parent=34952"}],"wp:term":[{"taxonomy":"category","embeddable":true,"href":"https:\/\/revistavitrineibiuna.com.br\/index.php?rest_route=%2Fwp%2Fv2%2Fcategories&post=34952"},{"taxonomy":"post_tag","embeddable":true,"href":"https:\/\/revistavitrineibiuna.com.br\/index.php?rest_route=%2Fwp%2Fv2%2Ftags&post=34952"}],"curies":[{"name":"wp","href":"https:\/\/api.w.org\/{rel}","templated":true}]}}