{"id":34955,"date":"2026-02-20T19:55:41","date_gmt":"2026-02-20T22:55:41","guid":{"rendered":"http:\/\/revistavitrineibiuna.com.br\/?p=34955"},"modified":"2026-02-22T18:08:06","modified_gmt":"2026-02-22T21:08:06","slug":"ibiuna-marcia-matos-e-a-nova-secretaria-municipal-de-saude","status":"publish","type":"post","link":"https:\/\/revistavitrineibiuna.com.br\/?p=34955","title":{"rendered":"IBI\u00daNA \u2013 M\u00c1RCIA MATOS \u00c9 A NOVA SECRET\u00c1RIA MUNICIPAL DE SA\u00daDE"},"content":{"rendered":"\n<p class=\"has-drop-cap\"><strong>M\u00e1rcia Matos, que vinha exercendo o cargo diretora do Centro de Especialidades M\u00e9dicas da Prefeitura de Ibi\u00fana, foi nomeada hoje (20) secret\u00e1ria Municipal de Sa\u00fade, no lugar do m\u00e9dico veterin\u00e1rio Caio Dolfini, que era o titular do cargo h\u00e1 exatos treze meses e vinte dias.<\/strong><\/p>\n\n\n\n<p><strong>Dolfini, durante todo o per\u00edodo em que esteve \u00e0 frente da Pasta, se dedicou principalmente em elaborar um novo plano de sa\u00fade para o munic\u00edpio e preparar o processo de licita\u00e7\u00e3o para a contrata\u00e7\u00e3o de novas organiza\u00e7\u00f5es para gerir o hospital municipal e a rede b\u00e1sica de sa\u00fade.<\/strong><\/p>\n\n\n\n<p><strong>Dolfini nesse per\u00edodo foi alvo de cr\u00edticas \u00e1speras, sobretudo pelo fato de ser m\u00e9dico veterin\u00e1rio, que se dedica a cuidar da sa\u00fade de animais e n\u00e3o do corpo humano, embora sua fun\u00e7\u00e3o tivesse um car\u00e1ter meramente administrativo. Recentemente, o vereador Lucas Pires (Podemos) chegou, publicamente, pedir sua exonera\u00e7\u00e3o do cargo por ele estar &#8220;ausente quando procurado na Secretaria da Sa\u00fade&#8221;. Dolfini manteve-se em sil\u00eancio.<\/strong><\/p>\n\n\n\n<p><strong>Vitrine online apurou que, apesar de exonerado igualmente hoje, ele dever\u00e1 continuar de alguma forma auxiliando no processo de implanta\u00e7\u00e3o de um novo plano de sa\u00fade que elaborou em 2025.<\/strong><\/p>\n\n\n\n<p><strong>As empresas que respectivamente v\u00eam exercendo essa atividade [Igats \u2013 Instituto de Gest\u00e3o, Administra\u00e7\u00e3o e Treinamento em Sa\u00fade e o Instituto MedLife] tiveram seus contratos encerrados em 2025.<\/strong><\/p>\n\n\n\n<p><strong>Ele revelou um perfil de homem p\u00fablico extremamente discreto e cauteloso, sobretudo quando se considera que o sistema de sa\u00fade [hospital e rede b\u00e1sica] s\u00e3o os alvos da maior carga de insatisfa\u00e7\u00f5es, reclama\u00e7\u00f5es e cr\u00edticas manifestadas pela popula\u00e7\u00e3o.<\/strong><\/p>\n\n\n\n<figure class=\"wp-block-image size-large\"><img loading=\"lazy\" width=\"345\" height=\"300\" src=\"https:\/\/revistavitrineibiuna.com.br\/wp-content\/uploads\/2026\/02\/caio-dolfini.png\" alt=\"\" class=\"wp-image-34959\" srcset=\"https:\/\/revistavitrineibiuna.com.br\/wp-content\/uploads\/2026\/02\/caio-dolfini.png 345w, https:\/\/revistavitrineibiuna.com.br\/wp-content\/uploads\/2026\/02\/caio-dolfini-300x261.png 300w\" sizes=\"(max-width: 345px) 100vw, 345px\" \/><figcaption>Dolfini ficou no cargo durane treze meses e vinte dias<\/figcaption><\/figure>\n\n\n\n<p><strong>Al\u00e9m de uma entrevista \u00e0 TVUNA e uma conversa na nova sede da Secretaria da Sa\u00fade, em que deu conta da realidade dos desafios a serem enfrentados \u00e0 vitrine online, demonstrou conhecimento do setor de sa\u00fade p\u00fablica [ele foi secret\u00e1rio da Sa\u00fade de Vargem Grande].<\/strong><\/p>\n\n\n\n<p><strong>GRANDE DESAFIO<\/strong><\/p>\n\n\n\n<p><strong>A nova secret\u00e1ria M\u00e1rcia Matos atuou no setor de recursos humanos e, num breve per\u00edodo, tamb\u00e9m como diretora do Hospital Municipal; dirigiu o Centro de Especialidades M\u00e9dicas por quatro anos; foi eleita conselheira tutelar; e retornou \u00e0 dire\u00e7\u00e3o do Centro de Especialidades, subindo agora para a Secretaria da Sa\u00fade.<\/strong><\/p>\n\n\n\n<p><strong>Conhecida pelo seu dinamismo e foco em resultados, se prepara para enfrentar o seu maior desafio: fazer funcionar a contento uma m\u00e1quina historicamente famigerada que comp\u00f5e o sistema de sa\u00fade municipal.<\/strong><\/p>\n\n\n\n<p><strong>Agora \u00e0 noite, vitrine online ouviu a nova secret\u00e1ria da Sa\u00fade de Ibi\u00fana. Ela disse:<\/strong><\/p>\n\n\n\n<p><strong>\u201cSei que n\u00e3o vai ser f\u00e1cil, mas o mesmo olhar que eu sempre tive para o Centro de Especialidades irei expandi-lo para toda a sa\u00fade. Sempre tive uma equipe forte que me ajudou a manter o equil\u00edbrio com o objetivo de fazer uma sa\u00fade de respeito e empatia.\u201d<\/strong><\/p>\n","protected":false},"excerpt":{"rendered":"<p>M\u00e1rcia Matos, que vinha exercendo o cargo diretora do Centro de Especialidades M\u00e9dicas da Prefeitura de Ibi\u00fana, foi nomeada hoje<\/p>\n","protected":false},"author":1,"featured_media":34956,"comment_status":"open","ping_status":"open","sticky":false,"template":"","format":"standard","meta":[],"categories":[3],"tags":[],"yoast_head":"<!-- This site is optimized with the Yoast SEO plugin v15.8 - https:\/\/yoast.com\/wordpress\/plugins\/seo\/ -->\n<title>IBI\u00daNA \u2013 M\u00c1RCIA MATOS \u00c9 A NOVA SECRET\u00c1RIA MUNICIPAL DE SA\u00daDE - Revista Vitrine Online<\/title>\n<meta name=\"robots\" content=\"index, follow, max-snippet:-1, max-image-preview:large, max-video-preview:-1\" \/>\n<link rel=\"canonical\" href=\"https:\/\/revistavitrineibiuna.com.br\/?p=34955\" \/>\n<meta property=\"og:locale\" content=\"pt_BR\" \/>\n<meta property=\"og:type\" content=\"article\" \/>\n<meta property=\"og:title\" content=\"IBI\u00daNA \u2013 M\u00c1RCIA MATOS \u00c9 A NOVA SECRET\u00c1RIA MUNICIPAL DE SA\u00daDE - Revista Vitrine Online\" \/>\n<meta property=\"og:description\" content=\"M\u00e1rcia Matos, que vinha exercendo o cargo diretora do Centro de Especialidades M\u00e9dicas da Prefeitura de Ibi\u00fana, foi nomeada hoje\" \/>\n<meta property=\"og:url\" content=\"https:\/\/revistavitrineibiuna.com.br\/?p=34955\" \/>\n<meta property=\"og:site_name\" content=\"Revista Vitrine Online\" \/>\n<meta property=\"article:published_time\" content=\"2026-02-20T22:55:41+00:00\" \/>\n<meta property=\"article:modified_time\" content=\"2026-02-22T21:08:06+00:00\" \/>\n<meta property=\"og:image\" content=\"https:\/\/revistavitrineibiuna.com.br\/wp-content\/uploads\/2026\/02\/Marcia-Matos.png\" \/>\n\t<meta property=\"og:image:width\" content=\"536\" \/>\n\t<meta property=\"og:image:height\" content=\"402\" \/>\n<meta name=\"twitter:card\" content=\"summary\" \/>\n<meta name=\"twitter:label1\" content=\"Est. reading time\">\n\t<meta name=\"twitter:data1\" content=\"3 minutos\">\n<script type=\"application\/ld+json\" class=\"yoast-schema-graph\">{\"@context\":\"https:\/\/schema.org\",\"@graph\":[{\"@type\":\"WebSite\",\"@id\":\"https:\/\/revistavitrineibiuna.com.br\/#website\",\"url\":\"https:\/\/revistavitrineibiuna.com.br\/\",\"name\":\"Revista Vitrine Ibi\\u00fana\",\"description\":\"A Revista de Ibi\\u00fana e Regi\\u00e3o\",\"publisher\":{\"@id\":\"https:\/\/revistavitrineibiuna.com.br\/#\/schema\/person\/e51ef49d6d88170ea21ceabff3f73deb\"},\"potentialAction\":[{\"@type\":\"SearchAction\",\"target\":\"https:\/\/revistavitrineibiuna.com.br\/?s={search_term_string}\",\"query-input\":\"required name=search_term_string\"}],\"inLanguage\":\"pt-BR\"},{\"@type\":\"ImageObject\",\"@id\":\"https:\/\/revistavitrineibiuna.com.br\/?p=34955#primaryimage\",\"inLanguage\":\"pt-BR\",\"url\":\"https:\/\/revistavitrineibiuna.com.br\/wp-content\/uploads\/2026\/02\/Marcia-Matos.png\",\"width\":536,\"height\":402},{\"@type\":\"WebPage\",\"@id\":\"https:\/\/revistavitrineibiuna.com.br\/?p=34955#webpage\",\"url\":\"https:\/\/revistavitrineibiuna.com.br\/?p=34955\",\"name\":\"IBI\\u00daNA \\u2013 M\\u00c1RCIA MATOS \\u00c9 A NOVA SECRET\\u00c1RIA MUNICIPAL DE SA\\u00daDE - Revista Vitrine Online\",\"isPartOf\":{\"@id\":\"https:\/\/revistavitrineibiuna.com.br\/#website\"},\"primaryImageOfPage\":{\"@id\":\"https:\/\/revistavitrineibiuna.com.br\/?p=34955#primaryimage\"},\"datePublished\":\"2026-02-20T22:55:41+00:00\",\"dateModified\":\"2026-02-22T21:08:06+00:00\",\"breadcrumb\":{\"@id\":\"https:\/\/revistavitrineibiuna.com.br\/?p=34955#breadcrumb\"},\"inLanguage\":\"pt-BR\",\"potentialAction\":[{\"@type\":\"ReadAction\",\"target\":[\"https:\/\/revistavitrineibiuna.com.br\/?p=34955\"]}]},{\"@type\":\"BreadcrumbList\",\"@id\":\"https:\/\/revistavitrineibiuna.com.br\/?p=34955#breadcrumb\",\"itemListElement\":[{\"@type\":\"ListItem\",\"position\":1,\"item\":{\"@type\":\"WebPage\",\"@id\":\"https:\/\/revistavitrineibiuna.com.br\/\",\"url\":\"https:\/\/revistavitrineibiuna.com.br\/\",\"name\":\"In\\u00edcio\"}},{\"@type\":\"ListItem\",\"position\":2,\"item\":{\"@type\":\"WebPage\",\"@id\":\"https:\/\/revistavitrineibiuna.com.br\/?p=34955\",\"url\":\"https:\/\/revistavitrineibiuna.com.br\/?p=34955\",\"name\":\"IBI\\u00daNA \\u2013 M\\u00c1RCIA MATOS \\u00c9 A NOVA SECRET\\u00c1RIA MUNICIPAL DE SA\\u00daDE\"}}]},{\"@type\":\"Article\",\"@id\":\"https:\/\/revistavitrineibiuna.com.br\/?p=34955#article\",\"isPartOf\":{\"@id\":\"https:\/\/revistavitrineibiuna.com.br\/?p=34955#webpage\"},\"author\":{\"@id\":\"https:\/\/revistavitrineibiuna.com.br\/#\/schema\/person\/e51ef49d6d88170ea21ceabff3f73deb\"},\"headline\":\"IBI\\u00daNA \\u2013 M\\u00c1RCIA MATOS \\u00c9 A NOVA SECRET\\u00c1RIA MUNICIPAL DE SA\\u00daDE\",\"datePublished\":\"2026-02-20T22:55:41+00:00\",\"dateModified\":\"2026-02-22T21:08:06+00:00\",\"mainEntityOfPage\":{\"@id\":\"https:\/\/revistavitrineibiuna.com.br\/?p=34955#webpage\"},\"commentCount\":0,\"publisher\":{\"@id\":\"https:\/\/revistavitrineibiuna.com.br\/#\/schema\/person\/e51ef49d6d88170ea21ceabff3f73deb\"},\"image\":{\"@id\":\"https:\/\/revistavitrineibiuna.com.br\/?p=34955#primaryimage\"},\"articleSection\":\"Not\\u00edcias\",\"inLanguage\":\"pt-BR\",\"potentialAction\":[{\"@type\":\"CommentAction\",\"name\":\"Comment\",\"target\":[\"https:\/\/revistavitrineibiuna.com.br\/?p=34955#respond\"]}]},{\"@type\":[\"Person\",\"Organization\"],\"@id\":\"https:\/\/revistavitrineibiuna.com.br\/#\/schema\/person\/e51ef49d6d88170ea21ceabff3f73deb\",\"name\":\"Carlos Rossini\",\"image\":{\"@type\":\"ImageObject\",\"@id\":\"https:\/\/revistavitrineibiuna.com.br\/#personlogo\",\"inLanguage\":\"pt-BR\",\"url\":\"https:\/\/secure.gravatar.com\/avatar\/4f2d0f99fac1f85c7d643f21f5c8d900?s=96&d=mm&r=g\",\"caption\":\"Carlos Rossini\"},\"logo\":{\"@id\":\"https:\/\/revistavitrineibiuna.com.br\/#personlogo\"},\"description\":\"Carlos Rossini \\u00e9 jornalista, soci\\u00f3logo, escritor e professor universit\\u00e1rio, tendo sido professor de jornalismo por vinte anos. Trabalhou em ve\\u00edculos de comunica\\u00e7\\u00e3o nas fun\\u00e7\\u00f5es de rep\\u00f3rter, redator, editor, articulista e colaborador, como Folha de S. Paulo, O Estado de S. Paulo, Di\\u00e1rio Popular, entre outros. Ao transferir a revista vitrine, vers\\u00e3o imprensa, de S\\u00e3o Paulo para Ibi\\u00fana h\\u00e1 alguns anos, iniciou uma nova experi\\u00eancia profissional, dedicando-se ao jornalismo regional, depois de cumprir uma trajet\\u00f3ria bem-sucedida na grande imprensa brasileira. Seu primeiro livro A Coragem de Comunicar foi lan\\u00e7ado na Bienal do Livro em S\\u00e3o Paulo no ano 2000, pela editora Madras.\"}]}<\/script>\n<!-- \/ Yoast SEO plugin. -->","_links":{"self":[{"href":"https:\/\/revistavitrineibiuna.com.br\/index.php?rest_route=\/wp\/v2\/posts\/34955"}],"collection":[{"href":"https:\/\/revistavitrineibiuna.com.br\/index.php?rest_route=\/wp\/v2\/posts"}],"about":[{"href":"https:\/\/revistavitrineibiuna.com.br\/index.php?rest_route=\/wp\/v2\/types\/post"}],"author":[{"embeddable":true,"href":"https:\/\/revistavitrineibiuna.com.br\/index.php?rest_route=\/wp\/v2\/users\/1"}],"replies":[{"embeddable":true,"href":"https:\/\/revistavitrineibiuna.com.br\/index.php?rest_route=%2Fwp%2Fv2%2Fcomments&post=34955"}],"version-history":[{"count":6,"href":"https:\/\/revistavitrineibiuna.com.br\/index.php?rest_route=\/wp\/v2\/posts\/34955\/revisions"}],"predecessor-version":[{"id":34965,"href":"https:\/\/revistavitrineibiuna.com.br\/index.php?rest_route=\/wp\/v2\/posts\/34955\/revisions\/34965"}],"wp:featuredmedia":[{"embeddable":true,"href":"https:\/\/revistavitrineibiuna.com.br\/index.php?rest_route=\/wp\/v2\/media\/34956"}],"wp:attachment":[{"href":"https:\/\/revistavitrineibiuna.com.br\/index.php?rest_route=%2Fwp%2Fv2%2Fmedia&parent=34955"}],"wp:term":[{"taxonomy":"category","embeddable":true,"href":"https:\/\/revistavitrineibiuna.com.br\/index.php?rest_route=%2Fwp%2Fv2%2Fcategories&post=34955"},{"taxonomy":"post_tag","embeddable":true,"href":"https:\/\/revistavitrineibiuna.com.br\/index.php?rest_route=%2Fwp%2Fv2%2Ftags&post=34955"}],"curies":[{"name":"wp","href":"https:\/\/api.w.org\/{rel}","templated":true}]}}