{"id":34967,"date":"2026-02-27T19:53:34","date_gmt":"2026-02-27T22:53:34","guid":{"rendered":"http:\/\/revistavitrineibiuna.com.br\/?p=34967"},"modified":"2026-02-27T19:58:47","modified_gmt":"2026-02-27T22:58:47","slug":"ibiuna-trabalhadores-municipais-criam-novo-sindicato-para-defender-seus-direitos","status":"publish","type":"post","link":"https:\/\/revistavitrineibiuna.com.br\/?p=34967","title":{"rendered":"IBI\u00daNA \u2013 TRABALHADORES MUNICIPAIS CRIAM NOVO SINDICATO PARA DEFENDER SEUS DIREITOS"},"content":{"rendered":"\n<p class=\"has-drop-cap\"><strong>Em assembleia realizada na \u00faltima quarta-feira (25), no Audit\u00f3rio da Biblioteca Municipal, trabalhadores e trabalhadoras do servi\u00e7o municipal aprovaram a cria\u00e7\u00e3o do Sindicato dos Servidores e Trabalhadores P\u00fablicos de Ibi\u00fana, filiado \u00e0 Central \u00danica dos Trabalhadores \u2013 CUT.<\/strong><\/p>\n\n\n\n<p><strong>O objetivo da nova entidade \u00e9 fortalecer a luta por direitos, valoriza\u00e7\u00e3o e melhores condi\u00e7\u00f5es de trabalho no munic\u00edpio.<\/strong><\/p>\n\n\n\n<p><strong>Nota publicada pela Central \u00danica dos Trabalhadores de S\u00e3o Paulo explica que \u201ca nova entidade surge a partir da mobiliza\u00e7\u00e3o de servidores concursados que decidiram assumir o protagonismo da pr\u00f3pria representa\u00e7\u00e3o\u201d.<\/strong><\/p>\n\n\n\n<p><strong>SINDICATO PR\u00d3PRIO<\/strong><\/p>\n\n\n\n<p><strong>Presidenta eleita do sindicato, Amanda de Campos Pontes, primeira presidente eleita do sindicato \u201ca entidade que nos representava anteriormente n\u00e3o brigava por nossos direitos. Como consequ\u00eancia, estamos com sal\u00e1rios e benef\u00edcios defasados h\u00e1 anos. Foi ent\u00e3o que veio a ideia de criarmos nosso pr\u00f3prio sindicato\u201d.<\/strong><\/p>\n\n\n\n<figure class=\"wp-block-image size-large\"><img loading=\"lazy\" width=\"225\" height=\"225\" src=\"https:\/\/revistavitrineibiuna.com.br\/wp-content\/uploads\/2026\/02\/images.jpg\" alt=\"\" class=\"wp-image-34970\" srcset=\"https:\/\/revistavitrineibiuna.com.br\/wp-content\/uploads\/2026\/02\/images.jpg 225w, https:\/\/revistavitrineibiuna.com.br\/wp-content\/uploads\/2026\/02\/images-150x150.jpg 150w, https:\/\/revistavitrineibiuna.com.br\/wp-content\/uploads\/2026\/02\/images-65x65.jpg 65w\" sizes=\"(max-width: 225px) 100vw, 225px\" \/><figcaption>Amanda: &#8216;Vamos brigar pelos nossos direitos&#8221;<\/figcaption><\/figure>\n\n\n\n<p><strong>Pontes assinalou que a \u201cCUT nos deu todo o suporte que precis\u00e1vamos e, no dia 25\/02, realizamos a assembleia de cria\u00e7\u00e3o do sindicato, aprova\u00e7\u00e3o do estatuto e elei\u00e7\u00e3o da dire\u00e7\u00e3o provis\u00f3ria. Um sindicato feito de trabalhadores para trabalhadores\u201d.<\/strong><\/p>\n\n\n\n<p><strong>RENOVA\u00c7\u00c3O<\/strong><\/p>\n\n\n\n<p><strong>A dirigente tamb\u00e9m reafirmou que \u201ca nova organiza\u00e7\u00e3o nasce com o compromisso de ouvir as bases e lutar por toda a categoria, independente da pasta de atua\u00e7\u00e3o, representando uma renova\u00e7\u00e3o na defesa dos direitos dos servidores e servidoras de Ibi\u00fana\u201d.<\/strong><\/p>\n\n\n\n<figure class=\"wp-block-image size-large\"><img loading=\"lazy\" width=\"647\" height=\"451\" src=\"https:\/\/revistavitrineibiuna.com.br\/wp-content\/uploads\/2026\/02\/SINDICATO-2.png\" alt=\"\" class=\"wp-image-34974\" srcset=\"https:\/\/revistavitrineibiuna.com.br\/wp-content\/uploads\/2026\/02\/SINDICATO-2.png 647w, https:\/\/revistavitrineibiuna.com.br\/wp-content\/uploads\/2026\/02\/SINDICATO-2-300x209.png 300w, https:\/\/revistavitrineibiuna.com.br\/wp-content\/uploads\/2026\/02\/SINDICATO-2-392x272.png 392w, https:\/\/revistavitrineibiuna.com.br\/wp-content\/uploads\/2026\/02\/SINDICATO-2-130x90.png 130w\" sizes=\"(max-width: 647px) 100vw, 647px\" \/><figcaption>Durante a assembleia os participantes celebraram o surgimento do novo sindicato <\/figcaption><\/figure>\n","protected":false},"excerpt":{"rendered":"<p>Em assembleia realizada na \u00faltima quarta-feira (25), no Audit\u00f3rio da Biblioteca Municipal, trabalhadores e trabalhadoras do servi\u00e7o municipal aprovaram a<\/p>\n","protected":false},"author":1,"featured_media":34968,"comment_status":"open","ping_status":"open","sticky":false,"template":"","format":"standard","meta":[],"categories":[3],"tags":[],"yoast_head":"<!-- This site is optimized with the Yoast SEO plugin v15.8 - https:\/\/yoast.com\/wordpress\/plugins\/seo\/ -->\n<title>IBI\u00daNA \u2013 TRABALHADORES MUNICIPAIS CRIAM NOVO SINDICATO PARA DEFENDER SEUS DIREITOS - Revista Vitrine Online<\/title>\n<meta name=\"robots\" content=\"index, follow, max-snippet:-1, max-image-preview:large, max-video-preview:-1\" \/>\n<link rel=\"canonical\" href=\"http:\/\/revistavitrineibiuna.com.br\/?p=34967\" \/>\n<meta property=\"og:locale\" content=\"pt_BR\" \/>\n<meta property=\"og:type\" content=\"article\" \/>\n<meta property=\"og:title\" content=\"IBI\u00daNA \u2013 TRABALHADORES MUNICIPAIS CRIAM NOVO SINDICATO PARA DEFENDER SEUS DIREITOS - Revista Vitrine Online\" \/>\n<meta property=\"og:description\" content=\"Em assembleia realizada na \u00faltima quarta-feira (25), no Audit\u00f3rio da Biblioteca Municipal, trabalhadores e trabalhadoras do servi\u00e7o municipal aprovaram a\" \/>\n<meta property=\"og:url\" content=\"http:\/\/revistavitrineibiuna.com.br\/?p=34967\" \/>\n<meta property=\"og:site_name\" content=\"Revista Vitrine Online\" \/>\n<meta property=\"article:published_time\" content=\"2026-02-27T22:53:34+00:00\" \/>\n<meta property=\"article:modified_time\" content=\"2026-02-27T22:58:47+00:00\" \/>\n<meta property=\"og:image\" content=\"https:\/\/revistavitrineibiuna.com.br\/wp-content\/uploads\/2026\/02\/SINDICATO-1.png\" \/>\n\t<meta property=\"og:image:width\" content=\"1260\" \/>\n\t<meta property=\"og:image:height\" content=\"743\" \/>\n<meta name=\"twitter:card\" content=\"summary\" \/>\n<meta name=\"twitter:label1\" content=\"Est. reading time\">\n\t<meta name=\"twitter:data1\" content=\"2 minutos\">\n<script type=\"application\/ld+json\" class=\"yoast-schema-graph\">{\"@context\":\"https:\/\/schema.org\",\"@graph\":[{\"@type\":\"WebSite\",\"@id\":\"https:\/\/revistavitrineibiuna.com.br\/#website\",\"url\":\"https:\/\/revistavitrineibiuna.com.br\/\",\"name\":\"Revista Vitrine Ibi\\u00fana\",\"description\":\"A Revista de Ibi\\u00fana e Regi\\u00e3o\",\"publisher\":{\"@id\":\"https:\/\/revistavitrineibiuna.com.br\/#\/schema\/person\/e51ef49d6d88170ea21ceabff3f73deb\"},\"potentialAction\":[{\"@type\":\"SearchAction\",\"target\":\"https:\/\/revistavitrineibiuna.com.br\/?s={search_term_string}\",\"query-input\":\"required name=search_term_string\"}],\"inLanguage\":\"pt-BR\"},{\"@type\":\"ImageObject\",\"@id\":\"http:\/\/revistavitrineibiuna.com.br\/?p=34967#primaryimage\",\"inLanguage\":\"pt-BR\",\"url\":\"https:\/\/revistavitrineibiuna.com.br\/wp-content\/uploads\/2026\/02\/SINDICATO-1.png\",\"width\":1260,\"height\":743},{\"@type\":\"WebPage\",\"@id\":\"http:\/\/revistavitrineibiuna.com.br\/?p=34967#webpage\",\"url\":\"http:\/\/revistavitrineibiuna.com.br\/?p=34967\",\"name\":\"IBI\\u00daNA \\u2013 TRABALHADORES MUNICIPAIS CRIAM NOVO SINDICATO PARA DEFENDER SEUS DIREITOS - Revista Vitrine Online\",\"isPartOf\":{\"@id\":\"https:\/\/revistavitrineibiuna.com.br\/#website\"},\"primaryImageOfPage\":{\"@id\":\"http:\/\/revistavitrineibiuna.com.br\/?p=34967#primaryimage\"},\"datePublished\":\"2026-02-27T22:53:34+00:00\",\"dateModified\":\"2026-02-27T22:58:47+00:00\",\"breadcrumb\":{\"@id\":\"http:\/\/revistavitrineibiuna.com.br\/?p=34967#breadcrumb\"},\"inLanguage\":\"pt-BR\",\"potentialAction\":[{\"@type\":\"ReadAction\",\"target\":[\"http:\/\/revistavitrineibiuna.com.br\/?p=34967\"]}]},{\"@type\":\"BreadcrumbList\",\"@id\":\"http:\/\/revistavitrineibiuna.com.br\/?p=34967#breadcrumb\",\"itemListElement\":[{\"@type\":\"ListItem\",\"position\":1,\"item\":{\"@type\":\"WebPage\",\"@id\":\"https:\/\/revistavitrineibiuna.com.br\/\",\"url\":\"https:\/\/revistavitrineibiuna.com.br\/\",\"name\":\"In\\u00edcio\"}},{\"@type\":\"ListItem\",\"position\":2,\"item\":{\"@type\":\"WebPage\",\"@id\":\"http:\/\/revistavitrineibiuna.com.br\/?p=34967\",\"url\":\"http:\/\/revistavitrineibiuna.com.br\/?p=34967\",\"name\":\"IBI\\u00daNA \\u2013 TRABALHADORES MUNICIPAIS CRIAM NOVO SINDICATO PARA DEFENDER SEUS DIREITOS\"}}]},{\"@type\":\"Article\",\"@id\":\"http:\/\/revistavitrineibiuna.com.br\/?p=34967#article\",\"isPartOf\":{\"@id\":\"http:\/\/revistavitrineibiuna.com.br\/?p=34967#webpage\"},\"author\":{\"@id\":\"https:\/\/revistavitrineibiuna.com.br\/#\/schema\/person\/e51ef49d6d88170ea21ceabff3f73deb\"},\"headline\":\"IBI\\u00daNA \\u2013 TRABALHADORES MUNICIPAIS CRIAM NOVO SINDICATO PARA DEFENDER SEUS DIREITOS\",\"datePublished\":\"2026-02-27T22:53:34+00:00\",\"dateModified\":\"2026-02-27T22:58:47+00:00\",\"mainEntityOfPage\":{\"@id\":\"http:\/\/revistavitrineibiuna.com.br\/?p=34967#webpage\"},\"commentCount\":0,\"publisher\":{\"@id\":\"https:\/\/revistavitrineibiuna.com.br\/#\/schema\/person\/e51ef49d6d88170ea21ceabff3f73deb\"},\"image\":{\"@id\":\"http:\/\/revistavitrineibiuna.com.br\/?p=34967#primaryimage\"},\"articleSection\":\"Not\\u00edcias\",\"inLanguage\":\"pt-BR\",\"potentialAction\":[{\"@type\":\"CommentAction\",\"name\":\"Comment\",\"target\":[\"http:\/\/revistavitrineibiuna.com.br\/?p=34967#respond\"]}]},{\"@type\":[\"Person\",\"Organization\"],\"@id\":\"https:\/\/revistavitrineibiuna.com.br\/#\/schema\/person\/e51ef49d6d88170ea21ceabff3f73deb\",\"name\":\"Carlos Rossini\",\"image\":{\"@type\":\"ImageObject\",\"@id\":\"https:\/\/revistavitrineibiuna.com.br\/#personlogo\",\"inLanguage\":\"pt-BR\",\"url\":\"https:\/\/secure.gravatar.com\/avatar\/4f2d0f99fac1f85c7d643f21f5c8d900?s=96&d=mm&r=g\",\"caption\":\"Carlos Rossini\"},\"logo\":{\"@id\":\"https:\/\/revistavitrineibiuna.com.br\/#personlogo\"},\"description\":\"Carlos Rossini \\u00e9 jornalista, soci\\u00f3logo, escritor e professor universit\\u00e1rio, tendo sido professor de jornalismo por vinte anos. Trabalhou em ve\\u00edculos de comunica\\u00e7\\u00e3o nas fun\\u00e7\\u00f5es de rep\\u00f3rter, redator, editor, articulista e colaborador, como Folha de S. Paulo, O Estado de S. Paulo, Di\\u00e1rio Popular, entre outros. Ao transferir a revista vitrine, vers\\u00e3o imprensa, de S\\u00e3o Paulo para Ibi\\u00fana h\\u00e1 alguns anos, iniciou uma nova experi\\u00eancia profissional, dedicando-se ao jornalismo regional, depois de cumprir uma trajet\\u00f3ria bem-sucedida na grande imprensa brasileira. Seu primeiro livro A Coragem de Comunicar foi lan\\u00e7ado na Bienal do Livro em S\\u00e3o Paulo no ano 2000, pela editora Madras.\"}]}<\/script>\n<!-- \/ Yoast SEO plugin. -->","_links":{"self":[{"href":"https:\/\/revistavitrineibiuna.com.br\/index.php?rest_route=\/wp\/v2\/posts\/34967"}],"collection":[{"href":"https:\/\/revistavitrineibiuna.com.br\/index.php?rest_route=\/wp\/v2\/posts"}],"about":[{"href":"https:\/\/revistavitrineibiuna.com.br\/index.php?rest_route=\/wp\/v2\/types\/post"}],"author":[{"embeddable":true,"href":"https:\/\/revistavitrineibiuna.com.br\/index.php?rest_route=\/wp\/v2\/users\/1"}],"replies":[{"embeddable":true,"href":"https:\/\/revistavitrineibiuna.com.br\/index.php?rest_route=%2Fwp%2Fv2%2Fcomments&post=34967"}],"version-history":[{"count":3,"href":"https:\/\/revistavitrineibiuna.com.br\/index.php?rest_route=\/wp\/v2\/posts\/34967\/revisions"}],"predecessor-version":[{"id":34975,"href":"https:\/\/revistavitrineibiuna.com.br\/index.php?rest_route=\/wp\/v2\/posts\/34967\/revisions\/34975"}],"wp:featuredmedia":[{"embeddable":true,"href":"https:\/\/revistavitrineibiuna.com.br\/index.php?rest_route=\/wp\/v2\/media\/34968"}],"wp:attachment":[{"href":"https:\/\/revistavitrineibiuna.com.br\/index.php?rest_route=%2Fwp%2Fv2%2Fmedia&parent=34967"}],"wp:term":[{"taxonomy":"category","embeddable":true,"href":"https:\/\/revistavitrineibiuna.com.br\/index.php?rest_route=%2Fwp%2Fv2%2Fcategories&post=34967"},{"taxonomy":"post_tag","embeddable":true,"href":"https:\/\/revistavitrineibiuna.com.br\/index.php?rest_route=%2Fwp%2Fv2%2Ftags&post=34967"}],"curies":[{"name":"wp","href":"https:\/\/api.w.org\/{rel}","templated":true}]}}