{"id":34989,"date":"2026-03-01T18:57:46","date_gmt":"2026-03-01T21:57:46","guid":{"rendered":"http:\/\/revistavitrineibiuna.com.br\/?p=34989"},"modified":"2026-03-01T19:29:34","modified_gmt":"2026-03-01T22:29:34","slug":"dependencia-tecnologica-e-premente-desafio-da-saude-mental","status":"publish","type":"post","link":"https:\/\/revistavitrineibiuna.com.br\/?p=34989","title":{"rendered":"DEPEND\u00caNCIA TECNOL\u00d3GICA \u00c9 PREMENTE DESAFIO DA SA\u00daDE MENTAL"},"content":{"rendered":"\n<p class=\"has-drop-cap\"><strong>Saber que um n\u00famero ainda desconhecido, mas expressivo, de pessoas, adolescentes e adultas, est\u00e1 se submetendo a \u201ctratamentos psicol\u00f3gicos&#8221; ofertados por uma m\u00e1quina [intelig\u00eancia artificial] \u00e9, no m\u00ednimo, preocupante.<\/strong><\/p>\n\n\n\n<p><strong>Talvez as pessoas fa\u00e7am essa escolha temer\u00e1ria porque o custo \u00e9 zero, a disponibilidade 24h, a garantia de sigilo est\u00e1 assegurada.<\/strong><\/p>\n\n\n\n<p><strong>Mas confiar a vida mental a um sofwere inteligente, ainda que&nbsp; este re\u00fana um espantoso volume de informa\u00e7\u00f5es em torno das dores da alma humana, com um n\u00famero imenso de traumas e problemas emocionais, alguns bem graves, pode gerar mais consequ\u00eancias indesej\u00e1veis.<\/strong><\/p>\n\n\n\n<p><strong>Viver \u00e9, de fato, um desafio. A gente chega ao mundo na maior surpresa e precisa de muita prote\u00e7\u00e3o e cuidados at\u00e9 que possa andar por conta pr\u00f3pria, aprender a pensar e seguir um roteiro social como as \u00e1guas de um rio, adaptando-se e superando continuamente aos obst\u00e1culos.<\/strong><\/p>\n\n\n\n<p><strong>Definitivamente, n\u00e3o existe, ainda, uma m\u00e1quina que possa substituir a natureza das emo\u00e7\u00f5es humanas, assim como n\u00e3o pode nos preencher de amor, aten\u00e7\u00e3o e acolhimento como um ser humano sens\u00edvel, ainda que este tamb\u00e9m tenha de cuidar de suas pr\u00f3prias afli\u00e7\u00f5es.<\/strong><\/p>\n\n\n\n<p><strong>A pergunta n\u00e3o \u00e9 nova, mas v\u00e1lida e oportuna: que consequ\u00eancias t\u00eam sido observadas como espectro da depend\u00eancia tecnol\u00f3gica?<\/strong><\/p>\n\n\n\n<p><strong>A resposta parece ser consensual: \u201cA depend\u00eancia tecnol\u00f3gica \u00e9 extremamente preocupante, pois o uso excessivo de telas afeta o desenvolvimento cerebral infantil, causa v\u00edcios digitais [como se n\u00e3o bastassem o que&nbsp; j\u00e1 desenvolvemos sem as telas] e piora a sa\u00fade mental (ansiedade, depress\u00e3o) em todas as idades.\u201d<\/strong><\/p>\n\n\n\n<p><strong>Uma das mais proeminentes consequ\u00eancias do uso excessivo das telas est\u00e1 ligada a crises de ansiedade, depress\u00e3o, baixa autoestima, ins\u00f4nia e irritabilidade.<\/strong><\/p>\n\n\n\n<p><strong>A exposi\u00e7\u00e3o precoce (especialmente antes dos 2 anos) prejudica conex\u00f5es cerebrais e o amadurecimento &nbsp;cerebral, comprometendo capacidades cognitivas.<\/strong><\/p>\n\n\n\n<p><strong>Como se n\u00e3o bastasse esse quadro que merece aten\u00e7\u00e3o de todos, o dicion\u00e1rio exibe o verbete crucial: nomofobia, o medo de ficar sem celular.<\/strong><\/p>\n\n\n\n<p><strong>ORIENTA\u00c7\u00d5ES<\/strong><\/p>\n\n\n\n<p><strong>&nbsp;O Minist\u00e9rio da Sa\u00fade e organismos estaduais t\u00eam divulgado orienta\u00e7\u00f5es para cuidados, sobretudo com a primeira inf\u00e2ncia, que \u00e9 quando se formam as ra\u00edzes existenciais do adulto. As recomenda\u00e7\u00f5es s\u00e3o baseadas nos aconselhamentos da SBP \u2013 Sociedade Brasileira de Pediatria:<\/strong><\/p>\n\n\n\n<p><strong>. menores de 2 anos n\u00e3o devem ser expostos a telas;<\/strong><\/p>\n\n\n\n<p><strong>. 2 a 5 anos, limite m\u00e1ximo de 1 hora por dia;<\/strong><\/p>\n\n\n\n<p><strong>. 6 a 10 anos, limite entre 1 e 2 horas por dia.<\/strong><\/p>\n\n\n\n<p><strong>Em rela\u00e7\u00e3o aos adolescentes, especialistas alertam para o uso abusivo e a depend\u00eancia em redes sociais, com a\u00e7\u00f5es preventivas em sa\u00fade mental que buscam ensinar habilidades de enfrentamento (coping) e promover o equil\u00edbrio emocional.<\/strong><\/p>\n\n\n\n<p><strong>A restri\u00e7\u00e3o de celulares nas escolas, definida pela Lei n\u00ba 15.100\/2025 (e discuss\u00f5es correlatas) refor\u00e7a a necessidade de limitar o uso de eletr\u00f4nicos no ambiente escolar para mitigar riscos ao desenvolvimento, interpretado como dever de prote\u00e7\u00e3o do Estado, fam\u00edlia e sociedade.<\/strong><\/p>\n\n\n\n<p><strong>No \u00e2mbito das medidas de cuidado no ambiente digital, recomenda-se a ativa\u00e7\u00e3o de ferramentas de supervis\u00e3o familiar, restri\u00e7\u00e3o de conte\u00fados e respeito \u00e0 classifica\u00e7\u00e3o indicativa, al\u00e9m de monitorar o tempo de uso para evitar o burnout digital em crian\u00e7as.<\/strong><\/p>\n\n\n\n<p><strong>Apesar do esfor\u00e7o para enfrentar os efeitos da depend\u00eancia em todas as faixas et\u00e1rias, h\u00e1 o reconhecimento de que ainda s\u00e3o necess\u00e1rias mais iniciativas de sa\u00fade p\u00fablica, especialmente com o aumento da nomofobia e o uso excessivo de jogos.<\/strong><\/p>\n","protected":false},"excerpt":{"rendered":"<p>Saber que um n\u00famero ainda desconhecido, mas expressivo, de pessoas, adolescentes e adultas, est\u00e1 se submetendo a \u201ctratamentos psicol\u00f3gicos&#8221; ofertados<\/p>\n","protected":false},"author":1,"featured_media":34992,"comment_status":"open","ping_status":"open","sticky":false,"template":"","format":"standard","meta":[],"categories":[3],"tags":[],"yoast_head":"<!-- This site is optimized with the Yoast SEO plugin v15.8 - https:\/\/yoast.com\/wordpress\/plugins\/seo\/ -->\n<title>DEPEND\u00caNCIA TECNOL\u00d3GICA \u00c9 PREMENTE DESAFIO DA SA\u00daDE MENTAL - Revista Vitrine Online<\/title>\n<meta name=\"robots\" content=\"index, follow, max-snippet:-1, max-image-preview:large, max-video-preview:-1\" \/>\n<link rel=\"canonical\" href=\"http:\/\/revistavitrineibiuna.com.br\/?p=34989\" \/>\n<meta property=\"og:locale\" content=\"pt_BR\" \/>\n<meta property=\"og:type\" content=\"article\" \/>\n<meta property=\"og:title\" content=\"DEPEND\u00caNCIA TECNOL\u00d3GICA \u00c9 PREMENTE DESAFIO DA SA\u00daDE MENTAL - Revista Vitrine Online\" \/>\n<meta property=\"og:description\" content=\"Saber que um n\u00famero ainda desconhecido, mas expressivo, de pessoas, adolescentes e adultas, est\u00e1 se submetendo a \u201ctratamentos psicol\u00f3gicos&#8221; ofertados\" \/>\n<meta property=\"og:url\" content=\"http:\/\/revistavitrineibiuna.com.br\/?p=34989\" \/>\n<meta property=\"og:site_name\" content=\"Revista Vitrine Online\" \/>\n<meta property=\"article:published_time\" content=\"2026-03-01T21:57:46+00:00\" \/>\n<meta property=\"article:modified_time\" content=\"2026-03-01T22:29:34+00:00\" \/>\n<meta property=\"og:image\" content=\"https:\/\/revistavitrineibiuna.com.br\/wp-content\/uploads\/2026\/03\/dependencia-tecnologica.png\" \/>\n\t<meta property=\"og:image:width\" content=\"643\" \/>\n\t<meta property=\"og:image:height\" content=\"450\" \/>\n<meta name=\"twitter:card\" content=\"summary\" \/>\n<meta name=\"twitter:label1\" content=\"Est. reading time\">\n\t<meta name=\"twitter:data1\" content=\"3 minutos\">\n<script type=\"application\/ld+json\" class=\"yoast-schema-graph\">{\"@context\":\"https:\/\/schema.org\",\"@graph\":[{\"@type\":\"WebSite\",\"@id\":\"https:\/\/revistavitrineibiuna.com.br\/#website\",\"url\":\"https:\/\/revistavitrineibiuna.com.br\/\",\"name\":\"Revista Vitrine Ibi\\u00fana\",\"description\":\"A Revista de Ibi\\u00fana e Regi\\u00e3o\",\"publisher\":{\"@id\":\"https:\/\/revistavitrineibiuna.com.br\/#\/schema\/person\/e51ef49d6d88170ea21ceabff3f73deb\"},\"potentialAction\":[{\"@type\":\"SearchAction\",\"target\":\"https:\/\/revistavitrineibiuna.com.br\/?s={search_term_string}\",\"query-input\":\"required name=search_term_string\"}],\"inLanguage\":\"pt-BR\"},{\"@type\":\"ImageObject\",\"@id\":\"http:\/\/revistavitrineibiuna.com.br\/?p=34989#primaryimage\",\"inLanguage\":\"pt-BR\",\"url\":\"https:\/\/revistavitrineibiuna.com.br\/wp-content\/uploads\/2026\/03\/dependencia-tecnologica.png\",\"width\":643,\"height\":450},{\"@type\":\"WebPage\",\"@id\":\"http:\/\/revistavitrineibiuna.com.br\/?p=34989#webpage\",\"url\":\"http:\/\/revistavitrineibiuna.com.br\/?p=34989\",\"name\":\"DEPEND\\u00caNCIA TECNOL\\u00d3GICA \\u00c9 PREMENTE DESAFIO DA SA\\u00daDE MENTAL - Revista Vitrine Online\",\"isPartOf\":{\"@id\":\"https:\/\/revistavitrineibiuna.com.br\/#website\"},\"primaryImageOfPage\":{\"@id\":\"http:\/\/revistavitrineibiuna.com.br\/?p=34989#primaryimage\"},\"datePublished\":\"2026-03-01T21:57:46+00:00\",\"dateModified\":\"2026-03-01T22:29:34+00:00\",\"breadcrumb\":{\"@id\":\"http:\/\/revistavitrineibiuna.com.br\/?p=34989#breadcrumb\"},\"inLanguage\":\"pt-BR\",\"potentialAction\":[{\"@type\":\"ReadAction\",\"target\":[\"http:\/\/revistavitrineibiuna.com.br\/?p=34989\"]}]},{\"@type\":\"BreadcrumbList\",\"@id\":\"http:\/\/revistavitrineibiuna.com.br\/?p=34989#breadcrumb\",\"itemListElement\":[{\"@type\":\"ListItem\",\"position\":1,\"item\":{\"@type\":\"WebPage\",\"@id\":\"https:\/\/revistavitrineibiuna.com.br\/\",\"url\":\"https:\/\/revistavitrineibiuna.com.br\/\",\"name\":\"In\\u00edcio\"}},{\"@type\":\"ListItem\",\"position\":2,\"item\":{\"@type\":\"WebPage\",\"@id\":\"http:\/\/revistavitrineibiuna.com.br\/?p=34989\",\"url\":\"http:\/\/revistavitrineibiuna.com.br\/?p=34989\",\"name\":\"DEPEND\\u00caNCIA TECNOL\\u00d3GICA \\u00c9 PREMENTE DESAFIO DA SA\\u00daDE MENTAL\"}}]},{\"@type\":\"Article\",\"@id\":\"http:\/\/revistavitrineibiuna.com.br\/?p=34989#article\",\"isPartOf\":{\"@id\":\"http:\/\/revistavitrineibiuna.com.br\/?p=34989#webpage\"},\"author\":{\"@id\":\"https:\/\/revistavitrineibiuna.com.br\/#\/schema\/person\/e51ef49d6d88170ea21ceabff3f73deb\"},\"headline\":\"DEPEND\\u00caNCIA TECNOL\\u00d3GICA \\u00c9 PREMENTE DESAFIO DA SA\\u00daDE MENTAL\",\"datePublished\":\"2026-03-01T21:57:46+00:00\",\"dateModified\":\"2026-03-01T22:29:34+00:00\",\"mainEntityOfPage\":{\"@id\":\"http:\/\/revistavitrineibiuna.com.br\/?p=34989#webpage\"},\"commentCount\":0,\"publisher\":{\"@id\":\"https:\/\/revistavitrineibiuna.com.br\/#\/schema\/person\/e51ef49d6d88170ea21ceabff3f73deb\"},\"image\":{\"@id\":\"http:\/\/revistavitrineibiuna.com.br\/?p=34989#primaryimage\"},\"articleSection\":\"Not\\u00edcias\",\"inLanguage\":\"pt-BR\",\"potentialAction\":[{\"@type\":\"CommentAction\",\"name\":\"Comment\",\"target\":[\"http:\/\/revistavitrineibiuna.com.br\/?p=34989#respond\"]}]},{\"@type\":[\"Person\",\"Organization\"],\"@id\":\"https:\/\/revistavitrineibiuna.com.br\/#\/schema\/person\/e51ef49d6d88170ea21ceabff3f73deb\",\"name\":\"Carlos Rossini\",\"image\":{\"@type\":\"ImageObject\",\"@id\":\"https:\/\/revistavitrineibiuna.com.br\/#personlogo\",\"inLanguage\":\"pt-BR\",\"url\":\"https:\/\/secure.gravatar.com\/avatar\/4f2d0f99fac1f85c7d643f21f5c8d900?s=96&d=mm&r=g\",\"caption\":\"Carlos Rossini\"},\"logo\":{\"@id\":\"https:\/\/revistavitrineibiuna.com.br\/#personlogo\"},\"description\":\"Carlos Rossini \\u00e9 jornalista, soci\\u00f3logo, escritor e professor universit\\u00e1rio, tendo sido professor de jornalismo por vinte anos. Trabalhou em ve\\u00edculos de comunica\\u00e7\\u00e3o nas fun\\u00e7\\u00f5es de rep\\u00f3rter, redator, editor, articulista e colaborador, como Folha de S. Paulo, O Estado de S. Paulo, Di\\u00e1rio Popular, entre outros. Ao transferir a revista vitrine, vers\\u00e3o imprensa, de S\\u00e3o Paulo para Ibi\\u00fana h\\u00e1 alguns anos, iniciou uma nova experi\\u00eancia profissional, dedicando-se ao jornalismo regional, depois de cumprir uma trajet\\u00f3ria bem-sucedida na grande imprensa brasileira. Seu primeiro livro A Coragem de Comunicar foi lan\\u00e7ado na Bienal do Livro em S\\u00e3o Paulo no ano 2000, pela editora Madras.\"}]}<\/script>\n<!-- \/ Yoast SEO plugin. -->","_links":{"self":[{"href":"https:\/\/revistavitrineibiuna.com.br\/index.php?rest_route=\/wp\/v2\/posts\/34989"}],"collection":[{"href":"https:\/\/revistavitrineibiuna.com.br\/index.php?rest_route=\/wp\/v2\/posts"}],"about":[{"href":"https:\/\/revistavitrineibiuna.com.br\/index.php?rest_route=\/wp\/v2\/types\/post"}],"author":[{"embeddable":true,"href":"https:\/\/revistavitrineibiuna.com.br\/index.php?rest_route=\/wp\/v2\/users\/1"}],"replies":[{"embeddable":true,"href":"https:\/\/revistavitrineibiuna.com.br\/index.php?rest_route=%2Fwp%2Fv2%2Fcomments&post=34989"}],"version-history":[{"count":3,"href":"https:\/\/revistavitrineibiuna.com.br\/index.php?rest_route=\/wp\/v2\/posts\/34989\/revisions"}],"predecessor-version":[{"id":34994,"href":"https:\/\/revistavitrineibiuna.com.br\/index.php?rest_route=\/wp\/v2\/posts\/34989\/revisions\/34994"}],"wp:featuredmedia":[{"embeddable":true,"href":"https:\/\/revistavitrineibiuna.com.br\/index.php?rest_route=\/wp\/v2\/media\/34992"}],"wp:attachment":[{"href":"https:\/\/revistavitrineibiuna.com.br\/index.php?rest_route=%2Fwp%2Fv2%2Fmedia&parent=34989"}],"wp:term":[{"taxonomy":"category","embeddable":true,"href":"https:\/\/revistavitrineibiuna.com.br\/index.php?rest_route=%2Fwp%2Fv2%2Fcategories&post=34989"},{"taxonomy":"post_tag","embeddable":true,"href":"https:\/\/revistavitrineibiuna.com.br\/index.php?rest_route=%2Fwp%2Fv2%2Ftags&post=34989"}],"curies":[{"name":"wp","href":"https:\/\/api.w.org\/{rel}","templated":true}]}}