{"id":34995,"date":"2026-03-04T04:26:02","date_gmt":"2026-03-04T07:26:02","guid":{"rendered":"http:\/\/revistavitrineibiuna.com.br\/?p=34995"},"modified":"2026-03-04T05:10:23","modified_gmt":"2026-03-04T08:10:23","slug":"medo-da-guerra-e-outras-consideracoes","status":"publish","type":"post","link":"https:\/\/revistavitrineibiuna.com.br\/?p=34995","title":{"rendered":"MEDO DA GUERRA E OUTRAS CONSIDERA\u00c7\u00d5ES"},"content":{"rendered":"\n<p class=\"has-drop-cap\"><strong>Nesta semana fui at\u00e9 o fund\u00e3o do Verava, um bairro afastado cerca de quinze quil\u00f4metros do centro de Ibi\u00fana e vivi, mais uma vez, a experi\u00eancia \u201craiz\u201d em rela\u00e7\u00e3o \u00e0 vista dos moradores e da exuberante natureza ibiunense. Entre outras experi\u00eancias de respirar um ar puro de montanha e ver as planta\u00e7\u00f5es nas encostas de morros, trouxe para casa uns ramos de citronela.<\/strong><\/p>\n\n\n\n<p><strong>\u00c9 dif\u00edcil imaginar nesse ambiente campestre que o mundo est\u00e1 vivendo mais uma guerra insana, est\u00fapida no Oriente M\u00e9dio. Ela gera os efeitos provocados pela loucura desumana. Muitas crian\u00e7as foram mortas por uma bomba enquanto estavam num escola. Nada, nada, repito, pode justificar essa barb\u00e1rie inomin\u00e1vel. Depois vimos empilhados caix\u00f5ezinhos com seus corpor em caminh\u00f5es no cortejo f\u00fanebre.<\/strong> <strong>Quem pode empaticamente imaginar a dor infinita de seus pais?<\/strong><\/p>\n\n\n\n<p><strong>Os autores respons\u00e1veis por tr\u00e1s desse crime contra a humanidade s\u00e3o psicopatas impiedosos, que se lixam com o sofrimento alheio, travestidos de autoridades teatrais,  n\u00e3o raro represenados por personagens caricatos. Duas figuras monstruosas \u00a0que ostentam comportamentos frios diante da morte dos outros que eles provocaram, que jamais permitiriam que acontecesse seus filhos e netos, mantidos em seguran\u00e7a e gozando do melhor conforto poss\u00edvel em escolas da elite.<\/strong><\/p>\n\n\n\n<p><strong>A guerra, toda guerra, \u00e9 uma anomalia, uma f\u00e1brica de morte por motivos s\u00f3rdidos impulsionados pelo insaci\u00e1vel desejo de poder sobre a vida dos outros.<\/strong> <\/p>\n\n\n\n<p><strong>Quem d\u00e1 o direito a um ou dois homens de decidir quem deve vivr e morrer no mundo?<\/strong><\/p>\n\n\n\n<p><strong>Voc\u00ea que me l\u00ea neste momento, como est\u00e1 percebendo emocionalmente, como este autor, a impot\u00eancia de fazer seja l\u00e1 o que for para impedir as mortes com o uso da tecnologia brutal que \u00e9 capaz, como se diz, de praticar ataques com bombas \u201cinteligentes\u201d capazes de provocar mortes cirurgicamente, de seguir a sua temperatura corporal.<\/strong><\/p>\n\n\n\n<p><strong>A pessoa pode ser surpreendida por uma poderosa explos\u00e3o quando est\u00e1 almo\u00e7ando, jantando, no banheiro, tomando banho, vendo um programa na TV ou assistindo a uma aula dentro da escola. De repente, a explos\u00e3o devastadora! O instant\u00e2neo apagamento da consci\u00eancia, o fim.<\/strong><\/p>\n\n\n\n<p><strong>O temor de uma terceira guerra mundial surge nesta altura dos acontecimentos, mesmo porque os autores desses crimes hediondos n\u00e3o demorar\u00e3o a desaparecer de cena como todos os poderosos do mundo que surgiram antes, porque a natureza n\u00e3o falha, anda que possa tardar. E esses caras que autorizam seus meios teleguiados a matarem, n\u00e3o demora muito, ser\u00e3o apenas uma sombra no passado, mas os estragos dantescos que causam em vidas humanas n\u00e3o poder\u00e3o jamais serem recuperados.<\/strong><\/p>\n\n\n\n<p><strong>O \u00f3dio mortal seja por motivos religiosos, econ\u00f4micos, pol\u00edticos, todos eles relacionados ao desejo de poder e de subjuga\u00e7\u00e3o, n\u00e3o tem suas ra\u00edzes necessariamente nos povos, mas sim naqueles que se imp\u00f5em ideologicamente por meio da viol\u00eancia e do terror sobre multid\u00f5es que, invariavelmente, s\u00e3o mantidas sob opress\u00e3o e controle rigoroso de guardas nacionais ou agentes de servi\u00e7os secretos.<\/strong><\/p>\n\n\n\n<p><strong>Quantos seres, mulheres, jovens, adultos, s\u00e3o sacrificados covardemente nas pris\u00f5es e masmorras, por se rebelarem e lutarem por liberdade? Quanta dor imposta por instrumentos de tortura fica sufocada entre paredes geladas de c\u00e1rceres, onde homens, da mesma forma abjetos, praticam seus papeis de carrascos sem o menor sentimento de culpa?<\/strong><\/p>\n\n\n\n<p><strong>Al\u00e9m de tudo, e por for\u00e7a de quererem nos manter desinformados e na ignor\u00e2ncia dos fatos reais, ainda controlam os mais poderosos meios de comunica\u00e7\u00e3o a pre\u00e7o de ouro, ainda que haja pessoas que ainda n\u00e3o perderam o bom senso e que se desdobram em esfor\u00e7os para mostrar o que querem esconder de nossos olhos.<\/strong><\/p>\n\n\n\n<p><strong>Trump, Netanyahu, que conseguem rir durante os coment\u00e1rios que fazem das destrui\u00e7\u00f5es que provocam, e todos os ditadores que torturam e oprimem suas popula\u00e7\u00f5es, teocraticamente ou n\u00e3o, s\u00e3o as encarna\u00e7\u00f5es do ceifador, a personifica\u00e7\u00e3o da morte no Ocidente, uma figura esquel\u00e9tica [embora eles sejam bem nutridos e corados] com um capuz preto e foice. (C.R.)<\/strong><\/p>\n","protected":false},"excerpt":{"rendered":"<p>Nesta semana fui at\u00e9 o fund\u00e3o do Verava, um bairro afastado cerca de quinze quil\u00f4metros do centro de Ibi\u00fana e<\/p>\n","protected":false},"author":1,"featured_media":34996,"comment_status":"open","ping_status":"open","sticky":false,"template":"","format":"standard","meta":[],"categories":[3],"tags":[],"yoast_head":"<!-- This site is optimized with the Yoast SEO plugin v15.8 - https:\/\/yoast.com\/wordpress\/plugins\/seo\/ -->\n<title>MEDO DA GUERRA E OUTRAS CONSIDERA\u00c7\u00d5ES - Revista Vitrine Online<\/title>\n<meta name=\"robots\" content=\"index, follow, max-snippet:-1, max-image-preview:large, max-video-preview:-1\" \/>\n<link rel=\"canonical\" href=\"http:\/\/revistavitrineibiuna.com.br\/?p=34995\" \/>\n<meta property=\"og:locale\" content=\"pt_BR\" \/>\n<meta property=\"og:type\" content=\"article\" \/>\n<meta property=\"og:title\" content=\"MEDO DA GUERRA E OUTRAS CONSIDERA\u00c7\u00d5ES - Revista Vitrine Online\" \/>\n<meta property=\"og:description\" content=\"Nesta semana fui at\u00e9 o fund\u00e3o do Verava, um bairro afastado cerca de quinze quil\u00f4metros do centro de Ibi\u00fana e\" \/>\n<meta property=\"og:url\" content=\"http:\/\/revistavitrineibiuna.com.br\/?p=34995\" \/>\n<meta property=\"og:site_name\" content=\"Revista Vitrine Online\" \/>\n<meta property=\"article:published_time\" content=\"2026-03-04T07:26:02+00:00\" \/>\n<meta property=\"article:modified_time\" content=\"2026-03-04T08:10:23+00:00\" \/>\n<meta property=\"og:image\" content=\"https:\/\/revistavitrineibiuna.com.br\/wp-content\/uploads\/2026\/03\/imagem-da-escola-ira.png\" \/>\n\t<meta property=\"og:image:width\" content=\"711\" \/>\n\t<meta property=\"og:image:height\" content=\"405\" \/>\n<meta name=\"twitter:card\" content=\"summary\" \/>\n<meta name=\"twitter:label1\" content=\"Est. reading time\">\n\t<meta name=\"twitter:data1\" content=\"3 minutos\">\n<script type=\"application\/ld+json\" class=\"yoast-schema-graph\">{\"@context\":\"https:\/\/schema.org\",\"@graph\":[{\"@type\":\"WebSite\",\"@id\":\"https:\/\/revistavitrineibiuna.com.br\/#website\",\"url\":\"https:\/\/revistavitrineibiuna.com.br\/\",\"name\":\"Revista Vitrine Ibi\\u00fana\",\"description\":\"A Revista de Ibi\\u00fana e Regi\\u00e3o\",\"publisher\":{\"@id\":\"https:\/\/revistavitrineibiuna.com.br\/#\/schema\/person\/e51ef49d6d88170ea21ceabff3f73deb\"},\"potentialAction\":[{\"@type\":\"SearchAction\",\"target\":\"https:\/\/revistavitrineibiuna.com.br\/?s={search_term_string}\",\"query-input\":\"required name=search_term_string\"}],\"inLanguage\":\"pt-BR\"},{\"@type\":\"ImageObject\",\"@id\":\"http:\/\/revistavitrineibiuna.com.br\/?p=34995#primaryimage\",\"inLanguage\":\"pt-BR\",\"url\":\"https:\/\/revistavitrineibiuna.com.br\/wp-content\/uploads\/2026\/03\/imagem-da-escola-ira.png\",\"width\":711,\"height\":405},{\"@type\":\"WebPage\",\"@id\":\"http:\/\/revistavitrineibiuna.com.br\/?p=34995#webpage\",\"url\":\"http:\/\/revistavitrineibiuna.com.br\/?p=34995\",\"name\":\"MEDO DA GUERRA E OUTRAS CONSIDERA\\u00c7\\u00d5ES - Revista Vitrine Online\",\"isPartOf\":{\"@id\":\"https:\/\/revistavitrineibiuna.com.br\/#website\"},\"primaryImageOfPage\":{\"@id\":\"http:\/\/revistavitrineibiuna.com.br\/?p=34995#primaryimage\"},\"datePublished\":\"2026-03-04T07:26:02+00:00\",\"dateModified\":\"2026-03-04T08:10:23+00:00\",\"breadcrumb\":{\"@id\":\"http:\/\/revistavitrineibiuna.com.br\/?p=34995#breadcrumb\"},\"inLanguage\":\"pt-BR\",\"potentialAction\":[{\"@type\":\"ReadAction\",\"target\":[\"http:\/\/revistavitrineibiuna.com.br\/?p=34995\"]}]},{\"@type\":\"BreadcrumbList\",\"@id\":\"http:\/\/revistavitrineibiuna.com.br\/?p=34995#breadcrumb\",\"itemListElement\":[{\"@type\":\"ListItem\",\"position\":1,\"item\":{\"@type\":\"WebPage\",\"@id\":\"https:\/\/revistavitrineibiuna.com.br\/\",\"url\":\"https:\/\/revistavitrineibiuna.com.br\/\",\"name\":\"In\\u00edcio\"}},{\"@type\":\"ListItem\",\"position\":2,\"item\":{\"@type\":\"WebPage\",\"@id\":\"http:\/\/revistavitrineibiuna.com.br\/?p=34995\",\"url\":\"http:\/\/revistavitrineibiuna.com.br\/?p=34995\",\"name\":\"MEDO DA GUERRA E OUTRAS CONSIDERA\\u00c7\\u00d5ES\"}}]},{\"@type\":\"Article\",\"@id\":\"http:\/\/revistavitrineibiuna.com.br\/?p=34995#article\",\"isPartOf\":{\"@id\":\"http:\/\/revistavitrineibiuna.com.br\/?p=34995#webpage\"},\"author\":{\"@id\":\"https:\/\/revistavitrineibiuna.com.br\/#\/schema\/person\/e51ef49d6d88170ea21ceabff3f73deb\"},\"headline\":\"MEDO DA GUERRA E OUTRAS CONSIDERA\\u00c7\\u00d5ES\",\"datePublished\":\"2026-03-04T07:26:02+00:00\",\"dateModified\":\"2026-03-04T08:10:23+00:00\",\"mainEntityOfPage\":{\"@id\":\"http:\/\/revistavitrineibiuna.com.br\/?p=34995#webpage\"},\"commentCount\":0,\"publisher\":{\"@id\":\"https:\/\/revistavitrineibiuna.com.br\/#\/schema\/person\/e51ef49d6d88170ea21ceabff3f73deb\"},\"image\":{\"@id\":\"http:\/\/revistavitrineibiuna.com.br\/?p=34995#primaryimage\"},\"articleSection\":\"Not\\u00edcias\",\"inLanguage\":\"pt-BR\",\"potentialAction\":[{\"@type\":\"CommentAction\",\"name\":\"Comment\",\"target\":[\"http:\/\/revistavitrineibiuna.com.br\/?p=34995#respond\"]}]},{\"@type\":[\"Person\",\"Organization\"],\"@id\":\"https:\/\/revistavitrineibiuna.com.br\/#\/schema\/person\/e51ef49d6d88170ea21ceabff3f73deb\",\"name\":\"Carlos Rossini\",\"image\":{\"@type\":\"ImageObject\",\"@id\":\"https:\/\/revistavitrineibiuna.com.br\/#personlogo\",\"inLanguage\":\"pt-BR\",\"url\":\"https:\/\/secure.gravatar.com\/avatar\/4f2d0f99fac1f85c7d643f21f5c8d900?s=96&d=mm&r=g\",\"caption\":\"Carlos Rossini\"},\"logo\":{\"@id\":\"https:\/\/revistavitrineibiuna.com.br\/#personlogo\"},\"description\":\"Carlos Rossini \\u00e9 jornalista, soci\\u00f3logo, escritor e professor universit\\u00e1rio, tendo sido professor de jornalismo por vinte anos. Trabalhou em ve\\u00edculos de comunica\\u00e7\\u00e3o nas fun\\u00e7\\u00f5es de rep\\u00f3rter, redator, editor, articulista e colaborador, como Folha de S. Paulo, O Estado de S. Paulo, Di\\u00e1rio Popular, entre outros. Ao transferir a revista vitrine, vers\\u00e3o imprensa, de S\\u00e3o Paulo para Ibi\\u00fana h\\u00e1 alguns anos, iniciou uma nova experi\\u00eancia profissional, dedicando-se ao jornalismo regional, depois de cumprir uma trajet\\u00f3ria bem-sucedida na grande imprensa brasileira. Seu primeiro livro A Coragem de Comunicar foi lan\\u00e7ado na Bienal do Livro em S\\u00e3o Paulo no ano 2000, pela editora Madras.\"}]}<\/script>\n<!-- \/ Yoast SEO plugin. -->","_links":{"self":[{"href":"https:\/\/revistavitrineibiuna.com.br\/index.php?rest_route=\/wp\/v2\/posts\/34995"}],"collection":[{"href":"https:\/\/revistavitrineibiuna.com.br\/index.php?rest_route=\/wp\/v2\/posts"}],"about":[{"href":"https:\/\/revistavitrineibiuna.com.br\/index.php?rest_route=\/wp\/v2\/types\/post"}],"author":[{"embeddable":true,"href":"https:\/\/revistavitrineibiuna.com.br\/index.php?rest_route=\/wp\/v2\/users\/1"}],"replies":[{"embeddable":true,"href":"https:\/\/revistavitrineibiuna.com.br\/index.php?rest_route=%2Fwp%2Fv2%2Fcomments&post=34995"}],"version-history":[{"count":16,"href":"https:\/\/revistavitrineibiuna.com.br\/index.php?rest_route=\/wp\/v2\/posts\/34995\/revisions"}],"predecessor-version":[{"id":35022,"href":"https:\/\/revistavitrineibiuna.com.br\/index.php?rest_route=\/wp\/v2\/posts\/34995\/revisions\/35022"}],"wp:featuredmedia":[{"embeddable":true,"href":"https:\/\/revistavitrineibiuna.com.br\/index.php?rest_route=\/wp\/v2\/media\/34996"}],"wp:attachment":[{"href":"https:\/\/revistavitrineibiuna.com.br\/index.php?rest_route=%2Fwp%2Fv2%2Fmedia&parent=34995"}],"wp:term":[{"taxonomy":"category","embeddable":true,"href":"https:\/\/revistavitrineibiuna.com.br\/index.php?rest_route=%2Fwp%2Fv2%2Fcategories&post=34995"},{"taxonomy":"post_tag","embeddable":true,"href":"https:\/\/revistavitrineibiuna.com.br\/index.php?rest_route=%2Fwp%2Fv2%2Ftags&post=34995"}],"curies":[{"name":"wp","href":"https:\/\/api.w.org\/{rel}","templated":true}]}}