{"id":35023,"date":"2026-03-06T16:47:58","date_gmt":"2026-03-06T19:47:58","guid":{"rendered":"http:\/\/revistavitrineibiuna.com.br\/?p=35023"},"modified":"2026-03-06T22:39:31","modified_gmt":"2026-03-07T01:39:31","slug":"gcm-em-cotia-erik-silva-e-nomeado-secretario-da-seguranca-publica-em-ibiuna","status":"publish","type":"post","link":"https:\/\/revistavitrineibiuna.com.br\/?p=35023","title":{"rendered":"GCM EM COTIA, ERIK SILVA \u00c9 NOMEADO NOVO SECRET\u00c1RIO DA SEGURAN\u00c7A P\u00daBLICA EM IBI\u00daNA"},"content":{"rendered":"\n<p class=\"has-drop-cap\"><strong>Num encontro com GCMs realizado na noite desta sexta-feira hoje (5), no Audit\u00f3rio Municipal, o prefeito de Ibi\u00fana anunciou Erik Silva, 48, que vinha atuando havia mais de 23 anos na Guarda Civil Municipal de Cotia, como novo secret\u00e1rio da Seguran\u00e7a P\u00fablica de Ibi\u00fana<\/strong>. <strong>Sua nomea\u00e7\u00e3o oficial, no entanto, ocorreu cerca de duas horas depois do encerramento desse evento, quando foi publicada  no Imprensa Oficial, que \u00e9 uma  exig\u00eancia para que possa assumir o cargo. <\/strong><\/p>\n\n\n\n<p><strong>O an\u00fancio ocorreu exatos 49 dias depois que o GCM Apollo Rolim, que vinha ocupando o cargo desde a gest\u00e3o anterior, pediu exonera\u00e7\u00e3o.<\/strong><\/p>\n\n\n\n<p><strong>Essa not\u00edcia confirma o que j\u00e1 vinha sendo ventilado h\u00e1 v\u00e1rios dias na cidade, especialmente entre os 92 integrantes da Guarda Civil Municipal de Ibi\u00fana.<\/strong><\/p>\n\n\n\n<p><strong>Em nota enviada a vitrine online, Silva disse ter aceitado essa miss\u00e3o \u201ccom profunda honra e orgulho\u201d, por Ibi\u00fana ser a cidade onde nasceu, sempre viveu e fez amizades.<\/strong><\/p>\n\n\n\n<p><strong>\u201cSou filho de pai e m\u00e3e ibiunenses, minha esposa Andiara tambem \u00e9 servidora p\u00fablica deste munic\u00edpio (professora); tenho uma filha de 18 anos, Isabella. Poder servir diretamente a minha terra natal \u00e9 o \u00e1pice de uma trajet\u00f3ria dedicada \u00e0 seguran\u00e7a p\u00fablica.\u201d<\/strong><\/p>\n\n\n\n<p><strong>EXPERI\u00caNCIA<\/strong><\/p>\n\n\n\n<p><strong>Silva tamb\u00e9m fez um relato sobre sua trajet\u00f3ria e experi\u00eancia como profissional de seguran\u00e7a p\u00fablica.<\/strong><\/p>\n\n\n\n<p><strong>\u200b\u201cTrago comigo uma bagagem de mais de 23 anos na Guarda Civil Municipal da cidade de Cotia, onde atuei em diversos setores estrat\u00e9gicos: policiamento, projetos sociais, instrutor em curso de forma\u00e7\u00e3o e requalifica\u00e7\u00e3o profissional e corregedoria.<\/strong><\/p>\n\n\n\n<p><strong>Antes de sua nomea\u00e7\u00e3o para o cargo de secret\u00e1rio de Seguran\u00e7a em Ibi\u00fana ocupava a fun\u00e7\u00e3o de corregedor-geral adjunto.<\/strong><\/p>\n\n\n\n<p><strong>\u200bO novo secret\u00e1rio&nbsp; disse ter participado de programas sociais, com destaque para o projeto &#8220;Educando&#8221;, \u201conde atuei por alguns anos, focado na preven\u00e7\u00e3o ao uso de drogas e combate \u00e0 viol\u00eancia nas escolas municipais\u201d.<\/strong><\/p>\n\n\n\n<figure class=\"wp-block-image size-large\"><img loading=\"lazy\" width=\"717\" height=\"513\" src=\"https:\/\/revistavitrineibiuna.com.br\/wp-content\/uploads\/2026\/03\/Erik-2.png\" alt=\"\" class=\"wp-image-35028\" srcset=\"https:\/\/revistavitrineibiuna.com.br\/wp-content\/uploads\/2026\/03\/Erik-2.png 717w, https:\/\/revistavitrineibiuna.com.br\/wp-content\/uploads\/2026\/03\/Erik-2-300x215.png 300w\" sizes=\"(max-width: 717px) 100vw, 717px\" \/><figcaption>\u00c9rik: &#8220;\u00c9 hora de retribuir a Ibi\u00fana tudo o que ela representa para mim e para minha fam\u00edlia.&#8221;<\/figcaption><\/figure>\n\n\n\n<p><strong>FORMA\u00c7\u00c3O<\/strong><\/p>\n\n\n\n<p><strong>Silva \u00e9 formado em pedagogia e em direito (foi aprovado no exame de Ordem em 2014, com registro inativo na OAB devido ao fato de exercer atividade policial). Atualmente, cursa p\u00f3s-gradua\u00e7\u00e3o em gest\u00e3o em seguran\u00e7a p\u00fablica.<\/strong><\/p>\n\n\n\n<p><strong>\u201cEstive diversas vezes na capital federal acompanhado e lutando pelos direitos e pela legitimidade da atua\u00e7\u00e3o das guardas municipais em todo pa\u00eds, recentemente acompanhado os tr\u00e2mites da PEC 18.\u201d<\/strong><\/p>\n\n\n\n<p><strong>COMPROMISSO<\/strong><\/p>\n\n\n\n<p><strong>O novo secret\u00e1rio se disse um \u201centusiasta das Guardas Municipais\u201d, e que seu objetivo \u00e9 \u201caplicar toda essa experi\u00eancia t\u00e9cnica e operacional para fortalecer a seguran\u00e7a da nossa cidade\u201d.<\/strong><\/p>\n\n\n\n<p><strong>\u200b&#8221;Estou muito feliz em poder ajudar a cidade onde nasci, vivo e amo. \u00c9 hora de retribuir a Ibi\u00fana tudo o que ela representa para mim e para minha fam\u00edlia.&#8221;<\/strong><\/p>\n\n\n\n<p>\u200b<\/p>\n\n\n\n<figure class=\"wp-block-image size-large\"><img loading=\"lazy\" width=\"876\" height=\"641\" src=\"https:\/\/revistavitrineibiuna.com.br\/wp-content\/uploads\/2026\/03\/erik-discursa.png\" alt=\"\" class=\"wp-image-35038\" srcset=\"https:\/\/revistavitrineibiuna.com.br\/wp-content\/uploads\/2026\/03\/erik-discursa.png 876w, https:\/\/revistavitrineibiuna.com.br\/wp-content\/uploads\/2026\/03\/erik-discursa-300x220.png 300w, https:\/\/revistavitrineibiuna.com.br\/wp-content\/uploads\/2026\/03\/erik-discursa-768x562.png 768w\" sizes=\"(max-width: 876px) 100vw, 876px\" \/><figcaption>Sob os olhares do subcomandante Douglas, do comandante C\u00e9sar e do prefeito, Erik Silva fala sobre como pretende, com a particiipa\u00e7\u00e3o\u00b4de toda a corpora\u00e7\u00e3o &#8220;fortalecer a seguran\u00e7a&#8221; na cidade de Ibi\u00fana<\/figcaption><\/figure>\n\n\n\n<figure class=\"wp-block-image size-large\"><img loading=\"lazy\" width=\"1024\" height=\"771\" src=\"https:\/\/revistavitrineibiuna.com.br\/wp-content\/uploads\/2026\/03\/6806bd1f-10bf-4c51-ae1c-23b26e666460-1024x771.jpg\" alt=\"\" class=\"wp-image-35041\" srcset=\"https:\/\/revistavitrineibiuna.com.br\/wp-content\/uploads\/2026\/03\/6806bd1f-10bf-4c51-ae1c-23b26e666460-1024x771.jpg 1024w, https:\/\/revistavitrineibiuna.com.br\/wp-content\/uploads\/2026\/03\/6806bd1f-10bf-4c51-ae1c-23b26e666460-300x226.jpg 300w, https:\/\/revistavitrineibiuna.com.br\/wp-content\/uploads\/2026\/03\/6806bd1f-10bf-4c51-ae1c-23b26e666460-768x578.jpg 768w, https:\/\/revistavitrineibiuna.com.br\/wp-content\/uploads\/2026\/03\/6806bd1f-10bf-4c51-ae1c-23b26e666460-1536x1156.jpg 1536w, https:\/\/revistavitrineibiuna.com.br\/wp-content\/uploads\/2026\/03\/6806bd1f-10bf-4c51-ae1c-23b26e666460-320x240.jpg 320w, https:\/\/revistavitrineibiuna.com.br\/wp-content\/uploads\/2026\/03\/6806bd1f-10bf-4c51-ae1c-23b26e666460.jpg 1600w\" sizes=\"(max-width: 1024px) 100vw, 1024px\" \/><\/figure>\n\n\n\n<p><\/p>\n","protected":false},"excerpt":{"rendered":"<p>Num encontro com GCMs realizado na noite desta sexta-feira hoje (5), no Audit\u00f3rio Municipal, o prefeito de Ibi\u00fana anunciou Erik<\/p>\n","protected":false},"author":1,"featured_media":35024,"comment_status":"open","ping_status":"open","sticky":false,"template":"","format":"standard","meta":[],"categories":[3],"tags":[],"yoast_head":"<!-- This site is optimized with the Yoast SEO plugin v15.8 - https:\/\/yoast.com\/wordpress\/plugins\/seo\/ -->\n<title>GCM EM COTIA, ERIK SILVA \u00c9 NOMEADO NOVO SECRET\u00c1RIO DA SEGURAN\u00c7A P\u00daBLICA EM IBI\u00daNA - Revista Vitrine Online<\/title>\n<meta name=\"robots\" content=\"index, follow, max-snippet:-1, max-image-preview:large, max-video-preview:-1\" \/>\n<link rel=\"canonical\" href=\"http:\/\/revistavitrineibiuna.com.br\/?p=35023\" \/>\n<meta property=\"og:locale\" content=\"pt_BR\" \/>\n<meta property=\"og:type\" content=\"article\" \/>\n<meta property=\"og:title\" content=\"GCM EM COTIA, ERIK SILVA \u00c9 NOMEADO NOVO SECRET\u00c1RIO DA SEGURAN\u00c7A P\u00daBLICA EM IBI\u00daNA - Revista Vitrine Online\" \/>\n<meta property=\"og:description\" content=\"Num encontro com GCMs realizado na noite desta sexta-feira hoje (5), no Audit\u00f3rio Municipal, o prefeito de Ibi\u00fana anunciou Erik\" \/>\n<meta property=\"og:url\" content=\"http:\/\/revistavitrineibiuna.com.br\/?p=35023\" \/>\n<meta property=\"og:site_name\" content=\"Revista Vitrine Online\" \/>\n<meta property=\"article:published_time\" content=\"2026-03-06T19:47:58+00:00\" \/>\n<meta property=\"article:modified_time\" content=\"2026-03-07T01:39:31+00:00\" \/>\n<meta property=\"og:image\" content=\"https:\/\/revistavitrineibiuna.com.br\/wp-content\/uploads\/2026\/03\/Erik-1.png\" \/>\n\t<meta property=\"og:image:width\" content=\"883\" \/>\n\t<meta property=\"og:image:height\" content=\"655\" \/>\n<meta name=\"twitter:card\" content=\"summary\" \/>\n<meta name=\"twitter:label1\" content=\"Est. reading time\">\n\t<meta name=\"twitter:data1\" content=\"3 minutos\">\n<script type=\"application\/ld+json\" class=\"yoast-schema-graph\">{\"@context\":\"https:\/\/schema.org\",\"@graph\":[{\"@type\":\"WebSite\",\"@id\":\"https:\/\/revistavitrineibiuna.com.br\/#website\",\"url\":\"https:\/\/revistavitrineibiuna.com.br\/\",\"name\":\"Revista Vitrine Ibi\\u00fana\",\"description\":\"A Revista de Ibi\\u00fana e Regi\\u00e3o\",\"publisher\":{\"@id\":\"https:\/\/revistavitrineibiuna.com.br\/#\/schema\/person\/e51ef49d6d88170ea21ceabff3f73deb\"},\"potentialAction\":[{\"@type\":\"SearchAction\",\"target\":\"https:\/\/revistavitrineibiuna.com.br\/?s={search_term_string}\",\"query-input\":\"required name=search_term_string\"}],\"inLanguage\":\"pt-BR\"},{\"@type\":\"ImageObject\",\"@id\":\"http:\/\/revistavitrineibiuna.com.br\/?p=35023#primaryimage\",\"inLanguage\":\"pt-BR\",\"url\":\"https:\/\/revistavitrineibiuna.com.br\/wp-content\/uploads\/2026\/03\/Erik-1.png\",\"width\":883,\"height\":655},{\"@type\":\"WebPage\",\"@id\":\"http:\/\/revistavitrineibiuna.com.br\/?p=35023#webpage\",\"url\":\"http:\/\/revistavitrineibiuna.com.br\/?p=35023\",\"name\":\"GCM EM COTIA, ERIK SILVA \\u00c9 NOMEADO NOVO SECRET\\u00c1RIO DA SEGURAN\\u00c7A P\\u00daBLICA EM IBI\\u00daNA - Revista Vitrine Online\",\"isPartOf\":{\"@id\":\"https:\/\/revistavitrineibiuna.com.br\/#website\"},\"primaryImageOfPage\":{\"@id\":\"http:\/\/revistavitrineibiuna.com.br\/?p=35023#primaryimage\"},\"datePublished\":\"2026-03-06T19:47:58+00:00\",\"dateModified\":\"2026-03-07T01:39:31+00:00\",\"breadcrumb\":{\"@id\":\"http:\/\/revistavitrineibiuna.com.br\/?p=35023#breadcrumb\"},\"inLanguage\":\"pt-BR\",\"potentialAction\":[{\"@type\":\"ReadAction\",\"target\":[\"http:\/\/revistavitrineibiuna.com.br\/?p=35023\"]}]},{\"@type\":\"BreadcrumbList\",\"@id\":\"http:\/\/revistavitrineibiuna.com.br\/?p=35023#breadcrumb\",\"itemListElement\":[{\"@type\":\"ListItem\",\"position\":1,\"item\":{\"@type\":\"WebPage\",\"@id\":\"https:\/\/revistavitrineibiuna.com.br\/\",\"url\":\"https:\/\/revistavitrineibiuna.com.br\/\",\"name\":\"In\\u00edcio\"}},{\"@type\":\"ListItem\",\"position\":2,\"item\":{\"@type\":\"WebPage\",\"@id\":\"http:\/\/revistavitrineibiuna.com.br\/?p=35023\",\"url\":\"http:\/\/revistavitrineibiuna.com.br\/?p=35023\",\"name\":\"GCM EM COTIA, ERIK SILVA \\u00c9 NOMEADO NOVO SECRET\\u00c1RIO DA SEGURAN\\u00c7A P\\u00daBLICA EM IBI\\u00daNA\"}}]},{\"@type\":\"Article\",\"@id\":\"http:\/\/revistavitrineibiuna.com.br\/?p=35023#article\",\"isPartOf\":{\"@id\":\"http:\/\/revistavitrineibiuna.com.br\/?p=35023#webpage\"},\"author\":{\"@id\":\"https:\/\/revistavitrineibiuna.com.br\/#\/schema\/person\/e51ef49d6d88170ea21ceabff3f73deb\"},\"headline\":\"GCM EM COTIA, ERIK SILVA \\u00c9 NOMEADO NOVO SECRET\\u00c1RIO DA SEGURAN\\u00c7A P\\u00daBLICA EM IBI\\u00daNA\",\"datePublished\":\"2026-03-06T19:47:58+00:00\",\"dateModified\":\"2026-03-07T01:39:31+00:00\",\"mainEntityOfPage\":{\"@id\":\"http:\/\/revistavitrineibiuna.com.br\/?p=35023#webpage\"},\"commentCount\":0,\"publisher\":{\"@id\":\"https:\/\/revistavitrineibiuna.com.br\/#\/schema\/person\/e51ef49d6d88170ea21ceabff3f73deb\"},\"image\":{\"@id\":\"http:\/\/revistavitrineibiuna.com.br\/?p=35023#primaryimage\"},\"articleSection\":\"Not\\u00edcias\",\"inLanguage\":\"pt-BR\",\"potentialAction\":[{\"@type\":\"CommentAction\",\"name\":\"Comment\",\"target\":[\"http:\/\/revistavitrineibiuna.com.br\/?p=35023#respond\"]}]},{\"@type\":[\"Person\",\"Organization\"],\"@id\":\"https:\/\/revistavitrineibiuna.com.br\/#\/schema\/person\/e51ef49d6d88170ea21ceabff3f73deb\",\"name\":\"Carlos Rossini\",\"image\":{\"@type\":\"ImageObject\",\"@id\":\"https:\/\/revistavitrineibiuna.com.br\/#personlogo\",\"inLanguage\":\"pt-BR\",\"url\":\"https:\/\/secure.gravatar.com\/avatar\/4f2d0f99fac1f85c7d643f21f5c8d900?s=96&d=mm&r=g\",\"caption\":\"Carlos Rossini\"},\"logo\":{\"@id\":\"https:\/\/revistavitrineibiuna.com.br\/#personlogo\"},\"description\":\"Carlos Rossini \\u00e9 jornalista, soci\\u00f3logo, escritor e professor universit\\u00e1rio, tendo sido professor de jornalismo por vinte anos. Trabalhou em ve\\u00edculos de comunica\\u00e7\\u00e3o nas fun\\u00e7\\u00f5es de rep\\u00f3rter, redator, editor, articulista e colaborador, como Folha de S. Paulo, O Estado de S. Paulo, Di\\u00e1rio Popular, entre outros. Ao transferir a revista vitrine, vers\\u00e3o imprensa, de S\\u00e3o Paulo para Ibi\\u00fana h\\u00e1 alguns anos, iniciou uma nova experi\\u00eancia profissional, dedicando-se ao jornalismo regional, depois de cumprir uma trajet\\u00f3ria bem-sucedida na grande imprensa brasileira. Seu primeiro livro A Coragem de Comunicar foi lan\\u00e7ado na Bienal do Livro em S\\u00e3o Paulo no ano 2000, pela editora Madras.\"}]}<\/script>\n<!-- \/ Yoast SEO plugin. -->","_links":{"self":[{"href":"https:\/\/revistavitrineibiuna.com.br\/index.php?rest_route=\/wp\/v2\/posts\/35023"}],"collection":[{"href":"https:\/\/revistavitrineibiuna.com.br\/index.php?rest_route=\/wp\/v2\/posts"}],"about":[{"href":"https:\/\/revistavitrineibiuna.com.br\/index.php?rest_route=\/wp\/v2\/types\/post"}],"author":[{"embeddable":true,"href":"https:\/\/revistavitrineibiuna.com.br\/index.php?rest_route=\/wp\/v2\/users\/1"}],"replies":[{"embeddable":true,"href":"https:\/\/revistavitrineibiuna.com.br\/index.php?rest_route=%2Fwp%2Fv2%2Fcomments&post=35023"}],"version-history":[{"count":16,"href":"https:\/\/revistavitrineibiuna.com.br\/index.php?rest_route=\/wp\/v2\/posts\/35023\/revisions"}],"predecessor-version":[{"id":35052,"href":"https:\/\/revistavitrineibiuna.com.br\/index.php?rest_route=\/wp\/v2\/posts\/35023\/revisions\/35052"}],"wp:featuredmedia":[{"embeddable":true,"href":"https:\/\/revistavitrineibiuna.com.br\/index.php?rest_route=\/wp\/v2\/media\/35024"}],"wp:attachment":[{"href":"https:\/\/revistavitrineibiuna.com.br\/index.php?rest_route=%2Fwp%2Fv2%2Fmedia&parent=35023"}],"wp:term":[{"taxonomy":"category","embeddable":true,"href":"https:\/\/revistavitrineibiuna.com.br\/index.php?rest_route=%2Fwp%2Fv2%2Fcategories&post=35023"},{"taxonomy":"post_tag","embeddable":true,"href":"https:\/\/revistavitrineibiuna.com.br\/index.php?rest_route=%2Fwp%2Fv2%2Ftags&post=35023"}],"curies":[{"name":"wp","href":"https:\/\/api.w.org\/{rel}","templated":true}]}}