{"id":35054,"date":"2026-03-07T20:43:45","date_gmt":"2026-03-07T23:43:45","guid":{"rendered":"http:\/\/revistavitrineibiuna.com.br\/?p=35054"},"modified":"2026-03-07T21:06:54","modified_gmt":"2026-03-08T00:06:54","slug":"por-que-e-importante-comemorar-o-dia-da-mulher","status":"publish","type":"post","link":"https:\/\/revistavitrineibiuna.com.br\/?p=35054","title":{"rendered":"POR QUE \u00c9 IMPORTANTE COMEMORAR O DIA DA MULHER"},"content":{"rendered":"\n<p class=\"has-drop-cap\"><strong>\u00c9 importante celebrar o Dia da Mulher. Doadora e protetora da vida, sem ela o mundo humano j\u00e1 teria deixado de existir na superf\u00edcie da Terra.<\/strong><\/p>\n\n\n\n<p><strong>No entanto, esse ser humano dotado de uma beleza e de um papel decisivo, tem sido v\u00edtima das maiores trucul\u00eancias perpetradas ao longo da hist\u00f3ria pelo imp\u00e9rio do patriarcado, que a reduziu, das mais abjetas formas, \u00e0 condi\u00e7\u00e3o de \u201cpropriedade\u201d do g\u00eanero masculino<\/strong>, <strong>pecado que precisa ser removido o quanto antes dos h\u00e1bitos culturais. <\/strong><\/p>\n\n\n\n<p><strong>\u00c9 relevante, tamb\u00e9m, comemorar sua bravura e resist\u00eancia e as importantes conquistas em seus direitos como seres humanos. J\u00e1 passou da hora de deixarem de ser alvo de desrespeito e de viola\u00e7\u00f5es impressionantes. Homens as matam como se fossem objetos! Absurdo dos absurdos!<\/strong><\/p>\n\n\n\n<p><strong>Sim. \u00c9 uma excelente oportunidade para homenage\u00e1-las e presente\u00e1-las, mesmo e especialmente se for somente manifestando respeito aut\u00eantico pelos seus direitos \u00e0 vida em plenitude.<\/strong><\/p>\n\n\n\n<p><strong>ALTOS \u00cdNDICES DE VIOL\u00caNCIA<\/strong><\/p>\n\n\n\n<p><strong>Mas \u00e9 preciso estar na real, porque os dados da realidade apontam que a vida da mulher brasileira \u00e9 marcada por altos \u00edndices de viol\u00eancia. As estat\u00edsticas apontam a ocorr\u00eancia de um feminic\u00eddio a cada 6 horas em 2026.<\/strong><\/p>\n\n\n\n<p><strong>Como se isso n\u00e3o bastasse \u00e9 palmar a desigualdade de g\u00eanero, incluindo disparidades salariais de cerca de 20,7% menores que as dos homens e sobrecarga com 85% do trabalho dom\u00e9stico.<\/strong><\/p>\n\n\n\n<p><strong>Como se nota, estamos nos referindo \u00e0 vida real.<\/strong><\/p>\n\n\n\n<p><strong>MULHERES S\u00c3O MAIORIA<\/strong><\/p>\n\n\n\n<p><strong>Al\u00e9m de tudo, as mulheres s\u00e3o a maioria da popula\u00e7\u00e3o (51,7%) brasileira e sua presen\u00e7a como chefes de lar \u00e9 da ordem de 49%, um dado nem sempre lembrado no que se relaciona \u00e0 manuten\u00e7\u00e3o dos lares. &nbsp;<\/strong><\/p>\n\n\n\n<p><strong>Dois temas recorrentes \u2013 viol\u00eancia e seguran\u00e7a \u2013 fazem parte do sistema social da sociedade p\u00fablica e privada. Levantamentos indicam, lamentavelmente, um aumento no feminic\u00eddio, com desafios adicionais em cidades pequenas, \u201conde a proximidade social pode dificultar a den\u00fancia\u201d.<\/strong><\/p>\n\n\n\n<p><strong>A Lei Maria da Penha \u00e9 um s\u00edmbolo na luta contra essa realidade.<\/strong><\/p>\n\n\n\n<p><strong>As mulheres recebem sal\u00e1rios cerca de 40% menores do que os homens, com disparidades mais acentuadas para mulheres negras e no Nordeste, muitas atuando na informalidade, porque isso representa ganhos para os empregadores.<\/strong><\/p>\n\n\n\n<p><strong>Mulheres dedicam quase o dobro do tempo dos homens aos afazeres dom\u00e9sticos e cuidados, com uma m\u00e9dia de 21,3 horas semanais, aumentando para 22 horas entre mulheres negras.<\/strong><\/p>\n\n\n\n<p><strong>Apesar de serem a maioria da popula\u00e7\u00e3o, as mulheres ocupam apenas 12% das prefeituras, enfrentando barreiras significativas na pol\u00edtica.<\/strong><\/p>\n\n\n\n<p><strong>BRILHAM NA \u00c1REA DA EDUCA\u00c7\u00c3O<\/strong><\/p>\n\n\n\n<p><strong>No plano do ensino superior e na educa\u00e7\u00e3o de modo geral, as mulheres se destacam tanto no magist\u00e9rio quanto no setor de pesquisa.<\/strong><\/p>\n\n\n\n<p><strong>Apesar dos avan\u00e7os legais \u2013 indicam os estudos \u2013 a jornada por igualdade de g\u00eanero no Brasil \u201cainda enfrenta barreiras estruturais, sociais e econ\u00f4micas significativas, exigindo cont\u00ednuas pol\u00edticas de prote\u00e7\u00e3o e equidade\u201d.<\/strong><\/p>\n","protected":false},"excerpt":{"rendered":"<p>\u00c9 importante celebrar o Dia da Mulher. Doadora e protetora da vida, sem ela o mundo humano j\u00e1 teria deixado<\/p>\n","protected":false},"author":1,"featured_media":35055,"comment_status":"open","ping_status":"open","sticky":false,"template":"","format":"standard","meta":[],"categories":[3],"tags":[],"yoast_head":"<!-- This site is optimized with the Yoast SEO plugin v15.8 - https:\/\/yoast.com\/wordpress\/plugins\/seo\/ -->\n<title>POR QUE \u00c9 IMPORTANTE COMEMORAR O DIA DA MULHER - Revista Vitrine Online<\/title>\n<meta name=\"robots\" content=\"index, follow, max-snippet:-1, max-image-preview:large, max-video-preview:-1\" \/>\n<link rel=\"canonical\" href=\"https:\/\/revistavitrineibiuna.com.br\/?p=35054\" \/>\n<meta property=\"og:locale\" content=\"pt_BR\" \/>\n<meta property=\"og:type\" content=\"article\" \/>\n<meta property=\"og:title\" content=\"POR QUE \u00c9 IMPORTANTE COMEMORAR O DIA DA MULHER - Revista Vitrine Online\" \/>\n<meta property=\"og:description\" content=\"\u00c9 importante celebrar o Dia da Mulher. Doadora e protetora da vida, sem ela o mundo humano j\u00e1 teria deixado\" \/>\n<meta property=\"og:url\" content=\"https:\/\/revistavitrineibiuna.com.br\/?p=35054\" \/>\n<meta property=\"og:site_name\" content=\"Revista Vitrine Online\" \/>\n<meta property=\"article:published_time\" content=\"2026-03-07T23:43:45+00:00\" \/>\n<meta property=\"article:modified_time\" content=\"2026-03-08T00:06:54+00:00\" \/>\n<meta property=\"og:image\" content=\"https:\/\/revistavitrineibiuna.com.br\/wp-content\/uploads\/2026\/03\/Dia-da-Mulher.png\" \/>\n\t<meta property=\"og:image:width\" content=\"612\" \/>\n\t<meta property=\"og:image:height\" content=\"408\" \/>\n<meta name=\"twitter:card\" content=\"summary\" \/>\n<meta name=\"twitter:label1\" content=\"Est. reading time\">\n\t<meta name=\"twitter:data1\" content=\"3 minutos\">\n<script type=\"application\/ld+json\" class=\"yoast-schema-graph\">{\"@context\":\"https:\/\/schema.org\",\"@graph\":[{\"@type\":\"WebSite\",\"@id\":\"https:\/\/revistavitrineibiuna.com.br\/#website\",\"url\":\"https:\/\/revistavitrineibiuna.com.br\/\",\"name\":\"Revista Vitrine Ibi\\u00fana\",\"description\":\"A Revista de Ibi\\u00fana e Regi\\u00e3o\",\"publisher\":{\"@id\":\"https:\/\/revistavitrineibiuna.com.br\/#\/schema\/person\/e51ef49d6d88170ea21ceabff3f73deb\"},\"potentialAction\":[{\"@type\":\"SearchAction\",\"target\":\"https:\/\/revistavitrineibiuna.com.br\/?s={search_term_string}\",\"query-input\":\"required name=search_term_string\"}],\"inLanguage\":\"pt-BR\"},{\"@type\":\"ImageObject\",\"@id\":\"https:\/\/revistavitrineibiuna.com.br\/?p=35054#primaryimage\",\"inLanguage\":\"pt-BR\",\"url\":\"https:\/\/revistavitrineibiuna.com.br\/wp-content\/uploads\/2026\/03\/Dia-da-Mulher.png\",\"width\":612,\"height\":408},{\"@type\":\"WebPage\",\"@id\":\"https:\/\/revistavitrineibiuna.com.br\/?p=35054#webpage\",\"url\":\"https:\/\/revistavitrineibiuna.com.br\/?p=35054\",\"name\":\"POR QUE \\u00c9 IMPORTANTE COMEMORAR O DIA DA MULHER - Revista Vitrine Online\",\"isPartOf\":{\"@id\":\"https:\/\/revistavitrineibiuna.com.br\/#website\"},\"primaryImageOfPage\":{\"@id\":\"https:\/\/revistavitrineibiuna.com.br\/?p=35054#primaryimage\"},\"datePublished\":\"2026-03-07T23:43:45+00:00\",\"dateModified\":\"2026-03-08T00:06:54+00:00\",\"breadcrumb\":{\"@id\":\"https:\/\/revistavitrineibiuna.com.br\/?p=35054#breadcrumb\"},\"inLanguage\":\"pt-BR\",\"potentialAction\":[{\"@type\":\"ReadAction\",\"target\":[\"https:\/\/revistavitrineibiuna.com.br\/?p=35054\"]}]},{\"@type\":\"BreadcrumbList\",\"@id\":\"https:\/\/revistavitrineibiuna.com.br\/?p=35054#breadcrumb\",\"itemListElement\":[{\"@type\":\"ListItem\",\"position\":1,\"item\":{\"@type\":\"WebPage\",\"@id\":\"https:\/\/revistavitrineibiuna.com.br\/\",\"url\":\"https:\/\/revistavitrineibiuna.com.br\/\",\"name\":\"In\\u00edcio\"}},{\"@type\":\"ListItem\",\"position\":2,\"item\":{\"@type\":\"WebPage\",\"@id\":\"https:\/\/revistavitrineibiuna.com.br\/?p=35054\",\"url\":\"https:\/\/revistavitrineibiuna.com.br\/?p=35054\",\"name\":\"POR QUE \\u00c9 IMPORTANTE COMEMORAR O DIA DA MULHER\"}}]},{\"@type\":\"Article\",\"@id\":\"https:\/\/revistavitrineibiuna.com.br\/?p=35054#article\",\"isPartOf\":{\"@id\":\"https:\/\/revistavitrineibiuna.com.br\/?p=35054#webpage\"},\"author\":{\"@id\":\"https:\/\/revistavitrineibiuna.com.br\/#\/schema\/person\/e51ef49d6d88170ea21ceabff3f73deb\"},\"headline\":\"POR QUE \\u00c9 IMPORTANTE COMEMORAR O DIA DA MULHER\",\"datePublished\":\"2026-03-07T23:43:45+00:00\",\"dateModified\":\"2026-03-08T00:06:54+00:00\",\"mainEntityOfPage\":{\"@id\":\"https:\/\/revistavitrineibiuna.com.br\/?p=35054#webpage\"},\"commentCount\":0,\"publisher\":{\"@id\":\"https:\/\/revistavitrineibiuna.com.br\/#\/schema\/person\/e51ef49d6d88170ea21ceabff3f73deb\"},\"image\":{\"@id\":\"https:\/\/revistavitrineibiuna.com.br\/?p=35054#primaryimage\"},\"articleSection\":\"Not\\u00edcias\",\"inLanguage\":\"pt-BR\",\"potentialAction\":[{\"@type\":\"CommentAction\",\"name\":\"Comment\",\"target\":[\"https:\/\/revistavitrineibiuna.com.br\/?p=35054#respond\"]}]},{\"@type\":[\"Person\",\"Organization\"],\"@id\":\"https:\/\/revistavitrineibiuna.com.br\/#\/schema\/person\/e51ef49d6d88170ea21ceabff3f73deb\",\"name\":\"Carlos Rossini\",\"image\":{\"@type\":\"ImageObject\",\"@id\":\"https:\/\/revistavitrineibiuna.com.br\/#personlogo\",\"inLanguage\":\"pt-BR\",\"url\":\"https:\/\/secure.gravatar.com\/avatar\/4f2d0f99fac1f85c7d643f21f5c8d900?s=96&d=mm&r=g\",\"caption\":\"Carlos Rossini\"},\"logo\":{\"@id\":\"https:\/\/revistavitrineibiuna.com.br\/#personlogo\"},\"description\":\"Carlos Rossini \\u00e9 jornalista, soci\\u00f3logo, escritor e professor universit\\u00e1rio, tendo sido professor de jornalismo por vinte anos. Trabalhou em ve\\u00edculos de comunica\\u00e7\\u00e3o nas fun\\u00e7\\u00f5es de rep\\u00f3rter, redator, editor, articulista e colaborador, como Folha de S. Paulo, O Estado de S. Paulo, Di\\u00e1rio Popular, entre outros. Ao transferir a revista vitrine, vers\\u00e3o imprensa, de S\\u00e3o Paulo para Ibi\\u00fana h\\u00e1 alguns anos, iniciou uma nova experi\\u00eancia profissional, dedicando-se ao jornalismo regional, depois de cumprir uma trajet\\u00f3ria bem-sucedida na grande imprensa brasileira. Seu primeiro livro A Coragem de Comunicar foi lan\\u00e7ado na Bienal do Livro em S\\u00e3o Paulo no ano 2000, pela editora Madras.\"}]}<\/script>\n<!-- \/ Yoast SEO plugin. -->","_links":{"self":[{"href":"https:\/\/revistavitrineibiuna.com.br\/index.php?rest_route=\/wp\/v2\/posts\/35054"}],"collection":[{"href":"https:\/\/revistavitrineibiuna.com.br\/index.php?rest_route=\/wp\/v2\/posts"}],"about":[{"href":"https:\/\/revistavitrineibiuna.com.br\/index.php?rest_route=\/wp\/v2\/types\/post"}],"author":[{"embeddable":true,"href":"https:\/\/revistavitrineibiuna.com.br\/index.php?rest_route=\/wp\/v2\/users\/1"}],"replies":[{"embeddable":true,"href":"https:\/\/revistavitrineibiuna.com.br\/index.php?rest_route=%2Fwp%2Fv2%2Fcomments&post=35054"}],"version-history":[{"count":2,"href":"https:\/\/revistavitrineibiuna.com.br\/index.php?rest_route=\/wp\/v2\/posts\/35054\/revisions"}],"predecessor-version":[{"id":35057,"href":"https:\/\/revistavitrineibiuna.com.br\/index.php?rest_route=\/wp\/v2\/posts\/35054\/revisions\/35057"}],"wp:featuredmedia":[{"embeddable":true,"href":"https:\/\/revistavitrineibiuna.com.br\/index.php?rest_route=\/wp\/v2\/media\/35055"}],"wp:attachment":[{"href":"https:\/\/revistavitrineibiuna.com.br\/index.php?rest_route=%2Fwp%2Fv2%2Fmedia&parent=35054"}],"wp:term":[{"taxonomy":"category","embeddable":true,"href":"https:\/\/revistavitrineibiuna.com.br\/index.php?rest_route=%2Fwp%2Fv2%2Fcategories&post=35054"},{"taxonomy":"post_tag","embeddable":true,"href":"https:\/\/revistavitrineibiuna.com.br\/index.php?rest_route=%2Fwp%2Fv2%2Ftags&post=35054"}],"curies":[{"name":"wp","href":"https:\/\/api.w.org\/{rel}","templated":true}]}}