{"id":35058,"date":"2026-03-11T10:20:38","date_gmt":"2026-03-11T13:20:38","guid":{"rendered":"http:\/\/revistavitrineibiuna.com.br\/?p=35058"},"modified":"2026-03-11T10:52:29","modified_gmt":"2026-03-11T13:52:29","slug":"ibiuna-acreditem-movimentos-politicos-visando-eleicoes-de-2028-ja-comecaram","status":"publish","type":"post","link":"https:\/\/revistavitrineibiuna.com.br\/?p=35058","title":{"rendered":"IBI\u00daNA \u2013 ACREDITEM! MOVIMENTOS POL\u00cdTICOS VISANDO ELEI\u00c7\u00d5ES DE 2028 J\u00c1 COME\u00c7ARAM"},"content":{"rendered":"\n<p class=\"has-drop-cap\"><strong>O andamento da carruagem pol\u00edtica ibiunense, j\u00e1 com sinais de desidrata\u00e7\u00e3o na esperan\u00e7a que, bem ou mal, \u00e9 depositada na conta dos atores que s\u00e3o eleitos a cada quatro anos, passou a estimular as movimenta\u00e7\u00f5es visando \u00e0s urnas de 2028, acreditem!<\/strong><\/p>\n\n\n\n<p><strong>\u00c9 oportuno lembrar que o atual governo ainda tem pela frente dois anos e nove meses de mandato!<\/strong><\/p>\n\n\n\n<p><strong>Como se sabe, todos aqueles com DNA pol\u00edtico nas veias procuram agir com rapidez, discri\u00e7\u00e3o e \u2018\u00f3bvias sutilezas\u2019, a fim de tirar proveito das oportunidades e deslizes dos advers\u00e1rios.<\/strong><\/p>\n\n\n\n<p><strong>Isso faz parte do jogo de poder em que seguir regras morais consensuais vai at\u00e9 um n\u00famero nas p\u00e1ginas do dicion\u00e1rio pol\u00edtico; depois, passam a vigorar as leis dos mais poderosos e dos mais astutos.<\/strong><\/p>\n\n\n\n<p><strong>Um dos motivos \u00e9 a sensa\u00e7\u00e3o real de que o tempo estar passando cada vez mais r\u00e1pido, gra\u00e7as, sobretudo, \u00e0 absurda velocidade e quantidade de informa\u00e7\u00f5es que circulam instantaneamente, imposs\u00edveis serem assimiladas pelos mortais comuns.<\/strong><\/p>\n\n\n\n<p><strong>TEMPO ACELERADO<\/strong><\/p>\n\n\n\n<p><strong>O fluxo de informa\u00e7\u00f5es hiper-acelerado d\u00e1 a impress\u00e3o aos pol\u00edticos e seus correligion\u00e1rios [mas n\u00e3o s\u00f3 a eles] de que os espa\u00e7os devam ser preenchidos por mensagens intensivas e cont\u00ednuas, supostamente para manter uma conex\u00e3o convincente com a popula\u00e7\u00e3o, como se esta n\u00e3o devesse pensar em outra coisa, sen\u00e3o nos autores das mensagens.<\/strong><\/p>\n\n\n\n<p><strong>VIVER DE APAR\u00caNCIAS<\/strong><\/p>\n\n\n\n<p><strong>Ent\u00e3o, como se observa, os pol\u00edticos passam a viver de apar\u00eancias que, eles acreditam, sustentam suas imagens de superdotados de simpatia, fora da realidade que orienta a percep\u00e7\u00e3o cotidiana do povo para os fatos objetivos e concretos.<\/strong><\/p>\n\n\n\n<p><strong>Em resumo, parecem tentar querer esconder da percep\u00e7\u00e3o os \u00f3bvios problemas reais da cidade, no que diz respeito a quest\u00f5es da sa\u00fade, da educa\u00e7\u00e3o, da seguran\u00e7a p\u00fablica, das condi\u00e7\u00f5es das estradas, do transporte, dos graves e cr\u00f4nicos problemas causados ao meio ambiente.<\/strong><\/p>\n\n\n\n<p><strong>VELHOS H\u00c1BITOS<\/strong><\/p>\n\n\n\n<p><strong>Dito de outra forma, n\u00e3o \u00e9 poss\u00edvel tapar o sol com a peneira, na express\u00e3o que a sabedoria popular consagrou como ant\u00eddoto contra os velhos h\u00e1bitos dos pol\u00edticos de quererem impor, por meio de uma profus\u00e3o de imagens constru\u00eddas com t\u00e9cnicas de marketing, algo que n\u00e3o existe na realidade.<\/strong><\/p>\n\n\n\n<p><strong>Assim, h\u00e1 um not\u00e1vel choque de realidade entre ao que d\u00e3o publicidade e ao que se constata na pr\u00e1tica di\u00e1ria nos cora\u00e7\u00f5es e mentes da popula\u00e7\u00e3o, especialmente nas conversas mi\u00fadas entre parentes, colegas e amigos.<\/strong><\/p>\n\n\n\n<p><strong>APOIO POL\u00cdTICO E FINANCEIRO<\/strong><\/p>\n\n\n\n<p><strong>\u00c9 exatamente nesse clima que se encontram os futuros postulantes ao cargo de prefeito ou mesmo \u00e0 verean\u00e7a da cidade em 2028. Procuram perceber as melhores formas de estabelecerem alian\u00e7as, acharem fontes de recursos [apoio pol\u00edtico e financeiro] para se tornarem competitivos.<\/strong><\/p>\n\n\n\n<p><strong>Para um leitor livre da hist\u00f3ria pol\u00edtica da cidade, \u00e9 relativamente f\u00e1cil observar um processo que se repete como um ritual: um chefe do Executivo, pelos seus pr\u00f3prios desacertos, acaba caindo em desgra\u00e7a no cen\u00e1rio da opini\u00e3o p\u00fablica.<\/strong><\/p>\n\n\n\n<p><strong>Desse modo, contribui para a elei\u00e7\u00e3o do pr\u00f3ximo, que \u201celege\u201d o outro pr\u00f3ximo, em cadeia. Esta tem sido a regra, mas, logicamente, h\u00e1 exce\u00e7\u00e3o com pol\u00edtico eleito at\u00e9 mais do que duas vezes, ainda que possa ter orquestrado um governo med\u00edocre.<\/strong><\/p>\n\n\n\n<p><strong>VELHA POL\u00cdTICA<\/strong><\/p>\n\n\n\n<p><strong>Um dos maiores temores declarados por aqueles que j\u00e1 fizeram seu noviciado eleitoral e de outros que est\u00e3o a caminho de entrar na roda viva do poder pol\u00edtico, \u00e9 exatamente o c\u00edrculo vicioso da velha e tradicional pol\u00edtica que cria um ambiente prop\u00edcio para a reprodu\u00e7\u00e3o dos mesmos erros e equ\u00edvocos, que mant\u00eam o munic\u00edpio estagnado no tempo.<\/strong><\/p>\n\n\n\n<p><strong>ANO DECISIVO<\/strong><\/p>\n\n\n\n<p><strong>Este ano, e esse \u00e9 uma expectativa generalizada no meio da popula\u00e7\u00e3o, dar\u00e1 o veredicto sobre o futuro do atual governo que est\u00e1 completando quinze meses de mandato, com promessas de que ir\u00e1 dar uma virada consagradora, depois de passar por uma grande penit\u00eancia de gest\u00e3o pelas heran\u00e7as nefastas, que denunciou ter recebido do governo anterior, em 2025. (C.R.)<\/strong><\/p>\n","protected":false},"excerpt":{"rendered":"<p>O andamento da carruagem pol\u00edtica ibiunense, j\u00e1 com sinais de desidrata\u00e7\u00e3o na esperan\u00e7a que, bem ou mal, \u00e9 depositada na<\/p>\n","protected":false},"author":1,"featured_media":35059,"comment_status":"open","ping_status":"open","sticky":false,"template":"","format":"standard","meta":[],"categories":[3],"tags":[],"yoast_head":"<!-- This site is optimized with the Yoast SEO plugin v15.8 - https:\/\/yoast.com\/wordpress\/plugins\/seo\/ -->\n<title>IBI\u00daNA \u2013 ACREDITEM! MOVIMENTOS POL\u00cdTICOS VISANDO ELEI\u00c7\u00d5ES DE 2028 J\u00c1 COME\u00c7ARAM - Revista Vitrine Online<\/title>\n<meta name=\"robots\" content=\"index, follow, max-snippet:-1, max-image-preview:large, max-video-preview:-1\" \/>\n<link rel=\"canonical\" href=\"http:\/\/revistavitrineibiuna.com.br\/?p=35058\" \/>\n<meta property=\"og:locale\" content=\"pt_BR\" \/>\n<meta property=\"og:type\" content=\"article\" \/>\n<meta property=\"og:title\" content=\"IBI\u00daNA \u2013 ACREDITEM! MOVIMENTOS POL\u00cdTICOS VISANDO ELEI\u00c7\u00d5ES DE 2028 J\u00c1 COME\u00c7ARAM - Revista Vitrine Online\" \/>\n<meta property=\"og:description\" content=\"O andamento da carruagem pol\u00edtica ibiunense, j\u00e1 com sinais de desidrata\u00e7\u00e3o na esperan\u00e7a que, bem ou mal, \u00e9 depositada na\" \/>\n<meta property=\"og:url\" content=\"http:\/\/revistavitrineibiuna.com.br\/?p=35058\" \/>\n<meta property=\"og:site_name\" content=\"Revista Vitrine Online\" \/>\n<meta property=\"article:published_time\" content=\"2026-03-11T13:20:38+00:00\" \/>\n<meta property=\"article:modified_time\" content=\"2026-03-11T13:52:29+00:00\" \/>\n<meta property=\"og:image\" content=\"https:\/\/revistavitrineibiuna.com.br\/wp-content\/uploads\/2026\/03\/foto-politica-ibiunense.png\" \/>\n\t<meta property=\"og:image:width\" content=\"611\" \/>\n\t<meta property=\"og:image:height\" content=\"481\" \/>\n<meta name=\"twitter:card\" content=\"summary\" \/>\n<meta name=\"twitter:label1\" content=\"Est. reading time\">\n\t<meta name=\"twitter:data1\" content=\"3 minutos\">\n<script type=\"application\/ld+json\" class=\"yoast-schema-graph\">{\"@context\":\"https:\/\/schema.org\",\"@graph\":[{\"@type\":\"WebSite\",\"@id\":\"https:\/\/revistavitrineibiuna.com.br\/#website\",\"url\":\"https:\/\/revistavitrineibiuna.com.br\/\",\"name\":\"Revista Vitrine Ibi\\u00fana\",\"description\":\"A Revista de Ibi\\u00fana e Regi\\u00e3o\",\"publisher\":{\"@id\":\"https:\/\/revistavitrineibiuna.com.br\/#\/schema\/person\/e51ef49d6d88170ea21ceabff3f73deb\"},\"potentialAction\":[{\"@type\":\"SearchAction\",\"target\":\"https:\/\/revistavitrineibiuna.com.br\/?s={search_term_string}\",\"query-input\":\"required name=search_term_string\"}],\"inLanguage\":\"pt-BR\"},{\"@type\":\"ImageObject\",\"@id\":\"http:\/\/revistavitrineibiuna.com.br\/?p=35058#primaryimage\",\"inLanguage\":\"pt-BR\",\"url\":\"https:\/\/revistavitrineibiuna.com.br\/wp-content\/uploads\/2026\/03\/foto-politica-ibiunense.png\",\"width\":611,\"height\":481},{\"@type\":\"WebPage\",\"@id\":\"http:\/\/revistavitrineibiuna.com.br\/?p=35058#webpage\",\"url\":\"http:\/\/revistavitrineibiuna.com.br\/?p=35058\",\"name\":\"IBI\\u00daNA \\u2013 ACREDITEM! MOVIMENTOS POL\\u00cdTICOS VISANDO ELEI\\u00c7\\u00d5ES DE 2028 J\\u00c1 COME\\u00c7ARAM - Revista Vitrine Online\",\"isPartOf\":{\"@id\":\"https:\/\/revistavitrineibiuna.com.br\/#website\"},\"primaryImageOfPage\":{\"@id\":\"http:\/\/revistavitrineibiuna.com.br\/?p=35058#primaryimage\"},\"datePublished\":\"2026-03-11T13:20:38+00:00\",\"dateModified\":\"2026-03-11T13:52:29+00:00\",\"breadcrumb\":{\"@id\":\"http:\/\/revistavitrineibiuna.com.br\/?p=35058#breadcrumb\"},\"inLanguage\":\"pt-BR\",\"potentialAction\":[{\"@type\":\"ReadAction\",\"target\":[\"http:\/\/revistavitrineibiuna.com.br\/?p=35058\"]}]},{\"@type\":\"BreadcrumbList\",\"@id\":\"http:\/\/revistavitrineibiuna.com.br\/?p=35058#breadcrumb\",\"itemListElement\":[{\"@type\":\"ListItem\",\"position\":1,\"item\":{\"@type\":\"WebPage\",\"@id\":\"https:\/\/revistavitrineibiuna.com.br\/\",\"url\":\"https:\/\/revistavitrineibiuna.com.br\/\",\"name\":\"In\\u00edcio\"}},{\"@type\":\"ListItem\",\"position\":2,\"item\":{\"@type\":\"WebPage\",\"@id\":\"http:\/\/revistavitrineibiuna.com.br\/?p=35058\",\"url\":\"http:\/\/revistavitrineibiuna.com.br\/?p=35058\",\"name\":\"IBI\\u00daNA \\u2013 ACREDITEM! MOVIMENTOS POL\\u00cdTICOS VISANDO ELEI\\u00c7\\u00d5ES DE 2028 J\\u00c1 COME\\u00c7ARAM\"}}]},{\"@type\":\"Article\",\"@id\":\"http:\/\/revistavitrineibiuna.com.br\/?p=35058#article\",\"isPartOf\":{\"@id\":\"http:\/\/revistavitrineibiuna.com.br\/?p=35058#webpage\"},\"author\":{\"@id\":\"https:\/\/revistavitrineibiuna.com.br\/#\/schema\/person\/e51ef49d6d88170ea21ceabff3f73deb\"},\"headline\":\"IBI\\u00daNA \\u2013 ACREDITEM! MOVIMENTOS POL\\u00cdTICOS VISANDO ELEI\\u00c7\\u00d5ES DE 2028 J\\u00c1 COME\\u00c7ARAM\",\"datePublished\":\"2026-03-11T13:20:38+00:00\",\"dateModified\":\"2026-03-11T13:52:29+00:00\",\"mainEntityOfPage\":{\"@id\":\"http:\/\/revistavitrineibiuna.com.br\/?p=35058#webpage\"},\"commentCount\":0,\"publisher\":{\"@id\":\"https:\/\/revistavitrineibiuna.com.br\/#\/schema\/person\/e51ef49d6d88170ea21ceabff3f73deb\"},\"image\":{\"@id\":\"http:\/\/revistavitrineibiuna.com.br\/?p=35058#primaryimage\"},\"articleSection\":\"Not\\u00edcias\",\"inLanguage\":\"pt-BR\",\"potentialAction\":[{\"@type\":\"CommentAction\",\"name\":\"Comment\",\"target\":[\"http:\/\/revistavitrineibiuna.com.br\/?p=35058#respond\"]}]},{\"@type\":[\"Person\",\"Organization\"],\"@id\":\"https:\/\/revistavitrineibiuna.com.br\/#\/schema\/person\/e51ef49d6d88170ea21ceabff3f73deb\",\"name\":\"Carlos Rossini\",\"image\":{\"@type\":\"ImageObject\",\"@id\":\"https:\/\/revistavitrineibiuna.com.br\/#personlogo\",\"inLanguage\":\"pt-BR\",\"url\":\"https:\/\/secure.gravatar.com\/avatar\/4f2d0f99fac1f85c7d643f21f5c8d900?s=96&d=mm&r=g\",\"caption\":\"Carlos Rossini\"},\"logo\":{\"@id\":\"https:\/\/revistavitrineibiuna.com.br\/#personlogo\"},\"description\":\"Carlos Rossini \\u00e9 jornalista, soci\\u00f3logo, escritor e professor universit\\u00e1rio, tendo sido professor de jornalismo por vinte anos. Trabalhou em ve\\u00edculos de comunica\\u00e7\\u00e3o nas fun\\u00e7\\u00f5es de rep\\u00f3rter, redator, editor, articulista e colaborador, como Folha de S. Paulo, O Estado de S. Paulo, Di\\u00e1rio Popular, entre outros. Ao transferir a revista vitrine, vers\\u00e3o imprensa, de S\\u00e3o Paulo para Ibi\\u00fana h\\u00e1 alguns anos, iniciou uma nova experi\\u00eancia profissional, dedicando-se ao jornalismo regional, depois de cumprir uma trajet\\u00f3ria bem-sucedida na grande imprensa brasileira. Seu primeiro livro A Coragem de Comunicar foi lan\\u00e7ado na Bienal do Livro em S\\u00e3o Paulo no ano 2000, pela editora Madras.\"}]}<\/script>\n<!-- \/ Yoast SEO plugin. -->","_links":{"self":[{"href":"https:\/\/revistavitrineibiuna.com.br\/index.php?rest_route=\/wp\/v2\/posts\/35058"}],"collection":[{"href":"https:\/\/revistavitrineibiuna.com.br\/index.php?rest_route=\/wp\/v2\/posts"}],"about":[{"href":"https:\/\/revistavitrineibiuna.com.br\/index.php?rest_route=\/wp\/v2\/types\/post"}],"author":[{"embeddable":true,"href":"https:\/\/revistavitrineibiuna.com.br\/index.php?rest_route=\/wp\/v2\/users\/1"}],"replies":[{"embeddable":true,"href":"https:\/\/revistavitrineibiuna.com.br\/index.php?rest_route=%2Fwp%2Fv2%2Fcomments&post=35058"}],"version-history":[{"count":2,"href":"https:\/\/revistavitrineibiuna.com.br\/index.php?rest_route=\/wp\/v2\/posts\/35058\/revisions"}],"predecessor-version":[{"id":35061,"href":"https:\/\/revistavitrineibiuna.com.br\/index.php?rest_route=\/wp\/v2\/posts\/35058\/revisions\/35061"}],"wp:featuredmedia":[{"embeddable":true,"href":"https:\/\/revistavitrineibiuna.com.br\/index.php?rest_route=\/wp\/v2\/media\/35059"}],"wp:attachment":[{"href":"https:\/\/revistavitrineibiuna.com.br\/index.php?rest_route=%2Fwp%2Fv2%2Fmedia&parent=35058"}],"wp:term":[{"taxonomy":"category","embeddable":true,"href":"https:\/\/revistavitrineibiuna.com.br\/index.php?rest_route=%2Fwp%2Fv2%2Fcategories&post=35058"},{"taxonomy":"post_tag","embeddable":true,"href":"https:\/\/revistavitrineibiuna.com.br\/index.php?rest_route=%2Fwp%2Fv2%2Ftags&post=35058"}],"curies":[{"name":"wp","href":"https:\/\/api.w.org\/{rel}","templated":true}]}}