{"id":35062,"date":"2026-03-11T21:43:25","date_gmt":"2026-03-12T00:43:25","guid":{"rendered":"http:\/\/revistavitrineibiuna.com.br\/?p=35062"},"modified":"2026-03-11T22:02:36","modified_gmt":"2026-03-12T01:02:36","slug":"sem-historia-so-nos-resta-viver-de-informacoes","status":"publish","type":"post","link":"https:\/\/revistavitrineibiuna.com.br\/?p=35062","title":{"rendered":"SEM HIST\u00d3RIA, S\u00d3 NOS RESTA VIVER DE INFORMA\u00c7\u00d5ES"},"content":{"rendered":"\n<p class=\"has-drop-cap\"><strong>H\u00e1 muitos anos, eu era bem jovem e mais sonhador do que nunca, fiz um teste para ingressar no jornal \u201cFolha de S. Paulo\u201d, no qual trabalhei como redator.<\/strong><\/p>\n\n\n\n<p><strong>Lembro-me de ter usado uma palavra no texto que escrevi, para sustent\u00e1-la com argumentos apropriados para a \u00e9poca: caos.<\/strong><\/p>\n\n\n\n<p><strong>Hoje, novamente, enquanto fazia a leitura do livrinho <em>A Crise da Narra\u00e7\u00e3o <\/em>do fil\u00f3sofo norte-coreano Byung-Chul Han, autor de in\u00fameros livros de pequeno porte, mas de grande intensidade, de imenso sucesso, a palavra caos surgiu em minha mente.<\/strong><\/p>\n\n\n\n<p><strong>O autor est\u00e1 mostrando o que est\u00e1 acontecendo no mundo: a perda do h\u00e1bito de contar hist\u00f3rias com come\u00e7o, meio e fim, unindo passado, presente e futuro e, mais importante, criando um sentido para a vida das pessoas.<\/strong><\/p>\n\n\n\n<p><strong>Ao inv\u00e9s disso, entra em cena a informa\u00e7\u00e3o, que fragmenta o tempo e o resume apenas a alguns instantes do presente que tanto leva o indiv\u00edduo a uma pobreza de sentido quanto \u00e0 perda da capacidade de compreender e escutar o outro.<\/strong><\/p>\n\n\n\n<p><strong>Vamos direto ao fato: Han cita, como exemplos de informa\u00e7\u00e3o, em conflito com a narrativa, likes, stories, feeds do TikTok, manchetes r\u00e1pidas, dados de marketing e teorias do caos, como resposta do caos provocado pela enxurrada ininterrupta de informa\u00e7\u00f5es.<\/strong><\/p>\n\n\n\n<p><strong>Esse conflito entre narrativa e informa\u00e7\u00e3o gerou uma crise que atinge a humanidade. \u00c9 como se uma pessoa estivesse contando uma hist\u00f3ria para um grupo de pessoas e, de repente, parasse de falar e deixasse o local sem dar explica\u00e7\u00f5es.<\/strong><\/p>\n\n\n\n<p><strong>Ou, ainda, em nossa opini\u00e3o mais grave, s\u00e3o as informa\u00e7\u00f5es geradas em uma abund\u00e2ncia indescrit\u00edvel com o objetivo de persuadir, enganar, manipular ou distorcer a realidade. Isso est\u00e1 acontecendo de uma forma absurdamente estonteante.<\/strong><\/p>\n\n\n\n<p><strong>At\u00e9 mesmo por imita\u00e7\u00e3o, um n\u00famero cada vez maior est\u00e1 copiando os modelos ofertados pela informa\u00e7\u00e3o digital exacerbada pela inser\u00e7\u00e3o da intelig\u00eancia artificial que, embora seja potencialmente \u00fatil, est\u00e1 sendo utilizada \u00e0 exaust\u00e3o como uma geradora da mais fant\u00e1stica m\u00e1quina de ilus\u00e3o.<\/strong><\/p>\n\n\n\n<p><strong>A narrativa, ent\u00e3o, devido a um mundo saturado de informa\u00e7\u00f5es produzidas ininterruptamente em uma infinidade de lugares, entrou em crise que est\u00e1 afetando a nossa compreens\u00e3o do mundo, individual e coletiva.<\/strong><\/p>\n\n\n\n<p><strong>O que est\u00e1 acontecendo em escala universal \u2013 guerras, persegui\u00e7\u00f5es impiedosas a imigrantes, imposi\u00e7\u00f5es de poderes sobre pa\u00edses mais d\u00e9beis, invas\u00f5es a pa\u00edses e novas amea\u00e7as em curso \u2013 atesta que a terra est\u00e1 num processo de convuls\u00e3o geopol\u00edtica preocupante.<\/strong><\/p>\n\n\n\n<p><strong>Autoridades e institui\u00e7\u00f5es tradicionais t\u00eam seu respeito jogado na sarjeta e o chamado princ\u00edpio do respeito que foi inventado para estabelecer um equil\u00edbrio nas rela\u00e7\u00f5es est\u00e1 indo para o brejo.<\/strong><\/p>\n\n\n\n<p><strong>N\u00e3o \u00e9 \u00e0 toa que a sensa\u00e7\u00e3o de medo e inseguran\u00e7a cresce incessantemente na sociedade, por conta de crimes que ficaram banais e corriqueiros, sobretudo contra mulheres, crian\u00e7as e adolescentes, como se tirar a vida dos outros fosse comparado a jogar uma lata de cerveja vazia no ch\u00e3o.<\/strong><strong>Nesse sentido, o autor acerta: deixamos de contar e ouvir hist\u00f3rias, que nos fornecem o sentido das rela\u00e7\u00f5es humanas saud\u00e1veis, e passamos a absorver informa\u00e7\u00f5es como uma droga que age em nossos c\u00e9rebros como um neutralizador dos sentimentos e emo\u00e7\u00f5es que fundamentam a nossa natureza &nbsp;humana mais nobre. (Carlos Rossini \u00e9 jornalista) &nbsp;<\/strong><\/p>\n","protected":false},"excerpt":{"rendered":"<p>H\u00e1 muitos anos, eu era bem jovem e mais sonhador do que nunca, fiz um teste para ingressar no jornal<\/p>\n","protected":false},"author":1,"featured_media":35063,"comment_status":"open","ping_status":"open","sticky":false,"template":"","format":"standard","meta":[],"categories":[3],"tags":[],"yoast_head":"<!-- This site is optimized with the Yoast SEO plugin v15.8 - https:\/\/yoast.com\/wordpress\/plugins\/seo\/ -->\n<title>SEM HIST\u00d3RIA, S\u00d3 NOS RESTA VIVER DE INFORMA\u00c7\u00d5ES - Revista Vitrine Online<\/title>\n<meta name=\"robots\" content=\"index, follow, max-snippet:-1, max-image-preview:large, max-video-preview:-1\" \/>\n<link rel=\"canonical\" href=\"http:\/\/revistavitrineibiuna.com.br\/?p=35062\" \/>\n<meta property=\"og:locale\" content=\"pt_BR\" \/>\n<meta property=\"og:type\" content=\"article\" \/>\n<meta property=\"og:title\" content=\"SEM HIST\u00d3RIA, S\u00d3 NOS RESTA VIVER DE INFORMA\u00c7\u00d5ES - Revista Vitrine Online\" \/>\n<meta property=\"og:description\" content=\"H\u00e1 muitos anos, eu era bem jovem e mais sonhador do que nunca, fiz um teste para ingressar no jornal\" \/>\n<meta property=\"og:url\" content=\"http:\/\/revistavitrineibiuna.com.br\/?p=35062\" \/>\n<meta property=\"og:site_name\" content=\"Revista Vitrine Online\" \/>\n<meta property=\"article:published_time\" content=\"2026-03-12T00:43:25+00:00\" \/>\n<meta property=\"article:modified_time\" content=\"2026-03-12T01:02:36+00:00\" \/>\n<meta property=\"og:image\" content=\"https:\/\/revistavitrineibiuna.com.br\/wp-content\/uploads\/2026\/03\/Han.png\" \/>\n\t<meta property=\"og:image:width\" content=\"1109\" \/>\n\t<meta property=\"og:image:height\" content=\"670\" \/>\n<meta name=\"twitter:card\" content=\"summary\" \/>\n<meta name=\"twitter:label1\" content=\"Est. reading time\">\n\t<meta name=\"twitter:data1\" content=\"3 minutos\">\n<script type=\"application\/ld+json\" class=\"yoast-schema-graph\">{\"@context\":\"https:\/\/schema.org\",\"@graph\":[{\"@type\":\"WebSite\",\"@id\":\"https:\/\/revistavitrineibiuna.com.br\/#website\",\"url\":\"https:\/\/revistavitrineibiuna.com.br\/\",\"name\":\"Revista Vitrine Ibi\\u00fana\",\"description\":\"A Revista de Ibi\\u00fana e Regi\\u00e3o\",\"publisher\":{\"@id\":\"https:\/\/revistavitrineibiuna.com.br\/#\/schema\/person\/e51ef49d6d88170ea21ceabff3f73deb\"},\"potentialAction\":[{\"@type\":\"SearchAction\",\"target\":\"https:\/\/revistavitrineibiuna.com.br\/?s={search_term_string}\",\"query-input\":\"required name=search_term_string\"}],\"inLanguage\":\"pt-BR\"},{\"@type\":\"ImageObject\",\"@id\":\"http:\/\/revistavitrineibiuna.com.br\/?p=35062#primaryimage\",\"inLanguage\":\"pt-BR\",\"url\":\"https:\/\/revistavitrineibiuna.com.br\/wp-content\/uploads\/2026\/03\/Han.png\",\"width\":1109,\"height\":670},{\"@type\":\"WebPage\",\"@id\":\"http:\/\/revistavitrineibiuna.com.br\/?p=35062#webpage\",\"url\":\"http:\/\/revistavitrineibiuna.com.br\/?p=35062\",\"name\":\"SEM HIST\\u00d3RIA, S\\u00d3 NOS RESTA VIVER DE INFORMA\\u00c7\\u00d5ES - Revista Vitrine Online\",\"isPartOf\":{\"@id\":\"https:\/\/revistavitrineibiuna.com.br\/#website\"},\"primaryImageOfPage\":{\"@id\":\"http:\/\/revistavitrineibiuna.com.br\/?p=35062#primaryimage\"},\"datePublished\":\"2026-03-12T00:43:25+00:00\",\"dateModified\":\"2026-03-12T01:02:36+00:00\",\"breadcrumb\":{\"@id\":\"http:\/\/revistavitrineibiuna.com.br\/?p=35062#breadcrumb\"},\"inLanguage\":\"pt-BR\",\"potentialAction\":[{\"@type\":\"ReadAction\",\"target\":[\"http:\/\/revistavitrineibiuna.com.br\/?p=35062\"]}]},{\"@type\":\"BreadcrumbList\",\"@id\":\"http:\/\/revistavitrineibiuna.com.br\/?p=35062#breadcrumb\",\"itemListElement\":[{\"@type\":\"ListItem\",\"position\":1,\"item\":{\"@type\":\"WebPage\",\"@id\":\"https:\/\/revistavitrineibiuna.com.br\/\",\"url\":\"https:\/\/revistavitrineibiuna.com.br\/\",\"name\":\"In\\u00edcio\"}},{\"@type\":\"ListItem\",\"position\":2,\"item\":{\"@type\":\"WebPage\",\"@id\":\"http:\/\/revistavitrineibiuna.com.br\/?p=35062\",\"url\":\"http:\/\/revistavitrineibiuna.com.br\/?p=35062\",\"name\":\"SEM HIST\\u00d3RIA, S\\u00d3 NOS RESTA VIVER DE INFORMA\\u00c7\\u00d5ES\"}}]},{\"@type\":\"Article\",\"@id\":\"http:\/\/revistavitrineibiuna.com.br\/?p=35062#article\",\"isPartOf\":{\"@id\":\"http:\/\/revistavitrineibiuna.com.br\/?p=35062#webpage\"},\"author\":{\"@id\":\"https:\/\/revistavitrineibiuna.com.br\/#\/schema\/person\/e51ef49d6d88170ea21ceabff3f73deb\"},\"headline\":\"SEM HIST\\u00d3RIA, S\\u00d3 NOS RESTA VIVER DE INFORMA\\u00c7\\u00d5ES\",\"datePublished\":\"2026-03-12T00:43:25+00:00\",\"dateModified\":\"2026-03-12T01:02:36+00:00\",\"mainEntityOfPage\":{\"@id\":\"http:\/\/revistavitrineibiuna.com.br\/?p=35062#webpage\"},\"commentCount\":0,\"publisher\":{\"@id\":\"https:\/\/revistavitrineibiuna.com.br\/#\/schema\/person\/e51ef49d6d88170ea21ceabff3f73deb\"},\"image\":{\"@id\":\"http:\/\/revistavitrineibiuna.com.br\/?p=35062#primaryimage\"},\"articleSection\":\"Not\\u00edcias\",\"inLanguage\":\"pt-BR\",\"potentialAction\":[{\"@type\":\"CommentAction\",\"name\":\"Comment\",\"target\":[\"http:\/\/revistavitrineibiuna.com.br\/?p=35062#respond\"]}]},{\"@type\":[\"Person\",\"Organization\"],\"@id\":\"https:\/\/revistavitrineibiuna.com.br\/#\/schema\/person\/e51ef49d6d88170ea21ceabff3f73deb\",\"name\":\"Carlos Rossini\",\"image\":{\"@type\":\"ImageObject\",\"@id\":\"https:\/\/revistavitrineibiuna.com.br\/#personlogo\",\"inLanguage\":\"pt-BR\",\"url\":\"https:\/\/secure.gravatar.com\/avatar\/4f2d0f99fac1f85c7d643f21f5c8d900?s=96&d=mm&r=g\",\"caption\":\"Carlos Rossini\"},\"logo\":{\"@id\":\"https:\/\/revistavitrineibiuna.com.br\/#personlogo\"},\"description\":\"Carlos Rossini \\u00e9 jornalista, soci\\u00f3logo, escritor e professor universit\\u00e1rio, tendo sido professor de jornalismo por vinte anos. Trabalhou em ve\\u00edculos de comunica\\u00e7\\u00e3o nas fun\\u00e7\\u00f5es de rep\\u00f3rter, redator, editor, articulista e colaborador, como Folha de S. Paulo, O Estado de S. Paulo, Di\\u00e1rio Popular, entre outros. Ao transferir a revista vitrine, vers\\u00e3o imprensa, de S\\u00e3o Paulo para Ibi\\u00fana h\\u00e1 alguns anos, iniciou uma nova experi\\u00eancia profissional, dedicando-se ao jornalismo regional, depois de cumprir uma trajet\\u00f3ria bem-sucedida na grande imprensa brasileira. Seu primeiro livro A Coragem de Comunicar foi lan\\u00e7ado na Bienal do Livro em S\\u00e3o Paulo no ano 2000, pela editora Madras.\"}]}<\/script>\n<!-- \/ Yoast SEO plugin. -->","_links":{"self":[{"href":"https:\/\/revistavitrineibiuna.com.br\/index.php?rest_route=\/wp\/v2\/posts\/35062"}],"collection":[{"href":"https:\/\/revistavitrineibiuna.com.br\/index.php?rest_route=\/wp\/v2\/posts"}],"about":[{"href":"https:\/\/revistavitrineibiuna.com.br\/index.php?rest_route=\/wp\/v2\/types\/post"}],"author":[{"embeddable":true,"href":"https:\/\/revistavitrineibiuna.com.br\/index.php?rest_route=\/wp\/v2\/users\/1"}],"replies":[{"embeddable":true,"href":"https:\/\/revistavitrineibiuna.com.br\/index.php?rest_route=%2Fwp%2Fv2%2Fcomments&post=35062"}],"version-history":[{"count":4,"href":"https:\/\/revistavitrineibiuna.com.br\/index.php?rest_route=\/wp\/v2\/posts\/35062\/revisions"}],"predecessor-version":[{"id":35068,"href":"https:\/\/revistavitrineibiuna.com.br\/index.php?rest_route=\/wp\/v2\/posts\/35062\/revisions\/35068"}],"wp:featuredmedia":[{"embeddable":true,"href":"https:\/\/revistavitrineibiuna.com.br\/index.php?rest_route=\/wp\/v2\/media\/35063"}],"wp:attachment":[{"href":"https:\/\/revistavitrineibiuna.com.br\/index.php?rest_route=%2Fwp%2Fv2%2Fmedia&parent=35062"}],"wp:term":[{"taxonomy":"category","embeddable":true,"href":"https:\/\/revistavitrineibiuna.com.br\/index.php?rest_route=%2Fwp%2Fv2%2Fcategories&post=35062"},{"taxonomy":"post_tag","embeddable":true,"href":"https:\/\/revistavitrineibiuna.com.br\/index.php?rest_route=%2Fwp%2Fv2%2Ftags&post=35062"}],"curies":[{"name":"wp","href":"https:\/\/api.w.org\/{rel}","templated":true}]}}