{"id":35069,"date":"2026-03-13T19:04:06","date_gmt":"2026-03-13T22:04:06","guid":{"rendered":"http:\/\/revistavitrineibiuna.com.br\/?p=35069"},"modified":"2026-03-13T20:04:21","modified_gmt":"2026-03-13T23:04:21","slug":"caso-das-adis-vereador-pede-urgencia-em-projeto-prefeitura-anuncia-estudo","status":"publish","type":"post","link":"https:\/\/revistavitrineibiuna.com.br\/?p=35069","title":{"rendered":"CASO DAS ADIs \u2013 VEREADOR PEDE URG\u00caNCIA EM PROJETO; PREFEITURA ANUNCIA ESTUDO"},"content":{"rendered":"\n<p class=\"has-drop-cap\"><strong>No dia 23 de janeiro de 2023, conforme vitrine online publicou, um grupo de cerca de 60 ADIs \u2013 Auxiliares de Desenvolvimento Infantil \u2013 ADIS fez um manifesto no Pa\u00e7o Municipal de Ibi\u00fana pleiteando seu direito \u00e0 equipara\u00e7\u00e3o de sua atividade ao magist\u00e9rio.<\/strong><\/p>\n\n\n\n<p><strong>Esperan\u00e7osas, foram recebidas no gabinete do prefeito Paulo Sasaki, mas sa\u00edram de l\u00e1 visivelmente frustradas, algumas at\u00e9 mesmo revoltadas.<\/strong><\/p>\n\n\n\n<p><strong>Ouviram que a Prefeitura estava realizando um estudo do \u201cimpacto financeiro\u201d que a medida geraria nos cofres p\u00fablicos, e que deveriam agendar uma nova reuni\u00e3o.<\/strong><\/p>\n\n\n\n<p><strong>Ontem (12), o vereador Carlinhos Marques, presidente da C\u00e2mara Municipal, por meio de um v\u00eddeo, requereu ao \u00a0Executivo que enviasse \u00e0 C\u00e2mara, \u201ccom urg\u00eancia\u201d, um projeto de lei visando atender \u00e0 justa demanda das ADIs.<\/strong><\/p>\n\n\n\n<p><strong>&#8212; O reconhecimento das ADIs como integrantes do magist\u00e9rio \u00e9 um direito assegurado.<\/strong><\/p>\n\n\n\n<p><strong>O edil tamb\u00e9m lembrou a situa\u00e7\u00e3o financeira da Prefeitura com um \u201csuper\u00e1vit cont\u00e1bil\u201d como nunca visto nos \u00faltimos anos.<\/strong><\/p>\n\n\n\n<p><strong>\u201cJUNTANDO IDEIAS\u201d<\/strong><\/p>\n\n\n\n<figure class=\"wp-block-image size-large\"><img loading=\"lazy\" width=\"715\" height=\"488\" src=\"https:\/\/revistavitrineibiuna.com.br\/wp-content\/uploads\/2026\/03\/ADI-s-2.png\" alt=\"\" class=\"wp-image-35072\" srcset=\"https:\/\/revistavitrineibiuna.com.br\/wp-content\/uploads\/2026\/03\/ADI-s-2.png 715w, https:\/\/revistavitrineibiuna.com.br\/wp-content\/uploads\/2026\/03\/ADI-s-2-300x205.png 300w, https:\/\/revistavitrineibiuna.com.br\/wp-content\/uploads\/2026\/03\/ADI-s-2-130x90.png 130w\" sizes=\"(max-width: 715px) 100vw, 715px\" \/><figcaption>Secret\u00e1rio da administra\u00e7\u00e3o, prefeito (centro) e secret\u00e1rio da Educa\u00e7\u00e3o, na reuni\u00e3o da comiss\u00e3o<\/figcaption><\/figure>\n\n\n\n<p><strong>Hoje (13) o prefeito municipal reuniu no gabinete seus assessores diretos, mais o vice-prefeito, e gravou um v\u00eddeo, j\u00e1 veiculado nas redes sociais.<\/strong><\/p>\n\n\n\n<p><strong>O chefe do Executivo ibiunense anunciou que estava reunida \u201ca Comiss\u00e3o de An\u00e1lise sobre os casos das ADIs. Estamos juntando todas as ideias para achar a melhor solu\u00e7\u00e3o para as ADIs\u201d.<\/strong><\/p>\n\n\n\n<p><strong>Disse que estava ouvindo sua equipe para avaliar o impacto da medida nas \u00e1reas da seguran\u00e7a financeira e jur\u00eddica\u201d.<\/strong><\/p>\n\n\n\n<p><strong>O atual prefeito concluiu o v\u00eddeo divulgado hoje declarando:<\/strong><\/p>\n\n\n\n<p><strong>&#8220;Logo voc\u00eas ter\u00e3o conhecimento do nosso resultado final do estudo&#8221; [que a comiss\u00e3o est\u00e1 realizando}.<\/strong><\/p>\n\n\n\n<p><strong>Desde 2021 as profissionais que atuam como ADIs [em 2023, por ocasi\u00e3o da manifesta\u00e7\u00e3o do Gabinete do ex-prefeito Paulo Sasaki, havia cerca de&nbsp; 150 ADIs trabalhado no munic\u00edpio] est\u00e3o demonstrando preocupa\u00e7\u00e3o com o fato de n\u00e3o serem atendidas.<\/strong><\/p>\n\n\n\n<p><strong>O QUE DIZ A LEI<\/strong><\/p>\n\n\n\n<p><strong>A Lei 15.326, de 6 de janeiro de 2026 garante o enquadramento&nbsp; funcional desses profissionais no capitulo do magist\u00e9rio, o que, na pr\u00e1tica, assegura seus direitos ao piso salarial dos professores, reconhecendo sua fun\u00e7\u00e3o pedag\u00f3gica na rubrica \u201ccuida e educa\u201d.<\/strong><\/p>\n\n\n\n<p><strong>ALTA RESPONSABILIDADE<\/strong><\/p>\n\n\n\n<p><strong>Trabalhar com crian\u00e7as em creches ou na pr\u00e9-escola, que \u00e9 o caso das ADIs, \u00e9 uma atividade da mais alta responsabilidade, tanto do ponto de vista de aten\u00e7\u00e3o quanto de cuidados.<\/strong><\/p>\n\n\n\n<p><strong>Exige dos profissionais atentividade constante em rela\u00e7\u00e3o \u00e0 seguran\u00e7a, higiene e afeto, unindo cuidados b\u00e1sicos com atividades educativas [educar e cuidar].<\/strong><\/p>\n\n\n\n<p><strong>A aten\u00e7\u00e3o de n\u00e3o deixar crian\u00e7as desacompanhadas, monitorar febres e quedas, higienizar m\u00e3os e trocas de fralda, e, simultaneamente, estimular a autonomia e a socializa\u00e7\u00e3o.<\/strong><\/p>\n\n\n\n<p><strong>Por tudo isso, que \u00e9 uma tarefa complexa e que exige conhecimentos especializados, esses profissionais s\u00e3o inquestionavelmente merecedores de receberem os benef\u00edcios e direitos como integrantes do corpo do magist\u00e9rio, como determina a Lei Federal 15.326, de 6 de janeiro de 2026.<\/strong><\/p>\n\n\n\n<p><strong>Na realidade, h\u00e1 anos as ADIs vem lutando por esses direitos em Ibi\u00fana e j\u00e1 deveriam estar recebendo por eles.<\/strong><\/p>\n\n\n\n<p><strong>\u2018FELIZ COM O PREFEITO\u201d<\/strong><\/p>\n\n\n\n<figure class=\"wp-block-image size-large\"><img loading=\"lazy\" width=\"719\" height=\"536\" src=\"https:\/\/revistavitrineibiuna.com.br\/wp-content\/uploads\/2026\/03\/ADIS-3.png\" alt=\"\" class=\"wp-image-35076\" srcset=\"https:\/\/revistavitrineibiuna.com.br\/wp-content\/uploads\/2026\/03\/ADIS-3.png 719w, https:\/\/revistavitrineibiuna.com.br\/wp-content\/uploads\/2026\/03\/ADIS-3-300x224.png 300w, https:\/\/revistavitrineibiuna.com.br\/wp-content\/uploads\/2026\/03\/ADIS-3-320x240.png 320w\" sizes=\"(max-width: 719px) 100vw, 719px\" \/><figcaption>Marques se disse feliz pelo prefeito estar demonstrando &#8220;preocupa\u00e7\u00e3o&#8221; com o caso<\/figcaption><\/figure>\n\n\n\n<p><strong>Vitrine online indagou ao vereador Carlinhos Marques o que achava da rea\u00e7\u00e3o do prefeito a sua manifesta\u00e7\u00e3o, primeiro da tribuna da C\u00e2mara no dia 3 e ontem (12) por meio de um v\u00eddeo em que requer mais agilidade do chefe do Executivo na condu\u00e7\u00e3o desse assunto, que considera \u201curgente\u201d.&nbsp;&nbsp;<\/strong><\/p>\n\n\n\n<p><strong>Veja a declara\u00e7\u00e3o do vereador, atual presidente da C\u00e2mara, na \u00edntegra:<\/strong><\/p>\n\n\n\n<p><strong>\u201cPrimeiro, gostaria de dizer que fico feliz porque o prefeito tem demonstrado preocupa\u00e7\u00e3o com a demanda, que \u00e9 legitima e legal.<\/strong><\/p>\n\n\n\n<p><strong>Estou desde o ano passado acompanhando essa reivindica\u00e7\u00e3o das Auxiliares de Desenvolvimento Infantil (ADIs).<\/strong><\/p>\n\n\n\n<p><strong>Fizemos novamente a cobran\u00e7a por meio de uma indica\u00e7\u00e3o, no \u00faltimo dia 3 de mar\u00e7o, porque a Lei nacional que reconhece as ADIs como professoras, com o enquadramento no Piso Nacional do Magist\u00e9rio, foi aprovada no fim do ano passado pelo Congresso Nacional e sancionada no in\u00edcio de janeiro pelo presidente da Rep\u00fablica.<\/strong><\/p>\n\n\n\n<p><strong>Continuarei na luta at\u00e9 que a categoria seja, finalmente, reconhecida em Ibi\u00fana tamb\u00e9m, com todos os benef\u00edcios e direitos previstos na Lei Federal.\u201d<\/strong><\/p>\n","protected":false},"excerpt":{"rendered":"<p>No dia 23 de janeiro de 2023, conforme vitrine online publicou, um grupo de cerca de 60 ADIs \u2013 Auxiliares<\/p>\n","protected":false},"author":1,"featured_media":35070,"comment_status":"open","ping_status":"open","sticky":false,"template":"","format":"standard","meta":[],"categories":[3],"tags":[],"yoast_head":"<!-- This site is optimized with the Yoast SEO plugin v15.8 - https:\/\/yoast.com\/wordpress\/plugins\/seo\/ -->\n<title>CASO DAS ADIs \u2013 VEREADOR PEDE URG\u00caNCIA EM PROJETO; PREFEITURA ANUNCIA ESTUDO - Revista Vitrine Online<\/title>\n<meta name=\"robots\" content=\"index, follow, max-snippet:-1, max-image-preview:large, max-video-preview:-1\" \/>\n<link rel=\"canonical\" href=\"http:\/\/revistavitrineibiuna.com.br\/?p=35069\" \/>\n<meta property=\"og:locale\" content=\"pt_BR\" \/>\n<meta property=\"og:type\" content=\"article\" \/>\n<meta property=\"og:title\" content=\"CASO DAS ADIs \u2013 VEREADOR PEDE URG\u00caNCIA EM PROJETO; PREFEITURA ANUNCIA ESTUDO - Revista Vitrine Online\" \/>\n<meta property=\"og:description\" content=\"No dia 23 de janeiro de 2023, conforme vitrine online publicou, um grupo de cerca de 60 ADIs \u2013 Auxiliares\" \/>\n<meta property=\"og:url\" content=\"http:\/\/revistavitrineibiuna.com.br\/?p=35069\" \/>\n<meta property=\"og:site_name\" content=\"Revista Vitrine Online\" \/>\n<meta property=\"article:published_time\" content=\"2026-03-13T22:04:06+00:00\" \/>\n<meta property=\"article:modified_time\" content=\"2026-03-13T23:04:21+00:00\" \/>\n<meta property=\"og:image\" content=\"https:\/\/revistavitrineibiuna.com.br\/wp-content\/uploads\/2026\/03\/ADIs-1.png\" \/>\n\t<meta property=\"og:image:width\" content=\"750\" \/>\n\t<meta property=\"og:image:height\" content=\"425\" \/>\n<meta name=\"twitter:card\" content=\"summary\" \/>\n<meta name=\"twitter:label1\" content=\"Est. reading time\">\n\t<meta name=\"twitter:data1\" content=\"4 minutos\">\n<script type=\"application\/ld+json\" class=\"yoast-schema-graph\">{\"@context\":\"https:\/\/schema.org\",\"@graph\":[{\"@type\":\"WebSite\",\"@id\":\"https:\/\/revistavitrineibiuna.com.br\/#website\",\"url\":\"https:\/\/revistavitrineibiuna.com.br\/\",\"name\":\"Revista Vitrine Ibi\\u00fana\",\"description\":\"A Revista de Ibi\\u00fana e Regi\\u00e3o\",\"publisher\":{\"@id\":\"https:\/\/revistavitrineibiuna.com.br\/#\/schema\/person\/e51ef49d6d88170ea21ceabff3f73deb\"},\"potentialAction\":[{\"@type\":\"SearchAction\",\"target\":\"https:\/\/revistavitrineibiuna.com.br\/?s={search_term_string}\",\"query-input\":\"required name=search_term_string\"}],\"inLanguage\":\"pt-BR\"},{\"@type\":\"ImageObject\",\"@id\":\"http:\/\/revistavitrineibiuna.com.br\/?p=35069#primaryimage\",\"inLanguage\":\"pt-BR\",\"url\":\"https:\/\/revistavitrineibiuna.com.br\/wp-content\/uploads\/2026\/03\/ADIs-1.png\",\"width\":750,\"height\":425},{\"@type\":\"WebPage\",\"@id\":\"http:\/\/revistavitrineibiuna.com.br\/?p=35069#webpage\",\"url\":\"http:\/\/revistavitrineibiuna.com.br\/?p=35069\",\"name\":\"CASO DAS ADIs \\u2013 VEREADOR PEDE URG\\u00caNCIA EM PROJETO; PREFEITURA ANUNCIA ESTUDO - Revista Vitrine Online\",\"isPartOf\":{\"@id\":\"https:\/\/revistavitrineibiuna.com.br\/#website\"},\"primaryImageOfPage\":{\"@id\":\"http:\/\/revistavitrineibiuna.com.br\/?p=35069#primaryimage\"},\"datePublished\":\"2026-03-13T22:04:06+00:00\",\"dateModified\":\"2026-03-13T23:04:21+00:00\",\"breadcrumb\":{\"@id\":\"http:\/\/revistavitrineibiuna.com.br\/?p=35069#breadcrumb\"},\"inLanguage\":\"pt-BR\",\"potentialAction\":[{\"@type\":\"ReadAction\",\"target\":[\"http:\/\/revistavitrineibiuna.com.br\/?p=35069\"]}]},{\"@type\":\"BreadcrumbList\",\"@id\":\"http:\/\/revistavitrineibiuna.com.br\/?p=35069#breadcrumb\",\"itemListElement\":[{\"@type\":\"ListItem\",\"position\":1,\"item\":{\"@type\":\"WebPage\",\"@id\":\"https:\/\/revistavitrineibiuna.com.br\/\",\"url\":\"https:\/\/revistavitrineibiuna.com.br\/\",\"name\":\"In\\u00edcio\"}},{\"@type\":\"ListItem\",\"position\":2,\"item\":{\"@type\":\"WebPage\",\"@id\":\"http:\/\/revistavitrineibiuna.com.br\/?p=35069\",\"url\":\"http:\/\/revistavitrineibiuna.com.br\/?p=35069\",\"name\":\"CASO DAS ADIs \\u2013 VEREADOR PEDE URG\\u00caNCIA EM PROJETO; PREFEITURA ANUNCIA ESTUDO\"}}]},{\"@type\":\"Article\",\"@id\":\"http:\/\/revistavitrineibiuna.com.br\/?p=35069#article\",\"isPartOf\":{\"@id\":\"http:\/\/revistavitrineibiuna.com.br\/?p=35069#webpage\"},\"author\":{\"@id\":\"https:\/\/revistavitrineibiuna.com.br\/#\/schema\/person\/e51ef49d6d88170ea21ceabff3f73deb\"},\"headline\":\"CASO DAS ADIs \\u2013 VEREADOR PEDE URG\\u00caNCIA EM PROJETO; PREFEITURA ANUNCIA ESTUDO\",\"datePublished\":\"2026-03-13T22:04:06+00:00\",\"dateModified\":\"2026-03-13T23:04:21+00:00\",\"mainEntityOfPage\":{\"@id\":\"http:\/\/revistavitrineibiuna.com.br\/?p=35069#webpage\"},\"commentCount\":0,\"publisher\":{\"@id\":\"https:\/\/revistavitrineibiuna.com.br\/#\/schema\/person\/e51ef49d6d88170ea21ceabff3f73deb\"},\"image\":{\"@id\":\"http:\/\/revistavitrineibiuna.com.br\/?p=35069#primaryimage\"},\"articleSection\":\"Not\\u00edcias\",\"inLanguage\":\"pt-BR\",\"potentialAction\":[{\"@type\":\"CommentAction\",\"name\":\"Comment\",\"target\":[\"http:\/\/revistavitrineibiuna.com.br\/?p=35069#respond\"]}]},{\"@type\":[\"Person\",\"Organization\"],\"@id\":\"https:\/\/revistavitrineibiuna.com.br\/#\/schema\/person\/e51ef49d6d88170ea21ceabff3f73deb\",\"name\":\"Carlos Rossini\",\"image\":{\"@type\":\"ImageObject\",\"@id\":\"https:\/\/revistavitrineibiuna.com.br\/#personlogo\",\"inLanguage\":\"pt-BR\",\"url\":\"https:\/\/secure.gravatar.com\/avatar\/4f2d0f99fac1f85c7d643f21f5c8d900?s=96&d=mm&r=g\",\"caption\":\"Carlos Rossini\"},\"logo\":{\"@id\":\"https:\/\/revistavitrineibiuna.com.br\/#personlogo\"},\"description\":\"Carlos Rossini \\u00e9 jornalista, soci\\u00f3logo, escritor e professor universit\\u00e1rio, tendo sido professor de jornalismo por vinte anos. Trabalhou em ve\\u00edculos de comunica\\u00e7\\u00e3o nas fun\\u00e7\\u00f5es de rep\\u00f3rter, redator, editor, articulista e colaborador, como Folha de S. Paulo, O Estado de S. Paulo, Di\\u00e1rio Popular, entre outros. Ao transferir a revista vitrine, vers\\u00e3o imprensa, de S\\u00e3o Paulo para Ibi\\u00fana h\\u00e1 alguns anos, iniciou uma nova experi\\u00eancia profissional, dedicando-se ao jornalismo regional, depois de cumprir uma trajet\\u00f3ria bem-sucedida na grande imprensa brasileira. Seu primeiro livro A Coragem de Comunicar foi lan\\u00e7ado na Bienal do Livro em S\\u00e3o Paulo no ano 2000, pela editora Madras.\"}]}<\/script>\n<!-- \/ Yoast SEO plugin. -->","_links":{"self":[{"href":"https:\/\/revistavitrineibiuna.com.br\/index.php?rest_route=\/wp\/v2\/posts\/35069"}],"collection":[{"href":"https:\/\/revistavitrineibiuna.com.br\/index.php?rest_route=\/wp\/v2\/posts"}],"about":[{"href":"https:\/\/revistavitrineibiuna.com.br\/index.php?rest_route=\/wp\/v2\/types\/post"}],"author":[{"embeddable":true,"href":"https:\/\/revistavitrineibiuna.com.br\/index.php?rest_route=\/wp\/v2\/users\/1"}],"replies":[{"embeddable":true,"href":"https:\/\/revistavitrineibiuna.com.br\/index.php?rest_route=%2Fwp%2Fv2%2Fcomments&post=35069"}],"version-history":[{"count":15,"href":"https:\/\/revistavitrineibiuna.com.br\/index.php?rest_route=\/wp\/v2\/posts\/35069\/revisions"}],"predecessor-version":[{"id":35095,"href":"https:\/\/revistavitrineibiuna.com.br\/index.php?rest_route=\/wp\/v2\/posts\/35069\/revisions\/35095"}],"wp:featuredmedia":[{"embeddable":true,"href":"https:\/\/revistavitrineibiuna.com.br\/index.php?rest_route=\/wp\/v2\/media\/35070"}],"wp:attachment":[{"href":"https:\/\/revistavitrineibiuna.com.br\/index.php?rest_route=%2Fwp%2Fv2%2Fmedia&parent=35069"}],"wp:term":[{"taxonomy":"category","embeddable":true,"href":"https:\/\/revistavitrineibiuna.com.br\/index.php?rest_route=%2Fwp%2Fv2%2Fcategories&post=35069"},{"taxonomy":"post_tag","embeddable":true,"href":"https:\/\/revistavitrineibiuna.com.br\/index.php?rest_route=%2Fwp%2Fv2%2Ftags&post=35069"}],"curies":[{"name":"wp","href":"https:\/\/api.w.org\/{rel}","templated":true}]}}