{"id":35096,"date":"2026-03-13T22:55:03","date_gmt":"2026-03-14T01:55:03","guid":{"rendered":"http:\/\/revistavitrineibiuna.com.br\/?p=35096"},"modified":"2026-03-14T10:12:12","modified_gmt":"2026-03-14T13:12:12","slug":"ibiuna-instituto-morgan-vence-licitacao-para-gerir-hospital-municipal-igats-foi-desclassificado","status":"publish","type":"post","link":"https:\/\/revistavitrineibiuna.com.br\/?p=35096","title":{"rendered":"IBI\u00daNA \u2013 INSTITUTO MORGAN VENCE LICITA\u00c7\u00c3O PARA GERIR HOSPITAL MUNICIPAL; IGATS FOI DESCLASSIFICADO"},"content":{"rendered":"\n<p class=\"has-drop-cap\"><strong>O \u201cImprensa Oficial\u201d da Prefeitura de Ibi\u00fana de hoje (13) acaba de anunciar que o Instituto Morgan de Educa\u00e7\u00e3o, Sa\u00fade e Esportes foi o vencedor da licita\u00e7\u00e3o para gerir o Hospital Municipal de Ibi\u00fana \u2013 HMI.<\/strong><\/p>\n\n\n\n<p><strong>O Instituto de Gest\u00e3o, Administra\u00e7\u00e3o e Treinamento de Sa\u00fade \u2013 Igats, que vinha exercendo essa fun\u00e7\u00e3o desde o governo de Jo\u00e3o Mello foi desclassificado, \u201cem raz\u00e3o do descumprimento das exig\u00eancias t\u00e9cnicas estabelecidas no Termo de Refer\u00eancia, especialmente quanto ao dimensionamento da equipe de enfermagem exigido para a execu\u00e7\u00e3o dos servi\u00e7os hospitalares\u201d, segundo publicado na edi\u00e7\u00e3o n\u00ba 1258, de 13.3.2026.<\/strong><\/p>\n\n\n\n<p><strong>CLASSIFICA\u00c7\u00c3O FINAL<\/strong><\/p>\n\n\n\n<p><strong>Em primeiro lugar foi classificado o Instituto Morgan e, em segundo lugar, a Med Life Gest\u00e3o em Sa\u00fade.<\/strong><\/p>\n\n\n\n<p><strong>A finaliza\u00e7\u00e3o do processo depender\u00e1 do fim do prazo \u201cpara eventuais recursos e contrarraz\u00f5es\u201d, ap\u00f3s o que poder\u00e1 haver a \u201ccelebra\u00e7\u00e3o do contrato de gest\u00e3o\u201d.<\/strong><\/p>\n\n\n\n<p><strong>A licita\u00e7\u00e3o objetiva contratar a prestadora de servi\u00e7o de \u201cgerenciamento, operacionaliza\u00e7\u00e3o e execu\u00e7\u00e3o das a\u00e7\u00f5es e servi\u00e7os de sa\u00fade do Hospital Municipal de Ibi\u00fana\u201d, n\u00e3o contemplando, portando a rede b\u00e1sica de sa\u00fade.<\/strong><\/p>\n\n\n\n<p><strong>COMISS\u00c3O<\/strong><\/p>\n\n\n\n<p><strong>A comiss\u00e3o de sele\u00e7\u00e3o \u00e9 integrada por: M\u00e1rcia Cristina dos Santos Matos, presidente; e os membros Leonardo Hueb Festa; Sandra Luiza Lopes de Toledo; e Edson Luiz Soares.<\/strong><\/p>\n\n\n\n<p><strong>A EMPRESA<\/strong><\/p>\n\n\n\n<p><strong>O Instituto Morgan de Educa\u00e7\u00e3o, Sa\u00fade e Esportes \u00e9 uma organiza\u00e7\u00e3o privada, fundado em 10 de fevereiro de 2009, com sede na Vereda das Figueiras, 49  &#8211; bairro Vale do Sol, no Munic\u00edpio de Embu das Artes, em S\u00e3o Paulo.<\/strong><\/p>\n","protected":false},"excerpt":{"rendered":"<p>O \u201cImprensa Oficial\u201d da Prefeitura de Ibi\u00fana de hoje (13) acaba de anunciar que o Instituto Morgan de Educa\u00e7\u00e3o, Sa\u00fade<\/p>\n","protected":false},"author":1,"featured_media":35097,"comment_status":"open","ping_status":"open","sticky":false,"template":"","format":"standard","meta":[],"categories":[3],"tags":[],"yoast_head":"<!-- This site is optimized with the Yoast SEO plugin v15.8 - https:\/\/yoast.com\/wordpress\/plugins\/seo\/ -->\n<title>IBI\u00daNA \u2013 INSTITUTO MORGAN VENCE LICITA\u00c7\u00c3O PARA GERIR HOSPITAL MUNICIPAL; IGATS FOI DESCLASSIFICADO - Revista Vitrine Online<\/title>\n<meta name=\"robots\" content=\"index, follow, max-snippet:-1, max-image-preview:large, max-video-preview:-1\" \/>\n<link rel=\"canonical\" href=\"http:\/\/revistavitrineibiuna.com.br\/?p=35096\" \/>\n<meta property=\"og:locale\" content=\"pt_BR\" \/>\n<meta property=\"og:type\" content=\"article\" \/>\n<meta property=\"og:title\" content=\"IBI\u00daNA \u2013 INSTITUTO MORGAN VENCE LICITA\u00c7\u00c3O PARA GERIR HOSPITAL MUNICIPAL; IGATS FOI DESCLASSIFICADO - Revista Vitrine Online\" \/>\n<meta property=\"og:description\" content=\"O \u201cImprensa Oficial\u201d da Prefeitura de Ibi\u00fana de hoje (13) acaba de anunciar que o Instituto Morgan de Educa\u00e7\u00e3o, Sa\u00fade\" \/>\n<meta property=\"og:url\" content=\"http:\/\/revistavitrineibiuna.com.br\/?p=35096\" \/>\n<meta property=\"og:site_name\" content=\"Revista Vitrine Online\" \/>\n<meta property=\"article:published_time\" content=\"2026-03-14T01:55:03+00:00\" \/>\n<meta property=\"article:modified_time\" content=\"2026-03-14T13:12:12+00:00\" \/>\n<meta property=\"og:image\" content=\"https:\/\/revistavitrineibiuna.com.br\/wp-content\/uploads\/2026\/03\/8d869d19-77eb-457c-895e-673a6cf71d68.jpg\" \/>\n\t<meta property=\"og:image:width\" content=\"1600\" \/>\n\t<meta property=\"og:image:height\" content=\"1200\" \/>\n<meta name=\"twitter:card\" content=\"summary\" \/>\n<meta name=\"twitter:label1\" content=\"Est. reading time\">\n\t<meta name=\"twitter:data1\" content=\"2 minutos\">\n<script type=\"application\/ld+json\" class=\"yoast-schema-graph\">{\"@context\":\"https:\/\/schema.org\",\"@graph\":[{\"@type\":\"WebSite\",\"@id\":\"https:\/\/revistavitrineibiuna.com.br\/#website\",\"url\":\"https:\/\/revistavitrineibiuna.com.br\/\",\"name\":\"Revista Vitrine Ibi\\u00fana\",\"description\":\"A Revista de Ibi\\u00fana e Regi\\u00e3o\",\"publisher\":{\"@id\":\"https:\/\/revistavitrineibiuna.com.br\/#\/schema\/person\/e51ef49d6d88170ea21ceabff3f73deb\"},\"potentialAction\":[{\"@type\":\"SearchAction\",\"target\":\"https:\/\/revistavitrineibiuna.com.br\/?s={search_term_string}\",\"query-input\":\"required name=search_term_string\"}],\"inLanguage\":\"pt-BR\"},{\"@type\":\"ImageObject\",\"@id\":\"http:\/\/revistavitrineibiuna.com.br\/?p=35096#primaryimage\",\"inLanguage\":\"pt-BR\",\"url\":\"https:\/\/revistavitrineibiuna.com.br\/wp-content\/uploads\/2026\/03\/8d869d19-77eb-457c-895e-673a6cf71d68.jpg\",\"width\":1600,\"height\":1200},{\"@type\":\"WebPage\",\"@id\":\"http:\/\/revistavitrineibiuna.com.br\/?p=35096#webpage\",\"url\":\"http:\/\/revistavitrineibiuna.com.br\/?p=35096\",\"name\":\"IBI\\u00daNA \\u2013 INSTITUTO MORGAN VENCE LICITA\\u00c7\\u00c3O PARA GERIR HOSPITAL MUNICIPAL; IGATS FOI DESCLASSIFICADO - Revista Vitrine Online\",\"isPartOf\":{\"@id\":\"https:\/\/revistavitrineibiuna.com.br\/#website\"},\"primaryImageOfPage\":{\"@id\":\"http:\/\/revistavitrineibiuna.com.br\/?p=35096#primaryimage\"},\"datePublished\":\"2026-03-14T01:55:03+00:00\",\"dateModified\":\"2026-03-14T13:12:12+00:00\",\"breadcrumb\":{\"@id\":\"http:\/\/revistavitrineibiuna.com.br\/?p=35096#breadcrumb\"},\"inLanguage\":\"pt-BR\",\"potentialAction\":[{\"@type\":\"ReadAction\",\"target\":[\"http:\/\/revistavitrineibiuna.com.br\/?p=35096\"]}]},{\"@type\":\"BreadcrumbList\",\"@id\":\"http:\/\/revistavitrineibiuna.com.br\/?p=35096#breadcrumb\",\"itemListElement\":[{\"@type\":\"ListItem\",\"position\":1,\"item\":{\"@type\":\"WebPage\",\"@id\":\"https:\/\/revistavitrineibiuna.com.br\/\",\"url\":\"https:\/\/revistavitrineibiuna.com.br\/\",\"name\":\"In\\u00edcio\"}},{\"@type\":\"ListItem\",\"position\":2,\"item\":{\"@type\":\"WebPage\",\"@id\":\"http:\/\/revistavitrineibiuna.com.br\/?p=35096\",\"url\":\"http:\/\/revistavitrineibiuna.com.br\/?p=35096\",\"name\":\"IBI\\u00daNA \\u2013 INSTITUTO MORGAN VENCE LICITA\\u00c7\\u00c3O PARA GERIR HOSPITAL MUNICIPAL; IGATS FOI DESCLASSIFICADO\"}}]},{\"@type\":\"Article\",\"@id\":\"http:\/\/revistavitrineibiuna.com.br\/?p=35096#article\",\"isPartOf\":{\"@id\":\"http:\/\/revistavitrineibiuna.com.br\/?p=35096#webpage\"},\"author\":{\"@id\":\"https:\/\/revistavitrineibiuna.com.br\/#\/schema\/person\/e51ef49d6d88170ea21ceabff3f73deb\"},\"headline\":\"IBI\\u00daNA \\u2013 INSTITUTO MORGAN VENCE LICITA\\u00c7\\u00c3O PARA GERIR HOSPITAL MUNICIPAL; IGATS FOI DESCLASSIFICADO\",\"datePublished\":\"2026-03-14T01:55:03+00:00\",\"dateModified\":\"2026-03-14T13:12:12+00:00\",\"mainEntityOfPage\":{\"@id\":\"http:\/\/revistavitrineibiuna.com.br\/?p=35096#webpage\"},\"commentCount\":0,\"publisher\":{\"@id\":\"https:\/\/revistavitrineibiuna.com.br\/#\/schema\/person\/e51ef49d6d88170ea21ceabff3f73deb\"},\"image\":{\"@id\":\"http:\/\/revistavitrineibiuna.com.br\/?p=35096#primaryimage\"},\"articleSection\":\"Not\\u00edcias\",\"inLanguage\":\"pt-BR\",\"potentialAction\":[{\"@type\":\"CommentAction\",\"name\":\"Comment\",\"target\":[\"http:\/\/revistavitrineibiuna.com.br\/?p=35096#respond\"]}]},{\"@type\":[\"Person\",\"Organization\"],\"@id\":\"https:\/\/revistavitrineibiuna.com.br\/#\/schema\/person\/e51ef49d6d88170ea21ceabff3f73deb\",\"name\":\"Carlos Rossini\",\"image\":{\"@type\":\"ImageObject\",\"@id\":\"https:\/\/revistavitrineibiuna.com.br\/#personlogo\",\"inLanguage\":\"pt-BR\",\"url\":\"https:\/\/secure.gravatar.com\/avatar\/4f2d0f99fac1f85c7d643f21f5c8d900?s=96&d=mm&r=g\",\"caption\":\"Carlos Rossini\"},\"logo\":{\"@id\":\"https:\/\/revistavitrineibiuna.com.br\/#personlogo\"},\"description\":\"Carlos Rossini \\u00e9 jornalista, soci\\u00f3logo, escritor e professor universit\\u00e1rio, tendo sido professor de jornalismo por vinte anos. Trabalhou em ve\\u00edculos de comunica\\u00e7\\u00e3o nas fun\\u00e7\\u00f5es de rep\\u00f3rter, redator, editor, articulista e colaborador, como Folha de S. Paulo, O Estado de S. Paulo, Di\\u00e1rio Popular, entre outros. Ao transferir a revista vitrine, vers\\u00e3o imprensa, de S\\u00e3o Paulo para Ibi\\u00fana h\\u00e1 alguns anos, iniciou uma nova experi\\u00eancia profissional, dedicando-se ao jornalismo regional, depois de cumprir uma trajet\\u00f3ria bem-sucedida na grande imprensa brasileira. Seu primeiro livro A Coragem de Comunicar foi lan\\u00e7ado na Bienal do Livro em S\\u00e3o Paulo no ano 2000, pela editora Madras.\"}]}<\/script>\n<!-- \/ Yoast SEO plugin. -->","_links":{"self":[{"href":"https:\/\/revistavitrineibiuna.com.br\/index.php?rest_route=\/wp\/v2\/posts\/35096"}],"collection":[{"href":"https:\/\/revistavitrineibiuna.com.br\/index.php?rest_route=\/wp\/v2\/posts"}],"about":[{"href":"https:\/\/revistavitrineibiuna.com.br\/index.php?rest_route=\/wp\/v2\/types\/post"}],"author":[{"embeddable":true,"href":"https:\/\/revistavitrineibiuna.com.br\/index.php?rest_route=\/wp\/v2\/users\/1"}],"replies":[{"embeddable":true,"href":"https:\/\/revistavitrineibiuna.com.br\/index.php?rest_route=%2Fwp%2Fv2%2Fcomments&post=35096"}],"version-history":[{"count":4,"href":"https:\/\/revistavitrineibiuna.com.br\/index.php?rest_route=\/wp\/v2\/posts\/35096\/revisions"}],"predecessor-version":[{"id":35102,"href":"https:\/\/revistavitrineibiuna.com.br\/index.php?rest_route=\/wp\/v2\/posts\/35096\/revisions\/35102"}],"wp:featuredmedia":[{"embeddable":true,"href":"https:\/\/revistavitrineibiuna.com.br\/index.php?rest_route=\/wp\/v2\/media\/35097"}],"wp:attachment":[{"href":"https:\/\/revistavitrineibiuna.com.br\/index.php?rest_route=%2Fwp%2Fv2%2Fmedia&parent=35096"}],"wp:term":[{"taxonomy":"category","embeddable":true,"href":"https:\/\/revistavitrineibiuna.com.br\/index.php?rest_route=%2Fwp%2Fv2%2Fcategories&post=35096"},{"taxonomy":"post_tag","embeddable":true,"href":"https:\/\/revistavitrineibiuna.com.br\/index.php?rest_route=%2Fwp%2Fv2%2Ftags&post=35096"}],"curies":[{"name":"wp","href":"https:\/\/api.w.org\/{rel}","templated":true}]}}