{"id":35103,"date":"2026-03-14T21:37:53","date_gmt":"2026-03-15T00:37:53","guid":{"rendered":"http:\/\/revistavitrineibiuna.com.br\/?p=35103"},"modified":"2026-03-14T21:56:11","modified_gmt":"2026-03-15T00:56:11","slug":"ibiuna-licitacao-da-saude-requer-mais-transparencia","status":"publish","type":"post","link":"https:\/\/revistavitrineibiuna.com.br\/?p=35103","title":{"rendered":"IBI\u00daNA \u2013 LICITA\u00c7\u00c3O DA SA\u00daDE REQUER MAIS TRANSPAR\u00caNCIA"},"content":{"rendered":"\n<p class=\"has-drop-cap\"><strong>Tradicionalmente, os governantes de Ibi\u00fana s\u00e3o avarentos no que diz respeito a informar bem a popula\u00e7\u00e3o.<\/strong><\/p>\n\n\n\n<p><strong>Preferem, em vez disso, disparar v\u00eddeos mostrando not\u00edcias auspiciosas sobre seus feitos relacionados a acontecimentos futuros, ainda que possam nem acontecer, como \u00e9 o caso do famigerado teatro municipal do Alto da Figueira, envolto numa aura de mist\u00e9rio.<\/strong><\/p>\n\n\n\n<p><strong>Quando percebem que seu prest\u00edgio est\u00e1 na berlinda, se apressam a falar de coisas que todos sabem, como a p\u00e9ssima situa\u00e7\u00e3o das estradas municipais, e fazer um ros\u00e1rio de promessas de coisas boas que v\u00e3o acontecer.<\/strong><\/p>\n\n\n\n<p><strong>Sabemos que \u00e9 dif\u00edcil ser eficiente em a\u00e7\u00f5es para uma situa\u00e7\u00e3o complexa envolvendo um munic\u00edpio com mais de mil quil\u00f4metros quadrados, a popula\u00e7\u00e3o espalhada por dezenas de bairros afastados e a cr\u00f4nica inefici\u00eancia na presta\u00e7\u00e3o de servi\u00e7os \u00e0 popula\u00e7\u00e3o, especialmente na \u00e1rea da sa\u00fade, o mais grave entre todos os problemas que desafiam a sociedade ibiunense.<\/strong><\/p>\n\n\n\n<p><strong>AUTOPROMO\u00c7\u00c3O<\/strong><\/p>\n\n\n\n<p><strong>A prefeitura tem insistido em promover seu servi\u00e7o de divulga\u00e7\u00e3o oficial, convidando o povo a segui-la por esse meio, mas se esquece da import\u00e2ncia de respeitar o jornalismo independente que, por n\u00e3o ter o rabo preso com as autoridades, \u00e9 potencialmente um contraponto importante e saud\u00e1vel.<\/strong><\/p>\n\n\n\n<p><strong>Ora, despejar sobre a popula\u00e7\u00e3o apenas not\u00edcias auspiciosas, n\u00e3o \u00e9 exatamente o que importa do ponto de vista do direito \u00e0 informa\u00e7\u00e3o que todos os cidad\u00e3os t\u00eam para orientar seus comportamentos sociais relacionados \u00e0 gest\u00e3o da cidade.<\/strong><\/p>\n\n\n\n<p><strong>Acabamos de ver o prefeito de Piedade dizer que, em vez de gastar dinheiro contratando shows com artistas famosos para a festa de anivers\u00e1rio da cidade e, por isso mais custosos, decidiu prestigiar as pratas da casa.<\/strong><\/p>\n\n\n\n<p><strong>O mais importante \u00e9 o destino dado aos recursos economizados: compra de uma m\u00e1quina para melhorar as condi\u00e7\u00f5es das estradas e para implanta\u00e7\u00e3o de c\u00e2meras de reconhecimento facial para melhorar as condi\u00e7\u00f5es de seguran\u00e7a na cidade.<\/strong><\/p>\n\n\n\n<p><strong>LICITA\u00c7\u00c3O DO HMI<\/strong><\/p>\n\n\n\n<p><strong>Vitrine online teve que se virar nos trinta para poder divulgar [e o fez com exclusividade], como ve\u00edculo de imprensa, o resultado da licita\u00e7\u00e3o para contratar organiza\u00e7\u00e3o para gerir o Hospital Municipal de Ibi\u00fana, apesar de solicitar informa\u00e7\u00f5es com anteced\u00eancia, receber a promessa de retorno, e aguardar o prometido em v\u00e3o, mais uma vez.<\/strong><\/p>\n\n\n\n<p><strong>A not\u00edcia foi divulgada como fato relevante porque a sa\u00fade p\u00fablica, insistimos, continua sendo o problema n\u00famero 1 do munic\u00edpio. Basta ver as manifesta\u00e7\u00f5es populares nas redes sociais.<\/strong><\/p>\n\n\n\n<p><strong>Isso mostra como as autoridades se enganam ao quererem aparentemente manter o monop\u00f3lio no controle das informa\u00e7\u00f5es consumidas pelo p\u00fablico.<\/strong><\/p>\n\n\n\n<p><strong>Em vez disso deveriam prospectar cientificamente como est\u00e3o sendo avaliadas pela opini\u00e3o p\u00fablica, embora haja sinais evidentes de que estejam cientes da realidade que transborda das conversas com cidad\u00e3os e cidad\u00e3s, onde quer que estejam.<\/strong><\/p>\n\n\n\n<p><strong>Uma licita\u00e7\u00e3o t\u00e3o importante deveria ser objeto da mais elementar clareza porque excede a medida do compartimento em que pretendem mant\u00ea-la. E transpar\u00eancia n\u00e3o \u00e9 o forte dos nossos tradicionais governantes. (C.R.)<\/strong><\/p>\n","protected":false},"excerpt":{"rendered":"<p>Tradicionalmente, os governantes de Ibi\u00fana s\u00e3o avarentos no que diz respeito a informar bem a popula\u00e7\u00e3o. Preferem, em vez disso,<\/p>\n","protected":false},"author":1,"featured_media":35104,"comment_status":"open","ping_status":"open","sticky":false,"template":"","format":"standard","meta":[],"categories":[3],"tags":[],"yoast_head":"<!-- This site is optimized with the Yoast SEO plugin v15.8 - https:\/\/yoast.com\/wordpress\/plugins\/seo\/ -->\n<title>IBI\u00daNA \u2013 LICITA\u00c7\u00c3O DA SA\u00daDE REQUER MAIS TRANSPAR\u00caNCIA - Revista Vitrine Online<\/title>\n<meta name=\"robots\" content=\"index, follow, max-snippet:-1, max-image-preview:large, max-video-preview:-1\" \/>\n<link rel=\"canonical\" href=\"http:\/\/revistavitrineibiuna.com.br\/?p=35103\" \/>\n<meta property=\"og:locale\" content=\"pt_BR\" \/>\n<meta property=\"og:type\" content=\"article\" \/>\n<meta property=\"og:title\" content=\"IBI\u00daNA \u2013 LICITA\u00c7\u00c3O DA SA\u00daDE REQUER MAIS TRANSPAR\u00caNCIA - Revista Vitrine Online\" \/>\n<meta property=\"og:description\" content=\"Tradicionalmente, os governantes de Ibi\u00fana s\u00e3o avarentos no que diz respeito a informar bem a popula\u00e7\u00e3o. Preferem, em vez disso,\" \/>\n<meta property=\"og:url\" content=\"http:\/\/revistavitrineibiuna.com.br\/?p=35103\" \/>\n<meta property=\"og:site_name\" content=\"Revista Vitrine Online\" \/>\n<meta property=\"article:published_time\" content=\"2026-03-15T00:37:53+00:00\" \/>\n<meta property=\"article:modified_time\" content=\"2026-03-15T00:56:11+00:00\" \/>\n<meta property=\"og:image\" content=\"https:\/\/revistavitrineibiuna.com.br\/wp-content\/uploads\/2026\/03\/visao-noturna-do-hospital.png\" \/>\n\t<meta property=\"og:image:width\" content=\"537\" \/>\n\t<meta property=\"og:image:height\" content=\"353\" \/>\n<meta name=\"twitter:card\" content=\"summary\" \/>\n<meta name=\"twitter:label1\" content=\"Est. reading time\">\n\t<meta name=\"twitter:data1\" content=\"3 minutos\">\n<script type=\"application\/ld+json\" class=\"yoast-schema-graph\">{\"@context\":\"https:\/\/schema.org\",\"@graph\":[{\"@type\":\"WebSite\",\"@id\":\"https:\/\/revistavitrineibiuna.com.br\/#website\",\"url\":\"https:\/\/revistavitrineibiuna.com.br\/\",\"name\":\"Revista Vitrine Ibi\\u00fana\",\"description\":\"A Revista de Ibi\\u00fana e Regi\\u00e3o\",\"publisher\":{\"@id\":\"https:\/\/revistavitrineibiuna.com.br\/#\/schema\/person\/e51ef49d6d88170ea21ceabff3f73deb\"},\"potentialAction\":[{\"@type\":\"SearchAction\",\"target\":\"https:\/\/revistavitrineibiuna.com.br\/?s={search_term_string}\",\"query-input\":\"required name=search_term_string\"}],\"inLanguage\":\"pt-BR\"},{\"@type\":\"ImageObject\",\"@id\":\"http:\/\/revistavitrineibiuna.com.br\/?p=35103#primaryimage\",\"inLanguage\":\"pt-BR\",\"url\":\"https:\/\/revistavitrineibiuna.com.br\/wp-content\/uploads\/2026\/03\/visao-noturna-do-hospital.png\",\"width\":537,\"height\":353},{\"@type\":\"WebPage\",\"@id\":\"http:\/\/revistavitrineibiuna.com.br\/?p=35103#webpage\",\"url\":\"http:\/\/revistavitrineibiuna.com.br\/?p=35103\",\"name\":\"IBI\\u00daNA \\u2013 LICITA\\u00c7\\u00c3O DA SA\\u00daDE REQUER MAIS TRANSPAR\\u00caNCIA - Revista Vitrine Online\",\"isPartOf\":{\"@id\":\"https:\/\/revistavitrineibiuna.com.br\/#website\"},\"primaryImageOfPage\":{\"@id\":\"http:\/\/revistavitrineibiuna.com.br\/?p=35103#primaryimage\"},\"datePublished\":\"2026-03-15T00:37:53+00:00\",\"dateModified\":\"2026-03-15T00:56:11+00:00\",\"breadcrumb\":{\"@id\":\"http:\/\/revistavitrineibiuna.com.br\/?p=35103#breadcrumb\"},\"inLanguage\":\"pt-BR\",\"potentialAction\":[{\"@type\":\"ReadAction\",\"target\":[\"http:\/\/revistavitrineibiuna.com.br\/?p=35103\"]}]},{\"@type\":\"BreadcrumbList\",\"@id\":\"http:\/\/revistavitrineibiuna.com.br\/?p=35103#breadcrumb\",\"itemListElement\":[{\"@type\":\"ListItem\",\"position\":1,\"item\":{\"@type\":\"WebPage\",\"@id\":\"https:\/\/revistavitrineibiuna.com.br\/\",\"url\":\"https:\/\/revistavitrineibiuna.com.br\/\",\"name\":\"In\\u00edcio\"}},{\"@type\":\"ListItem\",\"position\":2,\"item\":{\"@type\":\"WebPage\",\"@id\":\"http:\/\/revistavitrineibiuna.com.br\/?p=35103\",\"url\":\"http:\/\/revistavitrineibiuna.com.br\/?p=35103\",\"name\":\"IBI\\u00daNA \\u2013 LICITA\\u00c7\\u00c3O DA SA\\u00daDE REQUER MAIS TRANSPAR\\u00caNCIA\"}}]},{\"@type\":\"Article\",\"@id\":\"http:\/\/revistavitrineibiuna.com.br\/?p=35103#article\",\"isPartOf\":{\"@id\":\"http:\/\/revistavitrineibiuna.com.br\/?p=35103#webpage\"},\"author\":{\"@id\":\"https:\/\/revistavitrineibiuna.com.br\/#\/schema\/person\/e51ef49d6d88170ea21ceabff3f73deb\"},\"headline\":\"IBI\\u00daNA \\u2013 LICITA\\u00c7\\u00c3O DA SA\\u00daDE REQUER MAIS TRANSPAR\\u00caNCIA\",\"datePublished\":\"2026-03-15T00:37:53+00:00\",\"dateModified\":\"2026-03-15T00:56:11+00:00\",\"mainEntityOfPage\":{\"@id\":\"http:\/\/revistavitrineibiuna.com.br\/?p=35103#webpage\"},\"commentCount\":0,\"publisher\":{\"@id\":\"https:\/\/revistavitrineibiuna.com.br\/#\/schema\/person\/e51ef49d6d88170ea21ceabff3f73deb\"},\"image\":{\"@id\":\"http:\/\/revistavitrineibiuna.com.br\/?p=35103#primaryimage\"},\"articleSection\":\"Not\\u00edcias\",\"inLanguage\":\"pt-BR\",\"potentialAction\":[{\"@type\":\"CommentAction\",\"name\":\"Comment\",\"target\":[\"http:\/\/revistavitrineibiuna.com.br\/?p=35103#respond\"]}]},{\"@type\":[\"Person\",\"Organization\"],\"@id\":\"https:\/\/revistavitrineibiuna.com.br\/#\/schema\/person\/e51ef49d6d88170ea21ceabff3f73deb\",\"name\":\"Carlos Rossini\",\"image\":{\"@type\":\"ImageObject\",\"@id\":\"https:\/\/revistavitrineibiuna.com.br\/#personlogo\",\"inLanguage\":\"pt-BR\",\"url\":\"https:\/\/secure.gravatar.com\/avatar\/4f2d0f99fac1f85c7d643f21f5c8d900?s=96&d=mm&r=g\",\"caption\":\"Carlos Rossini\"},\"logo\":{\"@id\":\"https:\/\/revistavitrineibiuna.com.br\/#personlogo\"},\"description\":\"Carlos Rossini \\u00e9 jornalista, soci\\u00f3logo, escritor e professor universit\\u00e1rio, tendo sido professor de jornalismo por vinte anos. Trabalhou em ve\\u00edculos de comunica\\u00e7\\u00e3o nas fun\\u00e7\\u00f5es de rep\\u00f3rter, redator, editor, articulista e colaborador, como Folha de S. Paulo, O Estado de S. Paulo, Di\\u00e1rio Popular, entre outros. Ao transferir a revista vitrine, vers\\u00e3o imprensa, de S\\u00e3o Paulo para Ibi\\u00fana h\\u00e1 alguns anos, iniciou uma nova experi\\u00eancia profissional, dedicando-se ao jornalismo regional, depois de cumprir uma trajet\\u00f3ria bem-sucedida na grande imprensa brasileira. Seu primeiro livro A Coragem de Comunicar foi lan\\u00e7ado na Bienal do Livro em S\\u00e3o Paulo no ano 2000, pela editora Madras.\"}]}<\/script>\n<!-- \/ Yoast SEO plugin. -->","_links":{"self":[{"href":"https:\/\/revistavitrineibiuna.com.br\/index.php?rest_route=\/wp\/v2\/posts\/35103"}],"collection":[{"href":"https:\/\/revistavitrineibiuna.com.br\/index.php?rest_route=\/wp\/v2\/posts"}],"about":[{"href":"https:\/\/revistavitrineibiuna.com.br\/index.php?rest_route=\/wp\/v2\/types\/post"}],"author":[{"embeddable":true,"href":"https:\/\/revistavitrineibiuna.com.br\/index.php?rest_route=\/wp\/v2\/users\/1"}],"replies":[{"embeddable":true,"href":"https:\/\/revistavitrineibiuna.com.br\/index.php?rest_route=%2Fwp%2Fv2%2Fcomments&post=35103"}],"version-history":[{"count":3,"href":"https:\/\/revistavitrineibiuna.com.br\/index.php?rest_route=\/wp\/v2\/posts\/35103\/revisions"}],"predecessor-version":[{"id":35107,"href":"https:\/\/revistavitrineibiuna.com.br\/index.php?rest_route=\/wp\/v2\/posts\/35103\/revisions\/35107"}],"wp:featuredmedia":[{"embeddable":true,"href":"https:\/\/revistavitrineibiuna.com.br\/index.php?rest_route=\/wp\/v2\/media\/35104"}],"wp:attachment":[{"href":"https:\/\/revistavitrineibiuna.com.br\/index.php?rest_route=%2Fwp%2Fv2%2Fmedia&parent=35103"}],"wp:term":[{"taxonomy":"category","embeddable":true,"href":"https:\/\/revistavitrineibiuna.com.br\/index.php?rest_route=%2Fwp%2Fv2%2Fcategories&post=35103"},{"taxonomy":"post_tag","embeddable":true,"href":"https:\/\/revistavitrineibiuna.com.br\/index.php?rest_route=%2Fwp%2Fv2%2Ftags&post=35103"}],"curies":[{"name":"wp","href":"https:\/\/api.w.org\/{rel}","templated":true}]}}