{"id":35112,"date":"2026-03-18T11:09:54","date_gmt":"2026-03-18T14:09:54","guid":{"rendered":"http:\/\/revistavitrineibiuna.com.br\/?p=35112"},"modified":"2026-03-18T12:16:27","modified_gmt":"2026-03-18T15:16:27","slug":"por-que-os-politicos-nao-se-importam-com-que-os-outros-pensam","status":"publish","type":"post","link":"https:\/\/revistavitrineibiuna.com.br\/?p=35112","title":{"rendered":"POR QUE OS POL\u00cdTICOS N\u00c3O SE IMPORTAM COM O QUE OS OUTROS PENSAM"},"content":{"rendered":"\n<p class=\"has-drop-cap\"><strong>\u201cLo que opinen los dem\u00e1s me da igual.\u201d<\/strong><\/p>\n\n\n\n<p><strong>O fil\u00f3sofo, cientista pol\u00edtico, escritor e ex-ministro da Educa\u00e7\u00e3o Renato Janine Ribeiro avaliou que a essa foi melhor declara\u00e7\u00e3o j\u00e1 feita por um diretor de SAC [Servi\u00e7o de Atendimento ao Cliente] de uma empresa.<\/strong><\/p>\n\n\n\n<p><strong>Traduzida para o portugu\u00eas, essa express\u00e3o pode ter os seguintes significados:<\/strong><\/p>\n\n\n\n<p><strong>\u201cO que os outros opinam, para mim \u00e9 igual.\u201d [esta \u00e9 a forma mais direta]<\/strong><\/p>\n\n\n\n<p><strong>\u201cEu n\u00e3o me importo com o que os outros pensam.\u201d<\/strong><\/p>\n\n\n\n<p><strong>\u201cTanto\u00a0 me faz o que os outros\u00a0 pensam.\u201d<\/strong><\/p>\n\n\n\n<p><strong>Em suma, a frase indica a indiferen\u00e7a total em rela\u00e7\u00e3o \u00e0 opini\u00e3o alheia.<\/strong><\/p>\n\n\n\n<p><strong>POL\u00cdTICOS EM A\u00c7\u00c3O<\/strong><\/p>\n\n\n\n<p><strong>A declara\u00e7\u00e3o do executivo da empresa, com a devida licen\u00e7a po\u00e9tica, cabe como m\u00e3o e luva na conduta dos pol\u00edticos, o que lhes confere sobejamente o ep\u00edteto de caras de pau, pelo cinismo como agem rotineiramente.<\/strong><\/p>\n\n\n\n<p><strong>Eles, como ningu\u00e9m, utilizam esse modo de encarar, sobretudo os coment\u00e1rios que lhes s\u00e3o adversos que sempre s\u00e3o atribu\u00eddos a intriga da oposi\u00e7\u00e3o, o que n\u00e3o corresponde \u00e0 realidade, pois muitos t\u00eam origem em problemas reais que afetam a popula\u00e7\u00e3o.<\/strong><\/p>\n\n\n\n<p><strong>Pol\u00edticos, mesmo havendo exce\u00e7\u00f5es, escondem sentimentos entre quatro paredes. Chegam a ficar furiosos, mas acabam se vingando com o desfrute das benesses e confortos proporcionados pelo poder sustentado pelo dinheiro p\u00fablico.<\/strong><\/p>\n\n\n\n<p><strong>Mill\u00f4r Fernandes, famoso intelectual brasileiro, j\u00e1 havia consagrado uma de suas c\u00e9lebres frases, em outro contexto:<\/strong><\/p>\n\n\n\n<p><strong>\u201cViver bem \u00e9 a melhor vingan\u00e7a.\u201d<\/strong><\/p>\n\n\n\n<p><strong>\u00c9 essa a arma dos pol\u00edticos a fim de n\u00e3o dar satisfa\u00e7\u00e3o aos seus detratores.<\/strong><\/p>\n\n\n\n<p><strong>Por isso, quando um pol\u00edtico sorrir e vir at\u00e9 voc\u00ea e dar um tapinha nas suas costas, n\u00e3o se deixe enganar. Essa \u00e9 uma forma de exercer o poder, mesmo que&nbsp; por dentro ele esteja com outro pensamento.<\/strong><\/p>\n\n\n\n<p><strong>Se voc\u00ea, leitor, identificar alguma semelhan\u00e7a entre o que foi escrito aqui com pol\u00edticos de sua cidade, saiba que poder\u00e1 ou&nbsp; n\u00e3o ser mera coincid\u00eancia.<\/strong><\/p>\n\n\n\n<p><strong>Afinal, vivemos todos sob o teto dos mesmos h\u00e1bitos impostos pelos pol\u00edticos que, velhas raposas ou \u00e0s vezes at\u00e9 alguns principiantes, t\u00eam o mesmo DNA correndo nas veias.<\/strong><\/p>\n\n\n\n<p><strong>Eles precisam fingir que est\u00e3o preocupados com a sua opini\u00e3o e com suas cr\u00edticas. (Carlos Rossini \u00e9 jornalista)<\/strong><\/p>\n","protected":false},"excerpt":{"rendered":"<p>\u201cLo que opinen los dem\u00e1s me da igual.\u201d O fil\u00f3sofo, cientista pol\u00edtico, escritor e ex-ministro da Educa\u00e7\u00e3o Renato Janine Ribeiro<\/p>\n","protected":false},"author":1,"featured_media":35113,"comment_status":"open","ping_status":"open","sticky":false,"template":"","format":"standard","meta":[],"categories":[3],"tags":[],"yoast_head":"<!-- This site is optimized with the Yoast SEO plugin v15.8 - https:\/\/yoast.com\/wordpress\/plugins\/seo\/ -->\n<title>POR QUE OS POL\u00cdTICOS N\u00c3O SE IMPORTAM COM O QUE OS OUTROS PENSAM - Revista Vitrine Online<\/title>\n<meta name=\"robots\" content=\"index, follow, max-snippet:-1, max-image-preview:large, max-video-preview:-1\" \/>\n<link rel=\"canonical\" href=\"http:\/\/revistavitrineibiuna.com.br\/?p=35112\" \/>\n<meta property=\"og:locale\" content=\"pt_BR\" \/>\n<meta property=\"og:type\" content=\"article\" \/>\n<meta property=\"og:title\" content=\"POR QUE OS POL\u00cdTICOS N\u00c3O SE IMPORTAM COM O QUE OS OUTROS PENSAM - Revista Vitrine Online\" \/>\n<meta property=\"og:description\" content=\"\u201cLo que opinen los dem\u00e1s me da igual.\u201d O fil\u00f3sofo, cientista pol\u00edtico, escritor e ex-ministro da Educa\u00e7\u00e3o Renato Janine Ribeiro\" \/>\n<meta property=\"og:url\" content=\"http:\/\/revistavitrineibiuna.com.br\/?p=35112\" \/>\n<meta property=\"og:site_name\" content=\"Revista Vitrine Online\" \/>\n<meta property=\"article:published_time\" content=\"2026-03-18T14:09:54+00:00\" \/>\n<meta property=\"article:modified_time\" content=\"2026-03-18T15:16:27+00:00\" \/>\n<meta property=\"og:image\" content=\"https:\/\/revistavitrineibiuna.com.br\/wp-content\/uploads\/2026\/03\/cinismo-dos-politicos.png\" \/>\n\t<meta property=\"og:image:width\" content=\"700\" \/>\n\t<meta property=\"og:image:height\" content=\"437\" \/>\n<meta name=\"twitter:card\" content=\"summary\" \/>\n<meta name=\"twitter:label1\" content=\"Est. reading time\">\n\t<meta name=\"twitter:data1\" content=\"2 minutos\">\n<script type=\"application\/ld+json\" class=\"yoast-schema-graph\">{\"@context\":\"https:\/\/schema.org\",\"@graph\":[{\"@type\":\"WebSite\",\"@id\":\"https:\/\/revistavitrineibiuna.com.br\/#website\",\"url\":\"https:\/\/revistavitrineibiuna.com.br\/\",\"name\":\"Revista Vitrine Ibi\\u00fana\",\"description\":\"A Revista de Ibi\\u00fana e Regi\\u00e3o\",\"publisher\":{\"@id\":\"https:\/\/revistavitrineibiuna.com.br\/#\/schema\/person\/e51ef49d6d88170ea21ceabff3f73deb\"},\"potentialAction\":[{\"@type\":\"SearchAction\",\"target\":\"https:\/\/revistavitrineibiuna.com.br\/?s={search_term_string}\",\"query-input\":\"required name=search_term_string\"}],\"inLanguage\":\"pt-BR\"},{\"@type\":\"ImageObject\",\"@id\":\"http:\/\/revistavitrineibiuna.com.br\/?p=35112#primaryimage\",\"inLanguage\":\"pt-BR\",\"url\":\"https:\/\/revistavitrineibiuna.com.br\/wp-content\/uploads\/2026\/03\/cinismo-dos-politicos.png\",\"width\":700,\"height\":437},{\"@type\":\"WebPage\",\"@id\":\"http:\/\/revistavitrineibiuna.com.br\/?p=35112#webpage\",\"url\":\"http:\/\/revistavitrineibiuna.com.br\/?p=35112\",\"name\":\"POR QUE OS POL\\u00cdTICOS N\\u00c3O SE IMPORTAM COM O QUE OS OUTROS PENSAM - Revista Vitrine Online\",\"isPartOf\":{\"@id\":\"https:\/\/revistavitrineibiuna.com.br\/#website\"},\"primaryImageOfPage\":{\"@id\":\"http:\/\/revistavitrineibiuna.com.br\/?p=35112#primaryimage\"},\"datePublished\":\"2026-03-18T14:09:54+00:00\",\"dateModified\":\"2026-03-18T15:16:27+00:00\",\"breadcrumb\":{\"@id\":\"http:\/\/revistavitrineibiuna.com.br\/?p=35112#breadcrumb\"},\"inLanguage\":\"pt-BR\",\"potentialAction\":[{\"@type\":\"ReadAction\",\"target\":[\"http:\/\/revistavitrineibiuna.com.br\/?p=35112\"]}]},{\"@type\":\"BreadcrumbList\",\"@id\":\"http:\/\/revistavitrineibiuna.com.br\/?p=35112#breadcrumb\",\"itemListElement\":[{\"@type\":\"ListItem\",\"position\":1,\"item\":{\"@type\":\"WebPage\",\"@id\":\"https:\/\/revistavitrineibiuna.com.br\/\",\"url\":\"https:\/\/revistavitrineibiuna.com.br\/\",\"name\":\"In\\u00edcio\"}},{\"@type\":\"ListItem\",\"position\":2,\"item\":{\"@type\":\"WebPage\",\"@id\":\"http:\/\/revistavitrineibiuna.com.br\/?p=35112\",\"url\":\"http:\/\/revistavitrineibiuna.com.br\/?p=35112\",\"name\":\"POR QUE OS POL\\u00cdTICOS N\\u00c3O SE IMPORTAM COM O QUE OS OUTROS PENSAM\"}}]},{\"@type\":\"Article\",\"@id\":\"http:\/\/revistavitrineibiuna.com.br\/?p=35112#article\",\"isPartOf\":{\"@id\":\"http:\/\/revistavitrineibiuna.com.br\/?p=35112#webpage\"},\"author\":{\"@id\":\"https:\/\/revistavitrineibiuna.com.br\/#\/schema\/person\/e51ef49d6d88170ea21ceabff3f73deb\"},\"headline\":\"POR QUE OS POL\\u00cdTICOS N\\u00c3O SE IMPORTAM COM O QUE OS OUTROS PENSAM\",\"datePublished\":\"2026-03-18T14:09:54+00:00\",\"dateModified\":\"2026-03-18T15:16:27+00:00\",\"mainEntityOfPage\":{\"@id\":\"http:\/\/revistavitrineibiuna.com.br\/?p=35112#webpage\"},\"commentCount\":0,\"publisher\":{\"@id\":\"https:\/\/revistavitrineibiuna.com.br\/#\/schema\/person\/e51ef49d6d88170ea21ceabff3f73deb\"},\"image\":{\"@id\":\"http:\/\/revistavitrineibiuna.com.br\/?p=35112#primaryimage\"},\"articleSection\":\"Not\\u00edcias\",\"inLanguage\":\"pt-BR\",\"potentialAction\":[{\"@type\":\"CommentAction\",\"name\":\"Comment\",\"target\":[\"http:\/\/revistavitrineibiuna.com.br\/?p=35112#respond\"]}]},{\"@type\":[\"Person\",\"Organization\"],\"@id\":\"https:\/\/revistavitrineibiuna.com.br\/#\/schema\/person\/e51ef49d6d88170ea21ceabff3f73deb\",\"name\":\"Carlos Rossini\",\"image\":{\"@type\":\"ImageObject\",\"@id\":\"https:\/\/revistavitrineibiuna.com.br\/#personlogo\",\"inLanguage\":\"pt-BR\",\"url\":\"https:\/\/secure.gravatar.com\/avatar\/4f2d0f99fac1f85c7d643f21f5c8d900?s=96&d=mm&r=g\",\"caption\":\"Carlos Rossini\"},\"logo\":{\"@id\":\"https:\/\/revistavitrineibiuna.com.br\/#personlogo\"},\"description\":\"Carlos Rossini \\u00e9 jornalista, soci\\u00f3logo, escritor e professor universit\\u00e1rio, tendo sido professor de jornalismo por vinte anos. Trabalhou em ve\\u00edculos de comunica\\u00e7\\u00e3o nas fun\\u00e7\\u00f5es de rep\\u00f3rter, redator, editor, articulista e colaborador, como Folha de S. Paulo, O Estado de S. Paulo, Di\\u00e1rio Popular, entre outros. Ao transferir a revista vitrine, vers\\u00e3o imprensa, de S\\u00e3o Paulo para Ibi\\u00fana h\\u00e1 alguns anos, iniciou uma nova experi\\u00eancia profissional, dedicando-se ao jornalismo regional, depois de cumprir uma trajet\\u00f3ria bem-sucedida na grande imprensa brasileira. Seu primeiro livro A Coragem de Comunicar foi lan\\u00e7ado na Bienal do Livro em S\\u00e3o Paulo no ano 2000, pela editora Madras.\"}]}<\/script>\n<!-- \/ Yoast SEO plugin. -->","_links":{"self":[{"href":"https:\/\/revistavitrineibiuna.com.br\/index.php?rest_route=\/wp\/v2\/posts\/35112"}],"collection":[{"href":"https:\/\/revistavitrineibiuna.com.br\/index.php?rest_route=\/wp\/v2\/posts"}],"about":[{"href":"https:\/\/revistavitrineibiuna.com.br\/index.php?rest_route=\/wp\/v2\/types\/post"}],"author":[{"embeddable":true,"href":"https:\/\/revistavitrineibiuna.com.br\/index.php?rest_route=\/wp\/v2\/users\/1"}],"replies":[{"embeddable":true,"href":"https:\/\/revistavitrineibiuna.com.br\/index.php?rest_route=%2Fwp%2Fv2%2Fcomments&post=35112"}],"version-history":[{"count":3,"href":"https:\/\/revistavitrineibiuna.com.br\/index.php?rest_route=\/wp\/v2\/posts\/35112\/revisions"}],"predecessor-version":[{"id":35116,"href":"https:\/\/revistavitrineibiuna.com.br\/index.php?rest_route=\/wp\/v2\/posts\/35112\/revisions\/35116"}],"wp:featuredmedia":[{"embeddable":true,"href":"https:\/\/revistavitrineibiuna.com.br\/index.php?rest_route=\/wp\/v2\/media\/35113"}],"wp:attachment":[{"href":"https:\/\/revistavitrineibiuna.com.br\/index.php?rest_route=%2Fwp%2Fv2%2Fmedia&parent=35112"}],"wp:term":[{"taxonomy":"category","embeddable":true,"href":"https:\/\/revistavitrineibiuna.com.br\/index.php?rest_route=%2Fwp%2Fv2%2Fcategories&post=35112"},{"taxonomy":"post_tag","embeddable":true,"href":"https:\/\/revistavitrineibiuna.com.br\/index.php?rest_route=%2Fwp%2Fv2%2Ftags&post=35112"}],"curies":[{"name":"wp","href":"https:\/\/api.w.org\/{rel}","templated":true}]}}