{"id":35120,"date":"2026-03-20T06:36:42","date_gmt":"2026-03-20T09:36:42","guid":{"rendered":"http:\/\/revistavitrineibiuna.com.br\/?p=35120"},"modified":"2026-03-20T10:51:26","modified_gmt":"2026-03-20T13:51:26","slug":"feliz-169-anos-ibiuna-eis-meu-presente-para-nossa-querida-cidade","status":"publish","type":"post","link":"https:\/\/revistavitrineibiuna.com.br\/?p=35120","title":{"rendered":"FELIZ 169 ANOS IBI\u00daNA! \u2013 EIS MEU PRESENTE PARA NOSSA QUERIDA CIDADE"},"content":{"rendered":"\n<p class=\"has-drop-cap\"><strong>Nesta ter\u00e7a-feira (24) Ibi\u00fana comemora seu 169<\/strong><strong>\u00ba anivers\u00e1rio e permito-me revelar o presente que vinha guardando em segredo para oferecer nessa data t\u00e3o importante.<\/strong><\/p>\n\n\n\n<p><strong>Antes, por\u00e9m, como deixou claro na TVUNA o historiador Jos\u00e9 Gomes Linense, reitero que essa comemora\u00e7\u00e3o se refere \u00e0 eleva\u00e7\u00e3o da antiga Freguesia de Una \u00e0 categoria de munic\u00edpio.<\/strong><\/p>\n\n\n\n<p><strong>A palavra munic\u00edpio tem origem latina e significa \u2018cidade com leis pr\u00f3prias e cujos habitantes assumem seus deveres com a comunidade\u2019.<\/strong><\/p>\n\n\n\n<p><strong>De modo mais simples, isso significa que os pr\u00f3prios cidad\u00e3os assumem a obriga\u00e7\u00e3o de se governarem. Chique, n\u00e9?<\/strong><\/p>\n\n\n\n<p><strong>Estamos longe do tempo em que a palavra foi criada e obviamente ganhou novos significados at\u00e9 chegarmos aos dias de hoje, com seus pr\u00f3s e contras.<\/strong><\/p>\n\n\n\n<p><strong>Como se sabe, os humanos pensam de maneiras diferentes uns dos outros e nem sempre o significado original da palavra confere com a realidade, isto \u00e9, a maneira de ver deveres pode variar infinitamente.<\/strong><\/p>\n\n\n\n<p><strong>Por isso, na sociedade moderna \u00e9 frequente ocorrer uma disfun\u00e7\u00e3o de princ\u00edpios \u00e9ticos e morais, o que se revela por meio de comportamentos distorcidos em rela\u00e7\u00e3o aos fatos pol\u00edticos dentro da arte de governar.<\/strong><\/p>\n\n\n\n<p><strong>Como h\u00e1 interesses divergentes na sociedade, a arte de governar \u00e9 um desafio constante, o que naturalmente dificulta o exerc\u00edcio do poder pela busca do bem comum.<\/strong><\/p>\n\n\n\n<p><strong>Exatamente por isso, exige de todos aqueles que ousam assumir fun\u00e7\u00f5es p\u00fablicas um senso de s\u00e1bia diplomacia para lidar com sins, talvezes e n\u00e3os.<\/strong><\/p>\n\n\n\n<p><strong>Exatamente por isso, tamb\u00e9m, \u00e9 preciso que de tempos em tempos haja uma reflex\u00e3o cr\u00edtica com o objetivo de se encontrar novas formas de ver a realidade, pois a tradi\u00e7\u00e3o pol\u00edtica habitual, por si s\u00f3, constitui um grande e resistente desafio.<\/strong><\/p>\n\n\n\n<p><strong>Como se sabe o processo de mudan\u00e7a no mundo n\u00e3o para.<\/strong><\/p>\n\n\n\n<p><strong>Enfim, meu presente para os 169 anos de Ibi\u00fana \u00e9 um novo softwere pol\u00edtico, ainda que antes n\u00e3o houvesse nenhum com esse prop\u00f3sito, porque as coisas foram acontecendo pura e simplesmente, com algumas t\u00edmidas tentativas de furar a bolha da tradi\u00e7\u00e3o.<\/strong> <\/p>\n\n\n\n<p><strong>J\u00e1 houve at\u00e9 quem quisesse governar a prefeitura como se fosse uma empresa, cujo prop\u00f3sito \u00e9 gerar lucro<\/strong>,<strong> diferente do escopo de prestar servi\u00e7os de qualidade \u00e0 popula\u00e7\u00e3o<\/strong><\/p>\n\n\n\n<p><strong>Mas o que isso significa? Significa construir um novo conjunto de instru\u00e7\u00f5es pol\u00edtico-administrativas para orientar condutas, tomar decis\u00f5es corajosas e adotar medidas em conson\u00e2ncia e harmonia com a comunidade.<\/strong><\/p>\n\n\n\n<p><strong>A repeti\u00e7\u00e3o de h\u00e1bitos j\u00e1 n\u00e3o se sustenta num mundo tra\u00e7ado pela complexa velocidade dos acontecimentos, da\u00ed o not\u00e1vel descompasso entre os anseios da sociedade e a compet\u00eancia dos gestores p\u00fablicos.<\/strong><\/p>\n\n\n\n<p><strong>Em suma, os part\u00edcipes dos poderes Executivo e Legislativo precisam dar um salto qu\u00e2ntico para ajudarem a criar uma nova maneira de enfrentar os desafios, sem se tornarem ref\u00e9ns de velhos e carcomidos h\u00e1bitos que d\u00e3o a falsa sensa\u00e7\u00e3o de seguran\u00e7a.<\/strong><\/p>\n\n\n\n<p><strong>Reiteramos aqui nossa tese de que um dos dispositivos fundamentais para que possa haver um novo softwere pol\u00edtico em nossa cidade \u00e9 a instaura\u00e7\u00e3o de uma pol\u00edtica de transpar\u00eancia p\u00fablica como nunca existiu. Fora isso, somente teremos mais do mesmo. (Carlos Rossini \u00e9 jornalista)<\/strong><\/p>\n","protected":false},"excerpt":{"rendered":"<p>Nesta ter\u00e7a-feira (24) Ibi\u00fana comemora seu 169\u00ba anivers\u00e1rio e permito-me revelar o presente que vinha guardando em segredo para oferecer<\/p>\n","protected":false},"author":1,"featured_media":35121,"comment_status":"open","ping_status":"open","sticky":false,"template":"","format":"standard","meta":[],"categories":[3],"tags":[],"yoast_head":"<!-- This site is optimized with the Yoast SEO plugin v15.8 - https:\/\/yoast.com\/wordpress\/plugins\/seo\/ -->\n<title>FELIZ 169 ANOS IBI\u00daNA! \u2013 EIS MEU PRESENTE PARA NOSSA QUERIDA CIDADE - Revista Vitrine Online<\/title>\n<meta name=\"robots\" content=\"index, follow, max-snippet:-1, max-image-preview:large, max-video-preview:-1\" \/>\n<link rel=\"canonical\" href=\"http:\/\/revistavitrineibiuna.com.br\/?p=35120\" \/>\n<meta property=\"og:locale\" content=\"pt_BR\" \/>\n<meta property=\"og:type\" content=\"article\" \/>\n<meta property=\"og:title\" content=\"FELIZ 169 ANOS IBI\u00daNA! \u2013 EIS MEU PRESENTE PARA NOSSA QUERIDA CIDADE - Revista Vitrine Online\" \/>\n<meta property=\"og:description\" content=\"Nesta ter\u00e7a-feira (24) Ibi\u00fana comemora seu 169\u00ba anivers\u00e1rio e permito-me revelar o presente que vinha guardando em segredo para oferecer\" \/>\n<meta property=\"og:url\" content=\"http:\/\/revistavitrineibiuna.com.br\/?p=35120\" \/>\n<meta property=\"og:site_name\" content=\"Revista Vitrine Online\" \/>\n<meta property=\"article:published_time\" content=\"2026-03-20T09:36:42+00:00\" \/>\n<meta property=\"article:modified_time\" content=\"2026-03-20T13:51:26+00:00\" \/>\n<meta property=\"og:image\" content=\"https:\/\/revistavitrineibiuna.com.br\/wp-content\/uploads\/2026\/03\/350255911_3509009249311404_6249500423034707736_n.jpg\" \/>\n\t<meta property=\"og:image:width\" content=\"720\" \/>\n\t<meta property=\"og:image:height\" content=\"507\" \/>\n<meta name=\"twitter:card\" content=\"summary\" \/>\n<meta name=\"twitter:label1\" content=\"Est. reading time\">\n\t<meta name=\"twitter:data1\" content=\"3 minutos\">\n<script type=\"application\/ld+json\" class=\"yoast-schema-graph\">{\"@context\":\"https:\/\/schema.org\",\"@graph\":[{\"@type\":\"WebSite\",\"@id\":\"https:\/\/revistavitrineibiuna.com.br\/#website\",\"url\":\"https:\/\/revistavitrineibiuna.com.br\/\",\"name\":\"Revista Vitrine Ibi\\u00fana\",\"description\":\"A Revista de Ibi\\u00fana e Regi\\u00e3o\",\"publisher\":{\"@id\":\"https:\/\/revistavitrineibiuna.com.br\/#\/schema\/person\/e51ef49d6d88170ea21ceabff3f73deb\"},\"potentialAction\":[{\"@type\":\"SearchAction\",\"target\":\"https:\/\/revistavitrineibiuna.com.br\/?s={search_term_string}\",\"query-input\":\"required name=search_term_string\"}],\"inLanguage\":\"pt-BR\"},{\"@type\":\"ImageObject\",\"@id\":\"http:\/\/revistavitrineibiuna.com.br\/?p=35120#primaryimage\",\"inLanguage\":\"pt-BR\",\"url\":\"https:\/\/revistavitrineibiuna.com.br\/wp-content\/uploads\/2026\/03\/350255911_3509009249311404_6249500423034707736_n.jpg\",\"width\":720,\"height\":507},{\"@type\":\"WebPage\",\"@id\":\"http:\/\/revistavitrineibiuna.com.br\/?p=35120#webpage\",\"url\":\"http:\/\/revistavitrineibiuna.com.br\/?p=35120\",\"name\":\"FELIZ 169 ANOS IBI\\u00daNA! \\u2013 EIS MEU PRESENTE PARA NOSSA QUERIDA CIDADE - Revista Vitrine Online\",\"isPartOf\":{\"@id\":\"https:\/\/revistavitrineibiuna.com.br\/#website\"},\"primaryImageOfPage\":{\"@id\":\"http:\/\/revistavitrineibiuna.com.br\/?p=35120#primaryimage\"},\"datePublished\":\"2026-03-20T09:36:42+00:00\",\"dateModified\":\"2026-03-20T13:51:26+00:00\",\"breadcrumb\":{\"@id\":\"http:\/\/revistavitrineibiuna.com.br\/?p=35120#breadcrumb\"},\"inLanguage\":\"pt-BR\",\"potentialAction\":[{\"@type\":\"ReadAction\",\"target\":[\"http:\/\/revistavitrineibiuna.com.br\/?p=35120\"]}]},{\"@type\":\"BreadcrumbList\",\"@id\":\"http:\/\/revistavitrineibiuna.com.br\/?p=35120#breadcrumb\",\"itemListElement\":[{\"@type\":\"ListItem\",\"position\":1,\"item\":{\"@type\":\"WebPage\",\"@id\":\"https:\/\/revistavitrineibiuna.com.br\/\",\"url\":\"https:\/\/revistavitrineibiuna.com.br\/\",\"name\":\"In\\u00edcio\"}},{\"@type\":\"ListItem\",\"position\":2,\"item\":{\"@type\":\"WebPage\",\"@id\":\"http:\/\/revistavitrineibiuna.com.br\/?p=35120\",\"url\":\"http:\/\/revistavitrineibiuna.com.br\/?p=35120\",\"name\":\"FELIZ 169 ANOS IBI\\u00daNA! \\u2013 EIS MEU PRESENTE PARA NOSSA QUERIDA CIDADE\"}}]},{\"@type\":\"Article\",\"@id\":\"http:\/\/revistavitrineibiuna.com.br\/?p=35120#article\",\"isPartOf\":{\"@id\":\"http:\/\/revistavitrineibiuna.com.br\/?p=35120#webpage\"},\"author\":{\"@id\":\"https:\/\/revistavitrineibiuna.com.br\/#\/schema\/person\/e51ef49d6d88170ea21ceabff3f73deb\"},\"headline\":\"FELIZ 169 ANOS IBI\\u00daNA! \\u2013 EIS MEU PRESENTE PARA NOSSA QUERIDA CIDADE\",\"datePublished\":\"2026-03-20T09:36:42+00:00\",\"dateModified\":\"2026-03-20T13:51:26+00:00\",\"mainEntityOfPage\":{\"@id\":\"http:\/\/revistavitrineibiuna.com.br\/?p=35120#webpage\"},\"commentCount\":0,\"publisher\":{\"@id\":\"https:\/\/revistavitrineibiuna.com.br\/#\/schema\/person\/e51ef49d6d88170ea21ceabff3f73deb\"},\"image\":{\"@id\":\"http:\/\/revistavitrineibiuna.com.br\/?p=35120#primaryimage\"},\"articleSection\":\"Not\\u00edcias\",\"inLanguage\":\"pt-BR\",\"potentialAction\":[{\"@type\":\"CommentAction\",\"name\":\"Comment\",\"target\":[\"http:\/\/revistavitrineibiuna.com.br\/?p=35120#respond\"]}]},{\"@type\":[\"Person\",\"Organization\"],\"@id\":\"https:\/\/revistavitrineibiuna.com.br\/#\/schema\/person\/e51ef49d6d88170ea21ceabff3f73deb\",\"name\":\"Carlos Rossini\",\"image\":{\"@type\":\"ImageObject\",\"@id\":\"https:\/\/revistavitrineibiuna.com.br\/#personlogo\",\"inLanguage\":\"pt-BR\",\"url\":\"https:\/\/secure.gravatar.com\/avatar\/4f2d0f99fac1f85c7d643f21f5c8d900?s=96&d=mm&r=g\",\"caption\":\"Carlos Rossini\"},\"logo\":{\"@id\":\"https:\/\/revistavitrineibiuna.com.br\/#personlogo\"},\"description\":\"Carlos Rossini \\u00e9 jornalista, soci\\u00f3logo, escritor e professor universit\\u00e1rio, tendo sido professor de jornalismo por vinte anos. Trabalhou em ve\\u00edculos de comunica\\u00e7\\u00e3o nas fun\\u00e7\\u00f5es de rep\\u00f3rter, redator, editor, articulista e colaborador, como Folha de S. Paulo, O Estado de S. Paulo, Di\\u00e1rio Popular, entre outros. Ao transferir a revista vitrine, vers\\u00e3o imprensa, de S\\u00e3o Paulo para Ibi\\u00fana h\\u00e1 alguns anos, iniciou uma nova experi\\u00eancia profissional, dedicando-se ao jornalismo regional, depois de cumprir uma trajet\\u00f3ria bem-sucedida na grande imprensa brasileira. Seu primeiro livro A Coragem de Comunicar foi lan\\u00e7ado na Bienal do Livro em S\\u00e3o Paulo no ano 2000, pela editora Madras.\"}]}<\/script>\n<!-- \/ Yoast SEO plugin. -->","_links":{"self":[{"href":"https:\/\/revistavitrineibiuna.com.br\/index.php?rest_route=\/wp\/v2\/posts\/35120"}],"collection":[{"href":"https:\/\/revistavitrineibiuna.com.br\/index.php?rest_route=\/wp\/v2\/posts"}],"about":[{"href":"https:\/\/revistavitrineibiuna.com.br\/index.php?rest_route=\/wp\/v2\/types\/post"}],"author":[{"embeddable":true,"href":"https:\/\/revistavitrineibiuna.com.br\/index.php?rest_route=\/wp\/v2\/users\/1"}],"replies":[{"embeddable":true,"href":"https:\/\/revistavitrineibiuna.com.br\/index.php?rest_route=%2Fwp%2Fv2%2Fcomments&post=35120"}],"version-history":[{"count":11,"href":"https:\/\/revistavitrineibiuna.com.br\/index.php?rest_route=\/wp\/v2\/posts\/35120\/revisions"}],"predecessor-version":[{"id":35136,"href":"https:\/\/revistavitrineibiuna.com.br\/index.php?rest_route=\/wp\/v2\/posts\/35120\/revisions\/35136"}],"wp:featuredmedia":[{"embeddable":true,"href":"https:\/\/revistavitrineibiuna.com.br\/index.php?rest_route=\/wp\/v2\/media\/35121"}],"wp:attachment":[{"href":"https:\/\/revistavitrineibiuna.com.br\/index.php?rest_route=%2Fwp%2Fv2%2Fmedia&parent=35120"}],"wp:term":[{"taxonomy":"category","embeddable":true,"href":"https:\/\/revistavitrineibiuna.com.br\/index.php?rest_route=%2Fwp%2Fv2%2Fcategories&post=35120"},{"taxonomy":"post_tag","embeddable":true,"href":"https:\/\/revistavitrineibiuna.com.br\/index.php?rest_route=%2Fwp%2Fv2%2Ftags&post=35120"}],"curies":[{"name":"wp","href":"https:\/\/api.w.org\/{rel}","templated":true}]}}