{"id":35137,"date":"2026-03-21T11:36:59","date_gmt":"2026-03-21T14:36:59","guid":{"rendered":"http:\/\/revistavitrineibiuna.com.br\/?p=35137"},"modified":"2026-03-21T11:48:20","modified_gmt":"2026-03-21T14:48:20","slug":"ator-juca-de-oliveira-morre-aos-91-anos-em-sao-paulo","status":"publish","type":"post","link":"https:\/\/revistavitrineibiuna.com.br\/?p=35137","title":{"rendered":"ATOR JUCA DE OLIVEIRA MORRE AOS 91 ANOS EM S\u00c3O PAULO"},"content":{"rendered":"\n<p class=\"has-drop-cap\"><strong>Juca de Oliveira, ator e dramaturgo natural de S\u00e3o Roque, morreu v\u00edtima de uma pneumonia na&nbsp; madrugada de hoje (21), no Hospital S\u00edrio-Liban\u00eas, onde estava internado desde o dia 13.<\/strong><\/p>\n\n\n\n<p><strong>Reconhecido como um dos grandes nomes das artes c\u00eanicas brasileiras, Juca de Oliveira fez marcantes interpreta\u00e7\u00f5es no teatro, na televis\u00e3o e no cinema.<\/strong><\/p>\n\n\n\n<p><strong>O vel\u00f3rio acontece hoje no bairro da Bela Vista, na regi\u00e3o central de S\u00e3o Paulo, com in\u00edcio \u00e0s 15h e encerramento \u00e0s 21 no Funeral Home.<\/strong><\/p>\n\n\n\n<p><strong>A despedida ser\u00e1 aberta ao p\u00fablico durante o per\u00edodo do vel\u00f3rio, permitindo que amigos, familiares e f\u00e3s prestem as \u00faltimas homenagens ao artista, que construiu uma longa carreira de sucesso.<\/strong><\/p>\n\n\n\n<p><strong>Juca iniciou a carreira ap\u00f3s trancar a matr\u00edcula na faculdade de Direito da USP, desistiu de um trabalho num banco para&nbsp; se dedicar aos seus estudos na Escola de Arte Dram\u00e1tica de S\u00e3o Paulo.<\/strong><\/p>\n\n\n\n<p><strong>Sua primeira pe\u00e7a, Frei Luis de Souza lhe possibilitou um convite para participar do Teatro Brasileiro de Com\u00e9dia (TBC), onde atuou em\u00a0 pe\u00e7as como \u201cA Semente\u201d e \u201cA Morte do Caixeiro Viajante\u201d.<\/strong><\/p>\n\n\n\n<p><strong>Ao lado de outros grandes nomes do teatro, como Gianfrancesco Guarnieri e Augustos Boal, fez do espa\u00e7o do Teatro de Arena um polo de resist\u00eancia cultural nos anos 1960 contra a ditadura militar.<\/strong><\/p>\n\n\n\n<p><strong>Por esse motivo, foi exilado na Bol\u00edvia, mas quando\u00a0voltou para o Brasil foi protagonista de uma longa e brilhante carreira na arte dram\u00e1tica.<\/strong><\/p>\n","protected":false},"excerpt":{"rendered":"<p>Juca de Oliveira, ator e dramaturgo natural de S\u00e3o Roque, morreu v\u00edtima de uma pneumonia na&nbsp; madrugada de hoje (21),<\/p>\n","protected":false},"author":1,"featured_media":35139,"comment_status":"open","ping_status":"open","sticky":false,"template":"","format":"standard","meta":[],"categories":[3],"tags":[],"yoast_head":"<!-- This site is optimized with the Yoast SEO plugin v15.8 - https:\/\/yoast.com\/wordpress\/plugins\/seo\/ -->\n<title>ATOR JUCA DE OLIVEIRA MORRE AOS 91 ANOS EM S\u00c3O PAULO - Revista Vitrine Online<\/title>\n<meta name=\"robots\" content=\"index, follow, max-snippet:-1, max-image-preview:large, max-video-preview:-1\" \/>\n<link rel=\"canonical\" href=\"http:\/\/revistavitrineibiuna.com.br\/?p=35137\" \/>\n<meta property=\"og:locale\" content=\"pt_BR\" \/>\n<meta property=\"og:type\" content=\"article\" \/>\n<meta property=\"og:title\" content=\"ATOR JUCA DE OLIVEIRA MORRE AOS 91 ANOS EM S\u00c3O PAULO - Revista Vitrine Online\" \/>\n<meta property=\"og:description\" content=\"Juca de Oliveira, ator e dramaturgo natural de S\u00e3o Roque, morreu v\u00edtima de uma pneumonia na&nbsp; madrugada de hoje (21),\" \/>\n<meta property=\"og:url\" content=\"http:\/\/revistavitrineibiuna.com.br\/?p=35137\" \/>\n<meta property=\"og:site_name\" content=\"Revista Vitrine Online\" \/>\n<meta property=\"article:published_time\" content=\"2026-03-21T14:36:59+00:00\" \/>\n<meta property=\"article:modified_time\" content=\"2026-03-21T14:48:20+00:00\" \/>\n<meta property=\"og:image\" content=\"https:\/\/revistavitrineibiuna.com.br\/wp-content\/uploads\/2026\/03\/juca-de-oliveira.png\" \/>\n\t<meta property=\"og:image:width\" content=\"1024\" \/>\n\t<meta property=\"og:image:height\" content=\"704\" \/>\n<meta name=\"twitter:card\" content=\"summary\" \/>\n<meta name=\"twitter:label1\" content=\"Est. reading time\">\n\t<meta name=\"twitter:data1\" content=\"2 minutos\">\n<script type=\"application\/ld+json\" class=\"yoast-schema-graph\">{\"@context\":\"https:\/\/schema.org\",\"@graph\":[{\"@type\":\"WebSite\",\"@id\":\"https:\/\/revistavitrineibiuna.com.br\/#website\",\"url\":\"https:\/\/revistavitrineibiuna.com.br\/\",\"name\":\"Revista Vitrine Ibi\\u00fana\",\"description\":\"A Revista de Ibi\\u00fana e Regi\\u00e3o\",\"publisher\":{\"@id\":\"https:\/\/revistavitrineibiuna.com.br\/#\/schema\/person\/e51ef49d6d88170ea21ceabff3f73deb\"},\"potentialAction\":[{\"@type\":\"SearchAction\",\"target\":\"https:\/\/revistavitrineibiuna.com.br\/?s={search_term_string}\",\"query-input\":\"required name=search_term_string\"}],\"inLanguage\":\"pt-BR\"},{\"@type\":\"ImageObject\",\"@id\":\"http:\/\/revistavitrineibiuna.com.br\/?p=35137#primaryimage\",\"inLanguage\":\"pt-BR\",\"url\":\"https:\/\/revistavitrineibiuna.com.br\/wp-content\/uploads\/2026\/03\/juca-de-oliveira.png\",\"width\":1024,\"height\":704},{\"@type\":\"WebPage\",\"@id\":\"http:\/\/revistavitrineibiuna.com.br\/?p=35137#webpage\",\"url\":\"http:\/\/revistavitrineibiuna.com.br\/?p=35137\",\"name\":\"ATOR JUCA DE OLIVEIRA MORRE AOS 91 ANOS EM S\\u00c3O PAULO - Revista Vitrine Online\",\"isPartOf\":{\"@id\":\"https:\/\/revistavitrineibiuna.com.br\/#website\"},\"primaryImageOfPage\":{\"@id\":\"http:\/\/revistavitrineibiuna.com.br\/?p=35137#primaryimage\"},\"datePublished\":\"2026-03-21T14:36:59+00:00\",\"dateModified\":\"2026-03-21T14:48:20+00:00\",\"breadcrumb\":{\"@id\":\"http:\/\/revistavitrineibiuna.com.br\/?p=35137#breadcrumb\"},\"inLanguage\":\"pt-BR\",\"potentialAction\":[{\"@type\":\"ReadAction\",\"target\":[\"http:\/\/revistavitrineibiuna.com.br\/?p=35137\"]}]},{\"@type\":\"BreadcrumbList\",\"@id\":\"http:\/\/revistavitrineibiuna.com.br\/?p=35137#breadcrumb\",\"itemListElement\":[{\"@type\":\"ListItem\",\"position\":1,\"item\":{\"@type\":\"WebPage\",\"@id\":\"https:\/\/revistavitrineibiuna.com.br\/\",\"url\":\"https:\/\/revistavitrineibiuna.com.br\/\",\"name\":\"In\\u00edcio\"}},{\"@type\":\"ListItem\",\"position\":2,\"item\":{\"@type\":\"WebPage\",\"@id\":\"http:\/\/revistavitrineibiuna.com.br\/?p=35137\",\"url\":\"http:\/\/revistavitrineibiuna.com.br\/?p=35137\",\"name\":\"ATOR JUCA DE OLIVEIRA MORRE AOS 91 ANOS EM S\\u00c3O PAULO\"}}]},{\"@type\":\"Article\",\"@id\":\"http:\/\/revistavitrineibiuna.com.br\/?p=35137#article\",\"isPartOf\":{\"@id\":\"http:\/\/revistavitrineibiuna.com.br\/?p=35137#webpage\"},\"author\":{\"@id\":\"https:\/\/revistavitrineibiuna.com.br\/#\/schema\/person\/e51ef49d6d88170ea21ceabff3f73deb\"},\"headline\":\"ATOR JUCA DE OLIVEIRA MORRE AOS 91 ANOS EM S\\u00c3O PAULO\",\"datePublished\":\"2026-03-21T14:36:59+00:00\",\"dateModified\":\"2026-03-21T14:48:20+00:00\",\"mainEntityOfPage\":{\"@id\":\"http:\/\/revistavitrineibiuna.com.br\/?p=35137#webpage\"},\"commentCount\":0,\"publisher\":{\"@id\":\"https:\/\/revistavitrineibiuna.com.br\/#\/schema\/person\/e51ef49d6d88170ea21ceabff3f73deb\"},\"image\":{\"@id\":\"http:\/\/revistavitrineibiuna.com.br\/?p=35137#primaryimage\"},\"articleSection\":\"Not\\u00edcias\",\"inLanguage\":\"pt-BR\",\"potentialAction\":[{\"@type\":\"CommentAction\",\"name\":\"Comment\",\"target\":[\"http:\/\/revistavitrineibiuna.com.br\/?p=35137#respond\"]}]},{\"@type\":[\"Person\",\"Organization\"],\"@id\":\"https:\/\/revistavitrineibiuna.com.br\/#\/schema\/person\/e51ef49d6d88170ea21ceabff3f73deb\",\"name\":\"Carlos Rossini\",\"image\":{\"@type\":\"ImageObject\",\"@id\":\"https:\/\/revistavitrineibiuna.com.br\/#personlogo\",\"inLanguage\":\"pt-BR\",\"url\":\"https:\/\/secure.gravatar.com\/avatar\/4f2d0f99fac1f85c7d643f21f5c8d900?s=96&d=mm&r=g\",\"caption\":\"Carlos Rossini\"},\"logo\":{\"@id\":\"https:\/\/revistavitrineibiuna.com.br\/#personlogo\"},\"description\":\"Carlos Rossini \\u00e9 jornalista, soci\\u00f3logo, escritor e professor universit\\u00e1rio, tendo sido professor de jornalismo por vinte anos. Trabalhou em ve\\u00edculos de comunica\\u00e7\\u00e3o nas fun\\u00e7\\u00f5es de rep\\u00f3rter, redator, editor, articulista e colaborador, como Folha de S. Paulo, O Estado de S. Paulo, Di\\u00e1rio Popular, entre outros. Ao transferir a revista vitrine, vers\\u00e3o imprensa, de S\\u00e3o Paulo para Ibi\\u00fana h\\u00e1 alguns anos, iniciou uma nova experi\\u00eancia profissional, dedicando-se ao jornalismo regional, depois de cumprir uma trajet\\u00f3ria bem-sucedida na grande imprensa brasileira. Seu primeiro livro A Coragem de Comunicar foi lan\\u00e7ado na Bienal do Livro em S\\u00e3o Paulo no ano 2000, pela editora Madras.\"}]}<\/script>\n<!-- \/ Yoast SEO plugin. -->","_links":{"self":[{"href":"https:\/\/revistavitrineibiuna.com.br\/index.php?rest_route=\/wp\/v2\/posts\/35137"}],"collection":[{"href":"https:\/\/revistavitrineibiuna.com.br\/index.php?rest_route=\/wp\/v2\/posts"}],"about":[{"href":"https:\/\/revistavitrineibiuna.com.br\/index.php?rest_route=\/wp\/v2\/types\/post"}],"author":[{"embeddable":true,"href":"https:\/\/revistavitrineibiuna.com.br\/index.php?rest_route=\/wp\/v2\/users\/1"}],"replies":[{"embeddable":true,"href":"https:\/\/revistavitrineibiuna.com.br\/index.php?rest_route=%2Fwp%2Fv2%2Fcomments&post=35137"}],"version-history":[{"count":4,"href":"https:\/\/revistavitrineibiuna.com.br\/index.php?rest_route=\/wp\/v2\/posts\/35137\/revisions"}],"predecessor-version":[{"id":35143,"href":"https:\/\/revistavitrineibiuna.com.br\/index.php?rest_route=\/wp\/v2\/posts\/35137\/revisions\/35143"}],"wp:featuredmedia":[{"embeddable":true,"href":"https:\/\/revistavitrineibiuna.com.br\/index.php?rest_route=\/wp\/v2\/media\/35139"}],"wp:attachment":[{"href":"https:\/\/revistavitrineibiuna.com.br\/index.php?rest_route=%2Fwp%2Fv2%2Fmedia&parent=35137"}],"wp:term":[{"taxonomy":"category","embeddable":true,"href":"https:\/\/revistavitrineibiuna.com.br\/index.php?rest_route=%2Fwp%2Fv2%2Fcategories&post=35137"},{"taxonomy":"post_tag","embeddable":true,"href":"https:\/\/revistavitrineibiuna.com.br\/index.php?rest_route=%2Fwp%2Fv2%2Ftags&post=35137"}],"curies":[{"name":"wp","href":"https:\/\/api.w.org\/{rel}","templated":true}]}}