{"id":35148,"date":"2026-03-22T09:17:40","date_gmt":"2026-03-22T12:17:40","guid":{"rendered":"http:\/\/revistavitrineibiuna.com.br\/?p=35148"},"modified":"2026-03-22T09:19:07","modified_gmt":"2026-03-22T12:19:07","slug":"estou-bem-velinho-nesta-terca-completo-169-anos","status":"publish","type":"post","link":"https:\/\/revistavitrineibiuna.com.br\/?p=35148","title":{"rendered":"ESTOU BEM VELINHO! NESTA TER\u00c7A, COMPLETO 169 ANOS!"},"content":{"rendered":"\n<p class=\"has-drop-cap\"><strong>Estou bem velhinho! Nesta ter\u00e7a-feira, dia 24, completo 169 anos, junto com o anivers\u00e1rio da minha cidade<\/strong>, <strong>Ibi\u00fana.<\/strong><\/p>\n\n\n\n<p><strong>E busco um significado para essa idade t\u00e3o longeva. E o que descubro \u00e9 que sou adulto e respons\u00e1vel pelos meus atos. S\u00f3 desse modo posso me sentir um cidad\u00e3o no pleno exerc\u00edcio dos meus direitos e deveres.<\/strong><\/p>\n\n\n\n<p><strong>Ent\u00e3o, tento refletir e compartilhar com voc\u00ea algumas premissas, talvez interessantes e oportunas, que dizem respeito \u00e0quilo que se enquadra na defini\u00e7\u00e3o de um ser maduro e respons\u00e1vel.<\/strong><\/p>\n\n\n\n<p><strong>Ser maduro e respons\u00e1vel \u00e9, antes de tudo, pensar por conta pr\u00f3pria e n\u00e3o ser levado pelos que os outros, especialmente esses seres encantadores chamados pol\u00edticos, dizem como devemos pensar e fazer.<\/strong><\/p>\n\n\n\n<p><strong>E isso j\u00e1 \u00e9 um ato de consci\u00eancia imprescind\u00edvel para que a cidade \u2013 o conjunto de cidad\u00e3os \u2013 possa determinar seu pr\u00f3prio destino, sem ficar sujeita aos humores e caprichos de indiv\u00edduos que, em vez de servir \u00e0 comunidade, pensam apenas em seus pr\u00f3prios interesses e vaidades.<\/strong><\/p>\n\n\n\n<p><strong>Se da altura dos meus 169 anos, eu conseguir essa autonomia, certamente serei mais competente para delegar meu poder eleitoral a pessoas mais adequadas para os cargos p\u00fablicos. Isto&nbsp; \u00e9 um passo importante para que haja mais&nbsp; congru\u00eancia entre o que se diz e o que&nbsp; se faz na realidade.<\/strong><\/p>\n\n\n\n<p><strong>Quando uso a imagina\u00e7\u00e3o para fazer um retrospecto hist\u00f3rico da minha cidade, vejo claramente que as atitudes dos pol\u00edticos se repetem no mesmo diapas\u00e3o e isso se reflete naquilo que muitas pessoas classificam de \u201cnada muda\u201d e \u201csempre foi assim\u201d, o que \u00e9 not\u00f3rio em rela\u00e7\u00e3o \u00e0 maioria dos fatos observ\u00e1veis.<\/strong><\/p>\n\n\n\n<p><strong>Todos os anos, como se fossem fen\u00f4menos eternos, quando chove as estradas ficam intransit\u00e1veis, os produtores rurais se queixam de que n\u00e3o podem transportar suas mercadorias; o sistema de sa\u00fade, um problema cr\u00f4nico, sempre est\u00e1 na berlinda das dram\u00e1ticas queixas da popula\u00e7\u00e3o; a seguran\u00e7a p\u00fablica da mesma forma \u00e9 constante alvo de men\u00e7\u00e3o como sensa\u00e7\u00e3o de inseguran\u00e7a, devido obviamente aos fatos criminais; a situa\u00e7\u00e3o das escolas igualmente est\u00e1 sempre pendente por precariza\u00e7\u00e3o das instala\u00e7\u00f5es; a ilumina\u00e7\u00e3o p\u00fablica \u00e9 motivo de reclama\u00e7\u00f5es constantes; o ac\u00famulo de lixo, sobretudo nas estradas, ent\u00e3o, produz monumentos nada atraentes do ponto de vista tur\u00edstico e ambiental; o pr\u00f3prio meio ambiente, veja o dram\u00e1tico caso da represa Itupararanga, \u00e9 um enorme desafio, por receber ininterruptamente \u00e1guas dos seus c\u00f3rregos e rios polu\u00eddos por esgoto in natura; \u00e9 preciso lembrar o quanto o transporte p\u00fablico precisa ser melhorado, assim como muitos pontos \u00f4nibus prec\u00e1rios nas estradas, que tamb\u00e9m funcionam como abrigo.<\/strong><\/p>\n\n\n\n<p><strong>T\u00e1 bom! Esse problema \u00e9 gigantesco e n\u00e3o o estamos atribuindo especificamente nenhum governante, embora todos sejam ou devam ser solid\u00e1rios nas responsabilidades, porque sempre nos apresentam promessas nas quais acreditamos para, corriqueiramente, nos decepcionarmos porque n\u00e3o s\u00e3o cumpridas. A redund\u00e2ncia das reclama\u00e7\u00f5es ratificam esse argumento.<\/strong><\/p>\n\n\n\n<p><strong>Por isso, ao completar meus 169 anos, me pergunto por que n\u00e3o consigo me libertar desse padr\u00e3o que observo na gest\u00e3o pol\u00edtica e administrativa da cidade? Por que n\u00e3o ocorre uma virada espetacular e a cidade, enfim, encontre o caminho do progresso no melhor sentido do termo: uma cidade em que a vida humana esteja em primeiro lugar e o ambiente natural seja respeitado como algo sagrado, como de fato \u00e9.<\/strong><\/p>\n\n\n\n<p><strong>Tudo bem que haja festa, comemora\u00e7\u00e3o! Afinal, anivers\u00e1rios foram inventados para isso; mas que se tenha em mente e n\u00e3o se perca de vista o que \u00e9 prioridade permanente: cuidar com zelo consequente o dia a dia das necessidades da popula\u00e7\u00e3o. (Carlos Rossini \u00e9 jornalista) &nbsp;&nbsp;&nbsp;<\/strong><\/p>\n","protected":false},"excerpt":{"rendered":"<p>Estou bem velhinho! Nesta ter\u00e7a-feira, dia 24, completo 169 anos, junto com o anivers\u00e1rio da minha cidade, Ibi\u00fana. E busco<\/p>\n","protected":false},"author":1,"featured_media":35149,"comment_status":"open","ping_status":"open","sticky":false,"template":"","format":"standard","meta":[],"categories":[3],"tags":[],"yoast_head":"<!-- This site is optimized with the Yoast SEO plugin v15.8 - https:\/\/yoast.com\/wordpress\/plugins\/seo\/ -->\n<title>ESTOU BEM VELINHO! NESTA TER\u00c7A, COMPLETO 169 ANOS! - Revista Vitrine Online<\/title>\n<meta name=\"robots\" content=\"index, follow, max-snippet:-1, max-image-preview:large, max-video-preview:-1\" \/>\n<link rel=\"canonical\" href=\"http:\/\/revistavitrineibiuna.com.br\/?p=35148\" \/>\n<meta property=\"og:locale\" content=\"pt_BR\" \/>\n<meta property=\"og:type\" content=\"article\" \/>\n<meta property=\"og:title\" content=\"ESTOU BEM VELINHO! NESTA TER\u00c7A, COMPLETO 169 ANOS! - Revista Vitrine Online\" \/>\n<meta property=\"og:description\" content=\"Estou bem velhinho! Nesta ter\u00e7a-feira, dia 24, completo 169 anos, junto com o anivers\u00e1rio da minha cidade, Ibi\u00fana. E busco\" \/>\n<meta property=\"og:url\" content=\"http:\/\/revistavitrineibiuna.com.br\/?p=35148\" \/>\n<meta property=\"og:site_name\" content=\"Revista Vitrine Online\" \/>\n<meta property=\"article:published_time\" content=\"2026-03-22T12:17:40+00:00\" \/>\n<meta property=\"article:modified_time\" content=\"2026-03-22T12:19:07+00:00\" \/>\n<meta property=\"og:image\" content=\"https:\/\/revistavitrineibiuna.com.br\/wp-content\/uploads\/2026\/03\/bolo-de-aniversario.png\" \/>\n\t<meta property=\"og:image:width\" content=\"640\" \/>\n\t<meta property=\"og:image:height\" content=\"424\" \/>\n<meta name=\"twitter:card\" content=\"summary\" \/>\n<meta name=\"twitter:label1\" content=\"Est. reading time\">\n\t<meta name=\"twitter:data1\" content=\"3 minutos\">\n<script type=\"application\/ld+json\" class=\"yoast-schema-graph\">{\"@context\":\"https:\/\/schema.org\",\"@graph\":[{\"@type\":\"WebSite\",\"@id\":\"https:\/\/revistavitrineibiuna.com.br\/#website\",\"url\":\"https:\/\/revistavitrineibiuna.com.br\/\",\"name\":\"Revista Vitrine Ibi\\u00fana\",\"description\":\"A Revista de Ibi\\u00fana e Regi\\u00e3o\",\"publisher\":{\"@id\":\"https:\/\/revistavitrineibiuna.com.br\/#\/schema\/person\/e51ef49d6d88170ea21ceabff3f73deb\"},\"potentialAction\":[{\"@type\":\"SearchAction\",\"target\":\"https:\/\/revistavitrineibiuna.com.br\/?s={search_term_string}\",\"query-input\":\"required name=search_term_string\"}],\"inLanguage\":\"pt-BR\"},{\"@type\":\"ImageObject\",\"@id\":\"http:\/\/revistavitrineibiuna.com.br\/?p=35148#primaryimage\",\"inLanguage\":\"pt-BR\",\"url\":\"https:\/\/revistavitrineibiuna.com.br\/wp-content\/uploads\/2026\/03\/bolo-de-aniversario.png\",\"width\":640,\"height\":424},{\"@type\":\"WebPage\",\"@id\":\"http:\/\/revistavitrineibiuna.com.br\/?p=35148#webpage\",\"url\":\"http:\/\/revistavitrineibiuna.com.br\/?p=35148\",\"name\":\"ESTOU BEM VELINHO! NESTA TER\\u00c7A, COMPLETO 169 ANOS! - Revista Vitrine Online\",\"isPartOf\":{\"@id\":\"https:\/\/revistavitrineibiuna.com.br\/#website\"},\"primaryImageOfPage\":{\"@id\":\"http:\/\/revistavitrineibiuna.com.br\/?p=35148#primaryimage\"},\"datePublished\":\"2026-03-22T12:17:40+00:00\",\"dateModified\":\"2026-03-22T12:19:07+00:00\",\"breadcrumb\":{\"@id\":\"http:\/\/revistavitrineibiuna.com.br\/?p=35148#breadcrumb\"},\"inLanguage\":\"pt-BR\",\"potentialAction\":[{\"@type\":\"ReadAction\",\"target\":[\"http:\/\/revistavitrineibiuna.com.br\/?p=35148\"]}]},{\"@type\":\"BreadcrumbList\",\"@id\":\"http:\/\/revistavitrineibiuna.com.br\/?p=35148#breadcrumb\",\"itemListElement\":[{\"@type\":\"ListItem\",\"position\":1,\"item\":{\"@type\":\"WebPage\",\"@id\":\"https:\/\/revistavitrineibiuna.com.br\/\",\"url\":\"https:\/\/revistavitrineibiuna.com.br\/\",\"name\":\"In\\u00edcio\"}},{\"@type\":\"ListItem\",\"position\":2,\"item\":{\"@type\":\"WebPage\",\"@id\":\"http:\/\/revistavitrineibiuna.com.br\/?p=35148\",\"url\":\"http:\/\/revistavitrineibiuna.com.br\/?p=35148\",\"name\":\"ESTOU BEM VELINHO! NESTA TER\\u00c7A, COMPLETO 169 ANOS!\"}}]},{\"@type\":\"Article\",\"@id\":\"http:\/\/revistavitrineibiuna.com.br\/?p=35148#article\",\"isPartOf\":{\"@id\":\"http:\/\/revistavitrineibiuna.com.br\/?p=35148#webpage\"},\"author\":{\"@id\":\"https:\/\/revistavitrineibiuna.com.br\/#\/schema\/person\/e51ef49d6d88170ea21ceabff3f73deb\"},\"headline\":\"ESTOU BEM VELINHO! NESTA TER\\u00c7A, COMPLETO 169 ANOS!\",\"datePublished\":\"2026-03-22T12:17:40+00:00\",\"dateModified\":\"2026-03-22T12:19:07+00:00\",\"mainEntityOfPage\":{\"@id\":\"http:\/\/revistavitrineibiuna.com.br\/?p=35148#webpage\"},\"commentCount\":0,\"publisher\":{\"@id\":\"https:\/\/revistavitrineibiuna.com.br\/#\/schema\/person\/e51ef49d6d88170ea21ceabff3f73deb\"},\"image\":{\"@id\":\"http:\/\/revistavitrineibiuna.com.br\/?p=35148#primaryimage\"},\"articleSection\":\"Not\\u00edcias\",\"inLanguage\":\"pt-BR\",\"potentialAction\":[{\"@type\":\"CommentAction\",\"name\":\"Comment\",\"target\":[\"http:\/\/revistavitrineibiuna.com.br\/?p=35148#respond\"]}]},{\"@type\":[\"Person\",\"Organization\"],\"@id\":\"https:\/\/revistavitrineibiuna.com.br\/#\/schema\/person\/e51ef49d6d88170ea21ceabff3f73deb\",\"name\":\"Carlos Rossini\",\"image\":{\"@type\":\"ImageObject\",\"@id\":\"https:\/\/revistavitrineibiuna.com.br\/#personlogo\",\"inLanguage\":\"pt-BR\",\"url\":\"https:\/\/secure.gravatar.com\/avatar\/4f2d0f99fac1f85c7d643f21f5c8d900?s=96&d=mm&r=g\",\"caption\":\"Carlos Rossini\"},\"logo\":{\"@id\":\"https:\/\/revistavitrineibiuna.com.br\/#personlogo\"},\"description\":\"Carlos Rossini \\u00e9 jornalista, soci\\u00f3logo, escritor e professor universit\\u00e1rio, tendo sido professor de jornalismo por vinte anos. Trabalhou em ve\\u00edculos de comunica\\u00e7\\u00e3o nas fun\\u00e7\\u00f5es de rep\\u00f3rter, redator, editor, articulista e colaborador, como Folha de S. Paulo, O Estado de S. Paulo, Di\\u00e1rio Popular, entre outros. Ao transferir a revista vitrine, vers\\u00e3o imprensa, de S\\u00e3o Paulo para Ibi\\u00fana h\\u00e1 alguns anos, iniciou uma nova experi\\u00eancia profissional, dedicando-se ao jornalismo regional, depois de cumprir uma trajet\\u00f3ria bem-sucedida na grande imprensa brasileira. Seu primeiro livro A Coragem de Comunicar foi lan\\u00e7ado na Bienal do Livro em S\\u00e3o Paulo no ano 2000, pela editora Madras.\"}]}<\/script>\n<!-- \/ Yoast SEO plugin. -->","_links":{"self":[{"href":"https:\/\/revistavitrineibiuna.com.br\/index.php?rest_route=\/wp\/v2\/posts\/35148"}],"collection":[{"href":"https:\/\/revistavitrineibiuna.com.br\/index.php?rest_route=\/wp\/v2\/posts"}],"about":[{"href":"https:\/\/revistavitrineibiuna.com.br\/index.php?rest_route=\/wp\/v2\/types\/post"}],"author":[{"embeddable":true,"href":"https:\/\/revistavitrineibiuna.com.br\/index.php?rest_route=\/wp\/v2\/users\/1"}],"replies":[{"embeddable":true,"href":"https:\/\/revistavitrineibiuna.com.br\/index.php?rest_route=%2Fwp%2Fv2%2Fcomments&post=35148"}],"version-history":[{"count":2,"href":"https:\/\/revistavitrineibiuna.com.br\/index.php?rest_route=\/wp\/v2\/posts\/35148\/revisions"}],"predecessor-version":[{"id":35151,"href":"https:\/\/revistavitrineibiuna.com.br\/index.php?rest_route=\/wp\/v2\/posts\/35148\/revisions\/35151"}],"wp:featuredmedia":[{"embeddable":true,"href":"https:\/\/revistavitrineibiuna.com.br\/index.php?rest_route=\/wp\/v2\/media\/35149"}],"wp:attachment":[{"href":"https:\/\/revistavitrineibiuna.com.br\/index.php?rest_route=%2Fwp%2Fv2%2Fmedia&parent=35148"}],"wp:term":[{"taxonomy":"category","embeddable":true,"href":"https:\/\/revistavitrineibiuna.com.br\/index.php?rest_route=%2Fwp%2Fv2%2Fcategories&post=35148"},{"taxonomy":"post_tag","embeddable":true,"href":"https:\/\/revistavitrineibiuna.com.br\/index.php?rest_route=%2Fwp%2Fv2%2Ftags&post=35148"}],"curies":[{"name":"wp","href":"https:\/\/api.w.org\/{rel}","templated":true}]}}