{"id":35152,"date":"2026-03-24T20:51:04","date_gmt":"2026-03-24T23:51:04","guid":{"rendered":"http:\/\/revistavitrineibiuna.com.br\/?p=35152"},"modified":"2026-03-25T04:35:12","modified_gmt":"2026-03-25T07:35:12","slug":"ibiuna-depois-da-festa-a-hora-da-virada","status":"publish","type":"post","link":"https:\/\/revistavitrineibiuna.com.br\/?p=35152","title":{"rendered":"IBI\u00daNA: NA FESTA, PREFEITO ANUNCIA VIRADA HIST\u00d3RICA EM 2026"},"content":{"rendered":"\n<p class=\"has-drop-cap\"><strong>Seria desneces\u00e1rio falar de uma festa, que celebrou os 169 anos do munic\u00edpio de Ibi\u00fana, depois de ela ter se passado.<\/strong><\/p>\n\n\n\n<p><strong>O que parece razo\u00e1vel e oportuno \u00e9 supor: tomara que ela tenha proporcionado alguns momentos de alegria e distra\u00e7\u00e3o para todos aqueles que compareceram \u00e0 \u00c1rea de Lazer 1, onde aconteceram os&nbsp; espet\u00e1culos musicais!<\/strong><\/p>\n\n\n\n<p><strong>Afinal, a popula\u00e7\u00e3o \u00e9 t\u00e3o carente de divers\u00e3o, t\u00e3o escassa na cidade, que nos momentos de datas comemorativas, quando artistas se apresentam, formam-se multid\u00f5es animadas com os shows.<\/strong><\/p>\n\n\n\n<p><strong>E, claro, os pol\u00edticos sempre aproveitam essas ocasi\u00f5es para tentar puxar algum prest\u00edgio para si porque, afinal, a festa pressup\u00f5e a exist\u00eancia de um estado de perfeita normalidade.<\/strong><\/p>\n\n\n\n<p><strong>&nbsp;Os problemas reais, pelo menos em algumas horas, se tornam invis\u00edveis e temporariamente esquecidos. Ningu\u00e9m quer parecer ma\u00e7ante!<\/strong><\/p>\n\n\n\n<p><strong>Mas, para os cidad\u00e3os mais atentos, houve uma importante declara\u00e7\u00e3o do atual prefeito, em uma de suas euf\u00f3ricas manifesta\u00e7\u00f5es nas transmiss\u00f5es ao vivo do evento. Ele afirmou:<\/strong><\/p>\n\n\n\n<p><strong>&#8212; Este \u00e9 o ano em que a gente vai virar a hist\u00f3ria da cidade.<\/strong><\/p>\n\n\n\n<p><strong>Aleluia! \u00c9 isso que o povo vem esperando h\u00e1 quinze meses!<\/strong><\/p>\n\n\n\n<p><strong>Est\u00e1 certo o chefe do Executivo: o munic\u00edpio est\u00e1 mesmo precisando de uma virada! E nisso, aparentemente, estamos todos de acordo!<\/strong><\/p>\n\n\n\n<p><strong>Esta p\u00e1gina, que insiste em praticar o jornalismo profissional em Ibi\u00fana, vem batendo nessa tecla j\u00e1 faz tempo. E, acreditem, procurando sinceramente contribuir para que as autoridades cumpram com as suas fun\u00e7\u00f5es de modo claro e convincente.<\/strong><\/p>\n\n\n\n<p><strong>A popula\u00e7\u00e3o est\u00e1 cansada de observar a atua\u00e7\u00e3o de pol\u00edticos que s\u00e3o extremamente normais e, por isso mesmo, n\u00e3o conseguem produzir a\u00e7\u00f5es extraordin\u00e1rias, imprescind\u00edveis para que a m\u00e1quina p\u00fablica funcione a contento em face das&nbsp; not\u00e1veis expectativas.<\/strong><\/p>\n\n\n\n<p><strong>Hoje vamos ficar apenas no que \u00e9 considerado um consenso: a sa\u00fade p\u00fablica como o mais decisivo desafio ao gestor p\u00fablico.<\/strong><\/p>\n\n\n\n<p><strong>Estamos na expectativa realmente de uma virada, excel\u00eancia!<\/strong><\/p>\n\n\n\n<p><strong>Uma virada que, n\u00e3o demore muito, e proporcione um sistema de sa\u00fade mais eficiente tanto no ambiente hospitalar quanto no setor de especialidades e da rede b\u00e1sica.<\/strong><\/p>\n\n\n\n<figure class=\"wp-block-image size-large\"><img loading=\"lazy\" width=\"618\" height=\"431\" src=\"https:\/\/revistavitrineibiuna.com.br\/wp-content\/uploads\/2026\/03\/foto-da-festa-2.png\" alt=\"\" class=\"wp-image-35156\" srcset=\"https:\/\/revistavitrineibiuna.com.br\/wp-content\/uploads\/2026\/03\/foto-da-festa-2.png 618w, https:\/\/revistavitrineibiuna.com.br\/wp-content\/uploads\/2026\/03\/foto-da-festa-2-300x209.png 300w, https:\/\/revistavitrineibiuna.com.br\/wp-content\/uploads\/2026\/03\/foto-da-festa-2-392x272.png 392w, https:\/\/revistavitrineibiuna.com.br\/wp-content\/uploads\/2026\/03\/foto-da-festa-2-130x90.png 130w\" sizes=\"(max-width: 618px) 100vw, 618px\" \/><\/figure>\n\n\n\n<p><strong>Sabemos que houve uma licita\u00e7\u00e3o para a gest\u00e3o do hospital municipal. O nome da organiza\u00e7\u00e3o vencedora j\u00e1 foi anunciado.<\/strong><\/p>\n\n\n\n<p><strong>Um bom come\u00e7o, se n\u00e3o houve nenhuma contesta\u00e7\u00e3o legal do resultado da licita\u00e7\u00e3o [n\u00e3o temos informa\u00e7\u00e3o sobre esse aspecto], \u00e9 mais que oportuno que o Executivo esclare\u00e7a a popula\u00e7\u00e3o sobre o andamento desse processo, do ponto de vista de procedimentos pr\u00e1ticos.<\/strong><\/p>\n\n\n\n<p><strong>Qual \u00e9, afinal, o grande plano elaborado neste governo para a \u00e1rea da sa\u00fade? Como ele ser\u00e1 levado \u00e0 pr\u00e1tica? Como ficar\u00e1 a rede b\u00e1sica, que n\u00e3o foi objeto de licita\u00e7\u00e3o?<\/strong><\/p>\n\n\n\n<p><strong>Acreditamos que virada, para um bom come\u00e7o de conversa, \u00e9 isso: agir com transpar\u00eancia em rela\u00e7\u00e3o aos assuntos de interesse p\u00fablico. Mesmo porque tudo que fica intramuros na realidade nem existe para a opini\u00e3o p\u00fablica; ao mesmo tempo em que abre um vasto espa\u00e7o para especula\u00e7\u00f5es exatamente por falta de informa\u00e7\u00f5es inquestion\u00e1veis. (Carlos Rossini \u00e9 jornalista)<\/strong><\/p>\n","protected":false},"excerpt":{"rendered":"<p>Seria desneces\u00e1rio falar de uma festa, que celebrou os 169 anos do munic\u00edpio de Ibi\u00fana, depois de ela ter se<\/p>\n","protected":false},"author":1,"featured_media":35153,"comment_status":"open","ping_status":"open","sticky":false,"template":"","format":"standard","meta":[],"categories":[3],"tags":[],"yoast_head":"<!-- This site is optimized with the Yoast SEO plugin v15.8 - https:\/\/yoast.com\/wordpress\/plugins\/seo\/ -->\n<title>IBI\u00daNA: NA FESTA, PREFEITO ANUNCIA VIRADA HIST\u00d3RICA EM 2026 - Revista Vitrine Online<\/title>\n<meta name=\"robots\" content=\"index, follow, max-snippet:-1, max-image-preview:large, max-video-preview:-1\" \/>\n<link rel=\"canonical\" href=\"http:\/\/revistavitrineibiuna.com.br\/?p=35152\" \/>\n<meta property=\"og:locale\" content=\"pt_BR\" \/>\n<meta property=\"og:type\" content=\"article\" \/>\n<meta property=\"og:title\" content=\"IBI\u00daNA: NA FESTA, PREFEITO ANUNCIA VIRADA HIST\u00d3RICA EM 2026 - Revista Vitrine Online\" \/>\n<meta property=\"og:description\" content=\"Seria desneces\u00e1rio falar de uma festa, que celebrou os 169 anos do munic\u00edpio de Ibi\u00fana, depois de ela ter se\" \/>\n<meta property=\"og:url\" content=\"http:\/\/revistavitrineibiuna.com.br\/?p=35152\" \/>\n<meta property=\"og:site_name\" content=\"Revista Vitrine Online\" \/>\n<meta property=\"article:published_time\" content=\"2026-03-24T23:51:04+00:00\" \/>\n<meta property=\"article:modified_time\" content=\"2026-03-25T07:35:12+00:00\" \/>\n<meta property=\"og:image\" content=\"https:\/\/revistavitrineibiuna.com.br\/wp-content\/uploads\/2026\/03\/foto-da-festa-capa.png\" \/>\n\t<meta property=\"og:image:width\" content=\"718\" \/>\n\t<meta property=\"og:image:height\" content=\"485\" \/>\n<meta name=\"twitter:card\" content=\"summary\" \/>\n<meta name=\"twitter:label1\" content=\"Est. reading time\">\n\t<meta name=\"twitter:data1\" content=\"3 minutos\">\n<script type=\"application\/ld+json\" class=\"yoast-schema-graph\">{\"@context\":\"https:\/\/schema.org\",\"@graph\":[{\"@type\":\"WebSite\",\"@id\":\"https:\/\/revistavitrineibiuna.com.br\/#website\",\"url\":\"https:\/\/revistavitrineibiuna.com.br\/\",\"name\":\"Revista Vitrine Ibi\\u00fana\",\"description\":\"A Revista de Ibi\\u00fana e Regi\\u00e3o\",\"publisher\":{\"@id\":\"https:\/\/revistavitrineibiuna.com.br\/#\/schema\/person\/e51ef49d6d88170ea21ceabff3f73deb\"},\"potentialAction\":[{\"@type\":\"SearchAction\",\"target\":\"https:\/\/revistavitrineibiuna.com.br\/?s={search_term_string}\",\"query-input\":\"required name=search_term_string\"}],\"inLanguage\":\"pt-BR\"},{\"@type\":\"ImageObject\",\"@id\":\"http:\/\/revistavitrineibiuna.com.br\/?p=35152#primaryimage\",\"inLanguage\":\"pt-BR\",\"url\":\"https:\/\/revistavitrineibiuna.com.br\/wp-content\/uploads\/2026\/03\/foto-da-festa-capa.png\",\"width\":718,\"height\":485},{\"@type\":\"WebPage\",\"@id\":\"http:\/\/revistavitrineibiuna.com.br\/?p=35152#webpage\",\"url\":\"http:\/\/revistavitrineibiuna.com.br\/?p=35152\",\"name\":\"IBI\\u00daNA: NA FESTA, PREFEITO ANUNCIA VIRADA HIST\\u00d3RICA EM 2026 - Revista Vitrine Online\",\"isPartOf\":{\"@id\":\"https:\/\/revistavitrineibiuna.com.br\/#website\"},\"primaryImageOfPage\":{\"@id\":\"http:\/\/revistavitrineibiuna.com.br\/?p=35152#primaryimage\"},\"datePublished\":\"2026-03-24T23:51:04+00:00\",\"dateModified\":\"2026-03-25T07:35:12+00:00\",\"breadcrumb\":{\"@id\":\"http:\/\/revistavitrineibiuna.com.br\/?p=35152#breadcrumb\"},\"inLanguage\":\"pt-BR\",\"potentialAction\":[{\"@type\":\"ReadAction\",\"target\":[\"http:\/\/revistavitrineibiuna.com.br\/?p=35152\"]}]},{\"@type\":\"BreadcrumbList\",\"@id\":\"http:\/\/revistavitrineibiuna.com.br\/?p=35152#breadcrumb\",\"itemListElement\":[{\"@type\":\"ListItem\",\"position\":1,\"item\":{\"@type\":\"WebPage\",\"@id\":\"https:\/\/revistavitrineibiuna.com.br\/\",\"url\":\"https:\/\/revistavitrineibiuna.com.br\/\",\"name\":\"In\\u00edcio\"}},{\"@type\":\"ListItem\",\"position\":2,\"item\":{\"@type\":\"WebPage\",\"@id\":\"http:\/\/revistavitrineibiuna.com.br\/?p=35152\",\"url\":\"http:\/\/revistavitrineibiuna.com.br\/?p=35152\",\"name\":\"IBI\\u00daNA: NA FESTA, PREFEITO ANUNCIA VIRADA HIST\\u00d3RICA EM 2026\"}}]},{\"@type\":\"Article\",\"@id\":\"http:\/\/revistavitrineibiuna.com.br\/?p=35152#article\",\"isPartOf\":{\"@id\":\"http:\/\/revistavitrineibiuna.com.br\/?p=35152#webpage\"},\"author\":{\"@id\":\"https:\/\/revistavitrineibiuna.com.br\/#\/schema\/person\/e51ef49d6d88170ea21ceabff3f73deb\"},\"headline\":\"IBI\\u00daNA: NA FESTA, PREFEITO ANUNCIA VIRADA HIST\\u00d3RICA EM 2026\",\"datePublished\":\"2026-03-24T23:51:04+00:00\",\"dateModified\":\"2026-03-25T07:35:12+00:00\",\"mainEntityOfPage\":{\"@id\":\"http:\/\/revistavitrineibiuna.com.br\/?p=35152#webpage\"},\"commentCount\":0,\"publisher\":{\"@id\":\"https:\/\/revistavitrineibiuna.com.br\/#\/schema\/person\/e51ef49d6d88170ea21ceabff3f73deb\"},\"image\":{\"@id\":\"http:\/\/revistavitrineibiuna.com.br\/?p=35152#primaryimage\"},\"articleSection\":\"Not\\u00edcias\",\"inLanguage\":\"pt-BR\",\"potentialAction\":[{\"@type\":\"CommentAction\",\"name\":\"Comment\",\"target\":[\"http:\/\/revistavitrineibiuna.com.br\/?p=35152#respond\"]}]},{\"@type\":[\"Person\",\"Organization\"],\"@id\":\"https:\/\/revistavitrineibiuna.com.br\/#\/schema\/person\/e51ef49d6d88170ea21ceabff3f73deb\",\"name\":\"Carlos Rossini\",\"image\":{\"@type\":\"ImageObject\",\"@id\":\"https:\/\/revistavitrineibiuna.com.br\/#personlogo\",\"inLanguage\":\"pt-BR\",\"url\":\"https:\/\/secure.gravatar.com\/avatar\/4f2d0f99fac1f85c7d643f21f5c8d900?s=96&d=mm&r=g\",\"caption\":\"Carlos Rossini\"},\"logo\":{\"@id\":\"https:\/\/revistavitrineibiuna.com.br\/#personlogo\"},\"description\":\"Carlos Rossini \\u00e9 jornalista, soci\\u00f3logo, escritor e professor universit\\u00e1rio, tendo sido professor de jornalismo por vinte anos. Trabalhou em ve\\u00edculos de comunica\\u00e7\\u00e3o nas fun\\u00e7\\u00f5es de rep\\u00f3rter, redator, editor, articulista e colaborador, como Folha de S. Paulo, O Estado de S. Paulo, Di\\u00e1rio Popular, entre outros. Ao transferir a revista vitrine, vers\\u00e3o imprensa, de S\\u00e3o Paulo para Ibi\\u00fana h\\u00e1 alguns anos, iniciou uma nova experi\\u00eancia profissional, dedicando-se ao jornalismo regional, depois de cumprir uma trajet\\u00f3ria bem-sucedida na grande imprensa brasileira. Seu primeiro livro A Coragem de Comunicar foi lan\\u00e7ado na Bienal do Livro em S\\u00e3o Paulo no ano 2000, pela editora Madras.\"}]}<\/script>\n<!-- \/ Yoast SEO plugin. -->","_links":{"self":[{"href":"https:\/\/revistavitrineibiuna.com.br\/index.php?rest_route=\/wp\/v2\/posts\/35152"}],"collection":[{"href":"https:\/\/revistavitrineibiuna.com.br\/index.php?rest_route=\/wp\/v2\/posts"}],"about":[{"href":"https:\/\/revistavitrineibiuna.com.br\/index.php?rest_route=\/wp\/v2\/types\/post"}],"author":[{"embeddable":true,"href":"https:\/\/revistavitrineibiuna.com.br\/index.php?rest_route=\/wp\/v2\/users\/1"}],"replies":[{"embeddable":true,"href":"https:\/\/revistavitrineibiuna.com.br\/index.php?rest_route=%2Fwp%2Fv2%2Fcomments&post=35152"}],"version-history":[{"count":4,"href":"https:\/\/revistavitrineibiuna.com.br\/index.php?rest_route=\/wp\/v2\/posts\/35152\/revisions"}],"predecessor-version":[{"id":35161,"href":"https:\/\/revistavitrineibiuna.com.br\/index.php?rest_route=\/wp\/v2\/posts\/35152\/revisions\/35161"}],"wp:featuredmedia":[{"embeddable":true,"href":"https:\/\/revistavitrineibiuna.com.br\/index.php?rest_route=\/wp\/v2\/media\/35153"}],"wp:attachment":[{"href":"https:\/\/revistavitrineibiuna.com.br\/index.php?rest_route=%2Fwp%2Fv2%2Fmedia&parent=35152"}],"wp:term":[{"taxonomy":"category","embeddable":true,"href":"https:\/\/revistavitrineibiuna.com.br\/index.php?rest_route=%2Fwp%2Fv2%2Fcategories&post=35152"},{"taxonomy":"post_tag","embeddable":true,"href":"https:\/\/revistavitrineibiuna.com.br\/index.php?rest_route=%2Fwp%2Fv2%2Ftags&post=35152"}],"curies":[{"name":"wp","href":"https:\/\/api.w.org\/{rel}","templated":true}]}}