{"id":35163,"date":"2026-03-25T21:49:51","date_gmt":"2026-03-26T00:49:51","guid":{"rendered":"http:\/\/revistavitrineibiuna.com.br\/?p=35163"},"modified":"2026-03-25T21:52:48","modified_gmt":"2026-03-26T00:52:48","slug":"ibiuna-mais-uma-vez-populacao-sofre-com-falta-de-onibus","status":"publish","type":"post","link":"https:\/\/revistavitrineibiuna.com.br\/?p=35163","title":{"rendered":"IBI\u00daNA \u2013 MAIS UMA VEZ POPULA\u00c7\u00c3O SOFRE COM FALTA DE \u00d4NIBUS"},"content":{"rendered":"\n<p class=\"has-drop-cap\"><strong>Mais uma vez a popula\u00e7\u00e3o de Ibi\u00fana sofre dramaticamente com a redu\u00e7\u00e3o de \u00f4nibus em opera\u00e7\u00e3o, itiner\u00e1rios e de hor\u00e1rios.<\/strong><\/p>\n\n\n\n<p><strong>Toda a popula\u00e7\u00e3o \u2013 estudantes, trabalhadores, donas de casa, gente que precisa de atendimento m\u00e9dico \u2013 est\u00e1 sendo penalizada com a surpreendente redu\u00e7\u00e3o de carros dispon\u00edveis.<\/strong><\/p>\n\n\n\n<p><strong>Os usu\u00e1rios ouvidos na rodovi\u00e1ria est\u00e3o revoltados com a decis\u00e3o unilateral da Via\u00e7\u00e3o Raposo Tavares que, como empresa, aparentemente tomou essa medida para reduzir despesas.<\/strong><\/p>\n\n\n\n<p><strong>O vereador Carlinhos Marques encaminhou requerimento \u00e0 empresa dizendo que \u201cn\u00e3o vamos aceitar esse descaso com a popula\u00e7\u00e3o de Ibi\u00fana\u201d.<\/strong><\/p>\n\n\n\n<figure class=\"wp-block-image size-large\"><img loading=\"lazy\" width=\"657\" height=\"496\" src=\"https:\/\/revistavitrineibiuna.com.br\/wp-content\/uploads\/2026\/03\/onibus-2.png\" alt=\"\" class=\"wp-image-35167\" srcset=\"https:\/\/revistavitrineibiuna.com.br\/wp-content\/uploads\/2026\/03\/onibus-2.png 657w, https:\/\/revistavitrineibiuna.com.br\/wp-content\/uploads\/2026\/03\/onibus-2-300x226.png 300w\" sizes=\"(max-width: 657px) 100vw, 657px\" \/><figcaption>Os usu\u00e1rios do transporte p\u00fablico municipal est\u00e3o at\u00f4nitos com a medida tomada pela Via\u00e7\u00e3o Raposo Tavares<\/figcaption><\/figure>\n\n\n\n<p><strong>Presidente da C\u00e2mara, ele disse que est\u00e1 reivindicando exatamente o aumento de \u00f4nibus e de itiner\u00e1rios.<\/strong><\/p>\n\n\n\n<p><strong>O argumento de um funcion\u00e1rio da empresa de que o motivo seria falta de diesel foi recha\u00e7ado pelo edil, argumentando que isso n\u00e3o justifica o que est\u00e1 acontecendo.<\/strong><\/p>\n\n\n\n<p><strong>A popula\u00e7\u00e3o est\u00e1, mais uma vez, entregue \u00e0 pr\u00f3pria sorte.<\/strong><\/p>\n\n\n\n<p><strong>Cabe \u00e0 Prefeitura, contratante da empresa fornecedora de transporte p\u00fablico no munic\u00edpio exigir que o servi\u00e7o funcione a contento para atender \u00e0s necessidades da popula\u00e7\u00e3o. E, sobretudo, esclarecer o que est\u00e1 acontecendo e que provid\u00eancias vai tomar para que o problema seja solucionado o quanto antes.<\/strong><\/p>\n\n\n\n<figure class=\"wp-block-image size-large\"><img loading=\"lazy\" width=\"652\" height=\"445\" src=\"https:\/\/revistavitrineibiuna.com.br\/wp-content\/uploads\/2026\/03\/onibus-1.png\" alt=\"\" class=\"wp-image-35169\" srcset=\"https:\/\/revistavitrineibiuna.com.br\/wp-content\/uploads\/2026\/03\/onibus-1.png 652w, https:\/\/revistavitrineibiuna.com.br\/wp-content\/uploads\/2026\/03\/onibus-1-300x205.png 300w, https:\/\/revistavitrineibiuna.com.br\/wp-content\/uploads\/2026\/03\/onibus-1-130x90.png 130w\" sizes=\"(max-width: 652px) 100vw, 652px\" \/><figcaption>A hist\u00f3ria se repete: mesmo pagando  tarifa de R$5,90, faltam \u00f4nibus<\/figcaption><\/figure>\n","protected":false},"excerpt":{"rendered":"<p>Mais uma vez a popula\u00e7\u00e3o de Ibi\u00fana sofre dramaticamente com a redu\u00e7\u00e3o de \u00f4nibus em opera\u00e7\u00e3o, itiner\u00e1rios e de hor\u00e1rios.<\/p>\n","protected":false},"author":1,"featured_media":35164,"comment_status":"open","ping_status":"open","sticky":false,"template":"","format":"standard","meta":[],"categories":[3],"tags":[],"yoast_head":"<!-- This site is optimized with the Yoast SEO plugin v15.8 - https:\/\/yoast.com\/wordpress\/plugins\/seo\/ -->\n<title>IBI\u00daNA \u2013 MAIS UMA VEZ POPULA\u00c7\u00c3O SOFRE COM FALTA DE \u00d4NIBUS - Revista Vitrine Online<\/title>\n<meta name=\"robots\" content=\"index, follow, max-snippet:-1, max-image-preview:large, max-video-preview:-1\" \/>\n<link rel=\"canonical\" href=\"http:\/\/revistavitrineibiuna.com.br\/?p=35163\" \/>\n<meta property=\"og:locale\" content=\"pt_BR\" \/>\n<meta property=\"og:type\" content=\"article\" \/>\n<meta property=\"og:title\" content=\"IBI\u00daNA \u2013 MAIS UMA VEZ POPULA\u00c7\u00c3O SOFRE COM FALTA DE \u00d4NIBUS - Revista Vitrine Online\" \/>\n<meta property=\"og:description\" content=\"Mais uma vez a popula\u00e7\u00e3o de Ibi\u00fana sofre dramaticamente com a redu\u00e7\u00e3o de \u00f4nibus em opera\u00e7\u00e3o, itiner\u00e1rios e de hor\u00e1rios.\" \/>\n<meta property=\"og:url\" content=\"http:\/\/revistavitrineibiuna.com.br\/?p=35163\" \/>\n<meta property=\"og:site_name\" content=\"Revista Vitrine Online\" \/>\n<meta property=\"article:published_time\" content=\"2026-03-26T00:49:51+00:00\" \/>\n<meta property=\"article:modified_time\" content=\"2026-03-26T00:52:48+00:00\" \/>\n<meta property=\"og:image\" content=\"https:\/\/revistavitrineibiuna.com.br\/wp-content\/uploads\/2026\/03\/onibus-3.png\" \/>\n\t<meta property=\"og:image:width\" content=\"501\" \/>\n\t<meta property=\"og:image:height\" content=\"343\" \/>\n<meta name=\"twitter:card\" content=\"summary\" \/>\n<meta name=\"twitter:label1\" content=\"Est. reading time\">\n\t<meta name=\"twitter:data1\" content=\"2 minutos\">\n<script type=\"application\/ld+json\" class=\"yoast-schema-graph\">{\"@context\":\"https:\/\/schema.org\",\"@graph\":[{\"@type\":\"WebSite\",\"@id\":\"https:\/\/revistavitrineibiuna.com.br\/#website\",\"url\":\"https:\/\/revistavitrineibiuna.com.br\/\",\"name\":\"Revista Vitrine Ibi\\u00fana\",\"description\":\"A Revista de Ibi\\u00fana e Regi\\u00e3o\",\"publisher\":{\"@id\":\"https:\/\/revistavitrineibiuna.com.br\/#\/schema\/person\/e51ef49d6d88170ea21ceabff3f73deb\"},\"potentialAction\":[{\"@type\":\"SearchAction\",\"target\":\"https:\/\/revistavitrineibiuna.com.br\/?s={search_term_string}\",\"query-input\":\"required name=search_term_string\"}],\"inLanguage\":\"pt-BR\"},{\"@type\":\"ImageObject\",\"@id\":\"http:\/\/revistavitrineibiuna.com.br\/?p=35163#primaryimage\",\"inLanguage\":\"pt-BR\",\"url\":\"https:\/\/revistavitrineibiuna.com.br\/wp-content\/uploads\/2026\/03\/onibus-3.png\",\"width\":501,\"height\":343},{\"@type\":\"WebPage\",\"@id\":\"http:\/\/revistavitrineibiuna.com.br\/?p=35163#webpage\",\"url\":\"http:\/\/revistavitrineibiuna.com.br\/?p=35163\",\"name\":\"IBI\\u00daNA \\u2013 MAIS UMA VEZ POPULA\\u00c7\\u00c3O SOFRE COM FALTA DE \\u00d4NIBUS - Revista Vitrine Online\",\"isPartOf\":{\"@id\":\"https:\/\/revistavitrineibiuna.com.br\/#website\"},\"primaryImageOfPage\":{\"@id\":\"http:\/\/revistavitrineibiuna.com.br\/?p=35163#primaryimage\"},\"datePublished\":\"2026-03-26T00:49:51+00:00\",\"dateModified\":\"2026-03-26T00:52:48+00:00\",\"breadcrumb\":{\"@id\":\"http:\/\/revistavitrineibiuna.com.br\/?p=35163#breadcrumb\"},\"inLanguage\":\"pt-BR\",\"potentialAction\":[{\"@type\":\"ReadAction\",\"target\":[\"http:\/\/revistavitrineibiuna.com.br\/?p=35163\"]}]},{\"@type\":\"BreadcrumbList\",\"@id\":\"http:\/\/revistavitrineibiuna.com.br\/?p=35163#breadcrumb\",\"itemListElement\":[{\"@type\":\"ListItem\",\"position\":1,\"item\":{\"@type\":\"WebPage\",\"@id\":\"https:\/\/revistavitrineibiuna.com.br\/\",\"url\":\"https:\/\/revistavitrineibiuna.com.br\/\",\"name\":\"In\\u00edcio\"}},{\"@type\":\"ListItem\",\"position\":2,\"item\":{\"@type\":\"WebPage\",\"@id\":\"http:\/\/revistavitrineibiuna.com.br\/?p=35163\",\"url\":\"http:\/\/revistavitrineibiuna.com.br\/?p=35163\",\"name\":\"IBI\\u00daNA \\u2013 MAIS UMA VEZ POPULA\\u00c7\\u00c3O SOFRE COM FALTA DE \\u00d4NIBUS\"}}]},{\"@type\":\"Article\",\"@id\":\"http:\/\/revistavitrineibiuna.com.br\/?p=35163#article\",\"isPartOf\":{\"@id\":\"http:\/\/revistavitrineibiuna.com.br\/?p=35163#webpage\"},\"author\":{\"@id\":\"https:\/\/revistavitrineibiuna.com.br\/#\/schema\/person\/e51ef49d6d88170ea21ceabff3f73deb\"},\"headline\":\"IBI\\u00daNA \\u2013 MAIS UMA VEZ POPULA\\u00c7\\u00c3O SOFRE COM FALTA DE \\u00d4NIBUS\",\"datePublished\":\"2026-03-26T00:49:51+00:00\",\"dateModified\":\"2026-03-26T00:52:48+00:00\",\"mainEntityOfPage\":{\"@id\":\"http:\/\/revistavitrineibiuna.com.br\/?p=35163#webpage\"},\"commentCount\":0,\"publisher\":{\"@id\":\"https:\/\/revistavitrineibiuna.com.br\/#\/schema\/person\/e51ef49d6d88170ea21ceabff3f73deb\"},\"image\":{\"@id\":\"http:\/\/revistavitrineibiuna.com.br\/?p=35163#primaryimage\"},\"articleSection\":\"Not\\u00edcias\",\"inLanguage\":\"pt-BR\",\"potentialAction\":[{\"@type\":\"CommentAction\",\"name\":\"Comment\",\"target\":[\"http:\/\/revistavitrineibiuna.com.br\/?p=35163#respond\"]}]},{\"@type\":[\"Person\",\"Organization\"],\"@id\":\"https:\/\/revistavitrineibiuna.com.br\/#\/schema\/person\/e51ef49d6d88170ea21ceabff3f73deb\",\"name\":\"Carlos Rossini\",\"image\":{\"@type\":\"ImageObject\",\"@id\":\"https:\/\/revistavitrineibiuna.com.br\/#personlogo\",\"inLanguage\":\"pt-BR\",\"url\":\"https:\/\/secure.gravatar.com\/avatar\/4f2d0f99fac1f85c7d643f21f5c8d900?s=96&d=mm&r=g\",\"caption\":\"Carlos Rossini\"},\"logo\":{\"@id\":\"https:\/\/revistavitrineibiuna.com.br\/#personlogo\"},\"description\":\"Carlos Rossini \\u00e9 jornalista, soci\\u00f3logo, escritor e professor universit\\u00e1rio, tendo sido professor de jornalismo por vinte anos. Trabalhou em ve\\u00edculos de comunica\\u00e7\\u00e3o nas fun\\u00e7\\u00f5es de rep\\u00f3rter, redator, editor, articulista e colaborador, como Folha de S. Paulo, O Estado de S. Paulo, Di\\u00e1rio Popular, entre outros. Ao transferir a revista vitrine, vers\\u00e3o imprensa, de S\\u00e3o Paulo para Ibi\\u00fana h\\u00e1 alguns anos, iniciou uma nova experi\\u00eancia profissional, dedicando-se ao jornalismo regional, depois de cumprir uma trajet\\u00f3ria bem-sucedida na grande imprensa brasileira. Seu primeiro livro A Coragem de Comunicar foi lan\\u00e7ado na Bienal do Livro em S\\u00e3o Paulo no ano 2000, pela editora Madras.\"}]}<\/script>\n<!-- \/ Yoast SEO plugin. -->","_links":{"self":[{"href":"https:\/\/revistavitrineibiuna.com.br\/index.php?rest_route=\/wp\/v2\/posts\/35163"}],"collection":[{"href":"https:\/\/revistavitrineibiuna.com.br\/index.php?rest_route=\/wp\/v2\/posts"}],"about":[{"href":"https:\/\/revistavitrineibiuna.com.br\/index.php?rest_route=\/wp\/v2\/types\/post"}],"author":[{"embeddable":true,"href":"https:\/\/revistavitrineibiuna.com.br\/index.php?rest_route=\/wp\/v2\/users\/1"}],"replies":[{"embeddable":true,"href":"https:\/\/revistavitrineibiuna.com.br\/index.php?rest_route=%2Fwp%2Fv2%2Fcomments&post=35163"}],"version-history":[{"count":3,"href":"https:\/\/revistavitrineibiuna.com.br\/index.php?rest_route=\/wp\/v2\/posts\/35163\/revisions"}],"predecessor-version":[{"id":35171,"href":"https:\/\/revistavitrineibiuna.com.br\/index.php?rest_route=\/wp\/v2\/posts\/35163\/revisions\/35171"}],"wp:featuredmedia":[{"embeddable":true,"href":"https:\/\/revistavitrineibiuna.com.br\/index.php?rest_route=\/wp\/v2\/media\/35164"}],"wp:attachment":[{"href":"https:\/\/revistavitrineibiuna.com.br\/index.php?rest_route=%2Fwp%2Fv2%2Fmedia&parent=35163"}],"wp:term":[{"taxonomy":"category","embeddable":true,"href":"https:\/\/revistavitrineibiuna.com.br\/index.php?rest_route=%2Fwp%2Fv2%2Fcategories&post=35163"},{"taxonomy":"post_tag","embeddable":true,"href":"https:\/\/revistavitrineibiuna.com.br\/index.php?rest_route=%2Fwp%2Fv2%2Ftags&post=35163"}],"curies":[{"name":"wp","href":"https:\/\/api.w.org\/{rel}","templated":true}]}}