{"id":35172,"date":"2026-03-25T23:41:50","date_gmt":"2026-03-26T02:41:50","guid":{"rendered":"http:\/\/revistavitrineibiuna.com.br\/?p=35172"},"modified":"2026-03-25T23:57:28","modified_gmt":"2026-03-26T02:57:28","slug":"ibiuna-igats-recorre-contra-resultado-da-licitacao-do-hospital","status":"publish","type":"post","link":"https:\/\/revistavitrineibiuna.com.br\/?p=35172","title":{"rendered":"IBI\u00daNA \u2013 IGATS RECORRE CONTRA RESULTADO DA LICITA\u00c7\u00c3O DO HOSPITAL"},"content":{"rendered":"\n<p class=\"has-drop-cap\"><strong>O Instituto Gest\u00e3o Administra\u00e7\u00e3o e Treinamento em Sa\u00fade \u2013 Igats, gestora do Hospital Municipal de Ibi\u00fana \u2013 HMI, cujo contrato foi encerrado no ano passado, entrou com recurso contra a sua desclassifica\u00e7\u00e3o no processo de licita\u00e7\u00e3o para contrata\u00e7\u00e3o de nova gestora.<\/strong><\/p>\n\n\n\n<p><strong>Em virtude desse procedimento, a Comiss\u00e3o de Licita\u00e7\u00e3o intimou as duas primeiras classificadas, respectivamente Morgan de Educa\u00e7\u00e3o, Sa\u00fade e Esportes e Med Life Gest\u00e3o em Sa\u00fade a apresentarem contrarraz\u00f5es ao recurso interposto.<\/strong><\/p>\n\n\n\n<p><strong>Contrarraz\u00f5es em licita\u00e7\u00e3o s\u00e3o as defesas formais de uma empresa licitante para rebater argumentos de um recurso interposto por um concorrente, no caso o Igats.<\/strong><\/p>\n\n\n\n<p><strong>Com base nos argumentos sustentados pelos classificados, a comiss\u00e3o ou o pregoeiro tem a oportunidade de reanalisar sua pr\u00f3pria decis\u00e3o, dentro de um prazo de tr\u00eas dias \u00fateis.<\/strong><\/p>\n\n\n\n<p><strong>O QUE PODE ACONTECER<\/strong><\/p>\n\n\n\n<p><strong>Quando uma empresa entra com um recurso contra o resultado de uma licita\u00e7\u00e3o na prefeitura, inicia-se uma fase de revis\u00e3o administrativa que pode paralisar o processo, alterar o vencedor ou at\u00e9 anular o certame, de acordo com a nova Lei das Licita\u00e7\u00f5es.<\/strong><\/p>\n\n\n\n<p><strong>\u201cEXIG\u00caNCIAS T\u00c9CNICAS\u201d<\/strong><\/p>\n\n\n\n<p><strong>Conforme vitrine online noticiou, a Prefeitura anunciou o resultado da licita\u00e7\u00e3o no dia 13 de mar\u00e7o, publicado no Imprensa Oficial n\u00ba 1258.<\/strong><\/p>\n\n\n\n<p><strong>O motivo apontado para a desclassifica\u00e7\u00e3o do Igats foi \u201cem raz\u00e3o do descumprimento das exig\u00eancias t\u00e9cnicas estabelecidas no Termo de Refer\u00eancia, especialmente quanto ao dimensionamento da equipe de enfermagem exigido para a execu\u00e7\u00e3o dos servi\u00e7os hospitalares\u201d.<\/strong><\/p>\n\n\n\n<p><strong>COMISS\u00c3O<\/strong><\/p>\n\n\n\n<p><strong>A comiss\u00e3o de sele\u00e7\u00e3o \u00e9 integrada por: M\u00e1rcia Cristina dos Santos Matos, presidente; e os membros Leonardo Hueb Festa; Sandra Luiza Lopes de Toledo; e Edson Luiz Soares.<\/strong><\/p>\n\n\n\n<figure class=\"wp-block-image size-large\"><img loading=\"lazy\" width=\"572\" height=\"462\" src=\"https:\/\/revistavitrineibiuna.com.br\/wp-content\/uploads\/2026\/03\/DIARIO-OFICIAL.png\" alt=\"\" class=\"wp-image-35175\" srcset=\"https:\/\/revistavitrineibiuna.com.br\/wp-content\/uploads\/2026\/03\/DIARIO-OFICIAL.png 572w, https:\/\/revistavitrineibiuna.com.br\/wp-content\/uploads\/2026\/03\/DIARIO-OFICIAL-300x242.png 300w\" sizes=\"(max-width: 572px) 100vw, 572px\" \/><figcaption>A intima\u00e7\u00e3o foi publicada no  Imprensa Oficial n\u00ba 1265 &#8211; 25\/03\/2026<\/figcaption><\/figure>\n","protected":false},"excerpt":{"rendered":"<p>O Instituto Gest\u00e3o Administra\u00e7\u00e3o e Treinamento em Sa\u00fade \u2013 Igats, gestora do Hospital Municipal de Ibi\u00fana \u2013 HMI, cujo contrato<\/p>\n","protected":false},"author":1,"featured_media":35173,"comment_status":"open","ping_status":"open","sticky":false,"template":"","format":"standard","meta":[],"categories":[3],"tags":[],"yoast_head":"<!-- This site is optimized with the Yoast SEO plugin v15.8 - https:\/\/yoast.com\/wordpress\/plugins\/seo\/ -->\n<title>IBI\u00daNA \u2013 IGATS RECORRE CONTRA RESULTADO DA LICITA\u00c7\u00c3O DO HOSPITAL - Revista Vitrine Online<\/title>\n<meta name=\"robots\" content=\"index, follow, max-snippet:-1, max-image-preview:large, max-video-preview:-1\" \/>\n<link rel=\"canonical\" href=\"https:\/\/revistavitrineibiuna.com.br\/?p=35172\" \/>\n<meta property=\"og:locale\" content=\"pt_BR\" \/>\n<meta property=\"og:type\" content=\"article\" \/>\n<meta property=\"og:title\" content=\"IBI\u00daNA \u2013 IGATS RECORRE CONTRA RESULTADO DA LICITA\u00c7\u00c3O DO HOSPITAL - Revista Vitrine Online\" \/>\n<meta property=\"og:description\" content=\"O Instituto Gest\u00e3o Administra\u00e7\u00e3o e Treinamento em Sa\u00fade \u2013 Igats, gestora do Hospital Municipal de Ibi\u00fana \u2013 HMI, cujo contrato\" \/>\n<meta property=\"og:url\" content=\"https:\/\/revistavitrineibiuna.com.br\/?p=35172\" \/>\n<meta property=\"og:site_name\" content=\"Revista Vitrine Online\" \/>\n<meta property=\"article:published_time\" content=\"2026-03-26T02:41:50+00:00\" \/>\n<meta property=\"article:modified_time\" content=\"2026-03-26T02:57:28+00:00\" \/>\n<meta property=\"og:image\" content=\"https:\/\/revistavitrineibiuna.com.br\/wp-content\/uploads\/2026\/03\/8d869d19-77eb-457c-895e-673a6cf71d68-1.jpg\" \/>\n\t<meta property=\"og:image:width\" content=\"1600\" \/>\n\t<meta property=\"og:image:height\" content=\"1200\" \/>\n<meta name=\"twitter:card\" content=\"summary\" \/>\n<meta name=\"twitter:label1\" content=\"Est. reading time\">\n\t<meta name=\"twitter:data1\" content=\"2 minutos\">\n<script type=\"application\/ld+json\" class=\"yoast-schema-graph\">{\"@context\":\"https:\/\/schema.org\",\"@graph\":[{\"@type\":\"WebSite\",\"@id\":\"https:\/\/revistavitrineibiuna.com.br\/#website\",\"url\":\"https:\/\/revistavitrineibiuna.com.br\/\",\"name\":\"Revista Vitrine Ibi\\u00fana\",\"description\":\"A Revista de Ibi\\u00fana e Regi\\u00e3o\",\"publisher\":{\"@id\":\"https:\/\/revistavitrineibiuna.com.br\/#\/schema\/person\/e51ef49d6d88170ea21ceabff3f73deb\"},\"potentialAction\":[{\"@type\":\"SearchAction\",\"target\":\"https:\/\/revistavitrineibiuna.com.br\/?s={search_term_string}\",\"query-input\":\"required name=search_term_string\"}],\"inLanguage\":\"pt-BR\"},{\"@type\":\"ImageObject\",\"@id\":\"https:\/\/revistavitrineibiuna.com.br\/?p=35172#primaryimage\",\"inLanguage\":\"pt-BR\",\"url\":\"https:\/\/revistavitrineibiuna.com.br\/wp-content\/uploads\/2026\/03\/8d869d19-77eb-457c-895e-673a6cf71d68-1.jpg\",\"width\":1600,\"height\":1200},{\"@type\":\"WebPage\",\"@id\":\"https:\/\/revistavitrineibiuna.com.br\/?p=35172#webpage\",\"url\":\"https:\/\/revistavitrineibiuna.com.br\/?p=35172\",\"name\":\"IBI\\u00daNA \\u2013 IGATS RECORRE CONTRA RESULTADO DA LICITA\\u00c7\\u00c3O DO HOSPITAL - Revista Vitrine Online\",\"isPartOf\":{\"@id\":\"https:\/\/revistavitrineibiuna.com.br\/#website\"},\"primaryImageOfPage\":{\"@id\":\"https:\/\/revistavitrineibiuna.com.br\/?p=35172#primaryimage\"},\"datePublished\":\"2026-03-26T02:41:50+00:00\",\"dateModified\":\"2026-03-26T02:57:28+00:00\",\"breadcrumb\":{\"@id\":\"https:\/\/revistavitrineibiuna.com.br\/?p=35172#breadcrumb\"},\"inLanguage\":\"pt-BR\",\"potentialAction\":[{\"@type\":\"ReadAction\",\"target\":[\"https:\/\/revistavitrineibiuna.com.br\/?p=35172\"]}]},{\"@type\":\"BreadcrumbList\",\"@id\":\"https:\/\/revistavitrineibiuna.com.br\/?p=35172#breadcrumb\",\"itemListElement\":[{\"@type\":\"ListItem\",\"position\":1,\"item\":{\"@type\":\"WebPage\",\"@id\":\"https:\/\/revistavitrineibiuna.com.br\/\",\"url\":\"https:\/\/revistavitrineibiuna.com.br\/\",\"name\":\"In\\u00edcio\"}},{\"@type\":\"ListItem\",\"position\":2,\"item\":{\"@type\":\"WebPage\",\"@id\":\"https:\/\/revistavitrineibiuna.com.br\/?p=35172\",\"url\":\"https:\/\/revistavitrineibiuna.com.br\/?p=35172\",\"name\":\"IBI\\u00daNA \\u2013 IGATS RECORRE CONTRA RESULTADO DA LICITA\\u00c7\\u00c3O DO HOSPITAL\"}}]},{\"@type\":\"Article\",\"@id\":\"https:\/\/revistavitrineibiuna.com.br\/?p=35172#article\",\"isPartOf\":{\"@id\":\"https:\/\/revistavitrineibiuna.com.br\/?p=35172#webpage\"},\"author\":{\"@id\":\"https:\/\/revistavitrineibiuna.com.br\/#\/schema\/person\/e51ef49d6d88170ea21ceabff3f73deb\"},\"headline\":\"IBI\\u00daNA \\u2013 IGATS RECORRE CONTRA RESULTADO DA LICITA\\u00c7\\u00c3O DO HOSPITAL\",\"datePublished\":\"2026-03-26T02:41:50+00:00\",\"dateModified\":\"2026-03-26T02:57:28+00:00\",\"mainEntityOfPage\":{\"@id\":\"https:\/\/revistavitrineibiuna.com.br\/?p=35172#webpage\"},\"commentCount\":0,\"publisher\":{\"@id\":\"https:\/\/revistavitrineibiuna.com.br\/#\/schema\/person\/e51ef49d6d88170ea21ceabff3f73deb\"},\"image\":{\"@id\":\"https:\/\/revistavitrineibiuna.com.br\/?p=35172#primaryimage\"},\"articleSection\":\"Not\\u00edcias\",\"inLanguage\":\"pt-BR\",\"potentialAction\":[{\"@type\":\"CommentAction\",\"name\":\"Comment\",\"target\":[\"https:\/\/revistavitrineibiuna.com.br\/?p=35172#respond\"]}]},{\"@type\":[\"Person\",\"Organization\"],\"@id\":\"https:\/\/revistavitrineibiuna.com.br\/#\/schema\/person\/e51ef49d6d88170ea21ceabff3f73deb\",\"name\":\"Carlos Rossini\",\"image\":{\"@type\":\"ImageObject\",\"@id\":\"https:\/\/revistavitrineibiuna.com.br\/#personlogo\",\"inLanguage\":\"pt-BR\",\"url\":\"https:\/\/secure.gravatar.com\/avatar\/4f2d0f99fac1f85c7d643f21f5c8d900?s=96&d=mm&r=g\",\"caption\":\"Carlos Rossini\"},\"logo\":{\"@id\":\"https:\/\/revistavitrineibiuna.com.br\/#personlogo\"},\"description\":\"Carlos Rossini \\u00e9 jornalista, soci\\u00f3logo, escritor e professor universit\\u00e1rio, tendo sido professor de jornalismo por vinte anos. Trabalhou em ve\\u00edculos de comunica\\u00e7\\u00e3o nas fun\\u00e7\\u00f5es de rep\\u00f3rter, redator, editor, articulista e colaborador, como Folha de S. Paulo, O Estado de S. Paulo, Di\\u00e1rio Popular, entre outros. Ao transferir a revista vitrine, vers\\u00e3o imprensa, de S\\u00e3o Paulo para Ibi\\u00fana h\\u00e1 alguns anos, iniciou uma nova experi\\u00eancia profissional, dedicando-se ao jornalismo regional, depois de cumprir uma trajet\\u00f3ria bem-sucedida na grande imprensa brasileira. Seu primeiro livro A Coragem de Comunicar foi lan\\u00e7ado na Bienal do Livro em S\\u00e3o Paulo no ano 2000, pela editora Madras.\"}]}<\/script>\n<!-- \/ Yoast SEO plugin. -->","_links":{"self":[{"href":"https:\/\/revistavitrineibiuna.com.br\/index.php?rest_route=\/wp\/v2\/posts\/35172"}],"collection":[{"href":"https:\/\/revistavitrineibiuna.com.br\/index.php?rest_route=\/wp\/v2\/posts"}],"about":[{"href":"https:\/\/revistavitrineibiuna.com.br\/index.php?rest_route=\/wp\/v2\/types\/post"}],"author":[{"embeddable":true,"href":"https:\/\/revistavitrineibiuna.com.br\/index.php?rest_route=\/wp\/v2\/users\/1"}],"replies":[{"embeddable":true,"href":"https:\/\/revistavitrineibiuna.com.br\/index.php?rest_route=%2Fwp%2Fv2%2Fcomments&post=35172"}],"version-history":[{"count":4,"href":"https:\/\/revistavitrineibiuna.com.br\/index.php?rest_route=\/wp\/v2\/posts\/35172\/revisions"}],"predecessor-version":[{"id":35179,"href":"https:\/\/revistavitrineibiuna.com.br\/index.php?rest_route=\/wp\/v2\/posts\/35172\/revisions\/35179"}],"wp:featuredmedia":[{"embeddable":true,"href":"https:\/\/revistavitrineibiuna.com.br\/index.php?rest_route=\/wp\/v2\/media\/35173"}],"wp:attachment":[{"href":"https:\/\/revistavitrineibiuna.com.br\/index.php?rest_route=%2Fwp%2Fv2%2Fmedia&parent=35172"}],"wp:term":[{"taxonomy":"category","embeddable":true,"href":"https:\/\/revistavitrineibiuna.com.br\/index.php?rest_route=%2Fwp%2Fv2%2Fcategories&post=35172"},{"taxonomy":"post_tag","embeddable":true,"href":"https:\/\/revistavitrineibiuna.com.br\/index.php?rest_route=%2Fwp%2Fv2%2Ftags&post=35172"}],"curies":[{"name":"wp","href":"https:\/\/api.w.org\/{rel}","templated":true}]}}