{"id":35180,"date":"2026-03-26T08:56:41","date_gmt":"2026-03-26T11:56:41","guid":{"rendered":"http:\/\/revistavitrineibiuna.com.br\/?p=35180"},"modified":"2026-03-26T08:58:10","modified_gmt":"2026-03-26T11:58:10","slug":"papo-cabeca-as-palavras-e-o-povo-ibiunense","status":"publish","type":"post","link":"https:\/\/revistavitrineibiuna.com.br\/?p=35180","title":{"rendered":"PAPO CABE\u00c7A \u2013 AS PALAVRAS E O POVO IBIUNENSE"},"content":{"rendered":"\n<p><strong>PARTE 1 &#8211; Escrevi um livro \u201c<em>Para que servem as palavras\u201d<\/em> [ainda in\u00e9dito] e tenho me lembrado cada vez mais dessa obra por conta dos&nbsp; acontecimentos que tenho observado na condi\u00e7\u00e3o de jornalista.<\/strong><\/p>\n\n\n\n<p><strong>Antes de prosseguir, preciso fazer a ressalva que n\u00e3o me atrevi a fazer o trabalho de um linguista ou fil\u00f3logo, porque essa tarefa n\u00e3o fez parte do meu prop\u00f3sito.<\/strong><\/p>\n\n\n\n<p><strong>Meu objetivo original era contribuir, de alguma forma, para que as pessoas tomassem conhecimento da import\u00e2ncia das palavras e, consequentemente, da linguagem para compreenderem o mundo em que vivem.<\/strong><\/p>\n\n\n\n<p><strong>As palavras s\u00e3o os alicerces dos nossos pensamentos e, consequentemente, fazem parte da estrutura dos nossos comportamentos sociais.<\/strong><\/p>\n\n\n\n<p><strong>O livro, portanto, tem um tra\u00e7o de simplicidade da primeira \u00e0 \u00faltima p\u00e1gina para que seja entendido e \u00fatil para todas as pessoas, em todos os n\u00edveis culturais, desde que tenham sido alfabetizadas e sejam curiosas.<\/strong><\/p>\n\n\n\n<p><strong>Gostaria que um dia fosse adotado nas escolas, a fim de despertar em crian\u00e7as, adolescentes, jovens, e adultos [no caso da EJA] enfim, o amor pelas palavras pelo que elas significam para o nosso dia a dia.<\/strong><\/p>\n\n\n\n<p><strong>Feitos esses reparos, creio ser indispens\u00e1vel dizer que, naturalmente, desemboquei no grande estu\u00e1rio da etimologia, que \u00e9 o estudo da origem e da evolu\u00e7\u00e3o das palavras.<\/strong><\/p>\n\n\n\n<p><strong>Bem resumidinho, etimologia \u00e9 a chave que abre o original e verdadeiro sentido de uma palavra.<\/strong><\/p>\n\n\n\n<p><strong>PARTE 2 \u2013 Agora damos um passo adiante, com dois exemplos pr\u00e1ticos e necess\u00e1rios para o objetivo desta conversa. Evoco o significado de duas palavras: DIGNO E HONRA.<\/strong><\/p>\n\n\n\n<p><strong>Ambas t\u00eam um car\u00e1ter com not\u00e1vel similaridade. DIGNO quer dizer respeito, e extensamente, merecedor de respeito. HONRA tamb\u00e9m significa respeito, com um leve toque em valor que, por sua vez, refor\u00e7a a quest\u00e3o da import\u00e2ncia.<\/strong><\/p>\n\n\n\n<p><strong>Ent\u00e3o fique sabendo que voc\u00ea importa, e muito!<\/strong><\/p>\n\n\n\n<p><strong>Estamos falando de que, em princ\u00edpio, todas as pessoas s\u00e3o dignas e merecedoras de respeito e, somente essa frase, j\u00e1 liquida com a quest\u00e3o do preconceito que tanto aflige nossa sociedade.<\/strong><\/p>\n\n\n\n<p><strong>PARTE 3 \u2013 Ent\u00e3o, subindo mais um degrau, podemos concluir que tudo aquilo que impede que possamos viver com dignidade deve provocar em n\u00f3s, coerentemente, um sentimento de indigna\u00e7\u00e3o, que \u00e9 uma forma saud\u00e1vel de reagir \u00e0s provoca\u00e7\u00f5es que nos atingem no dia a dia.<\/strong><\/p>\n\n\n\n<p><strong>Indigna\u00e7\u00e3o \u00e9 considerada uma raiva \u00e9tica ou o desprezo que sentimos diante de uma injusti\u00e7a ou a\u00e7\u00e3o vergonhosa, ou seja: algo que n\u00e3o merece respeito ou que viola a dignidade.<\/strong><\/p>\n\n\n\n<p><strong>Esse sentimento jamais deve ser interpretado como um estado emocional doentio, porque n\u00e3o \u00e9. Ao contr\u00e1rio, \u00e9 necess\u00e1rio at\u00e9 mesmo para que as pessoas mantenham sanidade mental, porque seus direitos fundamentais est\u00e3o sendo violados.<\/strong><\/p>\n\n\n\n<p><strong>Vamos chamar isso de direito de indignar-se diante das injusti\u00e7as.<\/strong><\/p>\n\n\n\n<p><strong>PARTE 4 \u2013 Ouvi de uma ibiunense nata que a na\u00e7\u00e3o ibiunense revela sua indigna\u00e7\u00e3o contra os desaforos provocados pelos pol\u00edticos a cada quatro anos, quando deposita seus votos na urna e diz n\u00e3o \u00e0queles cujas a\u00e7\u00f5es desaprovou.<\/strong><\/p>\n\n\n\n<p><strong>Mas, c\u00e1 entre n\u00f3s, ser\u00e1 esse um procedimento sensato? Passar quatro anos assistindo aos acontecimentos e engolir em seco por supostamente entender que as coisas sempre foram assim e n\u00e3o podem ser mudadas? Quando v\u00e3o perceber que a \u00fanica&nbsp; realidade \u00e9 que estar\u00e1 quatro anos&nbsp; mais velha?<\/strong><\/p>\n\n\n\n<p><strong>Veja bem, voc\u00ea precisa viver com dignidade, por ser merecedor de respeito todos os dias de sua vida que n\u00e3o d\u00e1 salto de quatro em quatro anos porque, a realidade \u00e9 aqui e agora e quem sente dor tem pressa. A dor acontece agora e precisa ser enfrentada neste momento e n\u00e3o somente depois que o bonde da hist\u00f3ria passou para sempre.<\/strong><\/p>\n\n\n\n<p><strong>PARTE 5 \u2013 Estas palavras foram criadas mediante a observa\u00e7\u00e3o dos acontecimentos que estamos observando em nossa cidade, o mais recente deles a s\u00fabita e inaceit\u00e1vel redu\u00e7\u00e3o do numero de \u00f4nibus, de itiner\u00e1rios e de hor\u00e1rios que vem afetando absurdamente a vida de toda a popula\u00e7\u00e3o que precisa ir \u00e0s escolas, ao trabalho, ao m\u00e9dico, \u00e0s compras.<\/strong><\/p>\n\n\n\n<p><strong>Claro, existem outras quest\u00f5es [que temos abordado] n\u00e3o menos importantes, que se enquadram no mesmo contexto e que deixam ao menos um cidad\u00e3o com o sentimento de estar diante de um cen\u00e1rio sensabor\u00e3o.<\/strong><\/p>\n\n\n\n<p><strong>PARTE FINAL \u2013 Tenho consci\u00eancia de que escrevo para poucos, porque a maioria anda muito atribulada com outros assuntos mais importantes relacionados com a sobreviv\u00eancia imediata aos quais d\u00e3o aten\u00e7\u00e3o priorit\u00e1ria.<\/strong><\/p>\n\n\n\n<p><strong>Mas, j\u00e1 haver\u00e1 motivo de j\u00fabilo se ao menos mais um personagem sentir-se motivado a pensar neste assunto e despertar para uma nova [e diferente] maneira de encarar a realidade. Desse modo, saberei que n\u00e3o estou sozinho diante dos fatos que podem nos incomodar como seres humanos. (Carlos Rossini \u00e9 jornalista, diretor da TVUNA e editor de vitrine online)<\/strong><\/p>\n\n\n\n<p class=\"has-drop-cap\"><strong>P.S.: Dedico estas linhas a todos os professores de Ibi\u00fana.<\/strong><\/p>\n","protected":false},"excerpt":{"rendered":"<p>PARTE 1 &#8211; Escrevi um livro \u201cPara que servem as palavras\u201d [ainda in\u00e9dito] e tenho me lembrado cada vez mais<\/p>\n","protected":false},"author":1,"featured_media":35182,"comment_status":"open","ping_status":"open","sticky":false,"template":"","format":"standard","meta":[],"categories":[3],"tags":[],"yoast_head":"<!-- This site is optimized with the Yoast SEO plugin v15.8 - https:\/\/yoast.com\/wordpress\/plugins\/seo\/ -->\n<title>PAPO CABE\u00c7A \u2013 AS PALAVRAS E O POVO IBIUNENSE - Revista Vitrine Online<\/title>\n<meta name=\"robots\" content=\"index, follow, max-snippet:-1, max-image-preview:large, max-video-preview:-1\" \/>\n<link rel=\"canonical\" href=\"https:\/\/revistavitrineibiuna.com.br\/?p=35180\" \/>\n<meta property=\"og:locale\" content=\"pt_BR\" \/>\n<meta property=\"og:type\" content=\"article\" \/>\n<meta property=\"og:title\" content=\"PAPO CABE\u00c7A \u2013 AS PALAVRAS E O POVO IBIUNENSE - Revista Vitrine Online\" \/>\n<meta property=\"og:description\" content=\"PARTE 1 &#8211; Escrevi um livro \u201cPara que servem as palavras\u201d [ainda in\u00e9dito] e tenho me lembrado cada vez mais\" \/>\n<meta property=\"og:url\" content=\"https:\/\/revistavitrineibiuna.com.br\/?p=35180\" \/>\n<meta property=\"og:site_name\" content=\"Revista Vitrine Online\" \/>\n<meta property=\"article:published_time\" content=\"2026-03-26T11:56:41+00:00\" \/>\n<meta property=\"article:modified_time\" content=\"2026-03-26T11:58:10+00:00\" \/>\n<meta property=\"og:image\" content=\"https:\/\/revistavitrineibiuna.com.br\/wp-content\/uploads\/2026\/03\/dignidade.png\" \/>\n\t<meta property=\"og:image:width\" content=\"678\" \/>\n\t<meta property=\"og:image:height\" content=\"407\" \/>\n<meta name=\"twitter:card\" content=\"summary\" \/>\n<meta name=\"twitter:label1\" content=\"Est. reading time\">\n\t<meta name=\"twitter:data1\" content=\"4 minutos\">\n<script type=\"application\/ld+json\" class=\"yoast-schema-graph\">{\"@context\":\"https:\/\/schema.org\",\"@graph\":[{\"@type\":\"WebSite\",\"@id\":\"https:\/\/revistavitrineibiuna.com.br\/#website\",\"url\":\"https:\/\/revistavitrineibiuna.com.br\/\",\"name\":\"Revista Vitrine Ibi\\u00fana\",\"description\":\"A Revista de Ibi\\u00fana e Regi\\u00e3o\",\"publisher\":{\"@id\":\"https:\/\/revistavitrineibiuna.com.br\/#\/schema\/person\/e51ef49d6d88170ea21ceabff3f73deb\"},\"potentialAction\":[{\"@type\":\"SearchAction\",\"target\":\"https:\/\/revistavitrineibiuna.com.br\/?s={search_term_string}\",\"query-input\":\"required name=search_term_string\"}],\"inLanguage\":\"pt-BR\"},{\"@type\":\"ImageObject\",\"@id\":\"https:\/\/revistavitrineibiuna.com.br\/?p=35180#primaryimage\",\"inLanguage\":\"pt-BR\",\"url\":\"https:\/\/revistavitrineibiuna.com.br\/wp-content\/uploads\/2026\/03\/dignidade.png\",\"width\":678,\"height\":407},{\"@type\":\"WebPage\",\"@id\":\"https:\/\/revistavitrineibiuna.com.br\/?p=35180#webpage\",\"url\":\"https:\/\/revistavitrineibiuna.com.br\/?p=35180\",\"name\":\"PAPO CABE\\u00c7A \\u2013 AS PALAVRAS E O POVO IBIUNENSE - Revista Vitrine Online\",\"isPartOf\":{\"@id\":\"https:\/\/revistavitrineibiuna.com.br\/#website\"},\"primaryImageOfPage\":{\"@id\":\"https:\/\/revistavitrineibiuna.com.br\/?p=35180#primaryimage\"},\"datePublished\":\"2026-03-26T11:56:41+00:00\",\"dateModified\":\"2026-03-26T11:58:10+00:00\",\"breadcrumb\":{\"@id\":\"https:\/\/revistavitrineibiuna.com.br\/?p=35180#breadcrumb\"},\"inLanguage\":\"pt-BR\",\"potentialAction\":[{\"@type\":\"ReadAction\",\"target\":[\"https:\/\/revistavitrineibiuna.com.br\/?p=35180\"]}]},{\"@type\":\"BreadcrumbList\",\"@id\":\"https:\/\/revistavitrineibiuna.com.br\/?p=35180#breadcrumb\",\"itemListElement\":[{\"@type\":\"ListItem\",\"position\":1,\"item\":{\"@type\":\"WebPage\",\"@id\":\"https:\/\/revistavitrineibiuna.com.br\/\",\"url\":\"https:\/\/revistavitrineibiuna.com.br\/\",\"name\":\"In\\u00edcio\"}},{\"@type\":\"ListItem\",\"position\":2,\"item\":{\"@type\":\"WebPage\",\"@id\":\"https:\/\/revistavitrineibiuna.com.br\/?p=35180\",\"url\":\"https:\/\/revistavitrineibiuna.com.br\/?p=35180\",\"name\":\"PAPO CABE\\u00c7A \\u2013 AS PALAVRAS E O POVO IBIUNENSE\"}}]},{\"@type\":\"Article\",\"@id\":\"https:\/\/revistavitrineibiuna.com.br\/?p=35180#article\",\"isPartOf\":{\"@id\":\"https:\/\/revistavitrineibiuna.com.br\/?p=35180#webpage\"},\"author\":{\"@id\":\"https:\/\/revistavitrineibiuna.com.br\/#\/schema\/person\/e51ef49d6d88170ea21ceabff3f73deb\"},\"headline\":\"PAPO CABE\\u00c7A \\u2013 AS PALAVRAS E O POVO IBIUNENSE\",\"datePublished\":\"2026-03-26T11:56:41+00:00\",\"dateModified\":\"2026-03-26T11:58:10+00:00\",\"mainEntityOfPage\":{\"@id\":\"https:\/\/revistavitrineibiuna.com.br\/?p=35180#webpage\"},\"commentCount\":0,\"publisher\":{\"@id\":\"https:\/\/revistavitrineibiuna.com.br\/#\/schema\/person\/e51ef49d6d88170ea21ceabff3f73deb\"},\"image\":{\"@id\":\"https:\/\/revistavitrineibiuna.com.br\/?p=35180#primaryimage\"},\"articleSection\":\"Not\\u00edcias\",\"inLanguage\":\"pt-BR\",\"potentialAction\":[{\"@type\":\"CommentAction\",\"name\":\"Comment\",\"target\":[\"https:\/\/revistavitrineibiuna.com.br\/?p=35180#respond\"]}]},{\"@type\":[\"Person\",\"Organization\"],\"@id\":\"https:\/\/revistavitrineibiuna.com.br\/#\/schema\/person\/e51ef49d6d88170ea21ceabff3f73deb\",\"name\":\"Carlos Rossini\",\"image\":{\"@type\":\"ImageObject\",\"@id\":\"https:\/\/revistavitrineibiuna.com.br\/#personlogo\",\"inLanguage\":\"pt-BR\",\"url\":\"https:\/\/secure.gravatar.com\/avatar\/4f2d0f99fac1f85c7d643f21f5c8d900?s=96&d=mm&r=g\",\"caption\":\"Carlos Rossini\"},\"logo\":{\"@id\":\"https:\/\/revistavitrineibiuna.com.br\/#personlogo\"},\"description\":\"Carlos Rossini \\u00e9 jornalista, soci\\u00f3logo, escritor e professor universit\\u00e1rio, tendo sido professor de jornalismo por vinte anos. Trabalhou em ve\\u00edculos de comunica\\u00e7\\u00e3o nas fun\\u00e7\\u00f5es de rep\\u00f3rter, redator, editor, articulista e colaborador, como Folha de S. Paulo, O Estado de S. Paulo, Di\\u00e1rio Popular, entre outros. Ao transferir a revista vitrine, vers\\u00e3o imprensa, de S\\u00e3o Paulo para Ibi\\u00fana h\\u00e1 alguns anos, iniciou uma nova experi\\u00eancia profissional, dedicando-se ao jornalismo regional, depois de cumprir uma trajet\\u00f3ria bem-sucedida na grande imprensa brasileira. Seu primeiro livro A Coragem de Comunicar foi lan\\u00e7ado na Bienal do Livro em S\\u00e3o Paulo no ano 2000, pela editora Madras.\"}]}<\/script>\n<!-- \/ Yoast SEO plugin. -->","_links":{"self":[{"href":"https:\/\/revistavitrineibiuna.com.br\/index.php?rest_route=\/wp\/v2\/posts\/35180"}],"collection":[{"href":"https:\/\/revistavitrineibiuna.com.br\/index.php?rest_route=\/wp\/v2\/posts"}],"about":[{"href":"https:\/\/revistavitrineibiuna.com.br\/index.php?rest_route=\/wp\/v2\/types\/post"}],"author":[{"embeddable":true,"href":"https:\/\/revistavitrineibiuna.com.br\/index.php?rest_route=\/wp\/v2\/users\/1"}],"replies":[{"embeddable":true,"href":"https:\/\/revistavitrineibiuna.com.br\/index.php?rest_route=%2Fwp%2Fv2%2Fcomments&post=35180"}],"version-history":[{"count":1,"href":"https:\/\/revistavitrineibiuna.com.br\/index.php?rest_route=\/wp\/v2\/posts\/35180\/revisions"}],"predecessor-version":[{"id":35181,"href":"https:\/\/revistavitrineibiuna.com.br\/index.php?rest_route=\/wp\/v2\/posts\/35180\/revisions\/35181"}],"wp:featuredmedia":[{"embeddable":true,"href":"https:\/\/revistavitrineibiuna.com.br\/index.php?rest_route=\/wp\/v2\/media\/35182"}],"wp:attachment":[{"href":"https:\/\/revistavitrineibiuna.com.br\/index.php?rest_route=%2Fwp%2Fv2%2Fmedia&parent=35180"}],"wp:term":[{"taxonomy":"category","embeddable":true,"href":"https:\/\/revistavitrineibiuna.com.br\/index.php?rest_route=%2Fwp%2Fv2%2Fcategories&post=35180"},{"taxonomy":"post_tag","embeddable":true,"href":"https:\/\/revistavitrineibiuna.com.br\/index.php?rest_route=%2Fwp%2Fv2%2Ftags&post=35180"}],"curies":[{"name":"wp","href":"https:\/\/api.w.org\/{rel}","templated":true}]}}