{"id":35183,"date":"2026-03-27T15:28:10","date_gmt":"2026-03-27T18:28:10","guid":{"rendered":"http:\/\/revistavitrineibiuna.com.br\/?p=35183"},"modified":"2026-03-27T15:31:26","modified_gmt":"2026-03-27T18:31:26","slug":"ibiuna-apos-protestos-e-notificacao-raposo-tavares-repoe-saidas-de-onibus","status":"publish","type":"post","link":"https:\/\/revistavitrineibiuna.com.br\/?p=35183","title":{"rendered":"IBI\u00daNA \u2013 AP\u00d3S PROTESTOS E NOTIFICA\u00c7\u00c3O, RAPOSO TAVARES REP\u00d5E SA\u00cdDAS DE \u00d4NIBUS"},"content":{"rendered":"\n<p class=\"has-drop-cap\"><strong>A Via\u00e7\u00e3o Raposo Tavares, respons\u00e1vel pelo transporte p\u00fablico no munic\u00edpio de Ibi\u00fana, sem pr\u00e9vio aviso, cortou cerca de 35% das sa\u00eddas de \u00f4nibus do terminal rodovi\u00e1ria da cidade na ter\u00e7a-feira e quarta-feira (24&nbsp; e 25) causando um transtorno absurdo aos usu\u00e1rios desse servi\u00e7o.<\/strong><\/p>\n\n\n\n<p><strong>Trabalhadores, estudantes, donas de casa, pessoas com consultas m\u00e9dicas marcadas de repente se viram em apuros por n\u00e3o contar com os \u00f4nibus nos hor\u00e1rios que vinham funcionando, provocando sentimentos de perplexidade e revolta pela frustra\u00e7\u00e3o de compromissos.<\/strong><\/p>\n\n\n\n<p><strong>Houve empresas que tiveram que ir buscar funcion\u00e1rios em suas resid\u00eancias para garantir o funcionamento normal dos seus neg\u00f3cios.<\/strong><\/p>\n\n\n\n<p><strong>A Prefeitura tamb\u00e9m foi pega de surpresa com a medida unilateral da Via\u00e7\u00e3o Raposo Tavares. Isso fez com que o secret\u00e1rio de Governo, Eli Valentim, enviasse uma notifica\u00e7\u00e3o \u00e0 empresa pedindo o restabelecimento imediato da frota em circula\u00e7\u00e3o.<\/strong><\/p>\n\n\n\n<p><strong>Na quinta-feira (26), houve uma reuni\u00e3o na Prefeitura com o propriet\u00e1rio da empresa, quando ficou acertado a normaliza\u00e7\u00e3o da frota que estava em opera\u00e7\u00e3o, o que est\u00e1 acontecendo, segundo Valetim.<\/strong><\/p>\n\n\n\n<p><strong>Os fiscais da empresa na rodovi\u00e1ria, igualmente ratificaram essa informa\u00e7\u00e3o.<\/strong><\/p>\n\n\n\n<p><strong>Tamb\u00e9m ficou ajustado que a Prefeitura far\u00e1 um estudo de viabilidade para compensar a empresa em rela\u00e7\u00e3o aos custos de itiner\u00e1rios de resultado financeiro deficit\u00e1rio.<\/strong><\/p>\n\n\n\n<figure class=\"wp-block-image size-large\"><img loading=\"lazy\" width=\"1024\" height=\"697\" src=\"https:\/\/revistavitrineibiuna.com.br\/wp-content\/uploads\/2026\/03\/ONIBUS-1-1-1024x697.png\" alt=\"\" class=\"wp-image-35187\" srcset=\"https:\/\/revistavitrineibiuna.com.br\/wp-content\/uploads\/2026\/03\/ONIBUS-1-1-1024x697.png 1024w, https:\/\/revistavitrineibiuna.com.br\/wp-content\/uploads\/2026\/03\/ONIBUS-1-1-300x204.png 300w, https:\/\/revistavitrineibiuna.com.br\/wp-content\/uploads\/2026\/03\/ONIBUS-1-1-768x522.png 768w, https:\/\/revistavitrineibiuna.com.br\/wp-content\/uploads\/2026\/03\/ONIBUS-1-1-1536x1045.png 1536w, https:\/\/revistavitrineibiuna.com.br\/wp-content\/uploads\/2026\/03\/ONIBUS-1-1.png 1595w\" sizes=\"(max-width: 1024px) 100vw, 1024px\" \/><figcaption>Um dos problemas cr\u00f4nicos enfrentados pela popula\u00e7\u00e3o de Ibi\u00fana \u00e9 o transporte p\u00fablico<\/figcaption><\/figure>\n\n\n\n<p><strong>N\u00c3O \u00c9 A PRIMEIRA VEZ<\/strong><\/p>\n\n\n\n<p><strong>Esta n\u00e3o \u00e9 a primeira vez que a popula\u00e7\u00e3o, que paga uma tarifa de R$ 5,90 \u00e9 diretamente afetada com redu\u00e7\u00e3o do n\u00famero de \u00f4nibus em circula\u00e7\u00e3o. Nos per\u00edodos das f\u00e9rias escolares, tradicionalmente as linhas tem corte de hor\u00e1rios, o que gera um grande desconforto para os usu\u00e1rios em in\u00fameros bairros.<\/strong><\/p>\n\n\n\n<p><strong>Outra mudan\u00e7a da empresa, com o prop\u00f3sito de reduzir despesas s\u00e3o os contornos de linhas que obrigam os passageiros a irem para outros bairros [onde n\u00e3o circulavam antes] at\u00e9 chegarem aos pontos de decida, resultando em demora para retornar aos suas resid\u00eancias.<\/strong><\/p>\n\n\n\n<p><strong>DESRESPEITO<\/strong><\/p>\n\n\n\n<p><strong>A medida adotada pela Via\u00e7\u00e3o Raposo Tavares, al\u00e9m de representar um desrespeito aos usu\u00e1rios [o munic\u00edpio tem cerca de 90 bairros rurais], igualmente demonstrou desconsidera\u00e7\u00e3o perante a sua contratante, a Prefeitura municipal.<\/strong><\/p>\n\n\n\n<p><strong>Por isso, a notifica\u00e7\u00e3o judicial [leia abaixo na \u00edntegra] lembra que a postura da empresa caracteriza \u201cinexecu\u00e7\u00e3o contratual, pass\u00edvel de aplica\u00e7\u00e3o das san\u00e7\u00f5es estabelecidas no respectivo Contrato, al\u00e9m da ado\u00e7\u00e3o de outras medidas administrativas e judiciais cab\u00edveis\u201d.<\/strong><\/p>\n\n\n\n<figure class=\"wp-block-image size-large\"><img loading=\"lazy\" width=\"1024\" height=\"696\" src=\"https:\/\/revistavitrineibiuna.com.br\/wp-content\/uploads\/2026\/03\/ONIBUS-3-1-1024x696.png\" alt=\"\" class=\"wp-image-35188\" srcset=\"https:\/\/revistavitrineibiuna.com.br\/wp-content\/uploads\/2026\/03\/ONIBUS-3-1-1024x696.png 1024w, https:\/\/revistavitrineibiuna.com.br\/wp-content\/uploads\/2026\/03\/ONIBUS-3-1-300x204.png 300w, https:\/\/revistavitrineibiuna.com.br\/wp-content\/uploads\/2026\/03\/ONIBUS-3-1-768x522.png 768w, https:\/\/revistavitrineibiuna.com.br\/wp-content\/uploads\/2026\/03\/ONIBUS-3-1-1536x1045.png 1536w, https:\/\/revistavitrineibiuna.com.br\/wp-content\/uploads\/2026\/03\/ONIBUS-3-1.png 1585w\" sizes=\"(max-width: 1024px) 100vw, 1024px\" \/><figcaption>Os reflexos da medida unilateral da empresa de \u00f4nibus ainda s\u00e3o sentidos pelo n\u00famero de pessoas no terminal rodovi\u00e1rio<\/figcaption><\/figure>\n\n\n\n<p><strong>NOTIFICA\u00c7\u00c3O ADMINISTRATIVA<\/strong><\/p>\n\n\n\n<p><strong>A PREFEITURA DA EST\u00c2NCIA TUR\u00cdSTICA DE IBI\u00daNA, pessoa jur\u00eddica de direito p\u00fablico interno, inscrito no CNPJ n\u00b0 46.634.531\/0001-37 , neste ato representada pelo Secret\u00e1rio Municipal de Governo, abaixo subscrito, vem, respeitosamente, perante essa r. Concession\u00e1ria do servi\u00e7o p\u00fablico de transporte coletivo de passageiros, diante de not\u00edcias, devidamente apuradas e constatadas pela Administra\u00e7\u00e3o, da redu\u00e7\u00e3o abrupta e unilateral do n\u00famero de ve\u00edculos e de hor\u00e1rios de viagens, NOTIFICAR A VIA\u00c7\u00c3O RAPOSO TAVARES, na forma da Lei e de acordo com as previs\u00f5es contratuais, para que RESTABELE\u00c7A IMEDIATAMENTE o n\u00famero de \u00f4nibus, linhas e hor\u00e1rios no Munic\u00edpio de Ibi\u00fana como originariamente ajustado entre as partes e, no ensejo, preste, no prazo m\u00e1ximo de 05 (cinco) dias, os devidos ESCLARECIMENTOS sobre os fatos narrados que, em tese, caracterizam inexecu\u00e7\u00e3o contratual, pass\u00edvel de aplica\u00e7\u00e3o das san\u00e7\u00f5es estabelecidas no respectivo Contrato, al\u00e9m da ado\u00e7\u00e3o de outras medidas administrativas e judiciais cab\u00edveis. Sem mais para o momento, renovo votos de elevada estima e considera\u00e7\u00e3o.<\/strong><\/p>\n\n\n\n<p><strong>Atenciosamente,<\/strong><\/p>\n\n\n\n<p><strong>ELI VALENTIN VIANA<\/strong><\/p>\n\n\n\n<p><strong>Secret\u00e1rio Municipal de Governo<\/strong><\/p>\n\n\n\n<p><strong>\u00c0 Via\u00e7\u00e3o Raposo Tavares<\/strong><\/p>\n\n\n\n<p><strong>Estr. Morro Grande, 999 &#8211; Parque Santa Rita de Cassia,<\/strong><\/p>\n\n\n\n<p><strong>Cotia &#8211; SP, 06700-650<\/strong><\/p>\n","protected":false},"excerpt":{"rendered":"<p>A Via\u00e7\u00e3o Raposo Tavares, respons\u00e1vel pelo transporte p\u00fablico no munic\u00edpio de Ibi\u00fana, sem pr\u00e9vio aviso, cortou cerca de 35% das<\/p>\n","protected":false},"author":1,"featured_media":35184,"comment_status":"open","ping_status":"open","sticky":false,"template":"","format":"standard","meta":[],"categories":[3],"tags":[],"yoast_head":"<!-- This site is optimized with the Yoast SEO plugin v15.8 - https:\/\/yoast.com\/wordpress\/plugins\/seo\/ -->\n<title>IBI\u00daNA \u2013 AP\u00d3S PROTESTOS E NOTIFICA\u00c7\u00c3O, RAPOSO TAVARES REP\u00d5E SA\u00cdDAS DE \u00d4NIBUS - Revista Vitrine Online<\/title>\n<meta name=\"robots\" content=\"index, follow, max-snippet:-1, max-image-preview:large, max-video-preview:-1\" \/>\n<link rel=\"canonical\" href=\"http:\/\/revistavitrineibiuna.com.br\/?p=35183\" \/>\n<meta property=\"og:locale\" content=\"pt_BR\" \/>\n<meta property=\"og:type\" content=\"article\" \/>\n<meta property=\"og:title\" content=\"IBI\u00daNA \u2013 AP\u00d3S PROTESTOS E NOTIFICA\u00c7\u00c3O, RAPOSO TAVARES REP\u00d5E SA\u00cdDAS DE \u00d4NIBUS - Revista Vitrine Online\" \/>\n<meta property=\"og:description\" content=\"A Via\u00e7\u00e3o Raposo Tavares, respons\u00e1vel pelo transporte p\u00fablico no munic\u00edpio de Ibi\u00fana, sem pr\u00e9vio aviso, cortou cerca de 35% das\" \/>\n<meta property=\"og:url\" content=\"http:\/\/revistavitrineibiuna.com.br\/?p=35183\" \/>\n<meta property=\"og:site_name\" content=\"Revista Vitrine Online\" \/>\n<meta property=\"article:published_time\" content=\"2026-03-27T18:28:10+00:00\" \/>\n<meta property=\"article:modified_time\" content=\"2026-03-27T18:31:26+00:00\" \/>\n<meta property=\"og:image\" content=\"https:\/\/revistavitrineibiuna.com.br\/wp-content\/uploads\/2026\/03\/ONIBUS-2-1-1024x597.png\" \/>\n\t<meta property=\"og:image:width\" content=\"1024\" \/>\n\t<meta property=\"og:image:height\" content=\"597\" \/>\n<meta name=\"twitter:card\" content=\"summary\" \/>\n<meta name=\"twitter:label1\" content=\"Est. reading time\">\n\t<meta name=\"twitter:data1\" content=\"3 minutos\">\n<script type=\"application\/ld+json\" class=\"yoast-schema-graph\">{\"@context\":\"https:\/\/schema.org\",\"@graph\":[{\"@type\":\"WebSite\",\"@id\":\"https:\/\/revistavitrineibiuna.com.br\/#website\",\"url\":\"https:\/\/revistavitrineibiuna.com.br\/\",\"name\":\"Revista Vitrine Ibi\\u00fana\",\"description\":\"A Revista de Ibi\\u00fana e Regi\\u00e3o\",\"publisher\":{\"@id\":\"https:\/\/revistavitrineibiuna.com.br\/#\/schema\/person\/e51ef49d6d88170ea21ceabff3f73deb\"},\"potentialAction\":[{\"@type\":\"SearchAction\",\"target\":\"https:\/\/revistavitrineibiuna.com.br\/?s={search_term_string}\",\"query-input\":\"required name=search_term_string\"}],\"inLanguage\":\"pt-BR\"},{\"@type\":\"ImageObject\",\"@id\":\"http:\/\/revistavitrineibiuna.com.br\/?p=35183#primaryimage\",\"inLanguage\":\"pt-BR\",\"url\":\"https:\/\/revistavitrineibiuna.com.br\/wp-content\/uploads\/2026\/03\/ONIBUS-2-1.png\",\"width\":1598,\"height\":932},{\"@type\":\"WebPage\",\"@id\":\"http:\/\/revistavitrineibiuna.com.br\/?p=35183#webpage\",\"url\":\"http:\/\/revistavitrineibiuna.com.br\/?p=35183\",\"name\":\"IBI\\u00daNA \\u2013 AP\\u00d3S PROTESTOS E NOTIFICA\\u00c7\\u00c3O, RAPOSO TAVARES REP\\u00d5E SA\\u00cdDAS DE \\u00d4NIBUS - Revista Vitrine Online\",\"isPartOf\":{\"@id\":\"https:\/\/revistavitrineibiuna.com.br\/#website\"},\"primaryImageOfPage\":{\"@id\":\"http:\/\/revistavitrineibiuna.com.br\/?p=35183#primaryimage\"},\"datePublished\":\"2026-03-27T18:28:10+00:00\",\"dateModified\":\"2026-03-27T18:31:26+00:00\",\"breadcrumb\":{\"@id\":\"http:\/\/revistavitrineibiuna.com.br\/?p=35183#breadcrumb\"},\"inLanguage\":\"pt-BR\",\"potentialAction\":[{\"@type\":\"ReadAction\",\"target\":[\"http:\/\/revistavitrineibiuna.com.br\/?p=35183\"]}]},{\"@type\":\"BreadcrumbList\",\"@id\":\"http:\/\/revistavitrineibiuna.com.br\/?p=35183#breadcrumb\",\"itemListElement\":[{\"@type\":\"ListItem\",\"position\":1,\"item\":{\"@type\":\"WebPage\",\"@id\":\"https:\/\/revistavitrineibiuna.com.br\/\",\"url\":\"https:\/\/revistavitrineibiuna.com.br\/\",\"name\":\"In\\u00edcio\"}},{\"@type\":\"ListItem\",\"position\":2,\"item\":{\"@type\":\"WebPage\",\"@id\":\"http:\/\/revistavitrineibiuna.com.br\/?p=35183\",\"url\":\"http:\/\/revistavitrineibiuna.com.br\/?p=35183\",\"name\":\"IBI\\u00daNA \\u2013 AP\\u00d3S PROTESTOS E NOTIFICA\\u00c7\\u00c3O, RAPOSO TAVARES REP\\u00d5E SA\\u00cdDAS DE \\u00d4NIBUS\"}}]},{\"@type\":\"Article\",\"@id\":\"http:\/\/revistavitrineibiuna.com.br\/?p=35183#article\",\"isPartOf\":{\"@id\":\"http:\/\/revistavitrineibiuna.com.br\/?p=35183#webpage\"},\"author\":{\"@id\":\"https:\/\/revistavitrineibiuna.com.br\/#\/schema\/person\/e51ef49d6d88170ea21ceabff3f73deb\"},\"headline\":\"IBI\\u00daNA \\u2013 AP\\u00d3S PROTESTOS E NOTIFICA\\u00c7\\u00c3O, RAPOSO TAVARES REP\\u00d5E SA\\u00cdDAS DE \\u00d4NIBUS\",\"datePublished\":\"2026-03-27T18:28:10+00:00\",\"dateModified\":\"2026-03-27T18:31:26+00:00\",\"mainEntityOfPage\":{\"@id\":\"http:\/\/revistavitrineibiuna.com.br\/?p=35183#webpage\"},\"commentCount\":0,\"publisher\":{\"@id\":\"https:\/\/revistavitrineibiuna.com.br\/#\/schema\/person\/e51ef49d6d88170ea21ceabff3f73deb\"},\"image\":{\"@id\":\"http:\/\/revistavitrineibiuna.com.br\/?p=35183#primaryimage\"},\"articleSection\":\"Not\\u00edcias\",\"inLanguage\":\"pt-BR\",\"potentialAction\":[{\"@type\":\"CommentAction\",\"name\":\"Comment\",\"target\":[\"http:\/\/revistavitrineibiuna.com.br\/?p=35183#respond\"]}]},{\"@type\":[\"Person\",\"Organization\"],\"@id\":\"https:\/\/revistavitrineibiuna.com.br\/#\/schema\/person\/e51ef49d6d88170ea21ceabff3f73deb\",\"name\":\"Carlos Rossini\",\"image\":{\"@type\":\"ImageObject\",\"@id\":\"https:\/\/revistavitrineibiuna.com.br\/#personlogo\",\"inLanguage\":\"pt-BR\",\"url\":\"https:\/\/secure.gravatar.com\/avatar\/4f2d0f99fac1f85c7d643f21f5c8d900?s=96&d=mm&r=g\",\"caption\":\"Carlos Rossini\"},\"logo\":{\"@id\":\"https:\/\/revistavitrineibiuna.com.br\/#personlogo\"},\"description\":\"Carlos Rossini \\u00e9 jornalista, soci\\u00f3logo, escritor e professor universit\\u00e1rio, tendo sido professor de jornalismo por vinte anos. Trabalhou em ve\\u00edculos de comunica\\u00e7\\u00e3o nas fun\\u00e7\\u00f5es de rep\\u00f3rter, redator, editor, articulista e colaborador, como Folha de S. Paulo, O Estado de S. Paulo, Di\\u00e1rio Popular, entre outros. Ao transferir a revista vitrine, vers\\u00e3o imprensa, de S\\u00e3o Paulo para Ibi\\u00fana h\\u00e1 alguns anos, iniciou uma nova experi\\u00eancia profissional, dedicando-se ao jornalismo regional, depois de cumprir uma trajet\\u00f3ria bem-sucedida na grande imprensa brasileira. Seu primeiro livro A Coragem de Comunicar foi lan\\u00e7ado na Bienal do Livro em S\\u00e3o Paulo no ano 2000, pela editora Madras.\"}]}<\/script>\n<!-- \/ Yoast SEO plugin. -->","_links":{"self":[{"href":"https:\/\/revistavitrineibiuna.com.br\/index.php?rest_route=\/wp\/v2\/posts\/35183"}],"collection":[{"href":"https:\/\/revistavitrineibiuna.com.br\/index.php?rest_route=\/wp\/v2\/posts"}],"about":[{"href":"https:\/\/revistavitrineibiuna.com.br\/index.php?rest_route=\/wp\/v2\/types\/post"}],"author":[{"embeddable":true,"href":"https:\/\/revistavitrineibiuna.com.br\/index.php?rest_route=\/wp\/v2\/users\/1"}],"replies":[{"embeddable":true,"href":"https:\/\/revistavitrineibiuna.com.br\/index.php?rest_route=%2Fwp%2Fv2%2Fcomments&post=35183"}],"version-history":[{"count":2,"href":"https:\/\/revistavitrineibiuna.com.br\/index.php?rest_route=\/wp\/v2\/posts\/35183\/revisions"}],"predecessor-version":[{"id":35189,"href":"https:\/\/revistavitrineibiuna.com.br\/index.php?rest_route=\/wp\/v2\/posts\/35183\/revisions\/35189"}],"wp:featuredmedia":[{"embeddable":true,"href":"https:\/\/revistavitrineibiuna.com.br\/index.php?rest_route=\/wp\/v2\/media\/35184"}],"wp:attachment":[{"href":"https:\/\/revistavitrineibiuna.com.br\/index.php?rest_route=%2Fwp%2Fv2%2Fmedia&parent=35183"}],"wp:term":[{"taxonomy":"category","embeddable":true,"href":"https:\/\/revistavitrineibiuna.com.br\/index.php?rest_route=%2Fwp%2Fv2%2Fcategories&post=35183"},{"taxonomy":"post_tag","embeddable":true,"href":"https:\/\/revistavitrineibiuna.com.br\/index.php?rest_route=%2Fwp%2Fv2%2Ftags&post=35183"}],"curies":[{"name":"wp","href":"https:\/\/api.w.org\/{rel}","templated":true}]}}