{"id":35190,"date":"2026-03-29T14:28:31","date_gmt":"2026-03-29T17:28:31","guid":{"rendered":"http:\/\/revistavitrineibiuna.com.br\/?p=35190"},"modified":"2026-03-29T14:28:33","modified_gmt":"2026-03-29T17:28:33","slug":"ibiuna-valorizar-o-cidadao-deve-ser-alvo-prioritario-do-poder-publico","status":"publish","type":"post","link":"https:\/\/revistavitrineibiuna.com.br\/?p=35190","title":{"rendered":"IBI\u00daNA \u2013 VALORIZAR O CIDAD\u00c3O DEVE SER ALVO PRIORIT\u00c1RIO DO PODER P\u00daBLICO"},"content":{"rendered":"\n<p class=\"has-drop-cap\"><strong>O chefe do Executivo e os parlamentares ibiunenses t\u00eam procurado exibir demonstra\u00e7\u00f5es de alto desempenho por meio de uma enxurrada de v\u00eddeos para impressionar a popula\u00e7\u00e3o.<\/strong><\/p>\n\n\n\n<p><strong>Mas, se tivessem um aparelho para medir o semancol, poderiam verificar que nem sempre os efeitos desejados s\u00e3o atingidos, sobretudo porque as encena\u00e7\u00f5es perform\u00e1ticas n\u00e3o batem com a realidade.<\/strong><\/p>\n\n\n\n<p><strong>Por isso, e insistimos que nosso prop\u00f3sito \u00e9 ajudar e produzir uma harmonia entre os poderes p\u00fablicos e as expectativas da popula\u00e7\u00e3o, apresentamos aqui tanto para o alcaide quanto para os edis uma sugest\u00e3o: criar uma perspectiva de valor que sirva de refer\u00eancia para todos os atos que se inscrevam na rubrica que denominamos \u201cinteresse&nbsp; p\u00fablico\u201d.<\/strong><\/p>\n\n\n\n<p><strong>Como se sabe, tanto o prefeito quanto os vereadores contam com suporte jur\u00eddico para dar forma constitucional aos seus atos. Neste caso, bastaria uma vontade pol\u00edtica para p\u00f4r em pr\u00e1tica a medida que sugerimos a seguir.<\/strong><\/p>\n\n\n\n<p><strong>O CIDAD\u00c3O COMO MEDIDA DAS COISAS<\/strong><\/p>\n\n\n\n<p><strong>Nossa sugest\u00e3o \u00e9, partindo tanto de um quanto de outro dos dois poderes, seja o Executivo ou o Legislativo, a cria\u00e7\u00e3o de uma lei que possa inspirar todas as a\u00e7\u00f5es na valoriza\u00e7\u00e3o dos cidad\u00e3os, como elementos que definem a exist\u00eancia da cidade. Sua import\u00e2ncia, portanto, \u00e9 crucial!<\/strong><\/p>\n\n\n\n<p><strong>Nossa premissa \u00e9 simples e l\u00f3gica: tudo que for feito visando valorizar o cidad\u00e3o tem tudo para dar certo e gerar reciprocidade. Trata-se de uma esp\u00e9cie de bumerangue: se o que vai \u00e9 bom, o que volta igualmente tende a trazer coisa boa.<\/strong><\/p>\n\n\n\n<p><strong>Valorizar os cidad\u00e3os \u00e9 tudo o que precisa ser feito tanto pelo Executivo quanto pelo Legislativo. Isso se traduz em um \u201cconjunto de a\u00e7\u00f5es que promove a dignidade, a participa\u00e7\u00e3o ativa, o reconhecimento da identidade cultural e a melhoria da qualidade de vida. A verdadeira valoriza\u00e7\u00e3o transforma moradores em sujeitos ativos na constru\u00e7\u00e3o de um espa\u00e7o urbano mais humano e democr\u00e1tico\u201d.<\/strong><\/p>\n\n\n\n<p><strong>ACESSO A SERVI\u00c7OS B\u00c1SICOS DE QUALIDADE<\/strong><\/p>\n\n\n\n<p><strong>Em termos pr\u00e1ticos e objetivos o escopo da atua\u00e7\u00e3o pol\u00edtica e administrativa \u00e9 assegurar o acesso universal aos servi\u00e7os b\u00e1sicos, como educa\u00e7\u00e3o, sa\u00fade, seguran\u00e7a e transporte como direito do cidad\u00e3o. Temos isso qualitativamente?<\/strong><\/p>\n\n\n\n<p><strong>Isso est\u00e1 sendo feito e garantindo dignidade sem discrimina\u00e7\u00e3o dos cidad\u00e3os?<\/strong><\/p>\n\n\n\n<p><strong>Outro t\u00f3pico importante diz respeito a facilitar a participa\u00e7\u00e3o pol\u00edtica dos cidad\u00e3os na gest\u00e3o municipal, permitindo que as leis e o planejamento urbano sejam constru\u00eddos com base nos interesses dos moradores. At\u00e9 que ponto esse quesito est\u00e1 sendo praticado?<\/strong><\/p>\n\n\n\n<p><strong>A preserva\u00e7\u00e3o da cultura local \u00e9 uma forma de valorizar a mem\u00f3ria dos cidad\u00e3os, por meio de incentivos diretos \u00e0s pr\u00e1ticas dentro das pr\u00f3prias comunidades. Isso inclui a valoriza\u00e7\u00e3o das hist\u00f3rias de gera\u00e7\u00f5es at\u00e9 o momento atual. Isso \u00e9 feito por meio de projetos que humanizam a cidade e fortalecem os chamados la\u00e7os de pertencimento e de autoestima.<\/strong><\/p>\n\n\n\n<p><strong>QUALIDADE DE VIDA DA POPULA\u00c7\u00c3O<\/strong><\/p>\n\n\n\n<p><strong>Outro aspecto consider\u00e1vel \u00e9 a necessidade de melhorar a qualidade de vida da popula\u00e7\u00e3o, com o oferecimento de espa\u00e7os p\u00fablicos limpos, seguros e bem cuidados, pois esses s\u00e3o tamb\u00e9m o ambiente onde a cidade vive. Temos isto, at\u00e9 que ponto?<\/strong><\/p>\n\n\n\n<p><strong>Nesse cen\u00e1rio imaginado de conferir valor ao cidad\u00e3o, tamb\u00e9m compete \u00e0s autoridades incentivar o engajamento c\u00edvico para combater a fragmenta\u00e7\u00e3o territorial e a cultura da viol\u00eancia, criando uma &#8220;energia c\u00edvica&#8221;.<\/strong><\/p>\n\n\n\n<p><strong>Por \u00faltimo, mas n\u00e3o menos importante, um projeto de cidadania como valor requer medidas com o objetivo de incentivar os pr\u00f3prios cidad\u00e3os cuidarem da cidade, assumindo o papel de zeladores do espa\u00e7o p\u00fablico. Isso exige um esfor\u00e7o adicional, mas seus resultados ser\u00e3o not\u00f3rios. Hoje, supostamente, essa ideia parece mais uma quimera por falta de sintonia efetiva entre o poder p\u00fablico e a cidadania.<\/strong><\/p>\n\n\n\n<p><strong>Ao reconhecer o cidad\u00e3o como valor, ele se torna protagonista da hist\u00f3ria local e garante que o desenvolvimento da cidade priorize o bem-estar das pessoas acima da l\u00f3gica tradicional que se move por objetivos dispersos, fragmentados e, n\u00e3o raro, equivocados que, por isso mesmo, deixa a desejar habitualmente. (Carlos Rossini \u00e9 jornalista, diretor da TVUNA e editor de vitrine online)<\/strong><\/p>\n","protected":false},"excerpt":{"rendered":"<p>O chefe do Executivo e os parlamentares ibiunenses t\u00eam procurado exibir demonstra\u00e7\u00f5es de alto desempenho por meio de uma enxurrada<\/p>\n","protected":false},"author":1,"featured_media":35191,"comment_status":"open","ping_status":"open","sticky":false,"template":"","format":"standard","meta":[],"categories":[3],"tags":[],"yoast_head":"<!-- This site is optimized with the Yoast SEO plugin v15.8 - https:\/\/yoast.com\/wordpress\/plugins\/seo\/ -->\n<title>IBI\u00daNA \u2013 VALORIZAR O CIDAD\u00c3O DEVE SER ALVO PRIORIT\u00c1RIO DO PODER P\u00daBLICO - Revista Vitrine Online<\/title>\n<meta name=\"robots\" content=\"index, follow, max-snippet:-1, max-image-preview:large, max-video-preview:-1\" \/>\n<link rel=\"canonical\" href=\"http:\/\/revistavitrineibiuna.com.br\/?p=35190\" \/>\n<meta property=\"og:locale\" content=\"pt_BR\" \/>\n<meta property=\"og:type\" content=\"article\" \/>\n<meta property=\"og:title\" content=\"IBI\u00daNA \u2013 VALORIZAR O CIDAD\u00c3O DEVE SER ALVO PRIORIT\u00c1RIO DO PODER P\u00daBLICO - Revista Vitrine Online\" \/>\n<meta property=\"og:description\" content=\"O chefe do Executivo e os parlamentares ibiunenses t\u00eam procurado exibir demonstra\u00e7\u00f5es de alto desempenho por meio de uma enxurrada\" \/>\n<meta property=\"og:url\" content=\"http:\/\/revistavitrineibiuna.com.br\/?p=35190\" \/>\n<meta property=\"og:site_name\" content=\"Revista Vitrine Online\" \/>\n<meta property=\"article:published_time\" content=\"2026-03-29T17:28:31+00:00\" \/>\n<meta property=\"article:modified_time\" content=\"2026-03-29T17:28:33+00:00\" \/>\n<meta property=\"og:image\" content=\"https:\/\/revistavitrineibiuna.com.br\/wp-content\/uploads\/2026\/03\/a-maldicao-do-padre-e-os-politicos-de-ibiuna-1024x596.png\" \/>\n\t<meta property=\"og:image:width\" content=\"1024\" \/>\n\t<meta property=\"og:image:height\" content=\"596\" \/>\n<meta name=\"twitter:card\" content=\"summary\" \/>\n<meta name=\"twitter:label1\" content=\"Est. reading time\">\n\t<meta name=\"twitter:data1\" content=\"3 minutos\">\n<script type=\"application\/ld+json\" class=\"yoast-schema-graph\">{\"@context\":\"https:\/\/schema.org\",\"@graph\":[{\"@type\":\"WebSite\",\"@id\":\"https:\/\/revistavitrineibiuna.com.br\/#website\",\"url\":\"https:\/\/revistavitrineibiuna.com.br\/\",\"name\":\"Revista Vitrine Ibi\\u00fana\",\"description\":\"A Revista de Ibi\\u00fana e Regi\\u00e3o\",\"publisher\":{\"@id\":\"https:\/\/revistavitrineibiuna.com.br\/#\/schema\/person\/e51ef49d6d88170ea21ceabff3f73deb\"},\"potentialAction\":[{\"@type\":\"SearchAction\",\"target\":\"https:\/\/revistavitrineibiuna.com.br\/?s={search_term_string}\",\"query-input\":\"required name=search_term_string\"}],\"inLanguage\":\"pt-BR\"},{\"@type\":\"ImageObject\",\"@id\":\"http:\/\/revistavitrineibiuna.com.br\/?p=35190#primaryimage\",\"inLanguage\":\"pt-BR\",\"url\":\"https:\/\/revistavitrineibiuna.com.br\/wp-content\/uploads\/2026\/03\/a-maldicao-do-padre-e-os-politicos-de-ibiuna.png\",\"width\":1595,\"height\":929},{\"@type\":\"WebPage\",\"@id\":\"http:\/\/revistavitrineibiuna.com.br\/?p=35190#webpage\",\"url\":\"http:\/\/revistavitrineibiuna.com.br\/?p=35190\",\"name\":\"IBI\\u00daNA \\u2013 VALORIZAR O CIDAD\\u00c3O DEVE SER ALVO PRIORIT\\u00c1RIO DO PODER P\\u00daBLICO - Revista Vitrine Online\",\"isPartOf\":{\"@id\":\"https:\/\/revistavitrineibiuna.com.br\/#website\"},\"primaryImageOfPage\":{\"@id\":\"http:\/\/revistavitrineibiuna.com.br\/?p=35190#primaryimage\"},\"datePublished\":\"2026-03-29T17:28:31+00:00\",\"dateModified\":\"2026-03-29T17:28:33+00:00\",\"breadcrumb\":{\"@id\":\"http:\/\/revistavitrineibiuna.com.br\/?p=35190#breadcrumb\"},\"inLanguage\":\"pt-BR\",\"potentialAction\":[{\"@type\":\"ReadAction\",\"target\":[\"http:\/\/revistavitrineibiuna.com.br\/?p=35190\"]}]},{\"@type\":\"BreadcrumbList\",\"@id\":\"http:\/\/revistavitrineibiuna.com.br\/?p=35190#breadcrumb\",\"itemListElement\":[{\"@type\":\"ListItem\",\"position\":1,\"item\":{\"@type\":\"WebPage\",\"@id\":\"https:\/\/revistavitrineibiuna.com.br\/\",\"url\":\"https:\/\/revistavitrineibiuna.com.br\/\",\"name\":\"In\\u00edcio\"}},{\"@type\":\"ListItem\",\"position\":2,\"item\":{\"@type\":\"WebPage\",\"@id\":\"http:\/\/revistavitrineibiuna.com.br\/?p=35190\",\"url\":\"http:\/\/revistavitrineibiuna.com.br\/?p=35190\",\"name\":\"IBI\\u00daNA \\u2013 VALORIZAR O CIDAD\\u00c3O DEVE SER ALVO PRIORIT\\u00c1RIO DO PODER P\\u00daBLICO\"}}]},{\"@type\":\"Article\",\"@id\":\"http:\/\/revistavitrineibiuna.com.br\/?p=35190#article\",\"isPartOf\":{\"@id\":\"http:\/\/revistavitrineibiuna.com.br\/?p=35190#webpage\"},\"author\":{\"@id\":\"https:\/\/revistavitrineibiuna.com.br\/#\/schema\/person\/e51ef49d6d88170ea21ceabff3f73deb\"},\"headline\":\"IBI\\u00daNA \\u2013 VALORIZAR O CIDAD\\u00c3O DEVE SER ALVO PRIORIT\\u00c1RIO DO PODER P\\u00daBLICO\",\"datePublished\":\"2026-03-29T17:28:31+00:00\",\"dateModified\":\"2026-03-29T17:28:33+00:00\",\"mainEntityOfPage\":{\"@id\":\"http:\/\/revistavitrineibiuna.com.br\/?p=35190#webpage\"},\"commentCount\":0,\"publisher\":{\"@id\":\"https:\/\/revistavitrineibiuna.com.br\/#\/schema\/person\/e51ef49d6d88170ea21ceabff3f73deb\"},\"image\":{\"@id\":\"http:\/\/revistavitrineibiuna.com.br\/?p=35190#primaryimage\"},\"articleSection\":\"Not\\u00edcias\",\"inLanguage\":\"pt-BR\",\"potentialAction\":[{\"@type\":\"CommentAction\",\"name\":\"Comment\",\"target\":[\"http:\/\/revistavitrineibiuna.com.br\/?p=35190#respond\"]}]},{\"@type\":[\"Person\",\"Organization\"],\"@id\":\"https:\/\/revistavitrineibiuna.com.br\/#\/schema\/person\/e51ef49d6d88170ea21ceabff3f73deb\",\"name\":\"Carlos Rossini\",\"image\":{\"@type\":\"ImageObject\",\"@id\":\"https:\/\/revistavitrineibiuna.com.br\/#personlogo\",\"inLanguage\":\"pt-BR\",\"url\":\"https:\/\/secure.gravatar.com\/avatar\/4f2d0f99fac1f85c7d643f21f5c8d900?s=96&d=mm&r=g\",\"caption\":\"Carlos Rossini\"},\"logo\":{\"@id\":\"https:\/\/revistavitrineibiuna.com.br\/#personlogo\"},\"description\":\"Carlos Rossini \\u00e9 jornalista, soci\\u00f3logo, escritor e professor universit\\u00e1rio, tendo sido professor de jornalismo por vinte anos. Trabalhou em ve\\u00edculos de comunica\\u00e7\\u00e3o nas fun\\u00e7\\u00f5es de rep\\u00f3rter, redator, editor, articulista e colaborador, como Folha de S. Paulo, O Estado de S. Paulo, Di\\u00e1rio Popular, entre outros. Ao transferir a revista vitrine, vers\\u00e3o imprensa, de S\\u00e3o Paulo para Ibi\\u00fana h\\u00e1 alguns anos, iniciou uma nova experi\\u00eancia profissional, dedicando-se ao jornalismo regional, depois de cumprir uma trajet\\u00f3ria bem-sucedida na grande imprensa brasileira. Seu primeiro livro A Coragem de Comunicar foi lan\\u00e7ado na Bienal do Livro em S\\u00e3o Paulo no ano 2000, pela editora Madras.\"}]}<\/script>\n<!-- \/ Yoast SEO plugin. -->","_links":{"self":[{"href":"https:\/\/revistavitrineibiuna.com.br\/index.php?rest_route=\/wp\/v2\/posts\/35190"}],"collection":[{"href":"https:\/\/revistavitrineibiuna.com.br\/index.php?rest_route=\/wp\/v2\/posts"}],"about":[{"href":"https:\/\/revistavitrineibiuna.com.br\/index.php?rest_route=\/wp\/v2\/types\/post"}],"author":[{"embeddable":true,"href":"https:\/\/revistavitrineibiuna.com.br\/index.php?rest_route=\/wp\/v2\/users\/1"}],"replies":[{"embeddable":true,"href":"https:\/\/revistavitrineibiuna.com.br\/index.php?rest_route=%2Fwp%2Fv2%2Fcomments&post=35190"}],"version-history":[{"count":1,"href":"https:\/\/revistavitrineibiuna.com.br\/index.php?rest_route=\/wp\/v2\/posts\/35190\/revisions"}],"predecessor-version":[{"id":35192,"href":"https:\/\/revistavitrineibiuna.com.br\/index.php?rest_route=\/wp\/v2\/posts\/35190\/revisions\/35192"}],"wp:featuredmedia":[{"embeddable":true,"href":"https:\/\/revistavitrineibiuna.com.br\/index.php?rest_route=\/wp\/v2\/media\/35191"}],"wp:attachment":[{"href":"https:\/\/revistavitrineibiuna.com.br\/index.php?rest_route=%2Fwp%2Fv2%2Fmedia&parent=35190"}],"wp:term":[{"taxonomy":"category","embeddable":true,"href":"https:\/\/revistavitrineibiuna.com.br\/index.php?rest_route=%2Fwp%2Fv2%2Fcategories&post=35190"},{"taxonomy":"post_tag","embeddable":true,"href":"https:\/\/revistavitrineibiuna.com.br\/index.php?rest_route=%2Fwp%2Fv2%2Ftags&post=35190"}],"curies":[{"name":"wp","href":"https:\/\/api.w.org\/{rel}","templated":true}]}}