{"id":35193,"date":"2026-03-31T14:01:04","date_gmt":"2026-03-31T17:01:04","guid":{"rendered":"http:\/\/revistavitrineibiuna.com.br\/?p=35193"},"modified":"2026-03-31T14:14:57","modified_gmt":"2026-03-31T17:14:57","slug":"ibiuna-participacao-social-critica-pode-destravar-a-cidade","status":"publish","type":"post","link":"https:\/\/revistavitrineibiuna.com.br\/?p=35193","title":{"rendered":"IBI\u00daNA &#8211; PARTICIPA\u00c7\u00c3O SOCIAL CR\u00cdTICA PODE DESTRAVAR A CIDADE"},"content":{"rendered":"\n<p class=\"has-drop-cap\"><strong>Existe um jeito de contribuir para que uma cidade possa melhorar, pouco divulgado para a popula\u00e7\u00e3o.<\/strong><\/p>\n\n\n\n<p><strong>Trata-se da participa\u00e7\u00e3o social cr\u00edtica. Essa forma \u00e9 apropriada para que haja uma consci\u00eancia necess\u00e1ria, que permite aos cidad\u00e3os se tornarem livres das influ\u00eancias que, de alguma forma, contribuem para a manuten\u00e7\u00e3o de uma esp\u00e9cie de cegueira pol\u00edtica.<\/strong><\/p>\n\n\n\n<p><strong>A prop\u00f3sito, tenho aprendido tanto com as autoridades executivas e legislativas, que cheguei mesmo a duvidar se disponho de uma rede de neur\u00f4nios suficiente para armazenar tantas informa\u00e7\u00f5es.<\/strong><\/p>\n\n\n\n<p><strong>Da mesma forma, tenho refletivo sobre os efeitos desses conhecimentos sobre a minha plasticidade sin\u00e1ptica, incluindo a poss\u00edvel causa de que possa haver instabilidades reativas no meu circuito neural.<\/strong><\/p>\n\n\n\n<p><strong>Mas, vamos ao que interessa! Por meio de uma participa\u00e7\u00e3o social cr\u00edtica, os cidad\u00e3os naturalmente deixar\u00e3o de lado uma acomoda\u00e7\u00e3o que pode ser eterna, se nada se fizer e tudo ser pura e simplesmente aceito como algo imex\u00edvel.<\/strong><\/p>\n\n\n\n<p><strong>Sabemos hoje, por conta por uma infinidade de estudos sobre o poder, que nenhuma autoridade nasce pronta e competente para exercer suas fun\u00e7\u00f5es previstas nos requisitos exigidos, nas normas legais e na for\u00e7a das tradi\u00e7\u00f5es.<\/strong><\/p>\n\n\n\n<p><strong>Isto significa, como acontece habitualmente, que todos podem se equivocar, cometer falhas e erros diante das complexas m\u00e1quinas p\u00fablicas, um ambiente em que pode acontecer tudo, menos uma harmonia celestial e ang\u00e9lica duradoura.<\/strong><\/p>\n\n\n\n<p><strong>Um dos pressupostos mais comuns s\u00e3o os estere\u00f3tipos: as pessoas sabem que devem se comportar de acordo com regras aceitas como verdades indiscut\u00edveis e \u00e9 isso que mant\u00e9m as estruturas funcionando maquinalmente.<\/strong><\/p>\n\n\n\n<p><strong>Isso inclui preconceitos contra pessoas raras que pensam diferente e querem mesmo contribuir com seus talentos para que as melhorias ansiadas pela popula\u00e7\u00e3o, nos\u00a0 mais diferentes setores, de fato aconte\u00e7am.<\/strong><\/p>\n\n\n\n<p><strong>A participa\u00e7\u00e3o social cr\u00edtica obviamente exige o surgimento de um cidad\u00e3o maduro e equilibrado, porque estamos aqui preconizando a cr\u00edtica construtiva e n\u00e3o a destrutiva que a ningu\u00e9m deve interessar, embora, convenhamos, \u00e9 a que lidera massivamente no ranking das redes sociais.<\/strong><\/p>\n\n\n\n<p><strong>Enfim, o cidad\u00e3o que se comporta como cr\u00edtico social exerce sua responsabilidade no mais nobre sentido pol\u00edtico que define a cidadania. N\u00e3o \u00e9 \u00e0 toa que a palavra cidade \u00e9 que lhe confere esse t\u00edtulo, por causa dos seus direitos e deveres.<\/strong><\/p>\n\n\n\n<p><strong>No fundo, agindo assim toda a comunidade ganhar\u00e1, pois estar\u00e1 dando passos para celebrar o andamento do processo de civiliza\u00e7\u00e3o no que diz respeito ao bem-estar que todos queremos. (Carlos Rossini \u00e9 jornalista, diretor da TVUNA e editor de vitrine online)<\/strong><\/p>\n","protected":false},"excerpt":{"rendered":"<p>Existe um jeito de contribuir para que uma cidade possa melhorar, pouco divulgado para a popula\u00e7\u00e3o. Trata-se da participa\u00e7\u00e3o social<\/p>\n","protected":false},"author":1,"featured_media":35194,"comment_status":"open","ping_status":"open","sticky":false,"template":"","format":"standard","meta":[],"categories":[3],"tags":[],"yoast_head":"<!-- This site is optimized with the Yoast SEO plugin v15.8 - https:\/\/yoast.com\/wordpress\/plugins\/seo\/ -->\n<title>IBI\u00daNA - PARTICIPA\u00c7\u00c3O SOCIAL CR\u00cdTICA PODE DESTRAVAR A CIDADE - Revista Vitrine Online<\/title>\n<meta name=\"robots\" content=\"index, follow, max-snippet:-1, max-image-preview:large, max-video-preview:-1\" \/>\n<link rel=\"canonical\" href=\"http:\/\/revistavitrineibiuna.com.br\/?p=35193\" \/>\n<meta property=\"og:locale\" content=\"pt_BR\" \/>\n<meta property=\"og:type\" content=\"article\" \/>\n<meta property=\"og:title\" content=\"IBI\u00daNA - PARTICIPA\u00c7\u00c3O SOCIAL CR\u00cdTICA PODE DESTRAVAR A CIDADE - Revista Vitrine Online\" \/>\n<meta property=\"og:description\" content=\"Existe um jeito de contribuir para que uma cidade possa melhorar, pouco divulgado para a popula\u00e7\u00e3o. Trata-se da participa\u00e7\u00e3o social\" \/>\n<meta property=\"og:url\" content=\"http:\/\/revistavitrineibiuna.com.br\/?p=35193\" \/>\n<meta property=\"og:site_name\" content=\"Revista Vitrine Online\" \/>\n<meta property=\"article:published_time\" content=\"2026-03-31T17:01:04+00:00\" \/>\n<meta property=\"article:modified_time\" content=\"2026-03-31T17:14:57+00:00\" \/>\n<meta property=\"og:image\" content=\"https:\/\/revistavitrineibiuna.com.br\/wp-content\/uploads\/2026\/03\/multidao.png\" \/>\n\t<meta property=\"og:image:width\" content=\"646\" \/>\n\t<meta property=\"og:image:height\" content=\"451\" \/>\n<meta name=\"twitter:card\" content=\"summary\" \/>\n<meta name=\"twitter:label1\" content=\"Est. reading time\">\n\t<meta name=\"twitter:data1\" content=\"2 minutos\">\n<script type=\"application\/ld+json\" class=\"yoast-schema-graph\">{\"@context\":\"https:\/\/schema.org\",\"@graph\":[{\"@type\":\"WebSite\",\"@id\":\"https:\/\/revistavitrineibiuna.com.br\/#website\",\"url\":\"https:\/\/revistavitrineibiuna.com.br\/\",\"name\":\"Revista Vitrine Ibi\\u00fana\",\"description\":\"A Revista de Ibi\\u00fana e Regi\\u00e3o\",\"publisher\":{\"@id\":\"https:\/\/revistavitrineibiuna.com.br\/#\/schema\/person\/e51ef49d6d88170ea21ceabff3f73deb\"},\"potentialAction\":[{\"@type\":\"SearchAction\",\"target\":\"https:\/\/revistavitrineibiuna.com.br\/?s={search_term_string}\",\"query-input\":\"required name=search_term_string\"}],\"inLanguage\":\"pt-BR\"},{\"@type\":\"ImageObject\",\"@id\":\"http:\/\/revistavitrineibiuna.com.br\/?p=35193#primaryimage\",\"inLanguage\":\"pt-BR\",\"url\":\"https:\/\/revistavitrineibiuna.com.br\/wp-content\/uploads\/2026\/03\/multidao.png\",\"width\":646,\"height\":451},{\"@type\":\"WebPage\",\"@id\":\"http:\/\/revistavitrineibiuna.com.br\/?p=35193#webpage\",\"url\":\"http:\/\/revistavitrineibiuna.com.br\/?p=35193\",\"name\":\"IBI\\u00daNA - PARTICIPA\\u00c7\\u00c3O SOCIAL CR\\u00cdTICA PODE DESTRAVAR A CIDADE - Revista Vitrine Online\",\"isPartOf\":{\"@id\":\"https:\/\/revistavitrineibiuna.com.br\/#website\"},\"primaryImageOfPage\":{\"@id\":\"http:\/\/revistavitrineibiuna.com.br\/?p=35193#primaryimage\"},\"datePublished\":\"2026-03-31T17:01:04+00:00\",\"dateModified\":\"2026-03-31T17:14:57+00:00\",\"breadcrumb\":{\"@id\":\"http:\/\/revistavitrineibiuna.com.br\/?p=35193#breadcrumb\"},\"inLanguage\":\"pt-BR\",\"potentialAction\":[{\"@type\":\"ReadAction\",\"target\":[\"http:\/\/revistavitrineibiuna.com.br\/?p=35193\"]}]},{\"@type\":\"BreadcrumbList\",\"@id\":\"http:\/\/revistavitrineibiuna.com.br\/?p=35193#breadcrumb\",\"itemListElement\":[{\"@type\":\"ListItem\",\"position\":1,\"item\":{\"@type\":\"WebPage\",\"@id\":\"https:\/\/revistavitrineibiuna.com.br\/\",\"url\":\"https:\/\/revistavitrineibiuna.com.br\/\",\"name\":\"In\\u00edcio\"}},{\"@type\":\"ListItem\",\"position\":2,\"item\":{\"@type\":\"WebPage\",\"@id\":\"http:\/\/revistavitrineibiuna.com.br\/?p=35193\",\"url\":\"http:\/\/revistavitrineibiuna.com.br\/?p=35193\",\"name\":\"IBI\\u00daNA &#8211; PARTICIPA\\u00c7\\u00c3O SOCIAL CR\\u00cdTICA PODE DESTRAVAR A CIDADE\"}}]},{\"@type\":\"Article\",\"@id\":\"http:\/\/revistavitrineibiuna.com.br\/?p=35193#article\",\"isPartOf\":{\"@id\":\"http:\/\/revistavitrineibiuna.com.br\/?p=35193#webpage\"},\"author\":{\"@id\":\"https:\/\/revistavitrineibiuna.com.br\/#\/schema\/person\/e51ef49d6d88170ea21ceabff3f73deb\"},\"headline\":\"IBI\\u00daNA &#8211; PARTICIPA\\u00c7\\u00c3O SOCIAL CR\\u00cdTICA PODE DESTRAVAR A CIDADE\",\"datePublished\":\"2026-03-31T17:01:04+00:00\",\"dateModified\":\"2026-03-31T17:14:57+00:00\",\"mainEntityOfPage\":{\"@id\":\"http:\/\/revistavitrineibiuna.com.br\/?p=35193#webpage\"},\"commentCount\":0,\"publisher\":{\"@id\":\"https:\/\/revistavitrineibiuna.com.br\/#\/schema\/person\/e51ef49d6d88170ea21ceabff3f73deb\"},\"image\":{\"@id\":\"http:\/\/revistavitrineibiuna.com.br\/?p=35193#primaryimage\"},\"articleSection\":\"Not\\u00edcias\",\"inLanguage\":\"pt-BR\",\"potentialAction\":[{\"@type\":\"CommentAction\",\"name\":\"Comment\",\"target\":[\"http:\/\/revistavitrineibiuna.com.br\/?p=35193#respond\"]}]},{\"@type\":[\"Person\",\"Organization\"],\"@id\":\"https:\/\/revistavitrineibiuna.com.br\/#\/schema\/person\/e51ef49d6d88170ea21ceabff3f73deb\",\"name\":\"Carlos Rossini\",\"image\":{\"@type\":\"ImageObject\",\"@id\":\"https:\/\/revistavitrineibiuna.com.br\/#personlogo\",\"inLanguage\":\"pt-BR\",\"url\":\"https:\/\/secure.gravatar.com\/avatar\/4f2d0f99fac1f85c7d643f21f5c8d900?s=96&d=mm&r=g\",\"caption\":\"Carlos Rossini\"},\"logo\":{\"@id\":\"https:\/\/revistavitrineibiuna.com.br\/#personlogo\"},\"description\":\"Carlos Rossini \\u00e9 jornalista, soci\\u00f3logo, escritor e professor universit\\u00e1rio, tendo sido professor de jornalismo por vinte anos. Trabalhou em ve\\u00edculos de comunica\\u00e7\\u00e3o nas fun\\u00e7\\u00f5es de rep\\u00f3rter, redator, editor, articulista e colaborador, como Folha de S. Paulo, O Estado de S. Paulo, Di\\u00e1rio Popular, entre outros. Ao transferir a revista vitrine, vers\\u00e3o imprensa, de S\\u00e3o Paulo para Ibi\\u00fana h\\u00e1 alguns anos, iniciou uma nova experi\\u00eancia profissional, dedicando-se ao jornalismo regional, depois de cumprir uma trajet\\u00f3ria bem-sucedida na grande imprensa brasileira. Seu primeiro livro A Coragem de Comunicar foi lan\\u00e7ado na Bienal do Livro em S\\u00e3o Paulo no ano 2000, pela editora Madras.\"}]}<\/script>\n<!-- \/ Yoast SEO plugin. -->","_links":{"self":[{"href":"https:\/\/revistavitrineibiuna.com.br\/index.php?rest_route=\/wp\/v2\/posts\/35193"}],"collection":[{"href":"https:\/\/revistavitrineibiuna.com.br\/index.php?rest_route=\/wp\/v2\/posts"}],"about":[{"href":"https:\/\/revistavitrineibiuna.com.br\/index.php?rest_route=\/wp\/v2\/types\/post"}],"author":[{"embeddable":true,"href":"https:\/\/revistavitrineibiuna.com.br\/index.php?rest_route=\/wp\/v2\/users\/1"}],"replies":[{"embeddable":true,"href":"https:\/\/revistavitrineibiuna.com.br\/index.php?rest_route=%2Fwp%2Fv2%2Fcomments&post=35193"}],"version-history":[{"count":2,"href":"https:\/\/revistavitrineibiuna.com.br\/index.php?rest_route=\/wp\/v2\/posts\/35193\/revisions"}],"predecessor-version":[{"id":35196,"href":"https:\/\/revistavitrineibiuna.com.br\/index.php?rest_route=\/wp\/v2\/posts\/35193\/revisions\/35196"}],"wp:featuredmedia":[{"embeddable":true,"href":"https:\/\/revistavitrineibiuna.com.br\/index.php?rest_route=\/wp\/v2\/media\/35194"}],"wp:attachment":[{"href":"https:\/\/revistavitrineibiuna.com.br\/index.php?rest_route=%2Fwp%2Fv2%2Fmedia&parent=35193"}],"wp:term":[{"taxonomy":"category","embeddable":true,"href":"https:\/\/revistavitrineibiuna.com.br\/index.php?rest_route=%2Fwp%2Fv2%2Fcategories&post=35193"},{"taxonomy":"post_tag","embeddable":true,"href":"https:\/\/revistavitrineibiuna.com.br\/index.php?rest_route=%2Fwp%2Fv2%2Ftags&post=35193"}],"curies":[{"name":"wp","href":"https:\/\/api.w.org\/{rel}","templated":true}]}}