{"id":35198,"date":"2026-04-01T20:52:08","date_gmt":"2026-04-01T23:52:08","guid":{"rendered":"http:\/\/revistavitrineibiuna.com.br\/?p=35198"},"modified":"2026-04-01T21:11:35","modified_gmt":"2026-04-02T00:11:35","slug":"ibiuna-nao-e-normal-pessoas-estarem-caidas-em-calcadas","status":"publish","type":"post","link":"https:\/\/revistavitrineibiuna.com.br\/?p=35198","title":{"rendered":"IBI\u00daNA \u2013 N\u00c3O \u00c9 NORMAL PESSOAS ESTAREM CA\u00cdDAS EM CAL\u00c7ADAS"},"content":{"rendered":"\n<p class=\"has-drop-cap\"><strong>Nesta quarta-feira sa\u00ed pela terceira vez para ouvir pessoas, homens e mulheres, em situa\u00e7\u00e3o de rua na \u00e1rea urbana de Ibi\u00fana.<\/strong><\/p>\n\n\n\n<p><strong>Faz tempo, tamb\u00e9m na condi\u00e7\u00e3o de soci\u00f3logo, tenho planejado ouvir essas pessoas porque elas s\u00e3o cidad\u00e3s, como todas as demais, apenas vivendo em condi\u00e7\u00f5es de extrema vulnerabilidade, enfrentando a desumaniza\u00e7\u00e3o, fome e riscos constantes \u00e0 vida<\/strong>.<\/p>\n\n\n\n<p><strong>Meu foco \u00e9 uma vis\u00e3o humanista porque vejo esse cen\u00e1rio como um desafio t\u00e3o grave quanto complexo a ser enfrentado pelas autoridades municipais respons\u00e1veis pelo assistencialismo social.<\/strong><\/p>\n\n\n\n<p><strong>Hoje consegui ouvir algumas delas, depois de ser surpreendido com uma cena chocante na pra\u00e7a da matriz.<\/strong><\/p>\n\n\n\n<p><strong>Enquanto muitas senhorinhas saiam da igreja, depois de uma missa, do lado oposto da pra\u00e7a dois homens se engafinhavam. Ambos seguravam em cada ponta uma barra de alum\u00ednio a fim de evitarem reciprocamente serem golpeados. Um deles, um homem alto, de cabelos vastos e cinzentos, j\u00e1 sangrava em virtude de um ferimento na testa.<\/strong><\/p>\n\n\n\n<p><strong>E o rep\u00f3rter da TVUNA e da vitrine online que estava l\u00e1 para ouvir as hist\u00f3rias de cada um com o objetivo de que possam ser, de alguma forma reconhecidos em suas espec\u00edficas realidades, tive que ajudar a apartar a briga.<\/strong><\/p>\n\n\n\n<p><strong>O susto foi grande. A mulher que est\u00e1 sempre por ali e conhece alguns desses personagens an\u00f4nimos informa que sempre h\u00e1 conflito entre eles, em geral depois que bebem ou usam algum tipo de droga.<\/strong><\/p>\n\n\n\n<p><strong>Um homem que estava s\u00f3brio me chamou de lado para conversar. Ele veio de Goi\u00e1s e est\u00e1 em Ibi\u00fana h\u00e1 sete anos. Viu na minha&nbsp; camisa o logotipo da TVUNA e afirmou que j\u00e1 trabalhou na TV Globo, mais tarde soube que ele integrava uma banda conhecida.&nbsp;&nbsp;&nbsp;&nbsp;&nbsp;&nbsp;&nbsp;&nbsp;<\/strong><\/p>\n\n\n\n<p><strong>Triste realidade. A pauta da entrevista era exatamente contribuir para que esses seres em situa\u00e7\u00e3o de dor, de solid\u00e3o, de desamparo possam se expressar e se permitir ter uma exist\u00eancia n\u00e3o como seres marginais, mas como entes que precisam de apoio, acolhimento, tratamento.<\/strong><\/p>\n\n\n\n<p><strong>Ao lado da rodovi\u00e1ria, um jovem do bairro da Ressaca disse-me que \u00e9 \u00f3rf\u00e3o de pai e m\u00e3e e que a tia, \u00fanica parente n\u00e3o o quer em casa. Uma mulher de quarenta e um anos, na rua desde os nove, se queixou de falta de aten\u00e7\u00e3o.<\/strong><\/p>\n\n\n\n<p><strong>Pedi informa\u00e7\u00e3o \u00e0 Prefeitura se existe um cadastro das pessoas em situa\u00e7\u00e3o de rua. Assim que tiver retorno, atualizarei essa mat\u00e9ria, cuja pauta se encontra em aberto.<\/strong><\/p>\n\n\n\n<p><strong>Ao refletir sobre as coisas que pude observar at\u00e9 agora, uma das caracter\u00edsticas comuns a todos \u00e9 exatamente a falta daquilo que chamamos de um lar como espa\u00e7o de paz, amor e acolhimento emocional, embora v\u00e1rios deles tenham casas de seus familiares.<\/strong><\/p>\n\n\n\n<p><strong>Na verdade, vivem de modo disperso e solit\u00e1rios se agrupando temporariamente com os seus cong\u00eaneres. Sabem uns dos outros de onde v\u00eam, os h\u00e1bitos, os comportamentos.<\/strong><\/p>\n\n\n\n<p><strong>A rela\u00e7\u00e3o deles com o tempo impressiona no sentido de poder ou n\u00e3o existir, dependendo o estado mental, alterado ou n\u00e3o.<\/strong><\/p>\n\n\n\n<p><strong>Em suma, sabe-se que s\u00e3o dezenas de pessoas em situa\u00e7\u00e3o de rua na cidade e como sempre s\u00e3o vistas, acabam fazendo parte da realidade e, o que \u00e9 o xis da quest\u00e3o, por dificuldades de mudan\u00e7a reconhecidas, sendo naturalizados como personagens p\u00fablicas.<\/strong><\/p>\n\n\n\n<p><strong>Mas, por isso mesmo, n\u00e3o se deve considerar normal um homem estirado numa cal\u00e7ada, ao lado do terminal rodovi\u00e1rio, e passar inc\u00f3lume com a sua presen\u00e7a no ch\u00e3o. (Carlos Rossini \u00e9 jornalista, diretor da TVUNA e editor de vitrine online)&nbsp;<\/strong><\/p>\n","protected":false},"excerpt":{"rendered":"<p>Nesta quarta-feira sa\u00ed pela terceira vez para ouvir pessoas, homens e mulheres, em situa\u00e7\u00e3o de rua na \u00e1rea urbana de<\/p>\n","protected":false},"author":1,"featured_media":35199,"comment_status":"open","ping_status":"open","sticky":false,"template":"","format":"standard","meta":[],"categories":[3],"tags":[],"yoast_head":"<!-- This site is optimized with the Yoast SEO plugin v15.8 - https:\/\/yoast.com\/wordpress\/plugins\/seo\/ -->\n<title>IBI\u00daNA \u2013 N\u00c3O \u00c9 NORMAL PESSOAS ESTAREM CA\u00cdDAS EM CAL\u00c7ADAS - Revista Vitrine Online<\/title>\n<meta name=\"robots\" content=\"index, follow, max-snippet:-1, max-image-preview:large, max-video-preview:-1\" \/>\n<link rel=\"canonical\" href=\"http:\/\/revistavitrineibiuna.com.br\/?p=35198\" \/>\n<meta property=\"og:locale\" content=\"pt_BR\" \/>\n<meta property=\"og:type\" content=\"article\" \/>\n<meta property=\"og:title\" content=\"IBI\u00daNA \u2013 N\u00c3O \u00c9 NORMAL PESSOAS ESTAREM CA\u00cdDAS EM CAL\u00c7ADAS - Revista Vitrine Online\" \/>\n<meta property=\"og:description\" content=\"Nesta quarta-feira sa\u00ed pela terceira vez para ouvir pessoas, homens e mulheres, em situa\u00e7\u00e3o de rua na \u00e1rea urbana de\" \/>\n<meta property=\"og:url\" content=\"http:\/\/revistavitrineibiuna.com.br\/?p=35198\" \/>\n<meta property=\"og:site_name\" content=\"Revista Vitrine Online\" \/>\n<meta property=\"article:published_time\" content=\"2026-04-01T23:52:08+00:00\" \/>\n<meta property=\"article:modified_time\" content=\"2026-04-02T00:11:35+00:00\" \/>\n<meta property=\"og:image\" content=\"https:\/\/revistavitrineibiuna.com.br\/wp-content\/uploads\/2026\/04\/HOMEM-NA-CALCADA.png\" \/>\n\t<meta property=\"og:image:width\" content=\"707\" \/>\n\t<meta property=\"og:image:height\" content=\"423\" \/>\n<meta name=\"twitter:card\" content=\"summary\" \/>\n<meta name=\"twitter:label1\" content=\"Est. reading time\">\n\t<meta name=\"twitter:data1\" content=\"3 minutos\">\n<script type=\"application\/ld+json\" class=\"yoast-schema-graph\">{\"@context\":\"https:\/\/schema.org\",\"@graph\":[{\"@type\":\"WebSite\",\"@id\":\"https:\/\/revistavitrineibiuna.com.br\/#website\",\"url\":\"https:\/\/revistavitrineibiuna.com.br\/\",\"name\":\"Revista Vitrine Ibi\\u00fana\",\"description\":\"A Revista de Ibi\\u00fana e Regi\\u00e3o\",\"publisher\":{\"@id\":\"https:\/\/revistavitrineibiuna.com.br\/#\/schema\/person\/e51ef49d6d88170ea21ceabff3f73deb\"},\"potentialAction\":[{\"@type\":\"SearchAction\",\"target\":\"https:\/\/revistavitrineibiuna.com.br\/?s={search_term_string}\",\"query-input\":\"required name=search_term_string\"}],\"inLanguage\":\"pt-BR\"},{\"@type\":\"ImageObject\",\"@id\":\"http:\/\/revistavitrineibiuna.com.br\/?p=35198#primaryimage\",\"inLanguage\":\"pt-BR\",\"url\":\"https:\/\/revistavitrineibiuna.com.br\/wp-content\/uploads\/2026\/04\/HOMEM-NA-CALCADA.png\",\"width\":707,\"height\":423},{\"@type\":\"WebPage\",\"@id\":\"http:\/\/revistavitrineibiuna.com.br\/?p=35198#webpage\",\"url\":\"http:\/\/revistavitrineibiuna.com.br\/?p=35198\",\"name\":\"IBI\\u00daNA \\u2013 N\\u00c3O \\u00c9 NORMAL PESSOAS ESTAREM CA\\u00cdDAS EM CAL\\u00c7ADAS - Revista Vitrine Online\",\"isPartOf\":{\"@id\":\"https:\/\/revistavitrineibiuna.com.br\/#website\"},\"primaryImageOfPage\":{\"@id\":\"http:\/\/revistavitrineibiuna.com.br\/?p=35198#primaryimage\"},\"datePublished\":\"2026-04-01T23:52:08+00:00\",\"dateModified\":\"2026-04-02T00:11:35+00:00\",\"breadcrumb\":{\"@id\":\"http:\/\/revistavitrineibiuna.com.br\/?p=35198#breadcrumb\"},\"inLanguage\":\"pt-BR\",\"potentialAction\":[{\"@type\":\"ReadAction\",\"target\":[\"http:\/\/revistavitrineibiuna.com.br\/?p=35198\"]}]},{\"@type\":\"BreadcrumbList\",\"@id\":\"http:\/\/revistavitrineibiuna.com.br\/?p=35198#breadcrumb\",\"itemListElement\":[{\"@type\":\"ListItem\",\"position\":1,\"item\":{\"@type\":\"WebPage\",\"@id\":\"https:\/\/revistavitrineibiuna.com.br\/\",\"url\":\"https:\/\/revistavitrineibiuna.com.br\/\",\"name\":\"In\\u00edcio\"}},{\"@type\":\"ListItem\",\"position\":2,\"item\":{\"@type\":\"WebPage\",\"@id\":\"http:\/\/revistavitrineibiuna.com.br\/?p=35198\",\"url\":\"http:\/\/revistavitrineibiuna.com.br\/?p=35198\",\"name\":\"IBI\\u00daNA \\u2013 N\\u00c3O \\u00c9 NORMAL PESSOAS ESTAREM CA\\u00cdDAS EM CAL\\u00c7ADAS\"}}]},{\"@type\":\"Article\",\"@id\":\"http:\/\/revistavitrineibiuna.com.br\/?p=35198#article\",\"isPartOf\":{\"@id\":\"http:\/\/revistavitrineibiuna.com.br\/?p=35198#webpage\"},\"author\":{\"@id\":\"https:\/\/revistavitrineibiuna.com.br\/#\/schema\/person\/e51ef49d6d88170ea21ceabff3f73deb\"},\"headline\":\"IBI\\u00daNA \\u2013 N\\u00c3O \\u00c9 NORMAL PESSOAS ESTAREM CA\\u00cdDAS EM CAL\\u00c7ADAS\",\"datePublished\":\"2026-04-01T23:52:08+00:00\",\"dateModified\":\"2026-04-02T00:11:35+00:00\",\"mainEntityOfPage\":{\"@id\":\"http:\/\/revistavitrineibiuna.com.br\/?p=35198#webpage\"},\"commentCount\":0,\"publisher\":{\"@id\":\"https:\/\/revistavitrineibiuna.com.br\/#\/schema\/person\/e51ef49d6d88170ea21ceabff3f73deb\"},\"image\":{\"@id\":\"http:\/\/revistavitrineibiuna.com.br\/?p=35198#primaryimage\"},\"articleSection\":\"Not\\u00edcias\",\"inLanguage\":\"pt-BR\",\"potentialAction\":[{\"@type\":\"CommentAction\",\"name\":\"Comment\",\"target\":[\"http:\/\/revistavitrineibiuna.com.br\/?p=35198#respond\"]}]},{\"@type\":[\"Person\",\"Organization\"],\"@id\":\"https:\/\/revistavitrineibiuna.com.br\/#\/schema\/person\/e51ef49d6d88170ea21ceabff3f73deb\",\"name\":\"Carlos Rossini\",\"image\":{\"@type\":\"ImageObject\",\"@id\":\"https:\/\/revistavitrineibiuna.com.br\/#personlogo\",\"inLanguage\":\"pt-BR\",\"url\":\"https:\/\/secure.gravatar.com\/avatar\/4f2d0f99fac1f85c7d643f21f5c8d900?s=96&d=mm&r=g\",\"caption\":\"Carlos Rossini\"},\"logo\":{\"@id\":\"https:\/\/revistavitrineibiuna.com.br\/#personlogo\"},\"description\":\"Carlos Rossini \\u00e9 jornalista, soci\\u00f3logo, escritor e professor universit\\u00e1rio, tendo sido professor de jornalismo por vinte anos. Trabalhou em ve\\u00edculos de comunica\\u00e7\\u00e3o nas fun\\u00e7\\u00f5es de rep\\u00f3rter, redator, editor, articulista e colaborador, como Folha de S. Paulo, O Estado de S. Paulo, Di\\u00e1rio Popular, entre outros. Ao transferir a revista vitrine, vers\\u00e3o imprensa, de S\\u00e3o Paulo para Ibi\\u00fana h\\u00e1 alguns anos, iniciou uma nova experi\\u00eancia profissional, dedicando-se ao jornalismo regional, depois de cumprir uma trajet\\u00f3ria bem-sucedida na grande imprensa brasileira. Seu primeiro livro A Coragem de Comunicar foi lan\\u00e7ado na Bienal do Livro em S\\u00e3o Paulo no ano 2000, pela editora Madras.\"}]}<\/script>\n<!-- \/ Yoast SEO plugin. -->","_links":{"self":[{"href":"https:\/\/revistavitrineibiuna.com.br\/index.php?rest_route=\/wp\/v2\/posts\/35198"}],"collection":[{"href":"https:\/\/revistavitrineibiuna.com.br\/index.php?rest_route=\/wp\/v2\/posts"}],"about":[{"href":"https:\/\/revistavitrineibiuna.com.br\/index.php?rest_route=\/wp\/v2\/types\/post"}],"author":[{"embeddable":true,"href":"https:\/\/revistavitrineibiuna.com.br\/index.php?rest_route=\/wp\/v2\/users\/1"}],"replies":[{"embeddable":true,"href":"https:\/\/revistavitrineibiuna.com.br\/index.php?rest_route=%2Fwp%2Fv2%2Fcomments&post=35198"}],"version-history":[{"count":12,"href":"https:\/\/revistavitrineibiuna.com.br\/index.php?rest_route=\/wp\/v2\/posts\/35198\/revisions"}],"predecessor-version":[{"id":35215,"href":"https:\/\/revistavitrineibiuna.com.br\/index.php?rest_route=\/wp\/v2\/posts\/35198\/revisions\/35215"}],"wp:featuredmedia":[{"embeddable":true,"href":"https:\/\/revistavitrineibiuna.com.br\/index.php?rest_route=\/wp\/v2\/media\/35199"}],"wp:attachment":[{"href":"https:\/\/revistavitrineibiuna.com.br\/index.php?rest_route=%2Fwp%2Fv2%2Fmedia&parent=35198"}],"wp:term":[{"taxonomy":"category","embeddable":true,"href":"https:\/\/revistavitrineibiuna.com.br\/index.php?rest_route=%2Fwp%2Fv2%2Fcategories&post=35198"},{"taxonomy":"post_tag","embeddable":true,"href":"https:\/\/revistavitrineibiuna.com.br\/index.php?rest_route=%2Fwp%2Fv2%2Ftags&post=35198"}],"curies":[{"name":"wp","href":"https:\/\/api.w.org\/{rel}","templated":true}]}}