{"id":35217,"date":"2026-04-02T19:10:14","date_gmt":"2026-04-02T22:10:14","guid":{"rendered":"http:\/\/revistavitrineibiuna.com.br\/?p=35217"},"modified":"2026-04-02T19:39:41","modified_gmt":"2026-04-02T22:39:41","slug":"ibiuna-padre-danilo-martins-preside-tridu0-pascal-pela-primeira-vez","status":"publish","type":"post","link":"https:\/\/revistavitrineibiuna.com.br\/?p=35217","title":{"rendered":"IBI\u00daNA \u2013 PADRE DANILO MARTINS PRESIDE TR\u00cdDU0 PASCAL PELA PRIMEIRA VEZ"},"content":{"rendered":"\n<p class=\"has-drop-cap\"><strong>Ordenado em dezembro \u00faltimo, o vig\u00e1rio da Igreja Matriz de Nossa Senhora das Dores, padroeira de Ibi\u00fana, o padre Danilo Martins preside, pela primeira vez, o Tr\u00edduo Pascal.<\/strong><\/p>\n\n\n\n<p><strong>Tr\u00edduo Pascal \u00e9 o per\u00edodo de tr\u00eas dias que constitui o n\u00facleo da f\u00e9 crist\u00e3, celebrando a Paix\u00e3o, Morte e Ressurrei\u00e7\u00e3o de Jesus Cristo. Inicia na&nbsp; Quinta-feira Santa (Missa da Ceia do Senhor), e termina no Domingo de P\u00e1scoa (Vig\u00edlia Pascal), representando uma \u00fanica celebra\u00e7\u00e3o da vit\u00f3ria de Cristo sobre a morte.<\/strong><\/p>\n\n\n\n<p><strong>Em entrevista a vitrine online, padre Danilo convidou toda a popula\u00e7\u00e3o a participar de todos esses momentos como uma forma de renovar a f\u00e9 em Jesus Cristo.<\/strong><\/p>\n\n\n\n<p><strong>Na Igreja Matriz nesta quinta-feira, com missa \u00e0s 19h, houve celebra\u00e7\u00e3o ao dia em que Nosso Senhor instituiu a eucaristia e o sacerd\u00f3cio.<\/strong><\/p>\n\n\n\n<p><strong>Nesta Sexta Feira Santa, quando se recordam a crucifica\u00e7\u00e3o e morte de Jesus, o dia ser\u00e1 dedicado \u00e0 adora\u00e7\u00e3o do Sant\u00edssimo, com sil\u00eancio e reflex\u00e3o, no Sal\u00e3o Paroquial da Igreja, devendo prosseguir durante toda&nbsp; a madrugada.<\/strong><\/p>\n\n\n\n<p><strong>\u00c0s 15h ser\u00e1 celebrada a Paix\u00e3o do Senhor, ap\u00f3s o que haver\u00e1 a tradicional prociss\u00e3o nas ruas centrais pr\u00f3ximas \u00e0 igreja.<\/strong><\/p>\n\n\n\n<p><strong>No s\u00e1bado, o dia ser\u00e1 dedicado ao recolhimento, em rever\u00eancia ao momento em que Jesus Cristo ainda se encontra na sepultura. \u00c0s 19h haver\u00e1 a Vig\u00edlia Pascal no lado de fora da igreja e, em seguida, missa.<\/strong><\/p>\n\n\n\n<p><strong>No Domingo de P\u00e1scoa haver\u00e1 missas \u00e0s 8h, 10h, 17h e 19h.<\/strong><\/p>\n\n\n\n<p><strong>Ao desejar Feliz P\u00e1scoa a todos, o padre Danilo Martins, destacou:<\/strong><\/p>\n\n\n\n<p><strong>&#8212; O Senhor ressuscitou! Ele venceu a morte para nos dar a mensagem de que todos aqueles que creem em Jesus Cristo possam tamb\u00e9m ter a promessa de vida nova.&nbsp; &nbsp;<\/strong><\/p>\n\n\n\n<p><strong>Dessa forma, relembrou a vit\u00f3ria de Jesus Cristo sobre a morte e o pecado. A ressurrei\u00e7\u00e3o simboliza vida, esperan\u00e7a e um novo come\u00e7o. O Domingo de P\u00e1scoa \u00e9 a celebra\u00e7\u00e3o mais importante do cristianismo. (C.R.)<\/strong><\/p>\n","protected":false},"excerpt":{"rendered":"<p>Ordenado em dezembro \u00faltimo, o vig\u00e1rio da Igreja Matriz de Nossa Senhora das Dores, padroeira de Ibi\u00fana, o padre Danilo<\/p>\n","protected":false},"author":1,"featured_media":35218,"comment_status":"open","ping_status":"open","sticky":false,"template":"","format":"standard","meta":[],"categories":[3],"tags":[],"yoast_head":"<!-- This site is optimized with the Yoast SEO plugin v15.8 - https:\/\/yoast.com\/wordpress\/plugins\/seo\/ -->\n<title>IBI\u00daNA \u2013 PADRE DANILO MARTINS PRESIDE TR\u00cdDU0 PASCAL PELA PRIMEIRA VEZ - Revista Vitrine Online<\/title>\n<meta name=\"robots\" content=\"index, follow, max-snippet:-1, max-image-preview:large, max-video-preview:-1\" \/>\n<link rel=\"canonical\" href=\"http:\/\/revistavitrineibiuna.com.br\/?p=35217\" \/>\n<meta property=\"og:locale\" content=\"pt_BR\" \/>\n<meta property=\"og:type\" content=\"article\" \/>\n<meta property=\"og:title\" content=\"IBI\u00daNA \u2013 PADRE DANILO MARTINS PRESIDE TR\u00cdDU0 PASCAL PELA PRIMEIRA VEZ - Revista Vitrine Online\" \/>\n<meta property=\"og:description\" content=\"Ordenado em dezembro \u00faltimo, o vig\u00e1rio da Igreja Matriz de Nossa Senhora das Dores, padroeira de Ibi\u00fana, o padre Danilo\" \/>\n<meta property=\"og:url\" content=\"http:\/\/revistavitrineibiuna.com.br\/?p=35217\" \/>\n<meta property=\"og:site_name\" content=\"Revista Vitrine Online\" \/>\n<meta property=\"article:published_time\" content=\"2026-04-02T22:10:14+00:00\" \/>\n<meta property=\"article:modified_time\" content=\"2026-04-02T22:39:41+00:00\" \/>\n<meta property=\"og:image\" content=\"https:\/\/revistavitrineibiuna.com.br\/wp-content\/uploads\/2026\/04\/padre-danilo.png\" \/>\n\t<meta property=\"og:image:width\" content=\"599\" \/>\n\t<meta property=\"og:image:height\" content=\"417\" \/>\n<meta name=\"twitter:card\" content=\"summary\" \/>\n<meta name=\"twitter:label1\" content=\"Est. reading time\">\n\t<meta name=\"twitter:data1\" content=\"2 minutos\">\n<script type=\"application\/ld+json\" class=\"yoast-schema-graph\">{\"@context\":\"https:\/\/schema.org\",\"@graph\":[{\"@type\":\"WebSite\",\"@id\":\"https:\/\/revistavitrineibiuna.com.br\/#website\",\"url\":\"https:\/\/revistavitrineibiuna.com.br\/\",\"name\":\"Revista Vitrine Ibi\\u00fana\",\"description\":\"A Revista de Ibi\\u00fana e Regi\\u00e3o\",\"publisher\":{\"@id\":\"https:\/\/revistavitrineibiuna.com.br\/#\/schema\/person\/e51ef49d6d88170ea21ceabff3f73deb\"},\"potentialAction\":[{\"@type\":\"SearchAction\",\"target\":\"https:\/\/revistavitrineibiuna.com.br\/?s={search_term_string}\",\"query-input\":\"required name=search_term_string\"}],\"inLanguage\":\"pt-BR\"},{\"@type\":\"ImageObject\",\"@id\":\"http:\/\/revistavitrineibiuna.com.br\/?p=35217#primaryimage\",\"inLanguage\":\"pt-BR\",\"url\":\"https:\/\/revistavitrineibiuna.com.br\/wp-content\/uploads\/2026\/04\/padre-danilo.png\",\"width\":599,\"height\":417},{\"@type\":\"WebPage\",\"@id\":\"http:\/\/revistavitrineibiuna.com.br\/?p=35217#webpage\",\"url\":\"http:\/\/revistavitrineibiuna.com.br\/?p=35217\",\"name\":\"IBI\\u00daNA \\u2013 PADRE DANILO MARTINS PRESIDE TR\\u00cdDU0 PASCAL PELA PRIMEIRA VEZ - Revista Vitrine Online\",\"isPartOf\":{\"@id\":\"https:\/\/revistavitrineibiuna.com.br\/#website\"},\"primaryImageOfPage\":{\"@id\":\"http:\/\/revistavitrineibiuna.com.br\/?p=35217#primaryimage\"},\"datePublished\":\"2026-04-02T22:10:14+00:00\",\"dateModified\":\"2026-04-02T22:39:41+00:00\",\"breadcrumb\":{\"@id\":\"http:\/\/revistavitrineibiuna.com.br\/?p=35217#breadcrumb\"},\"inLanguage\":\"pt-BR\",\"potentialAction\":[{\"@type\":\"ReadAction\",\"target\":[\"http:\/\/revistavitrineibiuna.com.br\/?p=35217\"]}]},{\"@type\":\"BreadcrumbList\",\"@id\":\"http:\/\/revistavitrineibiuna.com.br\/?p=35217#breadcrumb\",\"itemListElement\":[{\"@type\":\"ListItem\",\"position\":1,\"item\":{\"@type\":\"WebPage\",\"@id\":\"https:\/\/revistavitrineibiuna.com.br\/\",\"url\":\"https:\/\/revistavitrineibiuna.com.br\/\",\"name\":\"In\\u00edcio\"}},{\"@type\":\"ListItem\",\"position\":2,\"item\":{\"@type\":\"WebPage\",\"@id\":\"http:\/\/revistavitrineibiuna.com.br\/?p=35217\",\"url\":\"http:\/\/revistavitrineibiuna.com.br\/?p=35217\",\"name\":\"IBI\\u00daNA \\u2013 PADRE DANILO MARTINS PRESIDE TR\\u00cdDU0 PASCAL PELA PRIMEIRA VEZ\"}}]},{\"@type\":\"Article\",\"@id\":\"http:\/\/revistavitrineibiuna.com.br\/?p=35217#article\",\"isPartOf\":{\"@id\":\"http:\/\/revistavitrineibiuna.com.br\/?p=35217#webpage\"},\"author\":{\"@id\":\"https:\/\/revistavitrineibiuna.com.br\/#\/schema\/person\/e51ef49d6d88170ea21ceabff3f73deb\"},\"headline\":\"IBI\\u00daNA \\u2013 PADRE DANILO MARTINS PRESIDE TR\\u00cdDU0 PASCAL PELA PRIMEIRA VEZ\",\"datePublished\":\"2026-04-02T22:10:14+00:00\",\"dateModified\":\"2026-04-02T22:39:41+00:00\",\"mainEntityOfPage\":{\"@id\":\"http:\/\/revistavitrineibiuna.com.br\/?p=35217#webpage\"},\"commentCount\":0,\"publisher\":{\"@id\":\"https:\/\/revistavitrineibiuna.com.br\/#\/schema\/person\/e51ef49d6d88170ea21ceabff3f73deb\"},\"image\":{\"@id\":\"http:\/\/revistavitrineibiuna.com.br\/?p=35217#primaryimage\"},\"articleSection\":\"Not\\u00edcias\",\"inLanguage\":\"pt-BR\",\"potentialAction\":[{\"@type\":\"CommentAction\",\"name\":\"Comment\",\"target\":[\"http:\/\/revistavitrineibiuna.com.br\/?p=35217#respond\"]}]},{\"@type\":[\"Person\",\"Organization\"],\"@id\":\"https:\/\/revistavitrineibiuna.com.br\/#\/schema\/person\/e51ef49d6d88170ea21ceabff3f73deb\",\"name\":\"Carlos Rossini\",\"image\":{\"@type\":\"ImageObject\",\"@id\":\"https:\/\/revistavitrineibiuna.com.br\/#personlogo\",\"inLanguage\":\"pt-BR\",\"url\":\"https:\/\/secure.gravatar.com\/avatar\/4f2d0f99fac1f85c7d643f21f5c8d900?s=96&d=mm&r=g\",\"caption\":\"Carlos Rossini\"},\"logo\":{\"@id\":\"https:\/\/revistavitrineibiuna.com.br\/#personlogo\"},\"description\":\"Carlos Rossini \\u00e9 jornalista, soci\\u00f3logo, escritor e professor universit\\u00e1rio, tendo sido professor de jornalismo por vinte anos. Trabalhou em ve\\u00edculos de comunica\\u00e7\\u00e3o nas fun\\u00e7\\u00f5es de rep\\u00f3rter, redator, editor, articulista e colaborador, como Folha de S. Paulo, O Estado de S. Paulo, Di\\u00e1rio Popular, entre outros. Ao transferir a revista vitrine, vers\\u00e3o imprensa, de S\\u00e3o Paulo para Ibi\\u00fana h\\u00e1 alguns anos, iniciou uma nova experi\\u00eancia profissional, dedicando-se ao jornalismo regional, depois de cumprir uma trajet\\u00f3ria bem-sucedida na grande imprensa brasileira. Seu primeiro livro A Coragem de Comunicar foi lan\\u00e7ado na Bienal do Livro em S\\u00e3o Paulo no ano 2000, pela editora Madras.\"}]}<\/script>\n<!-- \/ Yoast SEO plugin. -->","_links":{"self":[{"href":"https:\/\/revistavitrineibiuna.com.br\/index.php?rest_route=\/wp\/v2\/posts\/35217"}],"collection":[{"href":"https:\/\/revistavitrineibiuna.com.br\/index.php?rest_route=\/wp\/v2\/posts"}],"about":[{"href":"https:\/\/revistavitrineibiuna.com.br\/index.php?rest_route=\/wp\/v2\/types\/post"}],"author":[{"embeddable":true,"href":"https:\/\/revistavitrineibiuna.com.br\/index.php?rest_route=\/wp\/v2\/users\/1"}],"replies":[{"embeddable":true,"href":"https:\/\/revistavitrineibiuna.com.br\/index.php?rest_route=%2Fwp%2Fv2%2Fcomments&post=35217"}],"version-history":[{"count":3,"href":"https:\/\/revistavitrineibiuna.com.br\/index.php?rest_route=\/wp\/v2\/posts\/35217\/revisions"}],"predecessor-version":[{"id":35221,"href":"https:\/\/revistavitrineibiuna.com.br\/index.php?rest_route=\/wp\/v2\/posts\/35217\/revisions\/35221"}],"wp:featuredmedia":[{"embeddable":true,"href":"https:\/\/revistavitrineibiuna.com.br\/index.php?rest_route=\/wp\/v2\/media\/35218"}],"wp:attachment":[{"href":"https:\/\/revistavitrineibiuna.com.br\/index.php?rest_route=%2Fwp%2Fv2%2Fmedia&parent=35217"}],"wp:term":[{"taxonomy":"category","embeddable":true,"href":"https:\/\/revistavitrineibiuna.com.br\/index.php?rest_route=%2Fwp%2Fv2%2Fcategories&post=35217"},{"taxonomy":"post_tag","embeddable":true,"href":"https:\/\/revistavitrineibiuna.com.br\/index.php?rest_route=%2Fwp%2Fv2%2Ftags&post=35217"}],"curies":[{"name":"wp","href":"https:\/\/api.w.org\/{rel}","templated":true}]}}