{"id":35222,"date":"2026-04-03T09:44:05","date_gmt":"2026-04-03T12:44:05","guid":{"rendered":"http:\/\/revistavitrineibiuna.com.br\/?p=35222"},"modified":"2026-04-03T12:04:32","modified_gmt":"2026-04-03T15:04:32","slug":"artigo-prefeitura-de-ibiuna-antecipa-pagamento-aos-servidores","status":"publish","type":"post","link":"https:\/\/revistavitrineibiuna.com.br\/?p=35222","title":{"rendered":"ARTIGO \u2013 PREFEITURA DE IBI\u00daNA ANTECIPA PAGAMENTO AOS SERVIDORES"},"content":{"rendered":"\n<p><strong>A prefeitura de Ibi\u00fana \u00e9 a maior empregadora do munic\u00edpio com cerca de 2.700 servidores e comissionados, o que envolve um contingente social de mais de 10.000 pessoas.<\/strong><\/p>\n\n\n\n<p><strong>O espetacular an\u00fancio da antecipa\u00e7\u00e3o do pagamento ao corpo funcional, antes do feriado da P\u00e1scoa, foi recebido como boa iniciativa do Executivo que, de 1\u00ba de janeiro\/2025, in\u00edcio da atual gest\u00e3o a 31 de mar\u00e7o de 2026, arrecadou R$ 513.104.457,99.<\/strong><\/p>\n\n\n\n<p><strong>Em vez de carimbar os holerites no dia 5, Domingo de P\u00e1scoa, a libera\u00e7\u00e3o ocorreu nesta quinta-feira (2.4), o que significa, de acordo com o pr\u00f3prio governo,  um impulso para \u201co fortalecimento do com\u00e9rcio local, j\u00e1 que aumenta a circula\u00e7\u00e3o de recursos\u201d<\/strong>.<\/p>\n\n\n\n<p><strong>O aplauso deve ir tamb\u00e9m para a popula\u00e7\u00e3o que recolhe os tributos e banca os investimentos p\u00fablicos, inclusive para que se possa honrar a sagrada folha de pagamento dos servidores.<\/strong><\/p>\n\n\n\n<p><strong>A nota oficial da prefeitura come\u00e7a apontando que \u201ccom as contas em dia, a cidade deixa a imagem de \u2018finan\u00e7as quebradas\u2019 para ser exemplo na regi\u00e3o. \u00c9 exatamente esse tipo de enfoque, com um tra\u00e7o de arrog\u00e2ncia, que pode ser considerado um exagero.<\/strong><\/p>\n\n\n\n<p><strong>De fato \u00e9 muito melhor receber o pagamento em dia, melhor ainda antes da data normativa, do que receber com atraso como, de fato, vinha ocorrendo no munic\u00edpio.<\/strong><\/p>\n\n\n\n<p><strong>Mas, se formos atentos aos coment\u00e1rios feitos pela popula\u00e7\u00e3o, iremos verificar (referindo-nos \u00e0 regi\u00e3o) depoimentos, por exemplo, de que S\u00e3o Roque e Cotia realizam o pagamento no dia 30 de cada m\u00eas.<\/strong><\/p>\n\n\n\n<p><strong>Al\u00e9m disso, \u00e9 preciso considerar a observa\u00e7\u00e3o de um cidad\u00e3o, R. B. R., que nos remete para o n\u00facleo do prop\u00f3sito pol\u00edtico da medida. Ele escreveu:<\/strong><\/p>\n\n\n\n<p><strong>\u201cQue fase, uma antecipa\u00e7\u00e3o de pagamento vira not\u00edcia de jornal. T\u00e1 f. mesmo, hein!\u201d<\/strong><\/p>\n\n\n\n<p><strong>Mas e \u00e9 a\u00ed que se pode revelar a indigna\u00e7\u00e3o quando se relaciona com o espet\u00e1culo. Na festa de S\u00e3o Sebasti\u00e3o, em maio, tamb\u00e9m haver\u00e1 antecipa\u00e7\u00e3o do pagamento para pessoas festejarem com \u201cos bolsos cheios\u201d<\/strong>? Claro!<strong> Tomara que sim, n\u00e9?<\/strong><\/p>\n\n\n\n<p><strong>O OUTRO LADO DA HIST\u00d3RIA<\/strong><\/p>\n\n\n\n<p><strong>Como, ent\u00e3o, fica a realidade no \u00e2mbito das pequenas paisagens da realidade, envolvendo situa\u00e7\u00f5es particulares da popula\u00e7\u00e3o de grande relev\u00e2ncia? E aqui citamos dois exemplos singelos.<\/strong><\/p>\n\n\n\n<p><strong>Primeiro: perguntamos ao balconista de uma loja como estava vendo o desempenho do governo. A palavra sint\u00e9tica foi de not\u00f3ria reprova\u00e7\u00e3o. Motivo: o filho de quinze anos \u00e9 autista e precisa de um medicamento de uso continuo, que depende de consulta e exame de sangue. A queixa: a libera\u00e7\u00e3o do medicamento demora e o pai calcula que tem que desembolsar cerca de R$ 700,00\/m\u00eas. Cada caixa custa em torno de R$ 100,00 e dura somente tr\u00eas dias.<\/strong><\/p>\n\n\n\n<p><strong>Segundo: a sra. E. R. postou a seguinte queixa: \u201cFui na segunda-feira e ontem (refere-se a dois dias desta semana) no (sic) postinho de Lagiadinho (sic), n\u00e3o tem \u00e1gua, os idosos querendo beber \u00e1gua, comentando, os funcion\u00e1rios tudo desconversando porque tem medo. S\u00f3 um banheiro aberto, todo sujo, cheio de m., sem condi\u00e7\u00f5es de uso, sa\u00fade sem ter higiene. Sem \u00e1gua n\u00e3o tem sa\u00fade p\u00fablica.\u201d<\/strong><\/p>\n\n\n\n<p><strong>HORA DA VIRADA<\/strong><\/p>\n\n\n\n<p><strong>\u00c9, em princ\u00edpio saud\u00e1vel, o an\u00fancio feito pelo chefe do Executivo na festa de anivers\u00e1rio dos 169 anos de Ibi\u00fana, de que este ano dar\u00e1 uma virada hist\u00f3rica na cidade. Pois \u00e9 isso que todos esperamos! Mas, temos insistindo, aparentemente a ouvidos moucos, na necessidade de congru\u00eancia no comportamento das autoridades p\u00fablicas.<\/strong><\/p>\n\n\n\n<p><strong>Entendemos que governar uma cidade \u00e9 um desafio gigantesco, que existe um comprometimento extremo e de uma equipe que comunga dos mesmos ideais e objetivos, o que, por si s\u00f3, j\u00e1 \u00e9 uma quest\u00e3o a ser refletida. Isto porque integrantes de grupos pol\u00edticos advers\u00e1rios compartilham os mesmos ambientes<\/strong> <strong>e desconfian\u00e7as rec\u00edprocas.<\/strong><\/p>\n\n\n\n<p><strong>Por isso mesmo, cabe ao jornalista profissional manter-se equidistante das influ\u00eancias oficiais, pois uma de suas \u00e9ticas \u00e9 exatamente incentivar a pr\u00e1tica da autonomia do pensamento, porque muitas narrativas carregam dentro de si ideologias da persuas\u00e3o e convencimento. Cabe bem, um pouco mais de humildade nas palavras e gestos, e um pouco menos de preocupa\u00e7\u00e3o excessiva em querer salvaguardar uma imagem p\u00fablica a qualquer pre\u00e7o.<\/strong><\/p>\n\n\n\n<p><strong>De resto, continuamos na esperan\u00e7a de que o atual governo consiga mesmo dar uma virada hist\u00f3rica na atual hist\u00f3ria de nossa cidade. (Carlos Rossini \u00e9 diretor da TVUNA e editor de vitrine online)<\/strong><\/p>\n","protected":false},"excerpt":{"rendered":"<p>A prefeitura de Ibi\u00fana \u00e9 a maior empregadora do munic\u00edpio com cerca de 2.700 servidores e comissionados, o que envolve<\/p>\n","protected":false},"author":1,"featured_media":35224,"comment_status":"open","ping_status":"open","sticky":false,"template":"","format":"standard","meta":[],"categories":[3],"tags":[],"yoast_head":"<!-- This site is optimized with the Yoast SEO plugin v15.8 - https:\/\/yoast.com\/wordpress\/plugins\/seo\/ -->\n<title>ARTIGO \u2013 PREFEITURA DE IBI\u00daNA ANTECIPA PAGAMENTO AOS SERVIDORES - Revista Vitrine Online<\/title>\n<meta name=\"robots\" content=\"index, follow, max-snippet:-1, max-image-preview:large, max-video-preview:-1\" \/>\n<link rel=\"canonical\" href=\"http:\/\/revistavitrineibiuna.com.br\/?p=35222\" \/>\n<meta property=\"og:locale\" content=\"pt_BR\" \/>\n<meta property=\"og:type\" content=\"article\" \/>\n<meta property=\"og:title\" content=\"ARTIGO \u2013 PREFEITURA DE IBI\u00daNA ANTECIPA PAGAMENTO AOS SERVIDORES - Revista Vitrine Online\" \/>\n<meta property=\"og:description\" content=\"A prefeitura de Ibi\u00fana \u00e9 a maior empregadora do munic\u00edpio com cerca de 2.700 servidores e comissionados, o que envolve\" \/>\n<meta property=\"og:url\" content=\"http:\/\/revistavitrineibiuna.com.br\/?p=35222\" \/>\n<meta property=\"og:site_name\" content=\"Revista Vitrine Online\" \/>\n<meta property=\"article:published_time\" content=\"2026-04-03T12:44:05+00:00\" \/>\n<meta property=\"article:modified_time\" content=\"2026-04-03T15:04:32+00:00\" \/>\n<meta property=\"og:image\" content=\"https:\/\/revistavitrineibiuna.com.br\/wp-content\/uploads\/2026\/04\/antecipacao-salarial.png\" \/>\n\t<meta property=\"og:image:width\" content=\"674\" \/>\n\t<meta property=\"og:image:height\" content=\"440\" \/>\n<meta name=\"twitter:card\" content=\"summary\" \/>\n<meta name=\"twitter:label1\" content=\"Est. reading time\">\n\t<meta name=\"twitter:data1\" content=\"4 minutos\">\n<script type=\"application\/ld+json\" class=\"yoast-schema-graph\">{\"@context\":\"https:\/\/schema.org\",\"@graph\":[{\"@type\":\"WebSite\",\"@id\":\"https:\/\/revistavitrineibiuna.com.br\/#website\",\"url\":\"https:\/\/revistavitrineibiuna.com.br\/\",\"name\":\"Revista Vitrine Ibi\\u00fana\",\"description\":\"A Revista de Ibi\\u00fana e Regi\\u00e3o\",\"publisher\":{\"@id\":\"https:\/\/revistavitrineibiuna.com.br\/#\/schema\/person\/e51ef49d6d88170ea21ceabff3f73deb\"},\"potentialAction\":[{\"@type\":\"SearchAction\",\"target\":\"https:\/\/revistavitrineibiuna.com.br\/?s={search_term_string}\",\"query-input\":\"required name=search_term_string\"}],\"inLanguage\":\"pt-BR\"},{\"@type\":\"ImageObject\",\"@id\":\"http:\/\/revistavitrineibiuna.com.br\/?p=35222#primaryimage\",\"inLanguage\":\"pt-BR\",\"url\":\"https:\/\/revistavitrineibiuna.com.br\/wp-content\/uploads\/2026\/04\/antecipacao-salarial.png\",\"width\":674,\"height\":440},{\"@type\":\"WebPage\",\"@id\":\"http:\/\/revistavitrineibiuna.com.br\/?p=35222#webpage\",\"url\":\"http:\/\/revistavitrineibiuna.com.br\/?p=35222\",\"name\":\"ARTIGO \\u2013 PREFEITURA DE IBI\\u00daNA ANTECIPA PAGAMENTO AOS SERVIDORES - Revista Vitrine Online\",\"isPartOf\":{\"@id\":\"https:\/\/revistavitrineibiuna.com.br\/#website\"},\"primaryImageOfPage\":{\"@id\":\"http:\/\/revistavitrineibiuna.com.br\/?p=35222#primaryimage\"},\"datePublished\":\"2026-04-03T12:44:05+00:00\",\"dateModified\":\"2026-04-03T15:04:32+00:00\",\"breadcrumb\":{\"@id\":\"http:\/\/revistavitrineibiuna.com.br\/?p=35222#breadcrumb\"},\"inLanguage\":\"pt-BR\",\"potentialAction\":[{\"@type\":\"ReadAction\",\"target\":[\"http:\/\/revistavitrineibiuna.com.br\/?p=35222\"]}]},{\"@type\":\"BreadcrumbList\",\"@id\":\"http:\/\/revistavitrineibiuna.com.br\/?p=35222#breadcrumb\",\"itemListElement\":[{\"@type\":\"ListItem\",\"position\":1,\"item\":{\"@type\":\"WebPage\",\"@id\":\"https:\/\/revistavitrineibiuna.com.br\/\",\"url\":\"https:\/\/revistavitrineibiuna.com.br\/\",\"name\":\"In\\u00edcio\"}},{\"@type\":\"ListItem\",\"position\":2,\"item\":{\"@type\":\"WebPage\",\"@id\":\"http:\/\/revistavitrineibiuna.com.br\/?p=35222\",\"url\":\"http:\/\/revistavitrineibiuna.com.br\/?p=35222\",\"name\":\"ARTIGO \\u2013 PREFEITURA DE IBI\\u00daNA ANTECIPA PAGAMENTO AOS SERVIDORES\"}}]},{\"@type\":\"Article\",\"@id\":\"http:\/\/revistavitrineibiuna.com.br\/?p=35222#article\",\"isPartOf\":{\"@id\":\"http:\/\/revistavitrineibiuna.com.br\/?p=35222#webpage\"},\"author\":{\"@id\":\"https:\/\/revistavitrineibiuna.com.br\/#\/schema\/person\/e51ef49d6d88170ea21ceabff3f73deb\"},\"headline\":\"ARTIGO \\u2013 PREFEITURA DE IBI\\u00daNA ANTECIPA PAGAMENTO AOS SERVIDORES\",\"datePublished\":\"2026-04-03T12:44:05+00:00\",\"dateModified\":\"2026-04-03T15:04:32+00:00\",\"mainEntityOfPage\":{\"@id\":\"http:\/\/revistavitrineibiuna.com.br\/?p=35222#webpage\"},\"commentCount\":0,\"publisher\":{\"@id\":\"https:\/\/revistavitrineibiuna.com.br\/#\/schema\/person\/e51ef49d6d88170ea21ceabff3f73deb\"},\"image\":{\"@id\":\"http:\/\/revistavitrineibiuna.com.br\/?p=35222#primaryimage\"},\"articleSection\":\"Not\\u00edcias\",\"inLanguage\":\"pt-BR\",\"potentialAction\":[{\"@type\":\"CommentAction\",\"name\":\"Comment\",\"target\":[\"http:\/\/revistavitrineibiuna.com.br\/?p=35222#respond\"]}]},{\"@type\":[\"Person\",\"Organization\"],\"@id\":\"https:\/\/revistavitrineibiuna.com.br\/#\/schema\/person\/e51ef49d6d88170ea21ceabff3f73deb\",\"name\":\"Carlos Rossini\",\"image\":{\"@type\":\"ImageObject\",\"@id\":\"https:\/\/revistavitrineibiuna.com.br\/#personlogo\",\"inLanguage\":\"pt-BR\",\"url\":\"https:\/\/secure.gravatar.com\/avatar\/4f2d0f99fac1f85c7d643f21f5c8d900?s=96&d=mm&r=g\",\"caption\":\"Carlos Rossini\"},\"logo\":{\"@id\":\"https:\/\/revistavitrineibiuna.com.br\/#personlogo\"},\"description\":\"Carlos Rossini \\u00e9 jornalista, soci\\u00f3logo, escritor e professor universit\\u00e1rio, tendo sido professor de jornalismo por vinte anos. Trabalhou em ve\\u00edculos de comunica\\u00e7\\u00e3o nas fun\\u00e7\\u00f5es de rep\\u00f3rter, redator, editor, articulista e colaborador, como Folha de S. Paulo, O Estado de S. Paulo, Di\\u00e1rio Popular, entre outros. Ao transferir a revista vitrine, vers\\u00e3o imprensa, de S\\u00e3o Paulo para Ibi\\u00fana h\\u00e1 alguns anos, iniciou uma nova experi\\u00eancia profissional, dedicando-se ao jornalismo regional, depois de cumprir uma trajet\\u00f3ria bem-sucedida na grande imprensa brasileira. Seu primeiro livro A Coragem de Comunicar foi lan\\u00e7ado na Bienal do Livro em S\\u00e3o Paulo no ano 2000, pela editora Madras.\"}]}<\/script>\n<!-- \/ Yoast SEO plugin. -->","_links":{"self":[{"href":"https:\/\/revistavitrineibiuna.com.br\/index.php?rest_route=\/wp\/v2\/posts\/35222"}],"collection":[{"href":"https:\/\/revistavitrineibiuna.com.br\/index.php?rest_route=\/wp\/v2\/posts"}],"about":[{"href":"https:\/\/revistavitrineibiuna.com.br\/index.php?rest_route=\/wp\/v2\/types\/post"}],"author":[{"embeddable":true,"href":"https:\/\/revistavitrineibiuna.com.br\/index.php?rest_route=\/wp\/v2\/users\/1"}],"replies":[{"embeddable":true,"href":"https:\/\/revistavitrineibiuna.com.br\/index.php?rest_route=%2Fwp%2Fv2%2Fcomments&post=35222"}],"version-history":[{"count":5,"href":"https:\/\/revistavitrineibiuna.com.br\/index.php?rest_route=\/wp\/v2\/posts\/35222\/revisions"}],"predecessor-version":[{"id":35230,"href":"https:\/\/revistavitrineibiuna.com.br\/index.php?rest_route=\/wp\/v2\/posts\/35222\/revisions\/35230"}],"wp:featuredmedia":[{"embeddable":true,"href":"https:\/\/revistavitrineibiuna.com.br\/index.php?rest_route=\/wp\/v2\/media\/35224"}],"wp:attachment":[{"href":"https:\/\/revistavitrineibiuna.com.br\/index.php?rest_route=%2Fwp%2Fv2%2Fmedia&parent=35222"}],"wp:term":[{"taxonomy":"category","embeddable":true,"href":"https:\/\/revistavitrineibiuna.com.br\/index.php?rest_route=%2Fwp%2Fv2%2Fcategories&post=35222"},{"taxonomy":"post_tag","embeddable":true,"href":"https:\/\/revistavitrineibiuna.com.br\/index.php?rest_route=%2Fwp%2Fv2%2Ftags&post=35222"}],"curies":[{"name":"wp","href":"https:\/\/api.w.org\/{rel}","templated":true}]}}