{"id":35240,"date":"2026-04-05T11:20:43","date_gmt":"2026-04-05T14:20:43","guid":{"rendered":"http:\/\/revistavitrineibiuna.com.br\/?p=35240"},"modified":"2026-04-05T11:22:24","modified_gmt":"2026-04-05T14:22:24","slug":"ibiuna-imovel-da-cpfl-que-pegou-fogo-foi-cedido-a-prefeitura","status":"publish","type":"post","link":"https:\/\/revistavitrineibiuna.com.br\/?p=35240","title":{"rendered":"IBI\u00daNA \u2013 IM\u00d3VEL DA CPFL QUE PEGOU FOGO FOI CEDIDO \u00c0 PREFEITURA"},"content":{"rendered":"\n<p class=\"has-drop-cap\"><strong>A CPFL Piratininga, atendendo a pedido da revista vitrine online, informa que o im\u00f3vel de sua propriedade que pegou fogo, pela quarta-vez, no dia 31 de mar\u00e7o, em Ibi\u00fana, \u201cest\u00e1 cedido em comodato para a Prefeitura do munic\u00edpio\u201d.<\/strong><\/p>\n\n\n\n<p><strong>Houve necessidade da interven\u00e7\u00e3o do Corpo de Bombeiros que esteve no local para combater o inc\u00eandio.<\/strong><\/p>\n\n\n\n<p><strong>Vitrine online apurou que a antiga instala\u00e7\u00e3o da CPFL, localizada na rua Francisco de Barros, 170, ao lado subesta\u00e7\u00e3o da CPFL, no centro da cidade, foi cedida em comodato no final do governo de Paulo Sasaki.<\/strong><\/p>\n\n\n\n<p><strong>O im\u00f3vel seria utilizado para o Grupamento do Canil ou do Tr\u00e2nsito, ambos pertencentes \u00e0 GCM &#8211; Guarda Civil Municipal.<\/strong><\/p>\n\n\n\n<p><strong>No entanto, at\u00e9 o momento, o im\u00f3vel se encontra abandonado e estaria sendo usado por pessoas em situa\u00e7\u00e3o de rua.<\/strong><\/p>\n\n\n\n<p><strong>RESPONSABILIDADE \u00c9 DA PREFEITURA<\/strong><\/p>\n\n\n\n<p><strong>Pelos termos do contrato de comodato, a responsabilidade pela manuten\u00e7\u00e3o e conserva\u00e7\u00e3o do im\u00f3vel \u00e9 da prefeitura.<\/strong><\/p>\n\n\n\n<p><strong>Na realidade, cabe ao governo municipal cuidar daquela instala\u00e7\u00e3o como se fosse sua propriedade, bem como dar utilidade \u00e0 utilidade prevista no contrato e devolv\u00ea-lo nas mesmas condi\u00e7\u00f5es em que lhe foi entregue, no t\u00e9rmino do prazo estipulado.<\/strong><\/p>\n\n\n\n<figure class=\"wp-block-image size-large\"><img loading=\"lazy\" width=\"718\" height=\"480\" src=\"http:\/\/revistavitrineibiuna.com.br\/wp-content\/uploads\/2026\/04\/INCENDIO-CPFL-2.png\" alt=\"\" class=\"wp-image-35244\" srcset=\"https:\/\/revistavitrineibiuna.com.br\/wp-content\/uploads\/2026\/04\/INCENDIO-CPFL-2.png 718w, https:\/\/revistavitrineibiuna.com.br\/wp-content\/uploads\/2026\/04\/INCENDIO-CPFL-2-300x201.png 300w\" sizes=\"(max-width: 718px) 100vw, 718px\" \/><figcaption>A CPFL cedeu o im\u00f3vel para a Prefeitura no final da gest\u00e3o Paulo Sasaki, mas at\u00e9 hoje, se encontra abandonado<\/figcaption><\/figure>\n","protected":false},"excerpt":{"rendered":"<p>A CPFL Piratininga, atendendo a pedido da revista vitrine online, informa que o im\u00f3vel de sua propriedade que pegou fogo,<\/p>\n","protected":false},"author":1,"featured_media":35241,"comment_status":"open","ping_status":"open","sticky":false,"template":"","format":"standard","meta":[],"categories":[3],"tags":[],"yoast_head":"<!-- This site is optimized with the Yoast SEO plugin v15.8 - https:\/\/yoast.com\/wordpress\/plugins\/seo\/ -->\n<title>IBI\u00daNA \u2013 IM\u00d3VEL DA CPFL QUE PEGOU FOGO FOI CEDIDO \u00c0 PREFEITURA - Revista Vitrine Online<\/title>\n<meta name=\"robots\" content=\"index, follow, max-snippet:-1, max-image-preview:large, max-video-preview:-1\" \/>\n<link rel=\"canonical\" href=\"http:\/\/revistavitrineibiuna.com.br\/?p=35240\" \/>\n<meta property=\"og:locale\" content=\"pt_BR\" \/>\n<meta property=\"og:type\" content=\"article\" \/>\n<meta property=\"og:title\" content=\"IBI\u00daNA \u2013 IM\u00d3VEL DA CPFL QUE PEGOU FOGO FOI CEDIDO \u00c0 PREFEITURA - Revista Vitrine Online\" \/>\n<meta property=\"og:description\" content=\"A CPFL Piratininga, atendendo a pedido da revista vitrine online, informa que o im\u00f3vel de sua propriedade que pegou fogo,\" \/>\n<meta property=\"og:url\" content=\"http:\/\/revistavitrineibiuna.com.br\/?p=35240\" \/>\n<meta property=\"og:site_name\" content=\"Revista Vitrine Online\" \/>\n<meta property=\"article:published_time\" content=\"2026-04-05T14:20:43+00:00\" \/>\n<meta property=\"article:modified_time\" content=\"2026-04-05T14:22:24+00:00\" \/>\n<meta property=\"og:image\" content=\"https:\/\/revistavitrineibiuna.com.br\/wp-content\/uploads\/2026\/04\/INCENDIO-CPFL-1.png\" \/>\n\t<meta property=\"og:image:width\" content=\"720\" \/>\n\t<meta property=\"og:image:height\" content=\"463\" \/>\n<meta name=\"twitter:card\" content=\"summary\" \/>\n<meta name=\"twitter:label1\" content=\"Est. reading time\">\n\t<meta name=\"twitter:data1\" content=\"2 minutos\">\n<script type=\"application\/ld+json\" class=\"yoast-schema-graph\">{\"@context\":\"https:\/\/schema.org\",\"@graph\":[{\"@type\":\"WebSite\",\"@id\":\"https:\/\/revistavitrineibiuna.com.br\/#website\",\"url\":\"https:\/\/revistavitrineibiuna.com.br\/\",\"name\":\"Revista Vitrine Ibi\\u00fana\",\"description\":\"A Revista de Ibi\\u00fana e Regi\\u00e3o\",\"publisher\":{\"@id\":\"https:\/\/revistavitrineibiuna.com.br\/#\/schema\/person\/e51ef49d6d88170ea21ceabff3f73deb\"},\"potentialAction\":[{\"@type\":\"SearchAction\",\"target\":\"https:\/\/revistavitrineibiuna.com.br\/?s={search_term_string}\",\"query-input\":\"required name=search_term_string\"}],\"inLanguage\":\"pt-BR\"},{\"@type\":\"ImageObject\",\"@id\":\"http:\/\/revistavitrineibiuna.com.br\/?p=35240#primaryimage\",\"inLanguage\":\"pt-BR\",\"url\":\"https:\/\/revistavitrineibiuna.com.br\/wp-content\/uploads\/2026\/04\/INCENDIO-CPFL-1.png\",\"width\":720,\"height\":463},{\"@type\":\"WebPage\",\"@id\":\"http:\/\/revistavitrineibiuna.com.br\/?p=35240#webpage\",\"url\":\"http:\/\/revistavitrineibiuna.com.br\/?p=35240\",\"name\":\"IBI\\u00daNA \\u2013 IM\\u00d3VEL DA CPFL QUE PEGOU FOGO FOI CEDIDO \\u00c0 PREFEITURA - Revista Vitrine Online\",\"isPartOf\":{\"@id\":\"https:\/\/revistavitrineibiuna.com.br\/#website\"},\"primaryImageOfPage\":{\"@id\":\"http:\/\/revistavitrineibiuna.com.br\/?p=35240#primaryimage\"},\"datePublished\":\"2026-04-05T14:20:43+00:00\",\"dateModified\":\"2026-04-05T14:22:24+00:00\",\"breadcrumb\":{\"@id\":\"http:\/\/revistavitrineibiuna.com.br\/?p=35240#breadcrumb\"},\"inLanguage\":\"pt-BR\",\"potentialAction\":[{\"@type\":\"ReadAction\",\"target\":[\"http:\/\/revistavitrineibiuna.com.br\/?p=35240\"]}]},{\"@type\":\"BreadcrumbList\",\"@id\":\"http:\/\/revistavitrineibiuna.com.br\/?p=35240#breadcrumb\",\"itemListElement\":[{\"@type\":\"ListItem\",\"position\":1,\"item\":{\"@type\":\"WebPage\",\"@id\":\"https:\/\/revistavitrineibiuna.com.br\/\",\"url\":\"https:\/\/revistavitrineibiuna.com.br\/\",\"name\":\"In\\u00edcio\"}},{\"@type\":\"ListItem\",\"position\":2,\"item\":{\"@type\":\"WebPage\",\"@id\":\"http:\/\/revistavitrineibiuna.com.br\/?p=35240\",\"url\":\"http:\/\/revistavitrineibiuna.com.br\/?p=35240\",\"name\":\"IBI\\u00daNA \\u2013 IM\\u00d3VEL DA CPFL QUE PEGOU FOGO FOI CEDIDO \\u00c0 PREFEITURA\"}}]},{\"@type\":\"Article\",\"@id\":\"http:\/\/revistavitrineibiuna.com.br\/?p=35240#article\",\"isPartOf\":{\"@id\":\"http:\/\/revistavitrineibiuna.com.br\/?p=35240#webpage\"},\"author\":{\"@id\":\"https:\/\/revistavitrineibiuna.com.br\/#\/schema\/person\/e51ef49d6d88170ea21ceabff3f73deb\"},\"headline\":\"IBI\\u00daNA \\u2013 IM\\u00d3VEL DA CPFL QUE PEGOU FOGO FOI CEDIDO \\u00c0 PREFEITURA\",\"datePublished\":\"2026-04-05T14:20:43+00:00\",\"dateModified\":\"2026-04-05T14:22:24+00:00\",\"mainEntityOfPage\":{\"@id\":\"http:\/\/revistavitrineibiuna.com.br\/?p=35240#webpage\"},\"commentCount\":0,\"publisher\":{\"@id\":\"https:\/\/revistavitrineibiuna.com.br\/#\/schema\/person\/e51ef49d6d88170ea21ceabff3f73deb\"},\"image\":{\"@id\":\"http:\/\/revistavitrineibiuna.com.br\/?p=35240#primaryimage\"},\"articleSection\":\"Not\\u00edcias\",\"inLanguage\":\"pt-BR\",\"potentialAction\":[{\"@type\":\"CommentAction\",\"name\":\"Comment\",\"target\":[\"http:\/\/revistavitrineibiuna.com.br\/?p=35240#respond\"]}]},{\"@type\":[\"Person\",\"Organization\"],\"@id\":\"https:\/\/revistavitrineibiuna.com.br\/#\/schema\/person\/e51ef49d6d88170ea21ceabff3f73deb\",\"name\":\"Carlos Rossini\",\"image\":{\"@type\":\"ImageObject\",\"@id\":\"https:\/\/revistavitrineibiuna.com.br\/#personlogo\",\"inLanguage\":\"pt-BR\",\"url\":\"https:\/\/secure.gravatar.com\/avatar\/4f2d0f99fac1f85c7d643f21f5c8d900?s=96&d=mm&r=g\",\"caption\":\"Carlos Rossini\"},\"logo\":{\"@id\":\"https:\/\/revistavitrineibiuna.com.br\/#personlogo\"},\"description\":\"Carlos Rossini \\u00e9 jornalista, soci\\u00f3logo, escritor e professor universit\\u00e1rio, tendo sido professor de jornalismo por vinte anos. Trabalhou em ve\\u00edculos de comunica\\u00e7\\u00e3o nas fun\\u00e7\\u00f5es de rep\\u00f3rter, redator, editor, articulista e colaborador, como Folha de S. Paulo, O Estado de S. Paulo, Di\\u00e1rio Popular, entre outros. Ao transferir a revista vitrine, vers\\u00e3o imprensa, de S\\u00e3o Paulo para Ibi\\u00fana h\\u00e1 alguns anos, iniciou uma nova experi\\u00eancia profissional, dedicando-se ao jornalismo regional, depois de cumprir uma trajet\\u00f3ria bem-sucedida na grande imprensa brasileira. Seu primeiro livro A Coragem de Comunicar foi lan\\u00e7ado na Bienal do Livro em S\\u00e3o Paulo no ano 2000, pela editora Madras.\"}]}<\/script>\n<!-- \/ Yoast SEO plugin. -->","_links":{"self":[{"href":"https:\/\/revistavitrineibiuna.com.br\/index.php?rest_route=\/wp\/v2\/posts\/35240"}],"collection":[{"href":"https:\/\/revistavitrineibiuna.com.br\/index.php?rest_route=\/wp\/v2\/posts"}],"about":[{"href":"https:\/\/revistavitrineibiuna.com.br\/index.php?rest_route=\/wp\/v2\/types\/post"}],"author":[{"embeddable":true,"href":"https:\/\/revistavitrineibiuna.com.br\/index.php?rest_route=\/wp\/v2\/users\/1"}],"replies":[{"embeddable":true,"href":"https:\/\/revistavitrineibiuna.com.br\/index.php?rest_route=%2Fwp%2Fv2%2Fcomments&post=35240"}],"version-history":[{"count":2,"href":"https:\/\/revistavitrineibiuna.com.br\/index.php?rest_route=\/wp\/v2\/posts\/35240\/revisions"}],"predecessor-version":[{"id":35245,"href":"https:\/\/revistavitrineibiuna.com.br\/index.php?rest_route=\/wp\/v2\/posts\/35240\/revisions\/35245"}],"wp:featuredmedia":[{"embeddable":true,"href":"https:\/\/revistavitrineibiuna.com.br\/index.php?rest_route=\/wp\/v2\/media\/35241"}],"wp:attachment":[{"href":"https:\/\/revistavitrineibiuna.com.br\/index.php?rest_route=%2Fwp%2Fv2%2Fmedia&parent=35240"}],"wp:term":[{"taxonomy":"category","embeddable":true,"href":"https:\/\/revistavitrineibiuna.com.br\/index.php?rest_route=%2Fwp%2Fv2%2Fcategories&post=35240"},{"taxonomy":"post_tag","embeddable":true,"href":"https:\/\/revistavitrineibiuna.com.br\/index.php?rest_route=%2Fwp%2Fv2%2Ftags&post=35240"}],"curies":[{"name":"wp","href":"https:\/\/api.w.org\/{rel}","templated":true}]}}