{"id":35246,"date":"2026-04-06T10:58:55","date_gmt":"2026-04-06T13:58:55","guid":{"rendered":"http:\/\/revistavitrineibiuna.com.br\/?p=35246"},"modified":"2026-04-06T11:22:04","modified_gmt":"2026-04-06T14:22:04","slug":"artigo-e-ai-ta-dificil-dormir-e-viver-acordado","status":"publish","type":"post","link":"https:\/\/revistavitrineibiuna.com.br\/?p=35246","title":{"rendered":"ARTIGO \u2013 E A\u00cd, T\u00c1 DIF\u00cdCIL DORMIR? E VIVER ACORDADO?"},"content":{"rendered":"\n<p class=\"has-drop-cap\"><strong>Se voc\u00ea tiver dificuldade para dormir, fica se virando na cama, se tornou dependente de medicamentos de tarja preta ou de bebidas alco\u00f3licas, se sente inibido diante de outras pessoas e est\u00e1 se sentindo estranho no mundo \u2013 este artigo foi escrito para voc\u00ea.<\/strong><\/p>\n\n\n\n<p><strong>Para in\u00edcio de conversa, saiba que voc\u00ea n\u00e3o est\u00e1 sozinho. Embora n\u00e3o encontremos em consulta exatamente a quantidade de medicamentos psiqui\u00e1tricos vendidos no Brasil anualmente, sabe-se, no entanto, que o uso desses medicamentos [antidepressivos, ansiol\u00edticos e estabilizadores de humor] saltou de 19 milh\u00f5es em 2013 para 44,6 milh\u00f5es, em 2023.<\/strong><\/p>\n\n\n\n<p><strong>Entre as diversas causas para esse cen\u00e1rio preocupante, que envolve todas as faixas et\u00e1rias, se encontram as crises sociais, econ\u00f4micas e sensa\u00e7\u00f5es de inseguran\u00e7a vividas pela popula\u00e7\u00e3o.<\/strong><\/p>\n\n\n\n<p><strong>Os medicamentos mais receitados s\u00e3o os antidepressivos (52,6%), ansiol\u00edticos (28,1%) e os antipsic\u00f3ticos (17,2%).<\/strong><\/p>\n\n\n\n<p><strong>Existe uma variedade de doen\u00e7as mentais, incluindo as de fundo biol\u00f3gico ou fisiol\u00f3gico, que n\u00e3o fazem parte tem\u00e1tica deste breve artigo.<\/strong><\/p>\n\n\n\n<p><strong>Aqui nos referimos somente a traumas e problemas emocionais que, supostamente, podem ser enfrentados e tratados com \u00f3timas possibilidades de cura pelas terapias praticadas por meio da linguagem, desde que as pessoas estejam em condi\u00e7\u00f5es b\u00e1sicas de expressividade.<\/strong><\/p>\n\n\n\n<p><strong>Para fins de facilitar a compreens\u00e3o do que aqui se prop\u00f5e, vamos traduzir algumas defini\u00e7\u00f5es relevantes de cada termo.<\/strong><\/p>\n\n\n\n<p><strong>Doen\u00e7a, em sua origem, significa \u2018sofrer\u2019, \u2018sentir dor\u2019 e \u2018aquilo que causa dor\u2019.<\/strong><\/p>\n\n\n\n<p><strong>Dor, por sua vez, \u00e9 \u2018sofrimento\u2019, \u2018ang\u00fastia\u2019 ou \u2018dor f\u00edsica\u2019. Em suma, podemos dizer que dor \u00e9 um sentimento universal. Todos a experimentam de algum modo.<\/strong><\/p>\n\n\n\n<p><strong>Transtorno \u00e9 \u2018virar ao contr\u00e1rio\u2019, \u2018perturbar a ordem\u2019, \u2019desarrumar\u2019, \u2018contrariedade\u2019.<\/strong><\/p>\n\n\n\n<p><strong>Emocional \u00e9 \u2018movimento\u2019, \u2018como\u00e7\u00e3o\u2019[agita\u00e7\u00e3o, perturba\u00e7\u00e3o] \u2018ato de mover para fora, agitar. S\u00e3o movimentos internos [em nosso psiquismo] que impulsionam para a a\u00e7\u00e3o ou express\u00e3o, com alta carga afetiva [emotiva]. \u00c9 fluxo de energia. Causa agita\u00e7\u00e3o, como\u00e7\u00e3o e rea\u00e7\u00e3o.<\/strong><\/p>\n\n\n\n<p><strong>De modo simples, se voc\u00ea, leitor ou leitora, atentar para os significados dessas palavras poder\u00e1, calmamente, entender o que pode estar por tr\u00e1s [em nosso inconsciente] dos traumas e problemas emocionais: dor, no sentido de sofrimento.<\/strong><\/p>\n\n\n\n<p><strong>\u00c9 preciso ressalvar que nem todas as emo\u00e7\u00f5es t\u00eam natureza negativa, e se manifestam em momentos de bem-estar, sentimentos de prazer e de alegria.<\/strong><\/p>\n\n\n\n<p><strong>VAMOS AO PONTO<\/strong><\/p>\n\n\n\n<p><strong>Feita essa introdu\u00e7\u00e3o vamos agora ao que interessa. Na longa hist\u00f3ria dos problemas que geram transtornos e sofrimentos emocionais nos indiv\u00edduos, entram conhecimentos enfrentadores, no campo da filosofia, da medicina e das psicoterapias.<\/strong><\/p>\n\n\n\n<p><strong>\u00c9 importante reconhecer os esfor\u00e7os cient\u00edficos, alguns de um voluntarismo heroico excepcional, para novas descobertas metodol\u00f3gicas como modos de cuidar dos problemas emocionais humanos.<\/strong><\/p>\n\n\n\n<p><strong>SUPERA\u00c7\u00c3O DO BLOQUEIO<\/strong><\/p>\n\n\n\n<p><strong>Desde que o criador da psican\u00e1lise, Sigmund Freud, deu \u00e0 luz os&nbsp; resultados de seus estudos, a dor vem sendo apontada como um \u201cbloqueio na hist\u00f3ria\u201d narrativa de uma pessoa. \u00c9 como se, impedida de fluir livremente, a pessoa se torna \u201cincapaz\u201d de continuar sua hist\u00f3ria [de sua exist\u00eancia neste mundo].<\/strong><\/p>\n\n\n\n<p><strong>As buscas da cura nesse contexto contribuem para a libera\u00e7\u00e3o do cliente\/paciente do seu bloqueio. \u00c9 t\u00e3o simples quanto verdadeiro!<\/strong><\/p>\n\n\n\n<p><strong>O fil\u00f3sofo sul-coreano Byung-Chul Han, que est\u00e1 em alta com o sucesso dos seus livros, informa que a pessoa tem que \u201cnarrar o inenarr\u00e1vel\u201d e estar\u00e1 curada \u201cno momento em que se narra mais livremente\u201d.<\/strong><\/p>\n\n\n\n<p><strong>Em outras palavras, quando se liberta da \u201cpris\u00e3o\u201d que a impede de se movimentar com liberdade no mundo.<\/strong><\/p>\n\n\n\n<p><strong>O NASCIMENTO DA CONFIAN\u00c7A<\/strong><\/p>\n\n\n\n<p><strong>Quando analisa a quest\u00e3o da escuta do cliente\/paciente, o psicanalista S\u00e1ndor Ferenczi define uma quest\u00e3o decisiva: \u201cO paciente s\u00f3 pode confiar no terapeuta quando sente que sua dor est\u00e1 sendo verdadeiramente escutada e validada.\u201d<\/strong><\/p>\n\n\n\n<p><strong>O que as pessoas sentem, n\u00e3o \u00e9 bobeira, e precisa de aten\u00e7\u00e3o respeitosa, com um acolher sem julgamento.<\/strong><\/p>\n\n\n\n<p><strong>O mais importante nesse contexto [a terapia n\u00e3o \u00e9 um lugar de conselhos prontos] \u00e9 quando \u201ca dor finalmente encontra uma linguagem\u201d. A linguagem aqui \u00e9 vista como o meio para a express\u00e3o e a cura. Ou quando o bloqueio se desfaz.<\/strong><\/p>\n\n\n\n<p><strong>O SER COMO PROCESSO<\/strong><\/p>\n\n\n\n<p><strong>Por fim, mas n\u00e3o menos importante, o fil\u00f3sofo Erich Fromm adverte: \u201cA principal tarefa do homem na vida \u00e9 dar \u00e0 luz a si mesmo, tornar-se aquilo que ele potencialmente \u00e9.\u201d<\/strong><\/p>\n\n\n\n<p><strong>Segundo o autor, ningu\u00e9m nasce pronto. A pessoa \u00e9 um projeto em constru\u00e7\u00e3o permanente, o que torna o tema da identidade pessoal essencial para quem busca viver uma vida de forma mais consciente.<\/strong><\/p>\n\n\n\n<p><strong>E \u00e9 exatamente essa palavrinha [consci\u00eancia] a chave para o enfrentamento dos problemas dos seres humanos como estando no mundo. Fromm vai fundo:<\/strong><\/p>\n\n\n\n<p><strong>\u201cO nascimento biol\u00f3gico \u00e9 apenas o in\u00edcio, pois a forma\u00e7\u00e3o de uma pessoa aut\u00f4noma, capaz de pensar, escolher e se responsabilizar por seus atos, exige um longo percurso de amadurecimento interior e de confronto com suas pr\u00f3prias contradi\u00e7\u00f5es.\u201d (<em>Carlos Rossini \u00e9 jornalista, diretor da TVUNA e editor de vitrine online<\/em>)<\/strong><\/p>\n","protected":false},"excerpt":{"rendered":"<p>Se voc\u00ea tiver dificuldade para dormir, fica se virando na cama, se tornou dependente de medicamentos de tarja preta ou<\/p>\n","protected":false},"author":1,"featured_media":35247,"comment_status":"open","ping_status":"open","sticky":false,"template":"","format":"standard","meta":[],"categories":[3],"tags":[],"yoast_head":"<!-- This site is optimized with the Yoast SEO plugin v15.8 - https:\/\/yoast.com\/wordpress\/plugins\/seo\/ -->\n<title>ARTIGO \u2013 E A\u00cd, T\u00c1 DIF\u00cdCIL DORMIR? E VIVER ACORDADO? - Revista Vitrine Online<\/title>\n<meta name=\"robots\" content=\"index, follow, max-snippet:-1, max-image-preview:large, max-video-preview:-1\" \/>\n<link rel=\"canonical\" href=\"http:\/\/revistavitrineibiuna.com.br\/?p=35246\" \/>\n<meta property=\"og:locale\" content=\"pt_BR\" \/>\n<meta property=\"og:type\" content=\"article\" \/>\n<meta property=\"og:title\" content=\"ARTIGO \u2013 E A\u00cd, T\u00c1 DIF\u00cdCIL DORMIR? E VIVER ACORDADO? - Revista Vitrine Online\" \/>\n<meta property=\"og:description\" content=\"Se voc\u00ea tiver dificuldade para dormir, fica se virando na cama, se tornou dependente de medicamentos de tarja preta ou\" \/>\n<meta property=\"og:url\" content=\"http:\/\/revistavitrineibiuna.com.br\/?p=35246\" \/>\n<meta property=\"og:site_name\" content=\"Revista Vitrine Online\" \/>\n<meta property=\"article:published_time\" content=\"2026-04-06T13:58:55+00:00\" \/>\n<meta property=\"article:modified_time\" content=\"2026-04-06T14:22:04+00:00\" \/>\n<meta property=\"og:image\" content=\"https:\/\/revistavitrineibiuna.com.br\/wp-content\/uploads\/2026\/04\/sono.png\" \/>\n\t<meta property=\"og:image:width\" content=\"653\" \/>\n\t<meta property=\"og:image:height\" content=\"474\" \/>\n<meta name=\"twitter:card\" content=\"summary\" \/>\n<meta name=\"twitter:label1\" content=\"Est. reading time\">\n\t<meta name=\"twitter:data1\" content=\"4 minutos\">\n<script type=\"application\/ld+json\" class=\"yoast-schema-graph\">{\"@context\":\"https:\/\/schema.org\",\"@graph\":[{\"@type\":\"WebSite\",\"@id\":\"https:\/\/revistavitrineibiuna.com.br\/#website\",\"url\":\"https:\/\/revistavitrineibiuna.com.br\/\",\"name\":\"Revista Vitrine Ibi\\u00fana\",\"description\":\"A Revista de Ibi\\u00fana e Regi\\u00e3o\",\"publisher\":{\"@id\":\"https:\/\/revistavitrineibiuna.com.br\/#\/schema\/person\/e51ef49d6d88170ea21ceabff3f73deb\"},\"potentialAction\":[{\"@type\":\"SearchAction\",\"target\":\"https:\/\/revistavitrineibiuna.com.br\/?s={search_term_string}\",\"query-input\":\"required name=search_term_string\"}],\"inLanguage\":\"pt-BR\"},{\"@type\":\"ImageObject\",\"@id\":\"http:\/\/revistavitrineibiuna.com.br\/?p=35246#primaryimage\",\"inLanguage\":\"pt-BR\",\"url\":\"https:\/\/revistavitrineibiuna.com.br\/wp-content\/uploads\/2026\/04\/sono.png\",\"width\":653,\"height\":474},{\"@type\":\"WebPage\",\"@id\":\"http:\/\/revistavitrineibiuna.com.br\/?p=35246#webpage\",\"url\":\"http:\/\/revistavitrineibiuna.com.br\/?p=35246\",\"name\":\"ARTIGO \\u2013 E A\\u00cd, T\\u00c1 DIF\\u00cdCIL DORMIR? E VIVER ACORDADO? - Revista Vitrine Online\",\"isPartOf\":{\"@id\":\"https:\/\/revistavitrineibiuna.com.br\/#website\"},\"primaryImageOfPage\":{\"@id\":\"http:\/\/revistavitrineibiuna.com.br\/?p=35246#primaryimage\"},\"datePublished\":\"2026-04-06T13:58:55+00:00\",\"dateModified\":\"2026-04-06T14:22:04+00:00\",\"breadcrumb\":{\"@id\":\"http:\/\/revistavitrineibiuna.com.br\/?p=35246#breadcrumb\"},\"inLanguage\":\"pt-BR\",\"potentialAction\":[{\"@type\":\"ReadAction\",\"target\":[\"http:\/\/revistavitrineibiuna.com.br\/?p=35246\"]}]},{\"@type\":\"BreadcrumbList\",\"@id\":\"http:\/\/revistavitrineibiuna.com.br\/?p=35246#breadcrumb\",\"itemListElement\":[{\"@type\":\"ListItem\",\"position\":1,\"item\":{\"@type\":\"WebPage\",\"@id\":\"https:\/\/revistavitrineibiuna.com.br\/\",\"url\":\"https:\/\/revistavitrineibiuna.com.br\/\",\"name\":\"In\\u00edcio\"}},{\"@type\":\"ListItem\",\"position\":2,\"item\":{\"@type\":\"WebPage\",\"@id\":\"http:\/\/revistavitrineibiuna.com.br\/?p=35246\",\"url\":\"http:\/\/revistavitrineibiuna.com.br\/?p=35246\",\"name\":\"ARTIGO \\u2013 E A\\u00cd, T\\u00c1 DIF\\u00cdCIL DORMIR? E VIVER ACORDADO?\"}}]},{\"@type\":\"Article\",\"@id\":\"http:\/\/revistavitrineibiuna.com.br\/?p=35246#article\",\"isPartOf\":{\"@id\":\"http:\/\/revistavitrineibiuna.com.br\/?p=35246#webpage\"},\"author\":{\"@id\":\"https:\/\/revistavitrineibiuna.com.br\/#\/schema\/person\/e51ef49d6d88170ea21ceabff3f73deb\"},\"headline\":\"ARTIGO \\u2013 E A\\u00cd, T\\u00c1 DIF\\u00cdCIL DORMIR? E VIVER ACORDADO?\",\"datePublished\":\"2026-04-06T13:58:55+00:00\",\"dateModified\":\"2026-04-06T14:22:04+00:00\",\"mainEntityOfPage\":{\"@id\":\"http:\/\/revistavitrineibiuna.com.br\/?p=35246#webpage\"},\"commentCount\":0,\"publisher\":{\"@id\":\"https:\/\/revistavitrineibiuna.com.br\/#\/schema\/person\/e51ef49d6d88170ea21ceabff3f73deb\"},\"image\":{\"@id\":\"http:\/\/revistavitrineibiuna.com.br\/?p=35246#primaryimage\"},\"articleSection\":\"Not\\u00edcias\",\"inLanguage\":\"pt-BR\",\"potentialAction\":[{\"@type\":\"CommentAction\",\"name\":\"Comment\",\"target\":[\"http:\/\/revistavitrineibiuna.com.br\/?p=35246#respond\"]}]},{\"@type\":[\"Person\",\"Organization\"],\"@id\":\"https:\/\/revistavitrineibiuna.com.br\/#\/schema\/person\/e51ef49d6d88170ea21ceabff3f73deb\",\"name\":\"Carlos Rossini\",\"image\":{\"@type\":\"ImageObject\",\"@id\":\"https:\/\/revistavitrineibiuna.com.br\/#personlogo\",\"inLanguage\":\"pt-BR\",\"url\":\"https:\/\/secure.gravatar.com\/avatar\/4f2d0f99fac1f85c7d643f21f5c8d900?s=96&d=mm&r=g\",\"caption\":\"Carlos Rossini\"},\"logo\":{\"@id\":\"https:\/\/revistavitrineibiuna.com.br\/#personlogo\"},\"description\":\"Carlos Rossini \\u00e9 jornalista, soci\\u00f3logo, escritor e professor universit\\u00e1rio, tendo sido professor de jornalismo por vinte anos. Trabalhou em ve\\u00edculos de comunica\\u00e7\\u00e3o nas fun\\u00e7\\u00f5es de rep\\u00f3rter, redator, editor, articulista e colaborador, como Folha de S. Paulo, O Estado de S. Paulo, Di\\u00e1rio Popular, entre outros. Ao transferir a revista vitrine, vers\\u00e3o imprensa, de S\\u00e3o Paulo para Ibi\\u00fana h\\u00e1 alguns anos, iniciou uma nova experi\\u00eancia profissional, dedicando-se ao jornalismo regional, depois de cumprir uma trajet\\u00f3ria bem-sucedida na grande imprensa brasileira. Seu primeiro livro A Coragem de Comunicar foi lan\\u00e7ado na Bienal do Livro em S\\u00e3o Paulo no ano 2000, pela editora Madras.\"}]}<\/script>\n<!-- \/ Yoast SEO plugin. -->","_links":{"self":[{"href":"https:\/\/revistavitrineibiuna.com.br\/index.php?rest_route=\/wp\/v2\/posts\/35246"}],"collection":[{"href":"https:\/\/revistavitrineibiuna.com.br\/index.php?rest_route=\/wp\/v2\/posts"}],"about":[{"href":"https:\/\/revistavitrineibiuna.com.br\/index.php?rest_route=\/wp\/v2\/types\/post"}],"author":[{"embeddable":true,"href":"https:\/\/revistavitrineibiuna.com.br\/index.php?rest_route=\/wp\/v2\/users\/1"}],"replies":[{"embeddable":true,"href":"https:\/\/revistavitrineibiuna.com.br\/index.php?rest_route=%2Fwp%2Fv2%2Fcomments&post=35246"}],"version-history":[{"count":11,"href":"https:\/\/revistavitrineibiuna.com.br\/index.php?rest_route=\/wp\/v2\/posts\/35246\/revisions"}],"predecessor-version":[{"id":35262,"href":"https:\/\/revistavitrineibiuna.com.br\/index.php?rest_route=\/wp\/v2\/posts\/35246\/revisions\/35262"}],"wp:featuredmedia":[{"embeddable":true,"href":"https:\/\/revistavitrineibiuna.com.br\/index.php?rest_route=\/wp\/v2\/media\/35247"}],"wp:attachment":[{"href":"https:\/\/revistavitrineibiuna.com.br\/index.php?rest_route=%2Fwp%2Fv2%2Fmedia&parent=35246"}],"wp:term":[{"taxonomy":"category","embeddable":true,"href":"https:\/\/revistavitrineibiuna.com.br\/index.php?rest_route=%2Fwp%2Fv2%2Fcategories&post=35246"},{"taxonomy":"post_tag","embeddable":true,"href":"https:\/\/revistavitrineibiuna.com.br\/index.php?rest_route=%2Fwp%2Fv2%2Ftags&post=35246"}],"curies":[{"name":"wp","href":"https:\/\/api.w.org\/{rel}","templated":true}]}}