{"id":35263,"date":"2026-04-07T11:21:51","date_gmt":"2026-04-07T14:21:51","guid":{"rendered":"http:\/\/revistavitrineibiuna.com.br\/?p=35263"},"modified":"2026-04-07T17:41:47","modified_gmt":"2026-04-07T20:41:47","slug":"ibiuna-quem-e-quem-no-paco-municipal-1","status":"publish","type":"post","link":"https:\/\/revistavitrineibiuna.com.br\/?p=35263","title":{"rendered":"IBI\u00daNA &#8211; QUEM \u00c9 QUEM NO PA\u00c7O MUNICIPAL &#8211; 1"},"content":{"rendered":"\n<p class=\"has-drop-cap\"><strong>Com o objetivo de esclarecer a popula\u00e7\u00e3o como funciona a estrutura da Prefeitura de Ibi\u00fana, a revista vitrine online inicia hoje a s\u00e9rie \u201cIbi\u00fana \u2013 quem \u00e9 quem no Pa\u00e7o Municipal\u201d, revelando a fun\u00e7\u00e3o de cada uma das secretarias municipais, bem como o seu titular.<\/strong><\/p>\n\n\n\n<p><strong>O prop\u00f3sito desta s\u00e9rie \u00e9 tamb\u00e9m orientar os cidad\u00e3os que, por ventura, sintam a necessidade de reivindicar medidas para problemas de responsabilidade da municipalidade.<\/strong><\/p>\n\n\n\n<p><strong>Para que possam assegurar um retorno em suas peti\u00e7\u00f5es, os mun\u00edcipes &nbsp;devem se dirigir ao Setor de Protocolo que fica no piso t\u00e9rreo do Pa\u00e7o Municipal, localizado na avenida Capit\u00e3o Manoel de Oliveira Carvalho, 51 \u2013 Centro \u2013 Ibi\u00fana, para registrar suas demandas.<\/strong><\/p>\n\n\n\n<p><strong>Nesta primeira edi\u00e7\u00e3o focalizamos a Secretaria de Desenvolvimento Urbano, que \u00e9 respons\u00e1vel pelo transporte municipal, ilumina\u00e7\u00e3o p\u00fablica e manuten\u00e7\u00e3o das estradas rurais, e a Secretaria de Obras respons\u00e1vel pelo planejamento, execu\u00e7\u00e3o e acompanhamento de obras de interesse municipal (pr\u00e9dios p\u00fablicos, escolas, unidades de sa\u00fade) e tamb\u00e9m manuten\u00e7\u00e3o de estradas municipais, melhorias vi\u00e1rias, pontes e bueiros.<\/strong><\/p>\n\n\n\n<p><strong>Veja abaixo as compet\u00eancias de cada uma das secretarias.<\/strong><\/p>\n\n\n\n<p><strong>SECRETARIA DE DESENVOLVIMENTO URBANO<\/strong><\/p>\n\n\n\n<p><strong>Secret\u00e1rio: Naldo Firmino [tamb\u00e9m vice-prefeito da cidade]<\/strong><\/p>\n\n\n\n<p><strong>A Secretaria de Desenvolvimento Urbano da Est\u00e2ncia Tur\u00edstica de Ibi\u00fana \u00e9 respons\u00e1vel por formular, executar e fiscalizar a pol\u00edtica municipal de infraestrutura, incluindo planejamento urbano, aprova\u00e7\u00e3o de projetos, parcelamento do solo (loteamentos), ilumina\u00e7\u00e3o p\u00fablica e manuten\u00e7\u00e3o de estradas rurais. A pasta tamb\u00e9m atua na regulariza\u00e7\u00e3o fundi\u00e1ria, fiscaliza\u00e7\u00e3o de constru\u00e7\u00f5es e emiss\u00e3o de certid\u00f5es t\u00e9cnicas.<\/strong><\/p>\n\n\n\n<figure class=\"wp-block-image size-large\"><img loading=\"lazy\" width=\"583\" height=\"490\" src=\"http:\/\/revistavitrineibiuna.com.br\/wp-content\/uploads\/2026\/04\/Naldo-firmino.png\" alt=\"\" class=\"wp-image-35271\" srcset=\"https:\/\/revistavitrineibiuna.com.br\/wp-content\/uploads\/2026\/04\/Naldo-firmino.png 583w, https:\/\/revistavitrineibiuna.com.br\/wp-content\/uploads\/2026\/04\/Naldo-firmino-300x252.png 300w\" sizes=\"(max-width: 583px) 100vw, 583px\" \/><\/figure>\n\n\n\n<p><strong>Principais atribui\u00e7\u00f5es:<\/strong><\/p>\n\n\n\n<p><strong>Desenvolvimento Urbano e Obras: elabora\u00e7\u00e3o e operacionaliza\u00e7\u00e3o do Plano Diretor Urbano, incluindo o desenvolvimento sustent\u00e1vel do munic\u00edpio.<\/strong><\/p>\n\n\n\n<p><strong>Gest\u00e3o de Obras e Licenciamento: Aprova\u00e7\u00e3o e fiscaliza\u00e7\u00e3o de loteamentos, desmembramentos de terras e constru\u00e7\u00f5es particulares.<\/strong><\/p>\n\n\n\n<p><strong>Infraestrutura Rural e Urbana: Constru\u00e7\u00e3o, manuten\u00e7\u00e3o e conserva\u00e7\u00e3o de estradas rurais, pontes, bueiros e mata-burros, al\u00e9m da gest\u00e3o de maquin\u00e1rios.<\/strong><\/p>\n\n\n\n<p><strong>Servi\u00e7os Urbanos: Gerenciamento da ilumina\u00e7\u00e3o p\u00fablica e cemit\u00e9rios.<\/strong><\/p>\n\n\n\n<p><strong>Habita\u00e7\u00e3o e Regulariza\u00e7\u00e3o: Promo\u00e7\u00e3o de regulariza\u00e7\u00e3o fundi\u00e1ria de \u00e1reas irregulares e reassentamento de fam\u00edlias em \u00e1reas de risco.<\/strong><\/p>\n\n\n\n<p><strong>Fiscaliza\u00e7\u00e3o e Laudos: Emiss\u00e3o de certid\u00f5es de metragem e localiza\u00e7\u00e3o (per\u00edmetro urbano) e vistoria de obras.<\/strong><\/p>\n\n\n\n<p><strong>A Secretaria atua em conjunto com outras pastas, como a Defesa Civil, para interven\u00e7\u00e3o em locais de risco.<\/strong><\/p>\n\n\n\n<p><strong>SECRETARIA DE OBRAS<\/strong><\/p>\n\n\n\n<p><strong>Secret\u00e1ria: arquiteta Priscila Ferrer<\/strong><\/p>\n\n\n\n<p><strong>A Secretaria de Obras da Est\u00e2ncia Tur\u00edstica de Ibi\u00fana \u00e9 respons\u00e1vel por formular, executar e avaliar a pol\u00edtica municipal de desenvolvimento de infraestrutura urbana e rural, conforme o Plano Diretor. Suas atribui\u00e7\u00f5es incluem a execu\u00e7\u00e3o e manuten\u00e7\u00e3o de obras p\u00fablicas, engenharia, pavimenta\u00e7\u00e3o, fiscaliza\u00e7\u00e3o de constru\u00e7\u00f5es particulares e gest\u00e3o de servi\u00e7os p\u00fablicos.<\/strong><\/p>\n\n\n\n<figure class=\"wp-block-image size-large\"><img loading=\"lazy\" width=\"532\" height=\"390\" src=\"http:\/\/revistavitrineibiuna.com.br\/wp-content\/uploads\/2026\/04\/PRISCILA-FERRER.png\" alt=\"\" class=\"wp-image-35273\" srcset=\"https:\/\/revistavitrineibiuna.com.br\/wp-content\/uploads\/2026\/04\/PRISCILA-FERRER.png 532w, https:\/\/revistavitrineibiuna.com.br\/wp-content\/uploads\/2026\/04\/PRISCILA-FERRER-300x220.png 300w\" sizes=\"(max-width: 532px) 100vw, 532px\" \/><\/figure>\n\n\n\n<p><strong>Principais Responsabilidades e Atribui\u00e7\u00f5es:<\/strong><\/p>\n\n\n\n<p><strong>Obras P\u00fablicas e Engenharia: Planejamento, execu\u00e7\u00e3o e acompanhamento de obras de interesse municipal (pr\u00e9dios p\u00fablicos, escolas, unidades de sa\u00fade).<\/strong><\/p>\n\n\n\n<p><strong>Infraestrutura Rural e Urbana: Manuten\u00e7\u00e3o de estradas municipais, melhorias vi\u00e1rias, pontes e bueiros.<\/strong><\/p>\n\n\n\n<p><strong>Fiscaliza\u00e7\u00e3o de Obras: Fiscalizar constru\u00e7\u00f5es particulares, terraplenagens, e cumprimento do plano diretor.<\/strong><\/p>\n\n\n\n<p><strong>Emiss\u00e3o de Alvar\u00e1s: Licenciamento e emiss\u00e3o de alvar\u00e1s de constru\u00e7\u00e3o, amplia\u00e7\u00e3o e regulariza\u00e7\u00e3o (agora 100% online para resid\u00eancias unifamiliares pelo Portal do Cidad\u00e3o).<\/strong><\/p>\n\n\n\n<p><strong>Servi\u00e7os de Manuten\u00e7\u00e3o: Manuten\u00e7\u00e3o e conserva\u00e7\u00e3o de vias p\u00fablicas e equipamentos urbanos.<\/strong><\/p>\n\n\n\n<p><strong>A secretaria atua com a Divis\u00e3o de Obras e a Divis\u00e3o de Servi\u00e7os P\u00fablicos (Departamentos de Manuten\u00e7\u00e3o e Operacional)<\/strong><\/p>\n","protected":false},"excerpt":{"rendered":"<p>Com o objetivo de esclarecer a popula\u00e7\u00e3o como funciona a estrutura da Prefeitura de Ibi\u00fana, a revista vitrine online inicia<\/p>\n","protected":false},"author":1,"featured_media":35264,"comment_status":"open","ping_status":"open","sticky":false,"template":"","format":"standard","meta":[],"categories":[3],"tags":[],"yoast_head":"<!-- This site is optimized with the Yoast SEO plugin v15.8 - https:\/\/yoast.com\/wordpress\/plugins\/seo\/ -->\n<title>IBI\u00daNA - QUEM \u00c9 QUEM NO PA\u00c7O MUNICIPAL - 1 - Revista Vitrine Online<\/title>\n<meta name=\"robots\" content=\"index, follow, max-snippet:-1, max-image-preview:large, max-video-preview:-1\" \/>\n<link rel=\"canonical\" href=\"http:\/\/revistavitrineibiuna.com.br\/?p=35263\" \/>\n<meta property=\"og:locale\" content=\"pt_BR\" \/>\n<meta property=\"og:type\" content=\"article\" \/>\n<meta property=\"og:title\" content=\"IBI\u00daNA - QUEM \u00c9 QUEM NO PA\u00c7O MUNICIPAL - 1 - Revista Vitrine Online\" \/>\n<meta property=\"og:description\" content=\"Com o objetivo de esclarecer a popula\u00e7\u00e3o como funciona a estrutura da Prefeitura de Ibi\u00fana, a revista vitrine online inicia\" \/>\n<meta property=\"og:url\" content=\"http:\/\/revistavitrineibiuna.com.br\/?p=35263\" \/>\n<meta property=\"og:site_name\" content=\"Revista Vitrine Online\" \/>\n<meta property=\"article:published_time\" content=\"2026-04-07T14:21:51+00:00\" \/>\n<meta property=\"article:modified_time\" content=\"2026-04-07T20:41:47+00:00\" \/>\n<meta property=\"og:image\" content=\"https:\/\/revistavitrineibiuna.com.br\/wp-content\/uploads\/2026\/04\/20220205_142445-scaled.jpg\" \/>\n\t<meta property=\"og:image:width\" content=\"2560\" \/>\n\t<meta property=\"og:image:height\" content=\"1440\" \/>\n<meta name=\"twitter:card\" content=\"summary\" \/>\n<meta name=\"twitter:label1\" content=\"Est. reading time\">\n\t<meta name=\"twitter:data1\" content=\"3 minutos\">\n<script type=\"application\/ld+json\" class=\"yoast-schema-graph\">{\"@context\":\"https:\/\/schema.org\",\"@graph\":[{\"@type\":\"WebSite\",\"@id\":\"https:\/\/revistavitrineibiuna.com.br\/#website\",\"url\":\"https:\/\/revistavitrineibiuna.com.br\/\",\"name\":\"Revista Vitrine Ibi\\u00fana\",\"description\":\"A Revista de Ibi\\u00fana e Regi\\u00e3o\",\"publisher\":{\"@id\":\"https:\/\/revistavitrineibiuna.com.br\/#\/schema\/person\/e51ef49d6d88170ea21ceabff3f73deb\"},\"potentialAction\":[{\"@type\":\"SearchAction\",\"target\":\"https:\/\/revistavitrineibiuna.com.br\/?s={search_term_string}\",\"query-input\":\"required name=search_term_string\"}],\"inLanguage\":\"pt-BR\"},{\"@type\":\"ImageObject\",\"@id\":\"http:\/\/revistavitrineibiuna.com.br\/?p=35263#primaryimage\",\"inLanguage\":\"pt-BR\",\"url\":\"https:\/\/revistavitrineibiuna.com.br\/wp-content\/uploads\/2026\/04\/20220205_142445-scaled.jpg\",\"width\":2560,\"height\":1440},{\"@type\":\"WebPage\",\"@id\":\"http:\/\/revistavitrineibiuna.com.br\/?p=35263#webpage\",\"url\":\"http:\/\/revistavitrineibiuna.com.br\/?p=35263\",\"name\":\"IBI\\u00daNA - QUEM \\u00c9 QUEM NO PA\\u00c7O MUNICIPAL - 1 - Revista Vitrine Online\",\"isPartOf\":{\"@id\":\"https:\/\/revistavitrineibiuna.com.br\/#website\"},\"primaryImageOfPage\":{\"@id\":\"http:\/\/revistavitrineibiuna.com.br\/?p=35263#primaryimage\"},\"datePublished\":\"2026-04-07T14:21:51+00:00\",\"dateModified\":\"2026-04-07T20:41:47+00:00\",\"breadcrumb\":{\"@id\":\"http:\/\/revistavitrineibiuna.com.br\/?p=35263#breadcrumb\"},\"inLanguage\":\"pt-BR\",\"potentialAction\":[{\"@type\":\"ReadAction\",\"target\":[\"http:\/\/revistavitrineibiuna.com.br\/?p=35263\"]}]},{\"@type\":\"BreadcrumbList\",\"@id\":\"http:\/\/revistavitrineibiuna.com.br\/?p=35263#breadcrumb\",\"itemListElement\":[{\"@type\":\"ListItem\",\"position\":1,\"item\":{\"@type\":\"WebPage\",\"@id\":\"https:\/\/revistavitrineibiuna.com.br\/\",\"url\":\"https:\/\/revistavitrineibiuna.com.br\/\",\"name\":\"In\\u00edcio\"}},{\"@type\":\"ListItem\",\"position\":2,\"item\":{\"@type\":\"WebPage\",\"@id\":\"http:\/\/revistavitrineibiuna.com.br\/?p=35263\",\"url\":\"http:\/\/revistavitrineibiuna.com.br\/?p=35263\",\"name\":\"IBI\\u00daNA &#8211; QUEM \\u00c9 QUEM NO PA\\u00c7O MUNICIPAL &#8211; 1\"}}]},{\"@type\":\"Article\",\"@id\":\"http:\/\/revistavitrineibiuna.com.br\/?p=35263#article\",\"isPartOf\":{\"@id\":\"http:\/\/revistavitrineibiuna.com.br\/?p=35263#webpage\"},\"author\":{\"@id\":\"https:\/\/revistavitrineibiuna.com.br\/#\/schema\/person\/e51ef49d6d88170ea21ceabff3f73deb\"},\"headline\":\"IBI\\u00daNA &#8211; QUEM \\u00c9 QUEM NO PA\\u00c7O MUNICIPAL &#8211; 1\",\"datePublished\":\"2026-04-07T14:21:51+00:00\",\"dateModified\":\"2026-04-07T20:41:47+00:00\",\"mainEntityOfPage\":{\"@id\":\"http:\/\/revistavitrineibiuna.com.br\/?p=35263#webpage\"},\"commentCount\":0,\"publisher\":{\"@id\":\"https:\/\/revistavitrineibiuna.com.br\/#\/schema\/person\/e51ef49d6d88170ea21ceabff3f73deb\"},\"image\":{\"@id\":\"http:\/\/revistavitrineibiuna.com.br\/?p=35263#primaryimage\"},\"articleSection\":\"Not\\u00edcias\",\"inLanguage\":\"pt-BR\",\"potentialAction\":[{\"@type\":\"CommentAction\",\"name\":\"Comment\",\"target\":[\"http:\/\/revistavitrineibiuna.com.br\/?p=35263#respond\"]}]},{\"@type\":[\"Person\",\"Organization\"],\"@id\":\"https:\/\/revistavitrineibiuna.com.br\/#\/schema\/person\/e51ef49d6d88170ea21ceabff3f73deb\",\"name\":\"Carlos Rossini\",\"image\":{\"@type\":\"ImageObject\",\"@id\":\"https:\/\/revistavitrineibiuna.com.br\/#personlogo\",\"inLanguage\":\"pt-BR\",\"url\":\"https:\/\/secure.gravatar.com\/avatar\/4f2d0f99fac1f85c7d643f21f5c8d900?s=96&d=mm&r=g\",\"caption\":\"Carlos Rossini\"},\"logo\":{\"@id\":\"https:\/\/revistavitrineibiuna.com.br\/#personlogo\"},\"description\":\"Carlos Rossini \\u00e9 jornalista, soci\\u00f3logo, escritor e professor universit\\u00e1rio, tendo sido professor de jornalismo por vinte anos. Trabalhou em ve\\u00edculos de comunica\\u00e7\\u00e3o nas fun\\u00e7\\u00f5es de rep\\u00f3rter, redator, editor, articulista e colaborador, como Folha de S. Paulo, O Estado de S. Paulo, Di\\u00e1rio Popular, entre outros. Ao transferir a revista vitrine, vers\\u00e3o imprensa, de S\\u00e3o Paulo para Ibi\\u00fana h\\u00e1 alguns anos, iniciou uma nova experi\\u00eancia profissional, dedicando-se ao jornalismo regional, depois de cumprir uma trajet\\u00f3ria bem-sucedida na grande imprensa brasileira. Seu primeiro livro A Coragem de Comunicar foi lan\\u00e7ado na Bienal do Livro em S\\u00e3o Paulo no ano 2000, pela editora Madras.\"}]}<\/script>\n<!-- \/ Yoast SEO plugin. -->","_links":{"self":[{"href":"https:\/\/revistavitrineibiuna.com.br\/index.php?rest_route=\/wp\/v2\/posts\/35263"}],"collection":[{"href":"https:\/\/revistavitrineibiuna.com.br\/index.php?rest_route=\/wp\/v2\/posts"}],"about":[{"href":"https:\/\/revistavitrineibiuna.com.br\/index.php?rest_route=\/wp\/v2\/types\/post"}],"author":[{"embeddable":true,"href":"https:\/\/revistavitrineibiuna.com.br\/index.php?rest_route=\/wp\/v2\/users\/1"}],"replies":[{"embeddable":true,"href":"https:\/\/revistavitrineibiuna.com.br\/index.php?rest_route=%2Fwp%2Fv2%2Fcomments&post=35263"}],"version-history":[{"count":4,"href":"https:\/\/revistavitrineibiuna.com.br\/index.php?rest_route=\/wp\/v2\/posts\/35263\/revisions"}],"predecessor-version":[{"id":35274,"href":"https:\/\/revistavitrineibiuna.com.br\/index.php?rest_route=\/wp\/v2\/posts\/35263\/revisions\/35274"}],"wp:featuredmedia":[{"embeddable":true,"href":"https:\/\/revistavitrineibiuna.com.br\/index.php?rest_route=\/wp\/v2\/media\/35264"}],"wp:attachment":[{"href":"https:\/\/revistavitrineibiuna.com.br\/index.php?rest_route=%2Fwp%2Fv2%2Fmedia&parent=35263"}],"wp:term":[{"taxonomy":"category","embeddable":true,"href":"https:\/\/revistavitrineibiuna.com.br\/index.php?rest_route=%2Fwp%2Fv2%2Fcategories&post=35263"},{"taxonomy":"post_tag","embeddable":true,"href":"https:\/\/revistavitrineibiuna.com.br\/index.php?rest_route=%2Fwp%2Fv2%2Ftags&post=35263"}],"curies":[{"name":"wp","href":"https:\/\/api.w.org\/{rel}","templated":true}]}}